{"id":981,"date":"2019-12-11T12:18:37","date_gmt":"2019-12-11T11:18:37","guid":{"rendered":"https:\/\/www.comll.cat\/els-casos-de-maltractaments-infantils-augmenten-un-52-respecte-el-2018-a-les-terres-de-lleida\/"},"modified":"2019-12-11T12:18:37","modified_gmt":"2019-12-11T11:18:37","slug":"els-casos-de-maltractaments-infantils-augmenten-un-52-respecte-el-2018-a-les-terres-de-lleida","status":"publish","type":"post","link":"https:\/\/www.comll.cat\/es\/els-casos-de-maltractaments-infantils-augmenten-un-52-respecte-el-2018-a-les-terres-de-lleida\/","title":{"rendered":"Els casos de maltractaments infantils augmenten un 5,2% respecte el 2018 a les Terres de Lleida"},"content":{"rendered":"<p><img loading=\"lazy\" decoding=\"async\" class=\"alignnone size-medium wp-image-20565\" src=\"https:\/\/www.comll.cat\/wp-content\/uploads\/sites\/3\/maltractament-infantil-300x156.jpg\" alt=\"Maltractament infantil\" width=\"300\" height=\"156\" \/><\/p>\n<p>El Registre Unificat de Maltractaments Infantils ha registrat un augment del 5,2% de casos durant els 11 mesos d\u2019enguany respecte a tot l\u2019any 2018. La xifra representa un centenar d\u2019agressions que han patit nens i adolescents des de l\u20191 de gener fins el 30 de novembre. El diari <em>Segre<\/em> publica en l\u2019edici\u00f3 d\u2019avui aquestes dades, que li ha proporcionat la conselleria de Treball, Assumptes Socials i Fam\u00edlia.<\/p>\n<p>Els hospitals i centres de salut lleidatans han notificat els casos d\u2019agressions, que han afectat a 54 menors enfront dels 51 dels dotze mesos del 2018. Alguns nens i adolescents han sofert m\u00e9s d\u2019un tipus de maltractament, fet que explica el centenar de casos detectats. Els professionals sanitaris han qualificat de greus uns 30 casos.<\/p>\n<p>En els 26% dels casos, els infants i adolescents van patit agressions f\u00edsiques, un 13%, abusos sexuals i un 34%, maltractament psicol\u00f2gic i emocional. Entre els casos m\u00e9s greus hi ha el d\u2019un menor que estava sotm\u00e8s a tractament farmacol\u00f2gic innecessari. La majoria de casos es produeixen en l\u2019entorn familiar.<\/p>\n<p>L\u2019any vinent, es posar\u00e0 en marxa un grup d\u2019experts en viol\u00e8ncia sexual i maltractament greu a l\u2019Hospital Universitari Arnau de Vilanova. Aquesta mesura forma part del protocol de prevenci\u00f3 dels maltractaments d\u2019infants i adolescents, que es va presentar el 3 de desembre a Lleida.<\/p>\n","protected":false},"excerpt":{"rendered":"<p>El Registre Unificat de Maltractaments Infantils ha registrat un augment del 5,2% de casos durant els 11 mesos d\u2019enguany respecte...<\/p>\n","protected":false},"author":1,"featured_media":982,"comment_status":"closed","ping_status":"closed","sticky":false,"template":"","format":"standard","meta":{"_acf_changed":false,"inline_featured_image":false,"footnotes":""},"categories":[18],"tags":[],"class_list":["post-981","post","type-post","status-publish","format-standard","has-post-thumbnail","hentry","category-noticias"],"acf":[],"yoast_head":"<!-- This site is optimized with the Yoast SEO plugin v27.5 - https:\/\/yoast.com\/product\/yoast-seo-wordpress\/ -->\n<title>Els casos de maltractaments infantils augmenten un 5,2% respecte el 2018 a les Terres de Lleida - Col\u00b7legi Oficial de Metges de Lleida<\/title>\n<meta name=\"robots\" content=\"index, follow, max-snippet:-1, max-image-preview:large, max-video-preview:-1\" \/>\n<link rel=\"canonical\" href=\"https:\/\/www.comll.cat\/es\/els-casos-de-maltractaments-infantils-augmenten-un-52-respecte-el-2018-a-les-terres-de-lleida\/\" \/>\n<meta property=\"og:locale\" content=\"es_ES\" \/>\n<meta property=\"og:type\" content=\"article\" \/>\n<meta property=\"og:title\" content=\"Els casos de maltractaments infantils augmenten un 5,2% respecte el 2018 a les Terres de Lleida - Col\u00b7legi Oficial de Metges de Lleida\" \/>\n<meta property=\"og:description\" content=\"El Registre Unificat de Maltractaments Infantils ha registrat un augment del 5,2% de casos durant els 11 mesos d\u2019enguany respecte...\" \/>\n<meta property=\"og:url\" content=\"https:\/\/www.comll.cat\/es\/els-casos-de-maltractaments-infantils-augmenten-un-52-respecte-el-2018-a-les-terres-de-lleida\/\" \/>\n<meta property=\"og:site_name\" content=\"Col\u00b7legi Oficial de Metges de Lleida\" \/>\n<meta property=\"article:published_time\" content=\"2019-12-11T11:18:37+00:00\" \/>\n<meta property=\"og:image\" content=\"https:\/\/www.comll.cat\/es\/wp-content\/uploads\/sites\/3\/maltractament-infantil.jpg\" \/>\n\t<meta property=\"og:image:width\" content=\"312\" \/>\n\t<meta property=\"og:image:height\" content=\"162\" \/>\n\t<meta property=\"og:image:type\" content=\"image\/jpeg\" \/>\n<meta name=\"author\" content=\"Albert\" \/>\n<meta name=\"twitter:card\" content=\"summary_large_image\" \/>\n<script type=\"application\/ld+json\" class=\"yoast-schema-graph\">{\"@context\":\"https:\\\/\\\/schema.org\",\"@graph\":[{\"@type\":\"Article\",\"@id\":\"https:\\\/\\\/www.comll.cat\\\/es\\\/els-casos-de-maltractaments-infantils-augmenten-un-52-respecte-el-2018-a-les-terres-de-lleida\\\/#article\",\"isPartOf\":{\"@id\":\"https:\\\/\\\/www.comll.cat\\\/es\\\/els-casos-de-maltractaments-infantils-augmenten-un-52-respecte-el-2018-a-les-terres-de-lleida\\\/\"},\"author\":{\"name\":\"Albert\",\"@id\":\"https:\\\/\\\/www.comll.cat\\\/es\\\/#\\\/schema\\\/person\\\/1c7bc4d83b35a927d680cfe0ec9120e0\"},\"headline\":\"Els casos de maltractaments infantils augmenten un 5,2% respecte el 2018 a les Terres de Lleida\",\"datePublished\":\"2019-12-11T11:18:37+00:00\",\"mainEntityOfPage\":{\"@id\":\"https:\\\/\\\/www.comll.cat\\\/es\\\/els-casos-de-maltractaments-infantils-augmenten-un-52-respecte-el-2018-a-les-terres-de-lleida\\\/\"},\"wordCount\":239,\"image\":{\"@id\":\"https:\\\/\\\/www.comll.cat\\\/es\\\/els-casos-de-maltractaments-infantils-augmenten-un-52-respecte-el-2018-a-les-terres-de-lleida\\\/#primaryimage\"},\"thumbnailUrl\":\"https:\\\/\\\/www.comll.cat\\\/es\\\/wp-content\\\/uploads\\\/sites\\\/3\\\/maltractament-infantil.jpg\",\"articleSection\":[\"Noticias\"],\"inLanguage\":\"es\"},{\"@type\":\"WebPage\",\"@id\":\"https:\\\/\\\/www.comll.cat\\\/es\\\/els-casos-de-maltractaments-infantils-augmenten-un-52-respecte-el-2018-a-les-terres-de-lleida\\\/\",\"url\":\"https:\\\/\\\/www.comll.cat\\\/es\\\/els-casos-de-maltractaments-infantils-augmenten-un-52-respecte-el-2018-a-les-terres-de-lleida\\\/\",\"name\":\"Els casos de maltractaments infantils augmenten un 5,2% respecte el 2018 a les Terres de Lleida - Col\u00b7legi Oficial de Metges de Lleida\",\"isPartOf\":{\"@id\":\"https:\\\/\\\/www.comll.cat\\\/es\\\/#website\"},\"primaryImageOfPage\":{\"@id\":\"https:\\\/\\\/www.comll.cat\\\/es\\\/els-casos-de-maltractaments-infantils-augmenten-un-52-respecte-el-2018-a-les-terres-de-lleida\\\/#primaryimage\"},\"image\":{\"@id\":\"https:\\\/\\\/www.comll.cat\\\/es\\\/els-casos-de-maltractaments-infantils-augmenten-un-52-respecte-el-2018-a-les-terres-de-lleida\\\/#primaryimage\"},\"thumbnailUrl\":\"https:\\\/\\\/www.comll.cat\\\/es\\\/wp-content\\\/uploads\\\/sites\\\/3\\\/maltractament-infantil.jpg\",\"datePublished\":\"2019-12-11T11:18:37+00:00\",\"author\":{\"@id\":\"https:\\\/\\\/www.comll.cat\\\/es\\\/#\\\/schema\\\/person\\\/1c7bc4d83b35a927d680cfe0ec9120e0\"},\"breadcrumb\":{\"@id\":\"https:\\\/\\\/www.comll.cat\\\/es\\\/els-casos-de-maltractaments-infantils-augmenten-un-52-respecte-el-2018-a-les-terres-de-lleida\\\/#breadcrumb\"},\"inLanguage\":\"es\",\"potentialAction\":[{\"@type\":\"ReadAction\",\"target\":[\"https:\\\/\\\/www.comll.cat\\\/es\\\/els-casos-de-maltractaments-infantils-augmenten-un-52-respecte-el-2018-a-les-terres-de-lleida\\\/\"]}]},{\"@type\":\"ImageObject\",\"inLanguage\":\"es\",\"@id\":\"https:\\\/\\\/www.comll.cat\\\/es\\\/els-casos-de-maltractaments-infantils-augmenten-un-52-respecte-el-2018-a-les-terres-de-lleida\\\/#primaryimage\",\"url\":\"https:\\\/\\\/www.comll.cat\\\/es\\\/wp-content\\\/uploads\\\/sites\\\/3\\\/maltractament-infantil.jpg\",\"contentUrl\":\"https:\\\/\\\/www.comll.cat\\\/es\\\/wp-content\\\/uploads\\\/sites\\\/3\\\/maltractament-infantil.jpg\",\"width\":312,\"height\":162},{\"@type\":\"BreadcrumbList\",\"@id\":\"https:\\\/\\\/www.comll.cat\\\/es\\\/els-casos-de-maltractaments-infantils-augmenten-un-52-respecte-el-2018-a-les-terres-de-lleida\\\/#breadcrumb\",\"itemListElement\":[{\"@type\":\"ListItem\",\"position\":1,\"name\":\"Portada\",\"item\":\"https:\\\/\\\/www.comll.cat\\\/es\\\/\"},{\"@type\":\"ListItem\",\"position\":2,\"name\":\"Els casos de maltractaments infantils augmenten un 5,2% respecte el 2018 a les Terres de Lleida\"}]},{\"@type\":\"WebSite\",\"@id\":\"https:\\\/\\\/www.comll.cat\\\/es\\\/#website\",\"url\":\"https:\\\/\\\/www.comll.cat\\\/es\\\/\",\"name\":\"Col\u00b7legi Oficial de Metges de Lleida\",\"description\":\"COMLL\",\"potentialAction\":[{\"@type\":\"SearchAction\",\"target\":{\"@type\":\"EntryPoint\",\"urlTemplate\":\"https:\\\/\\\/www.comll.cat\\\/es\\\/?s={search_term_string}\"},\"query-input\":{\"@type\":\"PropertyValueSpecification\",\"valueRequired\":true,\"valueName\":\"search_term_string\"}}],\"inLanguage\":\"es\"},{\"@type\":\"Person\",\"@id\":\"https:\\\/\\\/www.comll.cat\\\/es\\\/#\\\/schema\\\/person\\\/1c7bc4d83b35a927d680cfe0ec9120e0\",\"name\":\"Albert\",\"image\":{\"@type\":\"ImageObject\",\"inLanguage\":\"es\",\"@id\":\"https:\\\/\\\/secure.gravatar.com\\\/avatar\\\/c1261138a5e7882394bd9001104fe7078a2d860997555a5353af4ef7bd38f6db?s=96&d=mm&r=g\",\"url\":\"https:\\\/\\\/secure.gravatar.com\\\/avatar\\\/c1261138a5e7882394bd9001104fe7078a2d860997555a5353af4ef7bd38f6db?s=96&d=mm&r=g\",\"contentUrl\":\"https:\\\/\\\/secure.gravatar.com\\\/avatar\\\/c1261138a5e7882394bd9001104fe7078a2d860997555a5353af4ef7bd38f6db?s=96&d=mm&r=g\",\"caption\":\"Albert\"},\"sameAs\":[\"https:\\\/\\\/www.comll.cat\"]}]}<\/script>\n<!-- \/ Yoast SEO plugin. -->","yoast_head_json":{"title":"Els casos de maltractaments infantils augmenten un 5,2% respecte el 2018 a les Terres de Lleida - Col\u00b7legi Oficial de Metges de Lleida","robots":{"index":"index","follow":"follow","max-snippet":"max-snippet:-1","max-image-preview":"max-image-preview:large","max-video-preview":"max-video-preview:-1"},"canonical":"https:\/\/www.comll.cat\/es\/els-casos-de-maltractaments-infantils-augmenten-un-52-respecte-el-2018-a-les-terres-de-lleida\/","og_locale":"es_ES","og_type":"article","og_title":"Els casos de maltractaments infantils augmenten un 5,2% respecte el 2018 a les Terres de Lleida - Col\u00b7legi Oficial de Metges de Lleida","og_description":"El Registre Unificat de Maltractaments Infantils ha registrat un augment del 5,2% de casos durant els 11 mesos d\u2019enguany respecte...","og_url":"https:\/\/www.comll.cat\/es\/els-casos-de-maltractaments-infantils-augmenten-un-52-respecte-el-2018-a-les-terres-de-lleida\/","og_site_name":"Col\u00b7legi Oficial de Metges de Lleida","article_published_time":"2019-12-11T11:18:37+00:00","og_image":[{"width":312,"height":162,"url":"https:\/\/www.comll.cat\/es\/wp-content\/uploads\/sites\/3\/maltractament-infantil.jpg","type":"image\/jpeg"}],"author":"Albert","twitter_card":"summary_large_image","schema":{"@context":"https:\/\/schema.org","@graph":[{"@type":"Article","@id":"https:\/\/www.comll.cat\/es\/els-casos-de-maltractaments-infantils-augmenten-un-52-respecte-el-2018-a-les-terres-de-lleida\/#article","isPartOf":{"@id":"https:\/\/www.comll.cat\/es\/els-casos-de-maltractaments-infantils-augmenten-un-52-respecte-el-2018-a-les-terres-de-lleida\/"},"author":{"name":"Albert","@id":"https:\/\/www.comll.cat\/es\/#\/schema\/person\/1c7bc4d83b35a927d680cfe0ec9120e0"},"headline":"Els casos de maltractaments infantils augmenten un 5,2% respecte el 2018 a les Terres de Lleida","datePublished":"2019-12-11T11:18:37+00:00","mainEntityOfPage":{"@id":"https:\/\/www.comll.cat\/es\/els-casos-de-maltractaments-infantils-augmenten-un-52-respecte-el-2018-a-les-terres-de-lleida\/"},"wordCount":239,"image":{"@id":"https:\/\/www.comll.cat\/es\/els-casos-de-maltractaments-infantils-augmenten-un-52-respecte-el-2018-a-les-terres-de-lleida\/#primaryimage"},"thumbnailUrl":"https:\/\/www.comll.cat\/es\/wp-content\/uploads\/sites\/3\/maltractament-infantil.jpg","articleSection":["Noticias"],"inLanguage":"es"},{"@type":"WebPage","@id":"https:\/\/www.comll.cat\/es\/els-casos-de-maltractaments-infantils-augmenten-un-52-respecte-el-2018-a-les-terres-de-lleida\/","url":"https:\/\/www.comll.cat\/es\/els-casos-de-maltractaments-infantils-augmenten-un-52-respecte-el-2018-a-les-terres-de-lleida\/","name":"Els casos de maltractaments infantils augmenten un 5,2% respecte el 2018 a les Terres de Lleida - Col\u00b7legi Oficial de Metges de Lleida","isPartOf":{"@id":"https:\/\/www.comll.cat\/es\/#website"},"primaryImageOfPage":{"@id":"https:\/\/www.comll.cat\/es\/els-casos-de-maltractaments-infantils-augmenten-un-52-respecte-el-2018-a-les-terres-de-lleida\/#primaryimage"},"image":{"@id":"https:\/\/www.comll.cat\/es\/els-casos-de-maltractaments-infantils-augmenten-un-52-respecte-el-2018-a-les-terres-de-lleida\/#primaryimage"},"thumbnailUrl":"https:\/\/www.comll.cat\/es\/wp-content\/uploads\/sites\/3\/maltractament-infantil.jpg","datePublished":"2019-12-11T11:18:37+00:00","author":{"@id":"https:\/\/www.comll.cat\/es\/#\/schema\/person\/1c7bc4d83b35a927d680cfe0ec9120e0"},"breadcrumb":{"@id":"https:\/\/www.comll.cat\/es\/els-casos-de-maltractaments-infantils-augmenten-un-52-respecte-el-2018-a-les-terres-de-lleida\/#breadcrumb"},"inLanguage":"es","potentialAction":[{"@type":"ReadAction","target":["https:\/\/www.comll.cat\/es\/els-casos-de-maltractaments-infantils-augmenten-un-52-respecte-el-2018-a-les-terres-de-lleida\/"]}]},{"@type":"ImageObject","inLanguage":"es","@id":"https:\/\/www.comll.cat\/es\/els-casos-de-maltractaments-infantils-augmenten-un-52-respecte-el-2018-a-les-terres-de-lleida\/#primaryimage","url":"https:\/\/www.comll.cat\/es\/wp-content\/uploads\/sites\/3\/maltractament-infantil.jpg","contentUrl":"https:\/\/www.comll.cat\/es\/wp-content\/uploads\/sites\/3\/maltractament-infantil.jpg","width":312,"height":162},{"@type":"BreadcrumbList","@id":"https:\/\/www.comll.cat\/es\/els-casos-de-maltractaments-infantils-augmenten-un-52-respecte-el-2018-a-les-terres-de-lleida\/#breadcrumb","itemListElement":[{"@type":"ListItem","position":1,"name":"Portada","item":"https:\/\/www.comll.cat\/es\/"},{"@type":"ListItem","position":2,"name":"Els casos de maltractaments infantils augmenten un 5,2% respecte el 2018 a les Terres de Lleida"}]},{"@type":"WebSite","@id":"https:\/\/www.comll.cat\/es\/#website","url":"https:\/\/www.comll.cat\/es\/","name":"Col\u00b7legi Oficial de Metges de Lleida","description":"COMLL","potentialAction":[{"@type":"SearchAction","target":{"@type":"EntryPoint","urlTemplate":"https:\/\/www.comll.cat\/es\/?s={search_term_string}"},"query-input":{"@type":"PropertyValueSpecification","valueRequired":true,"valueName":"search_term_string"}}],"inLanguage":"es"},{"@type":"Person","@id":"https:\/\/www.comll.cat\/es\/#\/schema\/person\/1c7bc4d83b35a927d680cfe0ec9120e0","name":"Albert","image":{"@type":"ImageObject","inLanguage":"es","@id":"https:\/\/secure.gravatar.com\/avatar\/c1261138a5e7882394bd9001104fe7078a2d860997555a5353af4ef7bd38f6db?s=96&d=mm&r=g","url":"https:\/\/secure.gravatar.com\/avatar\/c1261138a5e7882394bd9001104fe7078a2d860997555a5353af4ef7bd38f6db?s=96&d=mm&r=g","contentUrl":"https:\/\/secure.gravatar.com\/avatar\/c1261138a5e7882394bd9001104fe7078a2d860997555a5353af4ef7bd38f6db?s=96&d=mm&r=g","caption":"Albert"},"sameAs":["https:\/\/www.comll.cat"]}]}},"publishpress_future_action":{"enabled":false,"date":"2026-05-03 11:44:24","action":"change-status","newStatus":"draft","terms":[],"taxonomy":"category","extraData":[]},"publishpress_future_workflow_manual_trigger":{"enabledWorkflows":[]},"_links":{"self":[{"href":"https:\/\/www.comll.cat\/es\/wp-json\/wp\/v2\/posts\/981","targetHints":{"allow":["GET"]}}],"collection":[{"href":"https:\/\/www.comll.cat\/es\/wp-json\/wp\/v2\/posts"}],"about":[{"href":"https:\/\/www.comll.cat\/es\/wp-json\/wp\/v2\/types\/post"}],"author":[{"embeddable":true,"href":"https:\/\/www.comll.cat\/es\/wp-json\/wp\/v2\/users\/1"}],"replies":[{"embeddable":true,"href":"https:\/\/www.comll.cat\/es\/wp-json\/wp\/v2\/comments?post=981"}],"version-history":[{"count":0,"href":"https:\/\/www.comll.cat\/es\/wp-json\/wp\/v2\/posts\/981\/revisions"}],"wp:featuredmedia":[{"embeddable":true,"href":"https:\/\/www.comll.cat\/es\/wp-json\/wp\/v2\/media\/982"}],"wp:attachment":[{"href":"https:\/\/www.comll.cat\/es\/wp-json\/wp\/v2\/media?parent=981"}],"wp:term":[{"taxonomy":"category","embeddable":true,"href":"https:\/\/www.comll.cat\/es\/wp-json\/wp\/v2\/categories?post=981"},{"taxonomy":"post_tag","embeddable":true,"href":"https:\/\/www.comll.cat\/es\/wp-json\/wp\/v2\/tags?post=981"}],"curies":[{"name":"wp","href":"https:\/\/api.w.org\/{rel}","templated":true}]}}