{"id":971,"date":"2019-12-04T12:56:19","date_gmt":"2019-12-04T11:56:19","guid":{"rendered":"https:\/\/www.comll.cat\/presentat-el-protocol-dactuacio-davant-del-maltractament-de-la-infancia-i-de-ladolescencia-a-lleida\/"},"modified":"2019-12-04T12:56:19","modified_gmt":"2019-12-04T11:56:19","slug":"presentat-el-protocol-dactuacio-davant-del-maltractament-de-la-infancia-i-de-ladolescencia-a-lleida","status":"publish","type":"post","link":"https:\/\/www.comll.cat\/es\/presentat-el-protocol-dactuacio-davant-del-maltractament-de-la-infancia-i-de-ladolescencia-a-lleida\/","title":{"rendered":"Presentat el protocol d\u2019actuaci\u00f3 davant del maltractament de la inf\u00e0ncia i de l\u2019adolesc\u00e8ncia a Lleida"},"content":{"rendered":"<p><img loading=\"lazy\" decoding=\"async\" class=\"alignnone size-medium wp-image-20458\" src=\"https:\/\/www.comll.cat\/wp-content\/uploads\/sites\/3\/protocol-maltractament01-300x200.jpg\" alt=\"Protocol_maltractament01\" width=\"300\" height=\"200\" \/><\/p>\n<p>La presentaci\u00f3 del protocol d\u2019actuaci\u00f3 davant el maltractament de la inf\u00e0ncia i l\u2019adolesc\u00e8ncia va tenir lloc ahir a la Diputaci\u00f3 de Lleida. La novetat d\u2019aquest protocol \u00e9s l\u2019acompanyament de la mare gestant per evitar el maltractament prenatal. A m\u00e9s, el document aposta per una visi\u00f3 global i integradora dels professionals i per promoure la seva actitud proactiva.<\/p>\n<p>En l\u2019acte, va intervenir la Dra. Montse Esquerda, pediatra, psic\u00f2loga i directora de l\u2019Institut Borja de Bio\u00e8tica, que va exposar els <em>Aspectes \u00e8tics en la prevenci\u00f3 i actuaci\u00f3 davant els maltractaments en la inf\u00e0ncia i en l\u2019adolesc\u00e8ncia<\/em>. Francesc Domingo, pediatre del CAP de Balaguer, hi va defensar la import\u00e0ncia del nou protocol. Seguidament, es va celebrar una taula rodona sobre <em>Principal novetats del protocol, la seva aplicaci\u00f3 en el territori i la seva visi\u00f3 de futur<\/em>. Eduard Sol\u00e9, pediatra de l\u2019HUAV, va moderar la taula rodona, en la qual van participar Neus Cuc\u00f3, representant del Departament de Treball, Afers Socials i Fam\u00edlia; Carme Gabarrell, pediatra de l\u2019ABS Primer de Maig; Mireia Marimon, llevadora de l\u2019ASSIR Lleida; Blanca Manzano, psic\u00f2loga cl\u00ednica del CSMIJ Lleida; Rosa P\u00e9rez, treballadora social de l\u2019HUAV, i Teresa Valmanya, pediatra de l\u2019HUAV.<\/p>\n<p>La diputada Helena Mart\u00ednez; Ramon Farr\u00e9, delegat del Govern de la Generalitat; Divina Farreny, gerent de la Regi\u00f3 Sanit\u00e0ria Lleida, i Vidal Vidal, director dels Serveis Territorials de Treball, Afers Socials i Fam\u00edlies, van inaugurar la presentaci\u00f3 del protocol. La cloenda va anar a c\u00e0rrec de Ramon Sent\u00eds, gerent de l\u2019ICS a Lleida, i de Merc\u00e8 Bieto, subdirectora de la Regi\u00f3 Sanit\u00e0ria Alt Pirineu i Aran<\/p>\n","protected":false},"excerpt":{"rendered":"<p>La presentaci\u00f3 del protocol d\u2019actuaci\u00f3 davant el maltractament de la inf\u00e0ncia i l\u2019adolesc\u00e8ncia va tenir lloc ahir a la Diputaci\u00f3...<\/p>\n","protected":false},"author":1,"featured_media":972,"comment_status":"closed","ping_status":"closed","sticky":false,"template":"","format":"standard","meta":{"_acf_changed":false,"inline_featured_image":false,"footnotes":""},"categories":[18],"tags":[],"class_list":["post-971","post","type-post","status-publish","format-standard","has-post-thumbnail","hentry","category-noticias"],"acf":[],"yoast_head":"<!-- This site is optimized with the Yoast SEO plugin v27.5 - https:\/\/yoast.com\/product\/yoast-seo-wordpress\/ -->\n<title>Presentat el protocol d\u2019actuaci\u00f3 davant del maltractament de la inf\u00e0ncia i de l\u2019adolesc\u00e8ncia a Lleida - Col\u00b7legi Oficial de Metges de Lleida<\/title>\n<meta name=\"robots\" content=\"index, follow, max-snippet:-1, max-image-preview:large, max-video-preview:-1\" \/>\n<link rel=\"canonical\" href=\"https:\/\/www.comll.cat\/es\/presentat-el-protocol-dactuacio-davant-del-maltractament-de-la-infancia-i-de-ladolescencia-a-lleida\/\" \/>\n<meta property=\"og:locale\" content=\"es_ES\" \/>\n<meta property=\"og:type\" content=\"article\" \/>\n<meta property=\"og:title\" content=\"Presentat el protocol d\u2019actuaci\u00f3 davant del maltractament de la inf\u00e0ncia i de l\u2019adolesc\u00e8ncia a Lleida - Col\u00b7legi Oficial de Metges de Lleida\" \/>\n<meta property=\"og:description\" content=\"La presentaci\u00f3 del protocol d\u2019actuaci\u00f3 davant el maltractament de la inf\u00e0ncia i l\u2019adolesc\u00e8ncia va tenir lloc ahir a la Diputaci\u00f3...\" \/>\n<meta property=\"og:url\" content=\"https:\/\/www.comll.cat\/es\/presentat-el-protocol-dactuacio-davant-del-maltractament-de-la-infancia-i-de-ladolescencia-a-lleida\/\" \/>\n<meta property=\"og:site_name\" content=\"Col\u00b7legi Oficial de Metges de Lleida\" \/>\n<meta property=\"article:published_time\" content=\"2019-12-04T11:56:19+00:00\" \/>\n<meta property=\"og:image\" content=\"https:\/\/www.comll.cat\/es\/wp-content\/uploads\/sites\/3\/protocol-maltractament01.jpg\" \/>\n\t<meta property=\"og:image:width\" content=\"1024\" \/>\n\t<meta property=\"og:image:height\" content=\"683\" \/>\n\t<meta property=\"og:image:type\" content=\"image\/jpeg\" \/>\n<meta name=\"author\" content=\"Albert\" \/>\n<meta name=\"twitter:card\" content=\"summary_large_image\" \/>\n<script type=\"application\/ld+json\" class=\"yoast-schema-graph\">{\"@context\":\"https:\\\/\\\/schema.org\",\"@graph\":[{\"@type\":\"Article\",\"@id\":\"https:\\\/\\\/www.comll.cat\\\/es\\\/presentat-el-protocol-dactuacio-davant-del-maltractament-de-la-infancia-i-de-ladolescencia-a-lleida\\\/#article\",\"isPartOf\":{\"@id\":\"https:\\\/\\\/www.comll.cat\\\/es\\\/presentat-el-protocol-dactuacio-davant-del-maltractament-de-la-infancia-i-de-ladolescencia-a-lleida\\\/\"},\"author\":{\"name\":\"Albert\",\"@id\":\"https:\\\/\\\/www.comll.cat\\\/es\\\/#\\\/schema\\\/person\\\/1c7bc4d83b35a927d680cfe0ec9120e0\"},\"headline\":\"Presentat el protocol d\u2019actuaci\u00f3 davant del maltractament de la inf\u00e0ncia i de l\u2019adolesc\u00e8ncia a Lleida\",\"datePublished\":\"2019-12-04T11:56:19+00:00\",\"mainEntityOfPage\":{\"@id\":\"https:\\\/\\\/www.comll.cat\\\/es\\\/presentat-el-protocol-dactuacio-davant-del-maltractament-de-la-infancia-i-de-ladolescencia-a-lleida\\\/\"},\"wordCount\":308,\"image\":{\"@id\":\"https:\\\/\\\/www.comll.cat\\\/es\\\/presentat-el-protocol-dactuacio-davant-del-maltractament-de-la-infancia-i-de-ladolescencia-a-lleida\\\/#primaryimage\"},\"thumbnailUrl\":\"https:\\\/\\\/www.comll.cat\\\/es\\\/wp-content\\\/uploads\\\/sites\\\/3\\\/protocol-maltractament01.jpg\",\"articleSection\":[\"Noticias\"],\"inLanguage\":\"es\"},{\"@type\":\"WebPage\",\"@id\":\"https:\\\/\\\/www.comll.cat\\\/es\\\/presentat-el-protocol-dactuacio-davant-del-maltractament-de-la-infancia-i-de-ladolescencia-a-lleida\\\/\",\"url\":\"https:\\\/\\\/www.comll.cat\\\/es\\\/presentat-el-protocol-dactuacio-davant-del-maltractament-de-la-infancia-i-de-ladolescencia-a-lleida\\\/\",\"name\":\"Presentat el protocol d\u2019actuaci\u00f3 davant del maltractament de la inf\u00e0ncia i de l\u2019adolesc\u00e8ncia a Lleida - Col\u00b7legi Oficial de Metges de Lleida\",\"isPartOf\":{\"@id\":\"https:\\\/\\\/www.comll.cat\\\/es\\\/#website\"},\"primaryImageOfPage\":{\"@id\":\"https:\\\/\\\/www.comll.cat\\\/es\\\/presentat-el-protocol-dactuacio-davant-del-maltractament-de-la-infancia-i-de-ladolescencia-a-lleida\\\/#primaryimage\"},\"image\":{\"@id\":\"https:\\\/\\\/www.comll.cat\\\/es\\\/presentat-el-protocol-dactuacio-davant-del-maltractament-de-la-infancia-i-de-ladolescencia-a-lleida\\\/#primaryimage\"},\"thumbnailUrl\":\"https:\\\/\\\/www.comll.cat\\\/es\\\/wp-content\\\/uploads\\\/sites\\\/3\\\/protocol-maltractament01.jpg\",\"datePublished\":\"2019-12-04T11:56:19+00:00\",\"author\":{\"@id\":\"https:\\\/\\\/www.comll.cat\\\/es\\\/#\\\/schema\\\/person\\\/1c7bc4d83b35a927d680cfe0ec9120e0\"},\"breadcrumb\":{\"@id\":\"https:\\\/\\\/www.comll.cat\\\/es\\\/presentat-el-protocol-dactuacio-davant-del-maltractament-de-la-infancia-i-de-ladolescencia-a-lleida\\\/#breadcrumb\"},\"inLanguage\":\"es\",\"potentialAction\":[{\"@type\":\"ReadAction\",\"target\":[\"https:\\\/\\\/www.comll.cat\\\/es\\\/presentat-el-protocol-dactuacio-davant-del-maltractament-de-la-infancia-i-de-ladolescencia-a-lleida\\\/\"]}]},{\"@type\":\"ImageObject\",\"inLanguage\":\"es\",\"@id\":\"https:\\\/\\\/www.comll.cat\\\/es\\\/presentat-el-protocol-dactuacio-davant-del-maltractament-de-la-infancia-i-de-ladolescencia-a-lleida\\\/#primaryimage\",\"url\":\"https:\\\/\\\/www.comll.cat\\\/es\\\/wp-content\\\/uploads\\\/sites\\\/3\\\/protocol-maltractament01.jpg\",\"contentUrl\":\"https:\\\/\\\/www.comll.cat\\\/es\\\/wp-content\\\/uploads\\\/sites\\\/3\\\/protocol-maltractament01.jpg\",\"width\":1024,\"height\":683},{\"@type\":\"BreadcrumbList\",\"@id\":\"https:\\\/\\\/www.comll.cat\\\/es\\\/presentat-el-protocol-dactuacio-davant-del-maltractament-de-la-infancia-i-de-ladolescencia-a-lleida\\\/#breadcrumb\",\"itemListElement\":[{\"@type\":\"ListItem\",\"position\":1,\"name\":\"Portada\",\"item\":\"https:\\\/\\\/www.comll.cat\\\/es\\\/\"},{\"@type\":\"ListItem\",\"position\":2,\"name\":\"Presentat el protocol d\u2019actuaci\u00f3 davant del maltractament de la inf\u00e0ncia i de l\u2019adolesc\u00e8ncia a Lleida\"}]},{\"@type\":\"WebSite\",\"@id\":\"https:\\\/\\\/www.comll.cat\\\/es\\\/#website\",\"url\":\"https:\\\/\\\/www.comll.cat\\\/es\\\/\",\"name\":\"Col\u00b7legi Oficial de Metges de Lleida\",\"description\":\"COMLL\",\"potentialAction\":[{\"@type\":\"SearchAction\",\"target\":{\"@type\":\"EntryPoint\",\"urlTemplate\":\"https:\\\/\\\/www.comll.cat\\\/es\\\/?s={search_term_string}\"},\"query-input\":{\"@type\":\"PropertyValueSpecification\",\"valueRequired\":true,\"valueName\":\"search_term_string\"}}],\"inLanguage\":\"es\"},{\"@type\":\"Person\",\"@id\":\"https:\\\/\\\/www.comll.cat\\\/es\\\/#\\\/schema\\\/person\\\/1c7bc4d83b35a927d680cfe0ec9120e0\",\"name\":\"Albert\",\"image\":{\"@type\":\"ImageObject\",\"inLanguage\":\"es\",\"@id\":\"https:\\\/\\\/secure.gravatar.com\\\/avatar\\\/c1261138a5e7882394bd9001104fe7078a2d860997555a5353af4ef7bd38f6db?s=96&d=mm&r=g\",\"url\":\"https:\\\/\\\/secure.gravatar.com\\\/avatar\\\/c1261138a5e7882394bd9001104fe7078a2d860997555a5353af4ef7bd38f6db?s=96&d=mm&r=g\",\"contentUrl\":\"https:\\\/\\\/secure.gravatar.com\\\/avatar\\\/c1261138a5e7882394bd9001104fe7078a2d860997555a5353af4ef7bd38f6db?s=96&d=mm&r=g\",\"caption\":\"Albert\"},\"sameAs\":[\"https:\\\/\\\/www.comll.cat\"]}]}<\/script>\n<!-- \/ Yoast SEO plugin. -->","yoast_head_json":{"title":"Presentat el protocol d\u2019actuaci\u00f3 davant del maltractament de la inf\u00e0ncia i de l\u2019adolesc\u00e8ncia a Lleida - Col\u00b7legi Oficial de Metges de Lleida","robots":{"index":"index","follow":"follow","max-snippet":"max-snippet:-1","max-image-preview":"max-image-preview:large","max-video-preview":"max-video-preview:-1"},"canonical":"https:\/\/www.comll.cat\/es\/presentat-el-protocol-dactuacio-davant-del-maltractament-de-la-infancia-i-de-ladolescencia-a-lleida\/","og_locale":"es_ES","og_type":"article","og_title":"Presentat el protocol d\u2019actuaci\u00f3 davant del maltractament de la inf\u00e0ncia i de l\u2019adolesc\u00e8ncia a Lleida - Col\u00b7legi Oficial de Metges de Lleida","og_description":"La presentaci\u00f3 del protocol d\u2019actuaci\u00f3 davant el maltractament de la inf\u00e0ncia i l\u2019adolesc\u00e8ncia va tenir lloc ahir a la Diputaci\u00f3...","og_url":"https:\/\/www.comll.cat\/es\/presentat-el-protocol-dactuacio-davant-del-maltractament-de-la-infancia-i-de-ladolescencia-a-lleida\/","og_site_name":"Col\u00b7legi Oficial de Metges de Lleida","article_published_time":"2019-12-04T11:56:19+00:00","og_image":[{"width":1024,"height":683,"url":"https:\/\/www.comll.cat\/es\/wp-content\/uploads\/sites\/3\/protocol-maltractament01.jpg","type":"image\/jpeg"}],"author":"Albert","twitter_card":"summary_large_image","schema":{"@context":"https:\/\/schema.org","@graph":[{"@type":"Article","@id":"https:\/\/www.comll.cat\/es\/presentat-el-protocol-dactuacio-davant-del-maltractament-de-la-infancia-i-de-ladolescencia-a-lleida\/#article","isPartOf":{"@id":"https:\/\/www.comll.cat\/es\/presentat-el-protocol-dactuacio-davant-del-maltractament-de-la-infancia-i-de-ladolescencia-a-lleida\/"},"author":{"name":"Albert","@id":"https:\/\/www.comll.cat\/es\/#\/schema\/person\/1c7bc4d83b35a927d680cfe0ec9120e0"},"headline":"Presentat el protocol d\u2019actuaci\u00f3 davant del maltractament de la inf\u00e0ncia i de l\u2019adolesc\u00e8ncia a Lleida","datePublished":"2019-12-04T11:56:19+00:00","mainEntityOfPage":{"@id":"https:\/\/www.comll.cat\/es\/presentat-el-protocol-dactuacio-davant-del-maltractament-de-la-infancia-i-de-ladolescencia-a-lleida\/"},"wordCount":308,"image":{"@id":"https:\/\/www.comll.cat\/es\/presentat-el-protocol-dactuacio-davant-del-maltractament-de-la-infancia-i-de-ladolescencia-a-lleida\/#primaryimage"},"thumbnailUrl":"https:\/\/www.comll.cat\/es\/wp-content\/uploads\/sites\/3\/protocol-maltractament01.jpg","articleSection":["Noticias"],"inLanguage":"es"},{"@type":"WebPage","@id":"https:\/\/www.comll.cat\/es\/presentat-el-protocol-dactuacio-davant-del-maltractament-de-la-infancia-i-de-ladolescencia-a-lleida\/","url":"https:\/\/www.comll.cat\/es\/presentat-el-protocol-dactuacio-davant-del-maltractament-de-la-infancia-i-de-ladolescencia-a-lleida\/","name":"Presentat el protocol d\u2019actuaci\u00f3 davant del maltractament de la inf\u00e0ncia i de l\u2019adolesc\u00e8ncia a Lleida - Col\u00b7legi Oficial de Metges de Lleida","isPartOf":{"@id":"https:\/\/www.comll.cat\/es\/#website"},"primaryImageOfPage":{"@id":"https:\/\/www.comll.cat\/es\/presentat-el-protocol-dactuacio-davant-del-maltractament-de-la-infancia-i-de-ladolescencia-a-lleida\/#primaryimage"},"image":{"@id":"https:\/\/www.comll.cat\/es\/presentat-el-protocol-dactuacio-davant-del-maltractament-de-la-infancia-i-de-ladolescencia-a-lleida\/#primaryimage"},"thumbnailUrl":"https:\/\/www.comll.cat\/es\/wp-content\/uploads\/sites\/3\/protocol-maltractament01.jpg","datePublished":"2019-12-04T11:56:19+00:00","author":{"@id":"https:\/\/www.comll.cat\/es\/#\/schema\/person\/1c7bc4d83b35a927d680cfe0ec9120e0"},"breadcrumb":{"@id":"https:\/\/www.comll.cat\/es\/presentat-el-protocol-dactuacio-davant-del-maltractament-de-la-infancia-i-de-ladolescencia-a-lleida\/#breadcrumb"},"inLanguage":"es","potentialAction":[{"@type":"ReadAction","target":["https:\/\/www.comll.cat\/es\/presentat-el-protocol-dactuacio-davant-del-maltractament-de-la-infancia-i-de-ladolescencia-a-lleida\/"]}]},{"@type":"ImageObject","inLanguage":"es","@id":"https:\/\/www.comll.cat\/es\/presentat-el-protocol-dactuacio-davant-del-maltractament-de-la-infancia-i-de-ladolescencia-a-lleida\/#primaryimage","url":"https:\/\/www.comll.cat\/es\/wp-content\/uploads\/sites\/3\/protocol-maltractament01.jpg","contentUrl":"https:\/\/www.comll.cat\/es\/wp-content\/uploads\/sites\/3\/protocol-maltractament01.jpg","width":1024,"height":683},{"@type":"BreadcrumbList","@id":"https:\/\/www.comll.cat\/es\/presentat-el-protocol-dactuacio-davant-del-maltractament-de-la-infancia-i-de-ladolescencia-a-lleida\/#breadcrumb","itemListElement":[{"@type":"ListItem","position":1,"name":"Portada","item":"https:\/\/www.comll.cat\/es\/"},{"@type":"ListItem","position":2,"name":"Presentat el protocol d\u2019actuaci\u00f3 davant del maltractament de la inf\u00e0ncia i de l\u2019adolesc\u00e8ncia a Lleida"}]},{"@type":"WebSite","@id":"https:\/\/www.comll.cat\/es\/#website","url":"https:\/\/www.comll.cat\/es\/","name":"Col\u00b7legi Oficial de Metges de Lleida","description":"COMLL","potentialAction":[{"@type":"SearchAction","target":{"@type":"EntryPoint","urlTemplate":"https:\/\/www.comll.cat\/es\/?s={search_term_string}"},"query-input":{"@type":"PropertyValueSpecification","valueRequired":true,"valueName":"search_term_string"}}],"inLanguage":"es"},{"@type":"Person","@id":"https:\/\/www.comll.cat\/es\/#\/schema\/person\/1c7bc4d83b35a927d680cfe0ec9120e0","name":"Albert","image":{"@type":"ImageObject","inLanguage":"es","@id":"https:\/\/secure.gravatar.com\/avatar\/c1261138a5e7882394bd9001104fe7078a2d860997555a5353af4ef7bd38f6db?s=96&d=mm&r=g","url":"https:\/\/secure.gravatar.com\/avatar\/c1261138a5e7882394bd9001104fe7078a2d860997555a5353af4ef7bd38f6db?s=96&d=mm&r=g","contentUrl":"https:\/\/secure.gravatar.com\/avatar\/c1261138a5e7882394bd9001104fe7078a2d860997555a5353af4ef7bd38f6db?s=96&d=mm&r=g","caption":"Albert"},"sameAs":["https:\/\/www.comll.cat"]}]}},"publishpress_future_action":{"enabled":false,"date":"2026-05-01 08:42:34","action":"change-status","newStatus":"draft","terms":[],"taxonomy":"category","extraData":[]},"publishpress_future_workflow_manual_trigger":{"enabledWorkflows":[]},"_links":{"self":[{"href":"https:\/\/www.comll.cat\/es\/wp-json\/wp\/v2\/posts\/971","targetHints":{"allow":["GET"]}}],"collection":[{"href":"https:\/\/www.comll.cat\/es\/wp-json\/wp\/v2\/posts"}],"about":[{"href":"https:\/\/www.comll.cat\/es\/wp-json\/wp\/v2\/types\/post"}],"author":[{"embeddable":true,"href":"https:\/\/www.comll.cat\/es\/wp-json\/wp\/v2\/users\/1"}],"replies":[{"embeddable":true,"href":"https:\/\/www.comll.cat\/es\/wp-json\/wp\/v2\/comments?post=971"}],"version-history":[{"count":0,"href":"https:\/\/www.comll.cat\/es\/wp-json\/wp\/v2\/posts\/971\/revisions"}],"wp:featuredmedia":[{"embeddable":true,"href":"https:\/\/www.comll.cat\/es\/wp-json\/wp\/v2\/media\/972"}],"wp:attachment":[{"href":"https:\/\/www.comll.cat\/es\/wp-json\/wp\/v2\/media?parent=971"}],"wp:term":[{"taxonomy":"category","embeddable":true,"href":"https:\/\/www.comll.cat\/es\/wp-json\/wp\/v2\/categories?post=971"},{"taxonomy":"post_tag","embeddable":true,"href":"https:\/\/www.comll.cat\/es\/wp-json\/wp\/v2\/tags?post=971"}],"curies":[{"name":"wp","href":"https:\/\/api.w.org\/{rel}","templated":true}]}}