{"id":966,"date":"2019-12-03T12:03:24","date_gmt":"2019-12-03T11:03:24","guid":{"rendered":"https:\/\/www.comll.cat\/conveni-per-posar-en-marxa-un-projecte-pilot-sobre-emergencies-sanitaries-transfrontereres-als-pirineus-2\/"},"modified":"2019-12-03T12:03:24","modified_gmt":"2019-12-03T11:03:24","slug":"conveni-per-posar-en-marxa-un-projecte-pilot-sobre-emergencies-sanitaries-transfrontereres-als-pirineus-2","status":"publish","type":"post","link":"https:\/\/www.comll.cat\/es\/conveni-per-posar-en-marxa-un-projecte-pilot-sobre-emergencies-sanitaries-transfrontereres-als-pirineus-2\/","title":{"rendered":"Conveni per posar en marxa un projecte pilot sobre emerg\u00e8ncies sanit\u00e0ries transfrontereres als Pirineus"},"content":{"rendered":"<p><img loading=\"lazy\" decoding=\"async\" class=\"alignnone size-medium wp-image-20433\" src=\"https:\/\/www.comll.cat\/wp-content\/uploads\/sites\/3\/comunitat-de-treball-dels-pirineus-300x266.jpg\" alt=\"Comunitat de Treball dels Pirineus\" width=\"300\" height=\"266\" \/><\/p>\n<p>En el marc del darrer Consell Plenari de la Comunitat de Treball dels Pirineus, s\u2019ha signat un conveni de col\u00b7laboraci\u00f3 per posar en marxa un projecte pilot sobre emerg\u00e8ncies m\u00e8diques transfrontereres als Pirineus. La finalitat del conveni \u00e9s millorar l\u2019assist\u00e8ncia sanit\u00e0ria dels 15 milions de persones que viuen a l\u2019eix transpirinenc.<\/p>\n<p>La Dra. Concha Ferrer, copresidenta de l\u2019Associaci\u00f3 M\u00e8dica Transpirinenca (AMT) i presidenta del Col\u00b7legi de Metges de Saragossa, ha declarat durant la signatura del conveni que \u201cEl fet de no estar inscrit en el col\u00b7legi de metges del pa\u00eds ve\u00ed redueix la capacitat d\u2019intervenci\u00f3 dels metges d\u2019emerg\u00e8ncies per exercir en ambd\u00f3s costats de la frontera francoespanyola-andorrana\u201d. La Dra. Ferrer ha assegurat que l\u2019AMT treballa perqu\u00e8 aquest motiu no alenteixi la posada en marxa del projecte pilot.<\/p>\n<p>Els socis del projecte s\u00f3n la CTP, el Col\u00b7legi de Metges de Saragossa, l'Agence R\u00e9gionale de la Sant\u00e9 Nouvelle-Aquitaine, l'Hospital Transfronterer de Puigcerd\u00e0, l'Agence R\u00e9gionale de la Sant\u00e9 Occitanie, les conselleries de Sanitat de Catalunya, Euskadi, Arag\u00f3, Navarra i Andorra i l'AMT. El Consell Regional de l'Ordre de Metges Migdia-Pirineus \u00e9s <em>partner<\/em> del projecte.<\/p>\n<p>M\u00e9s informaci\u00f3, a <em>M\u00e9dicosypacientes.com<\/em>.<\/p>\n<p>&nbsp;<\/p>\n","protected":false},"excerpt":{"rendered":"<p>En el marc del darrer Consell Plenari de la Comunitat de Treball dels Pirineus, s\u2019ha signat un conveni de col\u00b7laboraci\u00f3...<\/p>\n","protected":false},"author":1,"featured_media":967,"comment_status":"closed","ping_status":"closed","sticky":false,"template":"","format":"standard","meta":{"_acf_changed":false,"inline_featured_image":false,"footnotes":""},"categories":[18],"tags":[],"class_list":["post-966","post","type-post","status-publish","format-standard","has-post-thumbnail","hentry","category-noticias"],"acf":[],"yoast_head":"<!-- This site is optimized with the Yoast SEO plugin v27.5 - https:\/\/yoast.com\/product\/yoast-seo-wordpress\/ -->\n<title>Conveni per posar en marxa un projecte pilot sobre emerg\u00e8ncies sanit\u00e0ries transfrontereres als Pirineus - Col\u00b7legi Oficial de Metges de Lleida<\/title>\n<meta name=\"robots\" content=\"index, follow, max-snippet:-1, max-image-preview:large, max-video-preview:-1\" \/>\n<link rel=\"canonical\" href=\"https:\/\/www.comll.cat\/es\/conveni-per-posar-en-marxa-un-projecte-pilot-sobre-emergencies-sanitaries-transfrontereres-als-pirineus-2\/\" \/>\n<meta property=\"og:locale\" content=\"es_ES\" \/>\n<meta property=\"og:type\" content=\"article\" \/>\n<meta property=\"og:title\" content=\"Conveni per posar en marxa un projecte pilot sobre emerg\u00e8ncies sanit\u00e0ries transfrontereres als Pirineus - Col\u00b7legi Oficial de Metges de Lleida\" \/>\n<meta property=\"og:description\" content=\"En el marc del darrer Consell Plenari de la Comunitat de Treball dels Pirineus, s\u2019ha signat un conveni de col\u00b7laboraci\u00f3...\" \/>\n<meta property=\"og:url\" content=\"https:\/\/www.comll.cat\/es\/conveni-per-posar-en-marxa-un-projecte-pilot-sobre-emergencies-sanitaries-transfrontereres-als-pirineus-2\/\" \/>\n<meta property=\"og:site_name\" content=\"Col\u00b7legi Oficial de Metges de Lleida\" \/>\n<meta property=\"article:published_time\" content=\"2019-12-03T11:03:24+00:00\" \/>\n<meta property=\"og:image\" content=\"https:\/\/www.comll.cat\/es\/wp-content\/uploads\/sites\/3\/comunitat-de-treball-dels-pirineus.jpg\" \/>\n\t<meta property=\"og:image:width\" content=\"635\" \/>\n\t<meta property=\"og:image:height\" content=\"563\" \/>\n\t<meta property=\"og:image:type\" content=\"image\/jpeg\" \/>\n<meta name=\"author\" content=\"Albert\" \/>\n<meta name=\"twitter:card\" content=\"summary_large_image\" \/>\n<script type=\"application\/ld+json\" class=\"yoast-schema-graph\">{\"@context\":\"https:\\\/\\\/schema.org\",\"@graph\":[{\"@type\":\"Article\",\"@id\":\"https:\\\/\\\/www.comll.cat\\\/es\\\/conveni-per-posar-en-marxa-un-projecte-pilot-sobre-emergencies-sanitaries-transfrontereres-als-pirineus-2\\\/#article\",\"isPartOf\":{\"@id\":\"https:\\\/\\\/www.comll.cat\\\/es\\\/conveni-per-posar-en-marxa-un-projecte-pilot-sobre-emergencies-sanitaries-transfrontereres-als-pirineus-2\\\/\"},\"author\":{\"name\":\"Albert\",\"@id\":\"https:\\\/\\\/www.comll.cat\\\/es\\\/#\\\/schema\\\/person\\\/1c7bc4d83b35a927d680cfe0ec9120e0\"},\"headline\":\"Conveni per posar en marxa un projecte pilot sobre emerg\u00e8ncies sanit\u00e0ries transfrontereres als Pirineus\",\"datePublished\":\"2019-12-03T11:03:24+00:00\",\"mainEntityOfPage\":{\"@id\":\"https:\\\/\\\/www.comll.cat\\\/es\\\/conveni-per-posar-en-marxa-un-projecte-pilot-sobre-emergencies-sanitaries-transfrontereres-als-pirineus-2\\\/\"},\"wordCount\":231,\"image\":{\"@id\":\"https:\\\/\\\/www.comll.cat\\\/es\\\/conveni-per-posar-en-marxa-un-projecte-pilot-sobre-emergencies-sanitaries-transfrontereres-als-pirineus-2\\\/#primaryimage\"},\"thumbnailUrl\":\"https:\\\/\\\/www.comll.cat\\\/es\\\/wp-content\\\/uploads\\\/sites\\\/3\\\/comunitat-de-treball-dels-pirineus.jpg\",\"articleSection\":[\"Noticias\"],\"inLanguage\":\"es\"},{\"@type\":\"WebPage\",\"@id\":\"https:\\\/\\\/www.comll.cat\\\/es\\\/conveni-per-posar-en-marxa-un-projecte-pilot-sobre-emergencies-sanitaries-transfrontereres-als-pirineus-2\\\/\",\"url\":\"https:\\\/\\\/www.comll.cat\\\/es\\\/conveni-per-posar-en-marxa-un-projecte-pilot-sobre-emergencies-sanitaries-transfrontereres-als-pirineus-2\\\/\",\"name\":\"Conveni per posar en marxa un projecte pilot sobre emerg\u00e8ncies sanit\u00e0ries transfrontereres als Pirineus - Col\u00b7legi Oficial de Metges de Lleida\",\"isPartOf\":{\"@id\":\"https:\\\/\\\/www.comll.cat\\\/es\\\/#website\"},\"primaryImageOfPage\":{\"@id\":\"https:\\\/\\\/www.comll.cat\\\/es\\\/conveni-per-posar-en-marxa-un-projecte-pilot-sobre-emergencies-sanitaries-transfrontereres-als-pirineus-2\\\/#primaryimage\"},\"image\":{\"@id\":\"https:\\\/\\\/www.comll.cat\\\/es\\\/conveni-per-posar-en-marxa-un-projecte-pilot-sobre-emergencies-sanitaries-transfrontereres-als-pirineus-2\\\/#primaryimage\"},\"thumbnailUrl\":\"https:\\\/\\\/www.comll.cat\\\/es\\\/wp-content\\\/uploads\\\/sites\\\/3\\\/comunitat-de-treball-dels-pirineus.jpg\",\"datePublished\":\"2019-12-03T11:03:24+00:00\",\"author\":{\"@id\":\"https:\\\/\\\/www.comll.cat\\\/es\\\/#\\\/schema\\\/person\\\/1c7bc4d83b35a927d680cfe0ec9120e0\"},\"breadcrumb\":{\"@id\":\"https:\\\/\\\/www.comll.cat\\\/es\\\/conveni-per-posar-en-marxa-un-projecte-pilot-sobre-emergencies-sanitaries-transfrontereres-als-pirineus-2\\\/#breadcrumb\"},\"inLanguage\":\"es\",\"potentialAction\":[{\"@type\":\"ReadAction\",\"target\":[\"https:\\\/\\\/www.comll.cat\\\/es\\\/conveni-per-posar-en-marxa-un-projecte-pilot-sobre-emergencies-sanitaries-transfrontereres-als-pirineus-2\\\/\"]}]},{\"@type\":\"ImageObject\",\"inLanguage\":\"es\",\"@id\":\"https:\\\/\\\/www.comll.cat\\\/es\\\/conveni-per-posar-en-marxa-un-projecte-pilot-sobre-emergencies-sanitaries-transfrontereres-als-pirineus-2\\\/#primaryimage\",\"url\":\"https:\\\/\\\/www.comll.cat\\\/es\\\/wp-content\\\/uploads\\\/sites\\\/3\\\/comunitat-de-treball-dels-pirineus.jpg\",\"contentUrl\":\"https:\\\/\\\/www.comll.cat\\\/es\\\/wp-content\\\/uploads\\\/sites\\\/3\\\/comunitat-de-treball-dels-pirineus.jpg\",\"width\":635,\"height\":563},{\"@type\":\"BreadcrumbList\",\"@id\":\"https:\\\/\\\/www.comll.cat\\\/es\\\/conveni-per-posar-en-marxa-un-projecte-pilot-sobre-emergencies-sanitaries-transfrontereres-als-pirineus-2\\\/#breadcrumb\",\"itemListElement\":[{\"@type\":\"ListItem\",\"position\":1,\"name\":\"Portada\",\"item\":\"https:\\\/\\\/www.comll.cat\\\/es\\\/\"},{\"@type\":\"ListItem\",\"position\":2,\"name\":\"Conveni per posar en marxa un projecte pilot sobre emerg\u00e8ncies sanit\u00e0ries transfrontereres als Pirineus\"}]},{\"@type\":\"WebSite\",\"@id\":\"https:\\\/\\\/www.comll.cat\\\/es\\\/#website\",\"url\":\"https:\\\/\\\/www.comll.cat\\\/es\\\/\",\"name\":\"Col\u00b7legi Oficial de Metges de Lleida\",\"description\":\"COMLL\",\"potentialAction\":[{\"@type\":\"SearchAction\",\"target\":{\"@type\":\"EntryPoint\",\"urlTemplate\":\"https:\\\/\\\/www.comll.cat\\\/es\\\/?s={search_term_string}\"},\"query-input\":{\"@type\":\"PropertyValueSpecification\",\"valueRequired\":true,\"valueName\":\"search_term_string\"}}],\"inLanguage\":\"es\"},{\"@type\":\"Person\",\"@id\":\"https:\\\/\\\/www.comll.cat\\\/es\\\/#\\\/schema\\\/person\\\/1c7bc4d83b35a927d680cfe0ec9120e0\",\"name\":\"Albert\",\"image\":{\"@type\":\"ImageObject\",\"inLanguage\":\"es\",\"@id\":\"https:\\\/\\\/secure.gravatar.com\\\/avatar\\\/c1261138a5e7882394bd9001104fe7078a2d860997555a5353af4ef7bd38f6db?s=96&d=mm&r=g\",\"url\":\"https:\\\/\\\/secure.gravatar.com\\\/avatar\\\/c1261138a5e7882394bd9001104fe7078a2d860997555a5353af4ef7bd38f6db?s=96&d=mm&r=g\",\"contentUrl\":\"https:\\\/\\\/secure.gravatar.com\\\/avatar\\\/c1261138a5e7882394bd9001104fe7078a2d860997555a5353af4ef7bd38f6db?s=96&d=mm&r=g\",\"caption\":\"Albert\"},\"sameAs\":[\"https:\\\/\\\/www.comll.cat\"]}]}<\/script>\n<!-- \/ Yoast SEO plugin. -->","yoast_head_json":{"title":"Conveni per posar en marxa un projecte pilot sobre emerg\u00e8ncies sanit\u00e0ries transfrontereres als Pirineus - Col\u00b7legi Oficial de Metges de Lleida","robots":{"index":"index","follow":"follow","max-snippet":"max-snippet:-1","max-image-preview":"max-image-preview:large","max-video-preview":"max-video-preview:-1"},"canonical":"https:\/\/www.comll.cat\/es\/conveni-per-posar-en-marxa-un-projecte-pilot-sobre-emergencies-sanitaries-transfrontereres-als-pirineus-2\/","og_locale":"es_ES","og_type":"article","og_title":"Conveni per posar en marxa un projecte pilot sobre emerg\u00e8ncies sanit\u00e0ries transfrontereres als Pirineus - Col\u00b7legi Oficial de Metges de Lleida","og_description":"En el marc del darrer Consell Plenari de la Comunitat de Treball dels Pirineus, s\u2019ha signat un conveni de col\u00b7laboraci\u00f3...","og_url":"https:\/\/www.comll.cat\/es\/conveni-per-posar-en-marxa-un-projecte-pilot-sobre-emergencies-sanitaries-transfrontereres-als-pirineus-2\/","og_site_name":"Col\u00b7legi Oficial de Metges de Lleida","article_published_time":"2019-12-03T11:03:24+00:00","og_image":[{"width":635,"height":563,"url":"https:\/\/www.comll.cat\/es\/wp-content\/uploads\/sites\/3\/comunitat-de-treball-dels-pirineus.jpg","type":"image\/jpeg"}],"author":"Albert","twitter_card":"summary_large_image","schema":{"@context":"https:\/\/schema.org","@graph":[{"@type":"Article","@id":"https:\/\/www.comll.cat\/es\/conveni-per-posar-en-marxa-un-projecte-pilot-sobre-emergencies-sanitaries-transfrontereres-als-pirineus-2\/#article","isPartOf":{"@id":"https:\/\/www.comll.cat\/es\/conveni-per-posar-en-marxa-un-projecte-pilot-sobre-emergencies-sanitaries-transfrontereres-als-pirineus-2\/"},"author":{"name":"Albert","@id":"https:\/\/www.comll.cat\/es\/#\/schema\/person\/1c7bc4d83b35a927d680cfe0ec9120e0"},"headline":"Conveni per posar en marxa un projecte pilot sobre emerg\u00e8ncies sanit\u00e0ries transfrontereres als Pirineus","datePublished":"2019-12-03T11:03:24+00:00","mainEntityOfPage":{"@id":"https:\/\/www.comll.cat\/es\/conveni-per-posar-en-marxa-un-projecte-pilot-sobre-emergencies-sanitaries-transfrontereres-als-pirineus-2\/"},"wordCount":231,"image":{"@id":"https:\/\/www.comll.cat\/es\/conveni-per-posar-en-marxa-un-projecte-pilot-sobre-emergencies-sanitaries-transfrontereres-als-pirineus-2\/#primaryimage"},"thumbnailUrl":"https:\/\/www.comll.cat\/es\/wp-content\/uploads\/sites\/3\/comunitat-de-treball-dels-pirineus.jpg","articleSection":["Noticias"],"inLanguage":"es"},{"@type":"WebPage","@id":"https:\/\/www.comll.cat\/es\/conveni-per-posar-en-marxa-un-projecte-pilot-sobre-emergencies-sanitaries-transfrontereres-als-pirineus-2\/","url":"https:\/\/www.comll.cat\/es\/conveni-per-posar-en-marxa-un-projecte-pilot-sobre-emergencies-sanitaries-transfrontereres-als-pirineus-2\/","name":"Conveni per posar en marxa un projecte pilot sobre emerg\u00e8ncies sanit\u00e0ries transfrontereres als Pirineus - Col\u00b7legi Oficial de Metges de Lleida","isPartOf":{"@id":"https:\/\/www.comll.cat\/es\/#website"},"primaryImageOfPage":{"@id":"https:\/\/www.comll.cat\/es\/conveni-per-posar-en-marxa-un-projecte-pilot-sobre-emergencies-sanitaries-transfrontereres-als-pirineus-2\/#primaryimage"},"image":{"@id":"https:\/\/www.comll.cat\/es\/conveni-per-posar-en-marxa-un-projecte-pilot-sobre-emergencies-sanitaries-transfrontereres-als-pirineus-2\/#primaryimage"},"thumbnailUrl":"https:\/\/www.comll.cat\/es\/wp-content\/uploads\/sites\/3\/comunitat-de-treball-dels-pirineus.jpg","datePublished":"2019-12-03T11:03:24+00:00","author":{"@id":"https:\/\/www.comll.cat\/es\/#\/schema\/person\/1c7bc4d83b35a927d680cfe0ec9120e0"},"breadcrumb":{"@id":"https:\/\/www.comll.cat\/es\/conveni-per-posar-en-marxa-un-projecte-pilot-sobre-emergencies-sanitaries-transfrontereres-als-pirineus-2\/#breadcrumb"},"inLanguage":"es","potentialAction":[{"@type":"ReadAction","target":["https:\/\/www.comll.cat\/es\/conveni-per-posar-en-marxa-un-projecte-pilot-sobre-emergencies-sanitaries-transfrontereres-als-pirineus-2\/"]}]},{"@type":"ImageObject","inLanguage":"es","@id":"https:\/\/www.comll.cat\/es\/conveni-per-posar-en-marxa-un-projecte-pilot-sobre-emergencies-sanitaries-transfrontereres-als-pirineus-2\/#primaryimage","url":"https:\/\/www.comll.cat\/es\/wp-content\/uploads\/sites\/3\/comunitat-de-treball-dels-pirineus.jpg","contentUrl":"https:\/\/www.comll.cat\/es\/wp-content\/uploads\/sites\/3\/comunitat-de-treball-dels-pirineus.jpg","width":635,"height":563},{"@type":"BreadcrumbList","@id":"https:\/\/www.comll.cat\/es\/conveni-per-posar-en-marxa-un-projecte-pilot-sobre-emergencies-sanitaries-transfrontereres-als-pirineus-2\/#breadcrumb","itemListElement":[{"@type":"ListItem","position":1,"name":"Portada","item":"https:\/\/www.comll.cat\/es\/"},{"@type":"ListItem","position":2,"name":"Conveni per posar en marxa un projecte pilot sobre emerg\u00e8ncies sanit\u00e0ries transfrontereres als Pirineus"}]},{"@type":"WebSite","@id":"https:\/\/www.comll.cat\/es\/#website","url":"https:\/\/www.comll.cat\/es\/","name":"Col\u00b7legi Oficial de Metges de Lleida","description":"COMLL","potentialAction":[{"@type":"SearchAction","target":{"@type":"EntryPoint","urlTemplate":"https:\/\/www.comll.cat\/es\/?s={search_term_string}"},"query-input":{"@type":"PropertyValueSpecification","valueRequired":true,"valueName":"search_term_string"}}],"inLanguage":"es"},{"@type":"Person","@id":"https:\/\/www.comll.cat\/es\/#\/schema\/person\/1c7bc4d83b35a927d680cfe0ec9120e0","name":"Albert","image":{"@type":"ImageObject","inLanguage":"es","@id":"https:\/\/secure.gravatar.com\/avatar\/c1261138a5e7882394bd9001104fe7078a2d860997555a5353af4ef7bd38f6db?s=96&d=mm&r=g","url":"https:\/\/secure.gravatar.com\/avatar\/c1261138a5e7882394bd9001104fe7078a2d860997555a5353af4ef7bd38f6db?s=96&d=mm&r=g","contentUrl":"https:\/\/secure.gravatar.com\/avatar\/c1261138a5e7882394bd9001104fe7078a2d860997555a5353af4ef7bd38f6db?s=96&d=mm&r=g","caption":"Albert"},"sameAs":["https:\/\/www.comll.cat"]}]}},"publishpress_future_action":{"enabled":false,"date":"2026-05-01 01:41:16","action":"change-status","newStatus":"draft","terms":[],"taxonomy":"category","extraData":[]},"publishpress_future_workflow_manual_trigger":{"enabledWorkflows":[]},"_links":{"self":[{"href":"https:\/\/www.comll.cat\/es\/wp-json\/wp\/v2\/posts\/966","targetHints":{"allow":["GET"]}}],"collection":[{"href":"https:\/\/www.comll.cat\/es\/wp-json\/wp\/v2\/posts"}],"about":[{"href":"https:\/\/www.comll.cat\/es\/wp-json\/wp\/v2\/types\/post"}],"author":[{"embeddable":true,"href":"https:\/\/www.comll.cat\/es\/wp-json\/wp\/v2\/users\/1"}],"replies":[{"embeddable":true,"href":"https:\/\/www.comll.cat\/es\/wp-json\/wp\/v2\/comments?post=966"}],"version-history":[{"count":0,"href":"https:\/\/www.comll.cat\/es\/wp-json\/wp\/v2\/posts\/966\/revisions"}],"wp:featuredmedia":[{"embeddable":true,"href":"https:\/\/www.comll.cat\/es\/wp-json\/wp\/v2\/media\/967"}],"wp:attachment":[{"href":"https:\/\/www.comll.cat\/es\/wp-json\/wp\/v2\/media?parent=966"}],"wp:term":[{"taxonomy":"category","embeddable":true,"href":"https:\/\/www.comll.cat\/es\/wp-json\/wp\/v2\/categories?post=966"},{"taxonomy":"post_tag","embeddable":true,"href":"https:\/\/www.comll.cat\/es\/wp-json\/wp\/v2\/tags?post=966"}],"curies":[{"name":"wp","href":"https:\/\/api.w.org\/{rel}","templated":true}]}}