{"id":941,"date":"2019-11-25T09:59:22","date_gmt":"2019-11-25T08:59:22","guid":{"rendered":"https:\/\/www.comll.cat\/curs-medfetal-ecografia-obstetrico-ginecologica-del-21-al-24-de-gener-a-lhospital-vall-dhebron\/"},"modified":"2019-11-25T09:59:22","modified_gmt":"2019-11-25T08:59:22","slug":"curs-medfetal-ecografia-obstetrico-ginecologica-del-21-al-24-de-gener-a-lhospital-vall-dhebron","status":"publish","type":"post","link":"https:\/\/www.comll.cat\/es\/curs-medfetal-ecografia-obstetrico-ginecologica-del-21-al-24-de-gener-a-lhospital-vall-dhebron\/","title":{"rendered":"Curs Medfetal Ecografia obst\u00e8trico-ginecol\u00f2gica, del 21 al 24 de gener a l\u2019Hospital Vall d\u2019Hebron"},"content":{"rendered":"<p>La Unitat d\u2019Ecografia obst\u00e8trico-ginecol\u00f2gica i la Secci\u00f3 de Medicina Materno Fetal de l\u2019Hospital Universitari Vall Hebron, de Barcelona, organitza la 25 edici\u00f3 del <em>Curs Medfetal Ecografia obst\u00e8trico-ginecol\u00f2gica<\/em>. L\u2019activitat tindr\u00e0 lloc del 21 al 24 de gener, a la Sala d\u2019Actes del centre hospitalari.<\/p>\n<p>El curs s\u2019adre\u00e7a a especialistes en Obstetr\u00edcia i Ginecologia en per\u00edode de formaci\u00f3 o que es vulguin reciclar en aquest tipus d\u2019ecografies. Els ponents parlaran sobre malformacions facials, integraci\u00f3 de l\u2019ecografia en la cl\u00ednica obst\u00e8trica, ecografia en 3D-4D i aven\u00e7os en ecografia ginecol\u00f2gica.<\/p>\n<p>L\u2019organitzaci\u00f3 ha sol\u00b7licitat l\u2019acreditaci\u00f3 del Consell Catal\u00e0 de les Professions\u00a0 Sanit\u00e0ries \u2013 Comissi\u00f3 de Formaci\u00f3 Continuada del Sistema Nacional de Salut.<\/p>\n<p>M\u00e9s informaci\u00f3 i inscripcions, a <a href=\"http:\/\/www.aulavhebron.net\/aula\/documentos\/ecogine20.pdf\">http:\/\/www.aulavhebron.net\/aula\/documentos\/ecogine20.pdf<\/a>.<\/p>\n<p>&nbsp;<\/p>\n","protected":false},"excerpt":{"rendered":"<p>La Unitat d\u2019Ecografia obst\u00e8trico-ginecol\u00f2gica i la Secci\u00f3 de Medicina Materno Fetal de l\u2019Hospital Universitari Vall Hebron, de Barcelona, organitza la...<\/p>\n","protected":false},"author":1,"featured_media":0,"comment_status":"closed","ping_status":"closed","sticky":false,"template":"","format":"standard","meta":{"_acf_changed":false,"inline_featured_image":false,"footnotes":""},"categories":[18],"tags":[],"class_list":["post-941","post","type-post","status-publish","format-standard","hentry","category-noticias"],"acf":[],"yoast_head":"<!-- This site is optimized with the Yoast SEO plugin v27.5 - https:\/\/yoast.com\/product\/yoast-seo-wordpress\/ -->\n<title>Curs Medfetal Ecografia obst\u00e8trico-ginecol\u00f2gica, del 21 al 24 de gener a l\u2019Hospital Vall d\u2019Hebron - Col\u00b7legi Oficial de Metges de Lleida<\/title>\n<meta name=\"robots\" content=\"index, follow, max-snippet:-1, max-image-preview:large, max-video-preview:-1\" \/>\n<link rel=\"canonical\" href=\"https:\/\/www.comll.cat\/es\/curs-medfetal-ecografia-obstetrico-ginecologica-del-21-al-24-de-gener-a-lhospital-vall-dhebron\/\" \/>\n<meta property=\"og:locale\" content=\"es_ES\" \/>\n<meta property=\"og:type\" content=\"article\" \/>\n<meta property=\"og:title\" content=\"Curs Medfetal Ecografia obst\u00e8trico-ginecol\u00f2gica, del 21 al 24 de gener a l\u2019Hospital Vall d\u2019Hebron - Col\u00b7legi Oficial de Metges de Lleida\" \/>\n<meta property=\"og:description\" content=\"La Unitat d\u2019Ecografia obst\u00e8trico-ginecol\u00f2gica i la Secci\u00f3 de Medicina Materno Fetal de l\u2019Hospital Universitari Vall Hebron, de Barcelona, organitza la...\" \/>\n<meta property=\"og:url\" content=\"https:\/\/www.comll.cat\/es\/curs-medfetal-ecografia-obstetrico-ginecologica-del-21-al-24-de-gener-a-lhospital-vall-dhebron\/\" \/>\n<meta property=\"og:site_name\" content=\"Col\u00b7legi Oficial de Metges de Lleida\" \/>\n<meta property=\"article:published_time\" content=\"2019-11-25T08:59:22+00:00\" \/>\n<meta name=\"author\" content=\"Albert\" \/>\n<meta name=\"twitter:card\" content=\"summary_large_image\" \/>\n<script type=\"application\/ld+json\" class=\"yoast-schema-graph\">{\"@context\":\"https:\\\/\\\/schema.org\",\"@graph\":[{\"@type\":\"Article\",\"@id\":\"https:\\\/\\\/www.comll.cat\\\/es\\\/curs-medfetal-ecografia-obstetrico-ginecologica-del-21-al-24-de-gener-a-lhospital-vall-dhebron\\\/#article\",\"isPartOf\":{\"@id\":\"https:\\\/\\\/www.comll.cat\\\/es\\\/curs-medfetal-ecografia-obstetrico-ginecologica-del-21-al-24-de-gener-a-lhospital-vall-dhebron\\\/\"},\"author\":{\"name\":\"Albert\",\"@id\":\"https:\\\/\\\/www.comll.cat\\\/es\\\/#\\\/schema\\\/person\\\/1c7bc4d83b35a927d680cfe0ec9120e0\"},\"headline\":\"Curs Medfetal Ecografia obst\u00e8trico-ginecol\u00f2gica, del 21 al 24 de gener a l\u2019Hospital Vall d\u2019Hebron\",\"datePublished\":\"2019-11-25T08:59:22+00:00\",\"mainEntityOfPage\":{\"@id\":\"https:\\\/\\\/www.comll.cat\\\/es\\\/curs-medfetal-ecografia-obstetrico-ginecologica-del-21-al-24-de-gener-a-lhospital-vall-dhebron\\\/\"},\"wordCount\":157,\"articleSection\":[\"Noticias\"],\"inLanguage\":\"es\"},{\"@type\":\"WebPage\",\"@id\":\"https:\\\/\\\/www.comll.cat\\\/es\\\/curs-medfetal-ecografia-obstetrico-ginecologica-del-21-al-24-de-gener-a-lhospital-vall-dhebron\\\/\",\"url\":\"https:\\\/\\\/www.comll.cat\\\/es\\\/curs-medfetal-ecografia-obstetrico-ginecologica-del-21-al-24-de-gener-a-lhospital-vall-dhebron\\\/\",\"name\":\"Curs Medfetal Ecografia obst\u00e8trico-ginecol\u00f2gica, del 21 al 24 de gener a l\u2019Hospital Vall d\u2019Hebron - Col\u00b7legi Oficial de Metges de Lleida\",\"isPartOf\":{\"@id\":\"https:\\\/\\\/www.comll.cat\\\/es\\\/#website\"},\"datePublished\":\"2019-11-25T08:59:22+00:00\",\"author\":{\"@id\":\"https:\\\/\\\/www.comll.cat\\\/es\\\/#\\\/schema\\\/person\\\/1c7bc4d83b35a927d680cfe0ec9120e0\"},\"breadcrumb\":{\"@id\":\"https:\\\/\\\/www.comll.cat\\\/es\\\/curs-medfetal-ecografia-obstetrico-ginecologica-del-21-al-24-de-gener-a-lhospital-vall-dhebron\\\/#breadcrumb\"},\"inLanguage\":\"es\",\"potentialAction\":[{\"@type\":\"ReadAction\",\"target\":[\"https:\\\/\\\/www.comll.cat\\\/es\\\/curs-medfetal-ecografia-obstetrico-ginecologica-del-21-al-24-de-gener-a-lhospital-vall-dhebron\\\/\"]}]},{\"@type\":\"BreadcrumbList\",\"@id\":\"https:\\\/\\\/www.comll.cat\\\/es\\\/curs-medfetal-ecografia-obstetrico-ginecologica-del-21-al-24-de-gener-a-lhospital-vall-dhebron\\\/#breadcrumb\",\"itemListElement\":[{\"@type\":\"ListItem\",\"position\":1,\"name\":\"Portada\",\"item\":\"https:\\\/\\\/www.comll.cat\\\/es\\\/\"},{\"@type\":\"ListItem\",\"position\":2,\"name\":\"Curs Medfetal Ecografia obst\u00e8trico-ginecol\u00f2gica, del 21 al 24 de gener a l\u2019Hospital Vall d\u2019Hebron\"}]},{\"@type\":\"WebSite\",\"@id\":\"https:\\\/\\\/www.comll.cat\\\/es\\\/#website\",\"url\":\"https:\\\/\\\/www.comll.cat\\\/es\\\/\",\"name\":\"Col\u00b7legi Oficial de Metges de Lleida\",\"description\":\"COMLL\",\"potentialAction\":[{\"@type\":\"SearchAction\",\"target\":{\"@type\":\"EntryPoint\",\"urlTemplate\":\"https:\\\/\\\/www.comll.cat\\\/es\\\/?s={search_term_string}\"},\"query-input\":{\"@type\":\"PropertyValueSpecification\",\"valueRequired\":true,\"valueName\":\"search_term_string\"}}],\"inLanguage\":\"es\"},{\"@type\":\"Person\",\"@id\":\"https:\\\/\\\/www.comll.cat\\\/es\\\/#\\\/schema\\\/person\\\/1c7bc4d83b35a927d680cfe0ec9120e0\",\"name\":\"Albert\",\"image\":{\"@type\":\"ImageObject\",\"inLanguage\":\"es\",\"@id\":\"https:\\\/\\\/secure.gravatar.com\\\/avatar\\\/c1261138a5e7882394bd9001104fe7078a2d860997555a5353af4ef7bd38f6db?s=96&d=mm&r=g\",\"url\":\"https:\\\/\\\/secure.gravatar.com\\\/avatar\\\/c1261138a5e7882394bd9001104fe7078a2d860997555a5353af4ef7bd38f6db?s=96&d=mm&r=g\",\"contentUrl\":\"https:\\\/\\\/secure.gravatar.com\\\/avatar\\\/c1261138a5e7882394bd9001104fe7078a2d860997555a5353af4ef7bd38f6db?s=96&d=mm&r=g\",\"caption\":\"Albert\"},\"sameAs\":[\"https:\\\/\\\/www.comll.cat\"]}]}<\/script>\n<!-- \/ Yoast SEO plugin. -->","yoast_head_json":{"title":"Curs Medfetal Ecografia obst\u00e8trico-ginecol\u00f2gica, del 21 al 24 de gener a l\u2019Hospital Vall d\u2019Hebron - Col\u00b7legi Oficial de Metges de Lleida","robots":{"index":"index","follow":"follow","max-snippet":"max-snippet:-1","max-image-preview":"max-image-preview:large","max-video-preview":"max-video-preview:-1"},"canonical":"https:\/\/www.comll.cat\/es\/curs-medfetal-ecografia-obstetrico-ginecologica-del-21-al-24-de-gener-a-lhospital-vall-dhebron\/","og_locale":"es_ES","og_type":"article","og_title":"Curs Medfetal Ecografia obst\u00e8trico-ginecol\u00f2gica, del 21 al 24 de gener a l\u2019Hospital Vall d\u2019Hebron - Col\u00b7legi Oficial de Metges de Lleida","og_description":"La Unitat d\u2019Ecografia obst\u00e8trico-ginecol\u00f2gica i la Secci\u00f3 de Medicina Materno Fetal de l\u2019Hospital Universitari Vall Hebron, de Barcelona, organitza la...","og_url":"https:\/\/www.comll.cat\/es\/curs-medfetal-ecografia-obstetrico-ginecologica-del-21-al-24-de-gener-a-lhospital-vall-dhebron\/","og_site_name":"Col\u00b7legi Oficial de Metges de Lleida","article_published_time":"2019-11-25T08:59:22+00:00","author":"Albert","twitter_card":"summary_large_image","schema":{"@context":"https:\/\/schema.org","@graph":[{"@type":"Article","@id":"https:\/\/www.comll.cat\/es\/curs-medfetal-ecografia-obstetrico-ginecologica-del-21-al-24-de-gener-a-lhospital-vall-dhebron\/#article","isPartOf":{"@id":"https:\/\/www.comll.cat\/es\/curs-medfetal-ecografia-obstetrico-ginecologica-del-21-al-24-de-gener-a-lhospital-vall-dhebron\/"},"author":{"name":"Albert","@id":"https:\/\/www.comll.cat\/es\/#\/schema\/person\/1c7bc4d83b35a927d680cfe0ec9120e0"},"headline":"Curs Medfetal Ecografia obst\u00e8trico-ginecol\u00f2gica, del 21 al 24 de gener a l\u2019Hospital Vall d\u2019Hebron","datePublished":"2019-11-25T08:59:22+00:00","mainEntityOfPage":{"@id":"https:\/\/www.comll.cat\/es\/curs-medfetal-ecografia-obstetrico-ginecologica-del-21-al-24-de-gener-a-lhospital-vall-dhebron\/"},"wordCount":157,"articleSection":["Noticias"],"inLanguage":"es"},{"@type":"WebPage","@id":"https:\/\/www.comll.cat\/es\/curs-medfetal-ecografia-obstetrico-ginecologica-del-21-al-24-de-gener-a-lhospital-vall-dhebron\/","url":"https:\/\/www.comll.cat\/es\/curs-medfetal-ecografia-obstetrico-ginecologica-del-21-al-24-de-gener-a-lhospital-vall-dhebron\/","name":"Curs Medfetal Ecografia obst\u00e8trico-ginecol\u00f2gica, del 21 al 24 de gener a l\u2019Hospital Vall d\u2019Hebron - Col\u00b7legi Oficial de Metges de Lleida","isPartOf":{"@id":"https:\/\/www.comll.cat\/es\/#website"},"datePublished":"2019-11-25T08:59:22+00:00","author":{"@id":"https:\/\/www.comll.cat\/es\/#\/schema\/person\/1c7bc4d83b35a927d680cfe0ec9120e0"},"breadcrumb":{"@id":"https:\/\/www.comll.cat\/es\/curs-medfetal-ecografia-obstetrico-ginecologica-del-21-al-24-de-gener-a-lhospital-vall-dhebron\/#breadcrumb"},"inLanguage":"es","potentialAction":[{"@type":"ReadAction","target":["https:\/\/www.comll.cat\/es\/curs-medfetal-ecografia-obstetrico-ginecologica-del-21-al-24-de-gener-a-lhospital-vall-dhebron\/"]}]},{"@type":"BreadcrumbList","@id":"https:\/\/www.comll.cat\/es\/curs-medfetal-ecografia-obstetrico-ginecologica-del-21-al-24-de-gener-a-lhospital-vall-dhebron\/#breadcrumb","itemListElement":[{"@type":"ListItem","position":1,"name":"Portada","item":"https:\/\/www.comll.cat\/es\/"},{"@type":"ListItem","position":2,"name":"Curs Medfetal Ecografia obst\u00e8trico-ginecol\u00f2gica, del 21 al 24 de gener a l\u2019Hospital Vall d\u2019Hebron"}]},{"@type":"WebSite","@id":"https:\/\/www.comll.cat\/es\/#website","url":"https:\/\/www.comll.cat\/es\/","name":"Col\u00b7legi Oficial de Metges de Lleida","description":"COMLL","potentialAction":[{"@type":"SearchAction","target":{"@type":"EntryPoint","urlTemplate":"https:\/\/www.comll.cat\/es\/?s={search_term_string}"},"query-input":{"@type":"PropertyValueSpecification","valueRequired":true,"valueName":"search_term_string"}}],"inLanguage":"es"},{"@type":"Person","@id":"https:\/\/www.comll.cat\/es\/#\/schema\/person\/1c7bc4d83b35a927d680cfe0ec9120e0","name":"Albert","image":{"@type":"ImageObject","inLanguage":"es","@id":"https:\/\/secure.gravatar.com\/avatar\/c1261138a5e7882394bd9001104fe7078a2d860997555a5353af4ef7bd38f6db?s=96&d=mm&r=g","url":"https:\/\/secure.gravatar.com\/avatar\/c1261138a5e7882394bd9001104fe7078a2d860997555a5353af4ef7bd38f6db?s=96&d=mm&r=g","contentUrl":"https:\/\/secure.gravatar.com\/avatar\/c1261138a5e7882394bd9001104fe7078a2d860997555a5353af4ef7bd38f6db?s=96&d=mm&r=g","caption":"Albert"},"sameAs":["https:\/\/www.comll.cat"]}]}},"publishpress_future_action":{"enabled":false,"date":"2026-04-30 06:54:21","action":"change-status","newStatus":"draft","terms":[],"taxonomy":"category","extraData":[]},"publishpress_future_workflow_manual_trigger":{"enabledWorkflows":[]},"_links":{"self":[{"href":"https:\/\/www.comll.cat\/es\/wp-json\/wp\/v2\/posts\/941","targetHints":{"allow":["GET"]}}],"collection":[{"href":"https:\/\/www.comll.cat\/es\/wp-json\/wp\/v2\/posts"}],"about":[{"href":"https:\/\/www.comll.cat\/es\/wp-json\/wp\/v2\/types\/post"}],"author":[{"embeddable":true,"href":"https:\/\/www.comll.cat\/es\/wp-json\/wp\/v2\/users\/1"}],"replies":[{"embeddable":true,"href":"https:\/\/www.comll.cat\/es\/wp-json\/wp\/v2\/comments?post=941"}],"version-history":[{"count":0,"href":"https:\/\/www.comll.cat\/es\/wp-json\/wp\/v2\/posts\/941\/revisions"}],"wp:attachment":[{"href":"https:\/\/www.comll.cat\/es\/wp-json\/wp\/v2\/media?parent=941"}],"wp:term":[{"taxonomy":"category","embeddable":true,"href":"https:\/\/www.comll.cat\/es\/wp-json\/wp\/v2\/categories?post=941"},{"taxonomy":"post_tag","embeddable":true,"href":"https:\/\/www.comll.cat\/es\/wp-json\/wp\/v2\/tags?post=941"}],"curies":[{"name":"wp","href":"https:\/\/api.w.org\/{rel}","templated":true}]}}