{"id":899,"date":"2019-11-11T11:00:25","date_gmt":"2019-11-11T10:00:25","guid":{"rendered":"https:\/\/www.comll.cat\/linstitut-de-formacio-medica-i-lideratge-organitza-el-curs-en-linia-promocio-de-la-salut-a-la-feina-la-cura-de-la-salut-del-professional\/"},"modified":"2019-11-11T11:00:25","modified_gmt":"2019-11-11T10:00:25","slug":"linstitut-de-formacio-medica-i-lideratge-organitza-el-curs-en-linia-promocio-de-la-salut-a-la-feina-la-cura-de-la-salut-del-professional","status":"publish","type":"post","link":"https:\/\/www.comll.cat\/es\/linstitut-de-formacio-medica-i-lideratge-organitza-el-curs-en-linia-promocio-de-la-salut-a-la-feina-la-cura-de-la-salut-del-professional\/","title":{"rendered":"L\u2019Institut de Formaci\u00f3 M\u00e8dica i Lideratge organitza el curs en l\u00ednia \u201cPromoci\u00f3 de la salut a la feina: la cura de la salut del professional\u201d"},"content":{"rendered":"<p><img loading=\"lazy\" decoding=\"async\" class=\"alignnone size-medium wp-image-20072\" src=\"https:\/\/www.comll.cat\/wp-content\/uploads\/sites\/3\/5680-300x144.png\" alt=\"5680\" width=\"300\" height=\"144\" \/><\/p>\n<p>L\u2019Institut de Formaci\u00f3 M\u00e8dica i Lideratge (IFMiL) organitza el curs <em>Promoci\u00f3 de la salut a la feina: la cura de la salut del professional<\/em>. Aquest curs s\u2019imparteix <em>on<\/em> <em>line<\/em> des del 15 de novembre fins al 15 de desembre. La durada prevista \u00e9s de 8 hores.<\/p>\n<p>L\u2019activitat \u00e9s gratu\u00efta per als professionals dels col\u00b7legis que formen part de la Fundaci\u00f3 Galatea, com \u00e9s el cas del Col\u00b7legi de Metges de Lleida.<\/p>\n<p>Es tracta d\u2019un curs autoformatiu, adre\u00e7at als professionals de la Salut, que pret\u00e9n ajudar al desenvolupament d\u2019una viv\u00e8ncia m\u00e9s satisfact\u00f2ria de la feina i prevenir l\u2019estr\u00e8s laboral. Ho fa mitjan\u00e7ant exposicions conceptuals, reflexions i an\u00e0lisi de casos.<\/p>\n<p>M\u00e9s informaci\u00f3 i inscripcions, a <a href=\"https:\/\/www.ifmil.com\/ca\/curs\/94739\/promocio-de-la-salut-a-la-feina-la-cura-de-la-salut-del-professional-lestres-la-salut-i-el-benestar-professional\">https:\/\/www.ifmil.com\/ca\/curs\/94739\/promocio-de-la-salut-a-la-feina-la-cura-de-la-salut-del-professional-lestres-la-salut-i-el-benestar-professional<\/a>.<\/p>\n","protected":false},"excerpt":{"rendered":"<p>L\u2019Institut de Formaci\u00f3 M\u00e8dica i Lideratge (IFMiL) organitza el curs Promoci\u00f3 de la salut a la feina: la cura de...<\/p>\n","protected":false},"author":1,"featured_media":900,"comment_status":"closed","ping_status":"closed","sticky":false,"template":"","format":"standard","meta":{"_acf_changed":false,"inline_featured_image":false,"footnotes":""},"categories":[18],"tags":[],"class_list":["post-899","post","type-post","status-publish","format-standard","has-post-thumbnail","hentry","category-noticias"],"acf":[],"yoast_head":"<!-- This site is optimized with the Yoast SEO plugin v27.5 - https:\/\/yoast.com\/product\/yoast-seo-wordpress\/ -->\n<title>L\u2019Institut de Formaci\u00f3 M\u00e8dica i Lideratge organitza el curs en l\u00ednia \u201cPromoci\u00f3 de la salut a la feina: la cura de la salut del professional\u201d - Col\u00b7legi Oficial de Metges de Lleida<\/title>\n<meta name=\"robots\" content=\"index, follow, max-snippet:-1, max-image-preview:large, max-video-preview:-1\" \/>\n<link rel=\"canonical\" href=\"https:\/\/www.comll.cat\/es\/linstitut-de-formacio-medica-i-lideratge-organitza-el-curs-en-linia-promocio-de-la-salut-a-la-feina-la-cura-de-la-salut-del-professional\/\" \/>\n<meta property=\"og:locale\" content=\"es_ES\" \/>\n<meta property=\"og:type\" content=\"article\" \/>\n<meta property=\"og:title\" content=\"L\u2019Institut de Formaci\u00f3 M\u00e8dica i Lideratge organitza el curs en l\u00ednia \u201cPromoci\u00f3 de la salut a la feina: la cura de la salut del professional\u201d - Col\u00b7legi Oficial de Metges de Lleida\" \/>\n<meta property=\"og:description\" content=\"L\u2019Institut de Formaci\u00f3 M\u00e8dica i Lideratge (IFMiL) organitza el curs Promoci\u00f3 de la salut a la feina: la cura de...\" \/>\n<meta property=\"og:url\" content=\"https:\/\/www.comll.cat\/es\/linstitut-de-formacio-medica-i-lideratge-organitza-el-curs-en-linia-promocio-de-la-salut-a-la-feina-la-cura-de-la-salut-del-professional\/\" \/>\n<meta property=\"og:site_name\" content=\"Col\u00b7legi Oficial de Metges de Lleida\" \/>\n<meta property=\"article:published_time\" content=\"2019-11-11T10:00:25+00:00\" \/>\n<meta property=\"og:image\" content=\"https:\/\/www.comll.cat\/es\/wp-content\/uploads\/sites\/3\/5680.png\" \/>\n\t<meta property=\"og:image:width\" content=\"730\" \/>\n\t<meta property=\"og:image:height\" content=\"350\" \/>\n\t<meta property=\"og:image:type\" content=\"image\/png\" \/>\n<meta name=\"author\" content=\"Albert\" \/>\n<meta name=\"twitter:card\" content=\"summary_large_image\" \/>\n<script type=\"application\/ld+json\" class=\"yoast-schema-graph\">{\"@context\":\"https:\\\/\\\/schema.org\",\"@graph\":[{\"@type\":\"Article\",\"@id\":\"https:\\\/\\\/www.comll.cat\\\/es\\\/linstitut-de-formacio-medica-i-lideratge-organitza-el-curs-en-linia-promocio-de-la-salut-a-la-feina-la-cura-de-la-salut-del-professional\\\/#article\",\"isPartOf\":{\"@id\":\"https:\\\/\\\/www.comll.cat\\\/es\\\/linstitut-de-formacio-medica-i-lideratge-organitza-el-curs-en-linia-promocio-de-la-salut-a-la-feina-la-cura-de-la-salut-del-professional\\\/\"},\"author\":{\"name\":\"Albert\",\"@id\":\"https:\\\/\\\/www.comll.cat\\\/es\\\/#\\\/schema\\\/person\\\/1c7bc4d83b35a927d680cfe0ec9120e0\"},\"headline\":\"L\u2019Institut de Formaci\u00f3 M\u00e8dica i Lideratge organitza el curs en l\u00ednia \u201cPromoci\u00f3 de la salut a la feina: la cura de la salut del professional\u201d\",\"datePublished\":\"2019-11-11T10:00:25+00:00\",\"mainEntityOfPage\":{\"@id\":\"https:\\\/\\\/www.comll.cat\\\/es\\\/linstitut-de-formacio-medica-i-lideratge-organitza-el-curs-en-linia-promocio-de-la-salut-a-la-feina-la-cura-de-la-salut-del-professional\\\/\"},\"wordCount\":164,\"image\":{\"@id\":\"https:\\\/\\\/www.comll.cat\\\/es\\\/linstitut-de-formacio-medica-i-lideratge-organitza-el-curs-en-linia-promocio-de-la-salut-a-la-feina-la-cura-de-la-salut-del-professional\\\/#primaryimage\"},\"thumbnailUrl\":\"https:\\\/\\\/www.comll.cat\\\/es\\\/wp-content\\\/uploads\\\/sites\\\/3\\\/5680.png\",\"articleSection\":[\"Noticias\"],\"inLanguage\":\"es\"},{\"@type\":\"WebPage\",\"@id\":\"https:\\\/\\\/www.comll.cat\\\/es\\\/linstitut-de-formacio-medica-i-lideratge-organitza-el-curs-en-linia-promocio-de-la-salut-a-la-feina-la-cura-de-la-salut-del-professional\\\/\",\"url\":\"https:\\\/\\\/www.comll.cat\\\/es\\\/linstitut-de-formacio-medica-i-lideratge-organitza-el-curs-en-linia-promocio-de-la-salut-a-la-feina-la-cura-de-la-salut-del-professional\\\/\",\"name\":\"L\u2019Institut de Formaci\u00f3 M\u00e8dica i Lideratge organitza el curs en l\u00ednia \u201cPromoci\u00f3 de la salut a la feina: la cura de la salut del professional\u201d - Col\u00b7legi Oficial de Metges de Lleida\",\"isPartOf\":{\"@id\":\"https:\\\/\\\/www.comll.cat\\\/es\\\/#website\"},\"primaryImageOfPage\":{\"@id\":\"https:\\\/\\\/www.comll.cat\\\/es\\\/linstitut-de-formacio-medica-i-lideratge-organitza-el-curs-en-linia-promocio-de-la-salut-a-la-feina-la-cura-de-la-salut-del-professional\\\/#primaryimage\"},\"image\":{\"@id\":\"https:\\\/\\\/www.comll.cat\\\/es\\\/linstitut-de-formacio-medica-i-lideratge-organitza-el-curs-en-linia-promocio-de-la-salut-a-la-feina-la-cura-de-la-salut-del-professional\\\/#primaryimage\"},\"thumbnailUrl\":\"https:\\\/\\\/www.comll.cat\\\/es\\\/wp-content\\\/uploads\\\/sites\\\/3\\\/5680.png\",\"datePublished\":\"2019-11-11T10:00:25+00:00\",\"author\":{\"@id\":\"https:\\\/\\\/www.comll.cat\\\/es\\\/#\\\/schema\\\/person\\\/1c7bc4d83b35a927d680cfe0ec9120e0\"},\"breadcrumb\":{\"@id\":\"https:\\\/\\\/www.comll.cat\\\/es\\\/linstitut-de-formacio-medica-i-lideratge-organitza-el-curs-en-linia-promocio-de-la-salut-a-la-feina-la-cura-de-la-salut-del-professional\\\/#breadcrumb\"},\"inLanguage\":\"es\",\"potentialAction\":[{\"@type\":\"ReadAction\",\"target\":[\"https:\\\/\\\/www.comll.cat\\\/es\\\/linstitut-de-formacio-medica-i-lideratge-organitza-el-curs-en-linia-promocio-de-la-salut-a-la-feina-la-cura-de-la-salut-del-professional\\\/\"]}]},{\"@type\":\"ImageObject\",\"inLanguage\":\"es\",\"@id\":\"https:\\\/\\\/www.comll.cat\\\/es\\\/linstitut-de-formacio-medica-i-lideratge-organitza-el-curs-en-linia-promocio-de-la-salut-a-la-feina-la-cura-de-la-salut-del-professional\\\/#primaryimage\",\"url\":\"https:\\\/\\\/www.comll.cat\\\/es\\\/wp-content\\\/uploads\\\/sites\\\/3\\\/5680.png\",\"contentUrl\":\"https:\\\/\\\/www.comll.cat\\\/es\\\/wp-content\\\/uploads\\\/sites\\\/3\\\/5680.png\",\"width\":730,\"height\":350},{\"@type\":\"BreadcrumbList\",\"@id\":\"https:\\\/\\\/www.comll.cat\\\/es\\\/linstitut-de-formacio-medica-i-lideratge-organitza-el-curs-en-linia-promocio-de-la-salut-a-la-feina-la-cura-de-la-salut-del-professional\\\/#breadcrumb\",\"itemListElement\":[{\"@type\":\"ListItem\",\"position\":1,\"name\":\"Portada\",\"item\":\"https:\\\/\\\/www.comll.cat\\\/es\\\/\"},{\"@type\":\"ListItem\",\"position\":2,\"name\":\"L\u2019Institut de Formaci\u00f3 M\u00e8dica i Lideratge organitza el curs en l\u00ednia \u201cPromoci\u00f3 de la salut a la feina: la cura de la salut del professional\u201d\"}]},{\"@type\":\"WebSite\",\"@id\":\"https:\\\/\\\/www.comll.cat\\\/es\\\/#website\",\"url\":\"https:\\\/\\\/www.comll.cat\\\/es\\\/\",\"name\":\"Col\u00b7legi Oficial de Metges de Lleida\",\"description\":\"COMLL\",\"potentialAction\":[{\"@type\":\"SearchAction\",\"target\":{\"@type\":\"EntryPoint\",\"urlTemplate\":\"https:\\\/\\\/www.comll.cat\\\/es\\\/?s={search_term_string}\"},\"query-input\":{\"@type\":\"PropertyValueSpecification\",\"valueRequired\":true,\"valueName\":\"search_term_string\"}}],\"inLanguage\":\"es\"},{\"@type\":\"Person\",\"@id\":\"https:\\\/\\\/www.comll.cat\\\/es\\\/#\\\/schema\\\/person\\\/1c7bc4d83b35a927d680cfe0ec9120e0\",\"name\":\"Albert\",\"image\":{\"@type\":\"ImageObject\",\"inLanguage\":\"es\",\"@id\":\"https:\\\/\\\/secure.gravatar.com\\\/avatar\\\/c1261138a5e7882394bd9001104fe7078a2d860997555a5353af4ef7bd38f6db?s=96&d=mm&r=g\",\"url\":\"https:\\\/\\\/secure.gravatar.com\\\/avatar\\\/c1261138a5e7882394bd9001104fe7078a2d860997555a5353af4ef7bd38f6db?s=96&d=mm&r=g\",\"contentUrl\":\"https:\\\/\\\/secure.gravatar.com\\\/avatar\\\/c1261138a5e7882394bd9001104fe7078a2d860997555a5353af4ef7bd38f6db?s=96&d=mm&r=g\",\"caption\":\"Albert\"},\"sameAs\":[\"https:\\\/\\\/www.comll.cat\"]}]}<\/script>\n<!-- \/ Yoast SEO plugin. -->","yoast_head_json":{"title":"L\u2019Institut de Formaci\u00f3 M\u00e8dica i Lideratge organitza el curs en l\u00ednia \u201cPromoci\u00f3 de la salut a la feina: la cura de la salut del professional\u201d - Col\u00b7legi Oficial de Metges de Lleida","robots":{"index":"index","follow":"follow","max-snippet":"max-snippet:-1","max-image-preview":"max-image-preview:large","max-video-preview":"max-video-preview:-1"},"canonical":"https:\/\/www.comll.cat\/es\/linstitut-de-formacio-medica-i-lideratge-organitza-el-curs-en-linia-promocio-de-la-salut-a-la-feina-la-cura-de-la-salut-del-professional\/","og_locale":"es_ES","og_type":"article","og_title":"L\u2019Institut de Formaci\u00f3 M\u00e8dica i Lideratge organitza el curs en l\u00ednia \u201cPromoci\u00f3 de la salut a la feina: la cura de la salut del professional\u201d - Col\u00b7legi Oficial de Metges de Lleida","og_description":"L\u2019Institut de Formaci\u00f3 M\u00e8dica i Lideratge (IFMiL) organitza el curs Promoci\u00f3 de la salut a la feina: la cura de...","og_url":"https:\/\/www.comll.cat\/es\/linstitut-de-formacio-medica-i-lideratge-organitza-el-curs-en-linia-promocio-de-la-salut-a-la-feina-la-cura-de-la-salut-del-professional\/","og_site_name":"Col\u00b7legi Oficial de Metges de Lleida","article_published_time":"2019-11-11T10:00:25+00:00","og_image":[{"width":730,"height":350,"url":"https:\/\/www.comll.cat\/es\/wp-content\/uploads\/sites\/3\/5680.png","type":"image\/png"}],"author":"Albert","twitter_card":"summary_large_image","schema":{"@context":"https:\/\/schema.org","@graph":[{"@type":"Article","@id":"https:\/\/www.comll.cat\/es\/linstitut-de-formacio-medica-i-lideratge-organitza-el-curs-en-linia-promocio-de-la-salut-a-la-feina-la-cura-de-la-salut-del-professional\/#article","isPartOf":{"@id":"https:\/\/www.comll.cat\/es\/linstitut-de-formacio-medica-i-lideratge-organitza-el-curs-en-linia-promocio-de-la-salut-a-la-feina-la-cura-de-la-salut-del-professional\/"},"author":{"name":"Albert","@id":"https:\/\/www.comll.cat\/es\/#\/schema\/person\/1c7bc4d83b35a927d680cfe0ec9120e0"},"headline":"L\u2019Institut de Formaci\u00f3 M\u00e8dica i Lideratge organitza el curs en l\u00ednia \u201cPromoci\u00f3 de la salut a la feina: la cura de la salut del professional\u201d","datePublished":"2019-11-11T10:00:25+00:00","mainEntityOfPage":{"@id":"https:\/\/www.comll.cat\/es\/linstitut-de-formacio-medica-i-lideratge-organitza-el-curs-en-linia-promocio-de-la-salut-a-la-feina-la-cura-de-la-salut-del-professional\/"},"wordCount":164,"image":{"@id":"https:\/\/www.comll.cat\/es\/linstitut-de-formacio-medica-i-lideratge-organitza-el-curs-en-linia-promocio-de-la-salut-a-la-feina-la-cura-de-la-salut-del-professional\/#primaryimage"},"thumbnailUrl":"https:\/\/www.comll.cat\/es\/wp-content\/uploads\/sites\/3\/5680.png","articleSection":["Noticias"],"inLanguage":"es"},{"@type":"WebPage","@id":"https:\/\/www.comll.cat\/es\/linstitut-de-formacio-medica-i-lideratge-organitza-el-curs-en-linia-promocio-de-la-salut-a-la-feina-la-cura-de-la-salut-del-professional\/","url":"https:\/\/www.comll.cat\/es\/linstitut-de-formacio-medica-i-lideratge-organitza-el-curs-en-linia-promocio-de-la-salut-a-la-feina-la-cura-de-la-salut-del-professional\/","name":"L\u2019Institut de Formaci\u00f3 M\u00e8dica i Lideratge organitza el curs en l\u00ednia \u201cPromoci\u00f3 de la salut a la feina: la cura de la salut del professional\u201d - Col\u00b7legi Oficial de Metges de Lleida","isPartOf":{"@id":"https:\/\/www.comll.cat\/es\/#website"},"primaryImageOfPage":{"@id":"https:\/\/www.comll.cat\/es\/linstitut-de-formacio-medica-i-lideratge-organitza-el-curs-en-linia-promocio-de-la-salut-a-la-feina-la-cura-de-la-salut-del-professional\/#primaryimage"},"image":{"@id":"https:\/\/www.comll.cat\/es\/linstitut-de-formacio-medica-i-lideratge-organitza-el-curs-en-linia-promocio-de-la-salut-a-la-feina-la-cura-de-la-salut-del-professional\/#primaryimage"},"thumbnailUrl":"https:\/\/www.comll.cat\/es\/wp-content\/uploads\/sites\/3\/5680.png","datePublished":"2019-11-11T10:00:25+00:00","author":{"@id":"https:\/\/www.comll.cat\/es\/#\/schema\/person\/1c7bc4d83b35a927d680cfe0ec9120e0"},"breadcrumb":{"@id":"https:\/\/www.comll.cat\/es\/linstitut-de-formacio-medica-i-lideratge-organitza-el-curs-en-linia-promocio-de-la-salut-a-la-feina-la-cura-de-la-salut-del-professional\/#breadcrumb"},"inLanguage":"es","potentialAction":[{"@type":"ReadAction","target":["https:\/\/www.comll.cat\/es\/linstitut-de-formacio-medica-i-lideratge-organitza-el-curs-en-linia-promocio-de-la-salut-a-la-feina-la-cura-de-la-salut-del-professional\/"]}]},{"@type":"ImageObject","inLanguage":"es","@id":"https:\/\/www.comll.cat\/es\/linstitut-de-formacio-medica-i-lideratge-organitza-el-curs-en-linia-promocio-de-la-salut-a-la-feina-la-cura-de-la-salut-del-professional\/#primaryimage","url":"https:\/\/www.comll.cat\/es\/wp-content\/uploads\/sites\/3\/5680.png","contentUrl":"https:\/\/www.comll.cat\/es\/wp-content\/uploads\/sites\/3\/5680.png","width":730,"height":350},{"@type":"BreadcrumbList","@id":"https:\/\/www.comll.cat\/es\/linstitut-de-formacio-medica-i-lideratge-organitza-el-curs-en-linia-promocio-de-la-salut-a-la-feina-la-cura-de-la-salut-del-professional\/#breadcrumb","itemListElement":[{"@type":"ListItem","position":1,"name":"Portada","item":"https:\/\/www.comll.cat\/es\/"},{"@type":"ListItem","position":2,"name":"L\u2019Institut de Formaci\u00f3 M\u00e8dica i Lideratge organitza el curs en l\u00ednia \u201cPromoci\u00f3 de la salut a la feina: la cura de la salut del professional\u201d"}]},{"@type":"WebSite","@id":"https:\/\/www.comll.cat\/es\/#website","url":"https:\/\/www.comll.cat\/es\/","name":"Col\u00b7legi Oficial de Metges de Lleida","description":"COMLL","potentialAction":[{"@type":"SearchAction","target":{"@type":"EntryPoint","urlTemplate":"https:\/\/www.comll.cat\/es\/?s={search_term_string}"},"query-input":{"@type":"PropertyValueSpecification","valueRequired":true,"valueName":"search_term_string"}}],"inLanguage":"es"},{"@type":"Person","@id":"https:\/\/www.comll.cat\/es\/#\/schema\/person\/1c7bc4d83b35a927d680cfe0ec9120e0","name":"Albert","image":{"@type":"ImageObject","inLanguage":"es","@id":"https:\/\/secure.gravatar.com\/avatar\/c1261138a5e7882394bd9001104fe7078a2d860997555a5353af4ef7bd38f6db?s=96&d=mm&r=g","url":"https:\/\/secure.gravatar.com\/avatar\/c1261138a5e7882394bd9001104fe7078a2d860997555a5353af4ef7bd38f6db?s=96&d=mm&r=g","contentUrl":"https:\/\/secure.gravatar.com\/avatar\/c1261138a5e7882394bd9001104fe7078a2d860997555a5353af4ef7bd38f6db?s=96&d=mm&r=g","caption":"Albert"},"sameAs":["https:\/\/www.comll.cat"]}]}},"publishpress_future_action":{"enabled":false,"date":"2026-05-02 04:10:43","action":"change-status","newStatus":"draft","terms":[],"taxonomy":"category","extraData":[]},"publishpress_future_workflow_manual_trigger":{"enabledWorkflows":[]},"_links":{"self":[{"href":"https:\/\/www.comll.cat\/es\/wp-json\/wp\/v2\/posts\/899","targetHints":{"allow":["GET"]}}],"collection":[{"href":"https:\/\/www.comll.cat\/es\/wp-json\/wp\/v2\/posts"}],"about":[{"href":"https:\/\/www.comll.cat\/es\/wp-json\/wp\/v2\/types\/post"}],"author":[{"embeddable":true,"href":"https:\/\/www.comll.cat\/es\/wp-json\/wp\/v2\/users\/1"}],"replies":[{"embeddable":true,"href":"https:\/\/www.comll.cat\/es\/wp-json\/wp\/v2\/comments?post=899"}],"version-history":[{"count":0,"href":"https:\/\/www.comll.cat\/es\/wp-json\/wp\/v2\/posts\/899\/revisions"}],"wp:featuredmedia":[{"embeddable":true,"href":"https:\/\/www.comll.cat\/es\/wp-json\/wp\/v2\/media\/900"}],"wp:attachment":[{"href":"https:\/\/www.comll.cat\/es\/wp-json\/wp\/v2\/media?parent=899"}],"wp:term":[{"taxonomy":"category","embeddable":true,"href":"https:\/\/www.comll.cat\/es\/wp-json\/wp\/v2\/categories?post=899"},{"taxonomy":"post_tag","embeddable":true,"href":"https:\/\/www.comll.cat\/es\/wp-json\/wp\/v2\/tags?post=899"}],"curies":[{"name":"wp","href":"https:\/\/api.w.org\/{rel}","templated":true}]}}