{"id":894,"date":"2019-11-08T10:04:27","date_gmt":"2019-11-08T09:04:27","guid":{"rendered":"https:\/\/www.comll.cat\/video-de-la-fundacio-galatea-per-informar-els-professionals-de-la-sanitat-sobre-els-seus-serveis\/"},"modified":"2019-11-08T10:04:27","modified_gmt":"2019-11-08T09:04:27","slug":"video-de-la-fundacio-galatea-per-informar-els-professionals-de-la-sanitat-sobre-els-seus-serveis","status":"publish","type":"post","link":"https:\/\/www.comll.cat\/es\/video-de-la-fundacio-galatea-per-informar-els-professionals-de-la-sanitat-sobre-els-seus-serveis\/","title":{"rendered":"V\u00eddeo de la Fundaci\u00f3 Galatea per informar els professionals de la sanitat sobre els seus serveis"},"content":{"rendered":"<p><img loading=\"lazy\" decoding=\"async\" class=\"size-medium wp-image-20052 aligncenter\" src=\"https:\/\/www.comll.cat\/wp-content\/uploads\/sites\/3\/logo-fundacio-galatea-300x46.jpg\" alt=\"Logo Fundacio\u0301 Galatea\" width=\"300\" height=\"46\" \/><\/p>\n<p>La Fundaci\u00f3 Galatea ha editat un v\u00eddeo per donar a con\u00e8ixer els seus serveis als professionals de l\u2019\u00e0mbit de la salut. Es pot visionar el v\u00eddeo en els seg\u00fcents enlla\u00e7os:<\/p>\n<p>&nbsp;<\/p>\n<p>Versi\u00f3 en catal\u00e0, a <a href=\"https:\/\/youtu.be\/TXGlxyEOShk\">https:\/\/youtu.be\/TXGlxyEOShk<\/a><\/p>\n<p>Versi\u00f3 en castell\u00e0, a <a href=\"https:\/\/youtu.be\/A2xXj5kuzmw\">https:\/\/youtu.be\/A2xXj5kuzmw<\/a><\/p>\n<p>&nbsp;<\/p>\n<p>El Consell de Col\u00b7legis de Metges de Catalunya va crear la Fundaci\u00f3 Galatea l\u2019any 2001 arran de l\u2019experi\u00e8ncia del Programa Integral d\u2019Atenci\u00f3 al Metge Malalt (PAIMM). Els seus programes s\u2019adre\u00e7aven inicialment nom\u00e9s als metges i les metgesses, per\u00f2 posteriorment s\u2019hi van incloure altres col\u00b7lectius del sector de la salut .<\/p>\n<p>Els objectius de la Fundaci\u00f3 s\u00f3n promoure estils de vida saludables entre els professionals, que pateixen una pressi\u00f3 continuada en la seva activitat, i aconseguir la reinserci\u00f3 laboral d\u2019aquells que han estat v\u00edctimes de problemes mentals i d\u2019addicions. La finalitat \u00faltima \u00e9s garantir una assist\u00e8ncia de qualitat a la ciutadania.<\/p>\n","protected":false},"excerpt":{"rendered":"<p>La Fundaci\u00f3 Galatea ha editat un v\u00eddeo per donar a con\u00e8ixer els seus serveis als professionals de l\u2019\u00e0mbit de la...<\/p>\n","protected":false},"author":1,"featured_media":895,"comment_status":"closed","ping_status":"closed","sticky":false,"template":"","format":"standard","meta":{"_acf_changed":false,"inline_featured_image":false,"footnotes":""},"categories":[18],"tags":[],"class_list":["post-894","post","type-post","status-publish","format-standard","has-post-thumbnail","hentry","category-noticias"],"acf":[],"yoast_head":"<!-- This site is optimized with the Yoast SEO plugin v27.5 - https:\/\/yoast.com\/product\/yoast-seo-wordpress\/ -->\n<title>V\u00eddeo de la Fundaci\u00f3 Galatea per informar els professionals de la sanitat sobre els seus serveis - Col\u00b7legi Oficial de Metges de Lleida<\/title>\n<meta name=\"robots\" content=\"index, follow, max-snippet:-1, max-image-preview:large, max-video-preview:-1\" \/>\n<link rel=\"canonical\" href=\"https:\/\/www.comll.cat\/es\/video-de-la-fundacio-galatea-per-informar-els-professionals-de-la-sanitat-sobre-els-seus-serveis\/\" \/>\n<meta property=\"og:locale\" content=\"es_ES\" \/>\n<meta property=\"og:type\" content=\"article\" \/>\n<meta property=\"og:title\" content=\"V\u00eddeo de la Fundaci\u00f3 Galatea per informar els professionals de la sanitat sobre els seus serveis - Col\u00b7legi Oficial de Metges de Lleida\" \/>\n<meta property=\"og:description\" content=\"La Fundaci\u00f3 Galatea ha editat un v\u00eddeo per donar a con\u00e8ixer els seus serveis als professionals de l\u2019\u00e0mbit de la...\" \/>\n<meta property=\"og:url\" content=\"https:\/\/www.comll.cat\/es\/video-de-la-fundacio-galatea-per-informar-els-professionals-de-la-sanitat-sobre-els-seus-serveis\/\" \/>\n<meta property=\"og:site_name\" content=\"Col\u00b7legi Oficial de Metges de Lleida\" \/>\n<meta property=\"article:published_time\" content=\"2019-11-08T09:04:27+00:00\" \/>\n<meta property=\"og:image\" content=\"https:\/\/www.comll.cat\/es\/wp-content\/uploads\/sites\/3\/logo-fundacio-galatea.jpg\" \/>\n\t<meta property=\"og:image:width\" content=\"700\" \/>\n\t<meta property=\"og:image:height\" content=\"107\" \/>\n\t<meta property=\"og:image:type\" content=\"image\/jpeg\" \/>\n<meta name=\"author\" content=\"Albert\" \/>\n<meta name=\"twitter:card\" content=\"summary_large_image\" \/>\n<script type=\"application\/ld+json\" class=\"yoast-schema-graph\">{\"@context\":\"https:\\\/\\\/schema.org\",\"@graph\":[{\"@type\":\"Article\",\"@id\":\"https:\\\/\\\/www.comll.cat\\\/es\\\/video-de-la-fundacio-galatea-per-informar-els-professionals-de-la-sanitat-sobre-els-seus-serveis\\\/#article\",\"isPartOf\":{\"@id\":\"https:\\\/\\\/www.comll.cat\\\/es\\\/video-de-la-fundacio-galatea-per-informar-els-professionals-de-la-sanitat-sobre-els-seus-serveis\\\/\"},\"author\":{\"name\":\"Albert\",\"@id\":\"https:\\\/\\\/www.comll.cat\\\/es\\\/#\\\/schema\\\/person\\\/1c7bc4d83b35a927d680cfe0ec9120e0\"},\"headline\":\"V\u00eddeo de la Fundaci\u00f3 Galatea per informar els professionals de la sanitat sobre els seus serveis\",\"datePublished\":\"2019-11-08T09:04:27+00:00\",\"mainEntityOfPage\":{\"@id\":\"https:\\\/\\\/www.comll.cat\\\/es\\\/video-de-la-fundacio-galatea-per-informar-els-professionals-de-la-sanitat-sobre-els-seus-serveis\\\/\"},\"wordCount\":186,\"image\":{\"@id\":\"https:\\\/\\\/www.comll.cat\\\/es\\\/video-de-la-fundacio-galatea-per-informar-els-professionals-de-la-sanitat-sobre-els-seus-serveis\\\/#primaryimage\"},\"thumbnailUrl\":\"https:\\\/\\\/www.comll.cat\\\/es\\\/wp-content\\\/uploads\\\/sites\\\/3\\\/logo-fundacio-galatea.jpg\",\"articleSection\":[\"Noticias\"],\"inLanguage\":\"es\"},{\"@type\":\"WebPage\",\"@id\":\"https:\\\/\\\/www.comll.cat\\\/es\\\/video-de-la-fundacio-galatea-per-informar-els-professionals-de-la-sanitat-sobre-els-seus-serveis\\\/\",\"url\":\"https:\\\/\\\/www.comll.cat\\\/es\\\/video-de-la-fundacio-galatea-per-informar-els-professionals-de-la-sanitat-sobre-els-seus-serveis\\\/\",\"name\":\"V\u00eddeo de la Fundaci\u00f3 Galatea per informar els professionals de la sanitat sobre els seus serveis - Col\u00b7legi Oficial de Metges de Lleida\",\"isPartOf\":{\"@id\":\"https:\\\/\\\/www.comll.cat\\\/es\\\/#website\"},\"primaryImageOfPage\":{\"@id\":\"https:\\\/\\\/www.comll.cat\\\/es\\\/video-de-la-fundacio-galatea-per-informar-els-professionals-de-la-sanitat-sobre-els-seus-serveis\\\/#primaryimage\"},\"image\":{\"@id\":\"https:\\\/\\\/www.comll.cat\\\/es\\\/video-de-la-fundacio-galatea-per-informar-els-professionals-de-la-sanitat-sobre-els-seus-serveis\\\/#primaryimage\"},\"thumbnailUrl\":\"https:\\\/\\\/www.comll.cat\\\/es\\\/wp-content\\\/uploads\\\/sites\\\/3\\\/logo-fundacio-galatea.jpg\",\"datePublished\":\"2019-11-08T09:04:27+00:00\",\"author\":{\"@id\":\"https:\\\/\\\/www.comll.cat\\\/es\\\/#\\\/schema\\\/person\\\/1c7bc4d83b35a927d680cfe0ec9120e0\"},\"breadcrumb\":{\"@id\":\"https:\\\/\\\/www.comll.cat\\\/es\\\/video-de-la-fundacio-galatea-per-informar-els-professionals-de-la-sanitat-sobre-els-seus-serveis\\\/#breadcrumb\"},\"inLanguage\":\"es\",\"potentialAction\":[{\"@type\":\"ReadAction\",\"target\":[\"https:\\\/\\\/www.comll.cat\\\/es\\\/video-de-la-fundacio-galatea-per-informar-els-professionals-de-la-sanitat-sobre-els-seus-serveis\\\/\"]}]},{\"@type\":\"ImageObject\",\"inLanguage\":\"es\",\"@id\":\"https:\\\/\\\/www.comll.cat\\\/es\\\/video-de-la-fundacio-galatea-per-informar-els-professionals-de-la-sanitat-sobre-els-seus-serveis\\\/#primaryimage\",\"url\":\"https:\\\/\\\/www.comll.cat\\\/es\\\/wp-content\\\/uploads\\\/sites\\\/3\\\/logo-fundacio-galatea.jpg\",\"contentUrl\":\"https:\\\/\\\/www.comll.cat\\\/es\\\/wp-content\\\/uploads\\\/sites\\\/3\\\/logo-fundacio-galatea.jpg\",\"width\":700,\"height\":107},{\"@type\":\"BreadcrumbList\",\"@id\":\"https:\\\/\\\/www.comll.cat\\\/es\\\/video-de-la-fundacio-galatea-per-informar-els-professionals-de-la-sanitat-sobre-els-seus-serveis\\\/#breadcrumb\",\"itemListElement\":[{\"@type\":\"ListItem\",\"position\":1,\"name\":\"Portada\",\"item\":\"https:\\\/\\\/www.comll.cat\\\/es\\\/\"},{\"@type\":\"ListItem\",\"position\":2,\"name\":\"V\u00eddeo de la Fundaci\u00f3 Galatea per informar els professionals de la sanitat sobre els seus serveis\"}]},{\"@type\":\"WebSite\",\"@id\":\"https:\\\/\\\/www.comll.cat\\\/es\\\/#website\",\"url\":\"https:\\\/\\\/www.comll.cat\\\/es\\\/\",\"name\":\"Col\u00b7legi Oficial de Metges de Lleida\",\"description\":\"COMLL\",\"potentialAction\":[{\"@type\":\"SearchAction\",\"target\":{\"@type\":\"EntryPoint\",\"urlTemplate\":\"https:\\\/\\\/www.comll.cat\\\/es\\\/?s={search_term_string}\"},\"query-input\":{\"@type\":\"PropertyValueSpecification\",\"valueRequired\":true,\"valueName\":\"search_term_string\"}}],\"inLanguage\":\"es\"},{\"@type\":\"Person\",\"@id\":\"https:\\\/\\\/www.comll.cat\\\/es\\\/#\\\/schema\\\/person\\\/1c7bc4d83b35a927d680cfe0ec9120e0\",\"name\":\"Albert\",\"image\":{\"@type\":\"ImageObject\",\"inLanguage\":\"es\",\"@id\":\"https:\\\/\\\/secure.gravatar.com\\\/avatar\\\/c1261138a5e7882394bd9001104fe7078a2d860997555a5353af4ef7bd38f6db?s=96&d=mm&r=g\",\"url\":\"https:\\\/\\\/secure.gravatar.com\\\/avatar\\\/c1261138a5e7882394bd9001104fe7078a2d860997555a5353af4ef7bd38f6db?s=96&d=mm&r=g\",\"contentUrl\":\"https:\\\/\\\/secure.gravatar.com\\\/avatar\\\/c1261138a5e7882394bd9001104fe7078a2d860997555a5353af4ef7bd38f6db?s=96&d=mm&r=g\",\"caption\":\"Albert\"},\"sameAs\":[\"https:\\\/\\\/www.comll.cat\"]}]}<\/script>\n<!-- \/ Yoast SEO plugin. -->","yoast_head_json":{"title":"V\u00eddeo de la Fundaci\u00f3 Galatea per informar els professionals de la sanitat sobre els seus serveis - Col\u00b7legi Oficial de Metges de Lleida","robots":{"index":"index","follow":"follow","max-snippet":"max-snippet:-1","max-image-preview":"max-image-preview:large","max-video-preview":"max-video-preview:-1"},"canonical":"https:\/\/www.comll.cat\/es\/video-de-la-fundacio-galatea-per-informar-els-professionals-de-la-sanitat-sobre-els-seus-serveis\/","og_locale":"es_ES","og_type":"article","og_title":"V\u00eddeo de la Fundaci\u00f3 Galatea per informar els professionals de la sanitat sobre els seus serveis - Col\u00b7legi Oficial de Metges de Lleida","og_description":"La Fundaci\u00f3 Galatea ha editat un v\u00eddeo per donar a con\u00e8ixer els seus serveis als professionals de l\u2019\u00e0mbit de la...","og_url":"https:\/\/www.comll.cat\/es\/video-de-la-fundacio-galatea-per-informar-els-professionals-de-la-sanitat-sobre-els-seus-serveis\/","og_site_name":"Col\u00b7legi Oficial de Metges de Lleida","article_published_time":"2019-11-08T09:04:27+00:00","og_image":[{"width":700,"height":107,"url":"https:\/\/www.comll.cat\/es\/wp-content\/uploads\/sites\/3\/logo-fundacio-galatea.jpg","type":"image\/jpeg"}],"author":"Albert","twitter_card":"summary_large_image","schema":{"@context":"https:\/\/schema.org","@graph":[{"@type":"Article","@id":"https:\/\/www.comll.cat\/es\/video-de-la-fundacio-galatea-per-informar-els-professionals-de-la-sanitat-sobre-els-seus-serveis\/#article","isPartOf":{"@id":"https:\/\/www.comll.cat\/es\/video-de-la-fundacio-galatea-per-informar-els-professionals-de-la-sanitat-sobre-els-seus-serveis\/"},"author":{"name":"Albert","@id":"https:\/\/www.comll.cat\/es\/#\/schema\/person\/1c7bc4d83b35a927d680cfe0ec9120e0"},"headline":"V\u00eddeo de la Fundaci\u00f3 Galatea per informar els professionals de la sanitat sobre els seus serveis","datePublished":"2019-11-08T09:04:27+00:00","mainEntityOfPage":{"@id":"https:\/\/www.comll.cat\/es\/video-de-la-fundacio-galatea-per-informar-els-professionals-de-la-sanitat-sobre-els-seus-serveis\/"},"wordCount":186,"image":{"@id":"https:\/\/www.comll.cat\/es\/video-de-la-fundacio-galatea-per-informar-els-professionals-de-la-sanitat-sobre-els-seus-serveis\/#primaryimage"},"thumbnailUrl":"https:\/\/www.comll.cat\/es\/wp-content\/uploads\/sites\/3\/logo-fundacio-galatea.jpg","articleSection":["Noticias"],"inLanguage":"es"},{"@type":"WebPage","@id":"https:\/\/www.comll.cat\/es\/video-de-la-fundacio-galatea-per-informar-els-professionals-de-la-sanitat-sobre-els-seus-serveis\/","url":"https:\/\/www.comll.cat\/es\/video-de-la-fundacio-galatea-per-informar-els-professionals-de-la-sanitat-sobre-els-seus-serveis\/","name":"V\u00eddeo de la Fundaci\u00f3 Galatea per informar els professionals de la sanitat sobre els seus serveis - Col\u00b7legi Oficial de Metges de Lleida","isPartOf":{"@id":"https:\/\/www.comll.cat\/es\/#website"},"primaryImageOfPage":{"@id":"https:\/\/www.comll.cat\/es\/video-de-la-fundacio-galatea-per-informar-els-professionals-de-la-sanitat-sobre-els-seus-serveis\/#primaryimage"},"image":{"@id":"https:\/\/www.comll.cat\/es\/video-de-la-fundacio-galatea-per-informar-els-professionals-de-la-sanitat-sobre-els-seus-serveis\/#primaryimage"},"thumbnailUrl":"https:\/\/www.comll.cat\/es\/wp-content\/uploads\/sites\/3\/logo-fundacio-galatea.jpg","datePublished":"2019-11-08T09:04:27+00:00","author":{"@id":"https:\/\/www.comll.cat\/es\/#\/schema\/person\/1c7bc4d83b35a927d680cfe0ec9120e0"},"breadcrumb":{"@id":"https:\/\/www.comll.cat\/es\/video-de-la-fundacio-galatea-per-informar-els-professionals-de-la-sanitat-sobre-els-seus-serveis\/#breadcrumb"},"inLanguage":"es","potentialAction":[{"@type":"ReadAction","target":["https:\/\/www.comll.cat\/es\/video-de-la-fundacio-galatea-per-informar-els-professionals-de-la-sanitat-sobre-els-seus-serveis\/"]}]},{"@type":"ImageObject","inLanguage":"es","@id":"https:\/\/www.comll.cat\/es\/video-de-la-fundacio-galatea-per-informar-els-professionals-de-la-sanitat-sobre-els-seus-serveis\/#primaryimage","url":"https:\/\/www.comll.cat\/es\/wp-content\/uploads\/sites\/3\/logo-fundacio-galatea.jpg","contentUrl":"https:\/\/www.comll.cat\/es\/wp-content\/uploads\/sites\/3\/logo-fundacio-galatea.jpg","width":700,"height":107},{"@type":"BreadcrumbList","@id":"https:\/\/www.comll.cat\/es\/video-de-la-fundacio-galatea-per-informar-els-professionals-de-la-sanitat-sobre-els-seus-serveis\/#breadcrumb","itemListElement":[{"@type":"ListItem","position":1,"name":"Portada","item":"https:\/\/www.comll.cat\/es\/"},{"@type":"ListItem","position":2,"name":"V\u00eddeo de la Fundaci\u00f3 Galatea per informar els professionals de la sanitat sobre els seus serveis"}]},{"@type":"WebSite","@id":"https:\/\/www.comll.cat\/es\/#website","url":"https:\/\/www.comll.cat\/es\/","name":"Col\u00b7legi Oficial de Metges de Lleida","description":"COMLL","potentialAction":[{"@type":"SearchAction","target":{"@type":"EntryPoint","urlTemplate":"https:\/\/www.comll.cat\/es\/?s={search_term_string}"},"query-input":{"@type":"PropertyValueSpecification","valueRequired":true,"valueName":"search_term_string"}}],"inLanguage":"es"},{"@type":"Person","@id":"https:\/\/www.comll.cat\/es\/#\/schema\/person\/1c7bc4d83b35a927d680cfe0ec9120e0","name":"Albert","image":{"@type":"ImageObject","inLanguage":"es","@id":"https:\/\/secure.gravatar.com\/avatar\/c1261138a5e7882394bd9001104fe7078a2d860997555a5353af4ef7bd38f6db?s=96&d=mm&r=g","url":"https:\/\/secure.gravatar.com\/avatar\/c1261138a5e7882394bd9001104fe7078a2d860997555a5353af4ef7bd38f6db?s=96&d=mm&r=g","contentUrl":"https:\/\/secure.gravatar.com\/avatar\/c1261138a5e7882394bd9001104fe7078a2d860997555a5353af4ef7bd38f6db?s=96&d=mm&r=g","caption":"Albert"},"sameAs":["https:\/\/www.comll.cat"]}]}},"publishpress_future_action":{"enabled":false,"date":"2026-05-02 03:39:14","action":"change-status","newStatus":"draft","terms":[],"taxonomy":"category","extraData":[]},"publishpress_future_workflow_manual_trigger":{"enabledWorkflows":[]},"_links":{"self":[{"href":"https:\/\/www.comll.cat\/es\/wp-json\/wp\/v2\/posts\/894","targetHints":{"allow":["GET"]}}],"collection":[{"href":"https:\/\/www.comll.cat\/es\/wp-json\/wp\/v2\/posts"}],"about":[{"href":"https:\/\/www.comll.cat\/es\/wp-json\/wp\/v2\/types\/post"}],"author":[{"embeddable":true,"href":"https:\/\/www.comll.cat\/es\/wp-json\/wp\/v2\/users\/1"}],"replies":[{"embeddable":true,"href":"https:\/\/www.comll.cat\/es\/wp-json\/wp\/v2\/comments?post=894"}],"version-history":[{"count":0,"href":"https:\/\/www.comll.cat\/es\/wp-json\/wp\/v2\/posts\/894\/revisions"}],"wp:featuredmedia":[{"embeddable":true,"href":"https:\/\/www.comll.cat\/es\/wp-json\/wp\/v2\/media\/895"}],"wp:attachment":[{"href":"https:\/\/www.comll.cat\/es\/wp-json\/wp\/v2\/media?parent=894"}],"wp:term":[{"taxonomy":"category","embeddable":true,"href":"https:\/\/www.comll.cat\/es\/wp-json\/wp\/v2\/categories?post=894"},{"taxonomy":"post_tag","embeddable":true,"href":"https:\/\/www.comll.cat\/es\/wp-json\/wp\/v2\/tags?post=894"}],"curies":[{"name":"wp","href":"https:\/\/api.w.org\/{rel}","templated":true}]}}