{"id":867,"date":"2019-10-29T10:39:19","date_gmt":"2019-10-29T09:39:19","guid":{"rendered":"https:\/\/www.comll.cat\/el-numero-de-casos-dictus-sincrementara-un-35-en-els-propers-15-anys\/"},"modified":"2019-10-29T10:39:19","modified_gmt":"2019-10-29T09:39:19","slug":"el-numero-de-casos-dictus-sincrementara-un-35-en-els-propers-15-anys","status":"publish","type":"post","link":"https:\/\/www.comll.cat\/es\/el-numero-de-casos-dictus-sincrementara-un-35-en-els-propers-15-anys\/","title":{"rendered":"El n\u00famero de casos d\u2019\u00edctus s\u2019incrementar\u00e0 un 35% en els propers 15 anys"},"content":{"rendered":"<p>El n\u00famero de casos d\u2019\u00edctus s\u2019incrementar\u00e0 un 35% en els propers 15 anys, segons les dades que la Societat Espanyola de Neurologia (SEN) ha fet publiques avui, Dia Mundial de l\u2019\u00cdctus. La causa \u00e9s en bona part l\u2019augment de l\u2019esperan\u00e7a de vida de la poblaci\u00f3. Actualment, unes 120.000 persones pateixen un \u00edctus a Espanya i en moren 27.000.<\/p>\n<p>L\u2019Atles de l\u2019\u00cdctus, elaborat per la SEN, Bristol Myers Squibb i Pfizer, informa que dos de cada tres pacients que sobreviuen a la malaltia presenten seq\u00fceles discapacitants. El 59% tenen problemes per fer les activitats quotidianes, el 62% presenten problemes de mobilitat, el 64% sofreixen dolor i el 36% perceben com a dolent o molt dolent el seu estat de salut.<\/p>\n<p>Per edats, dues de cada tres persones que han patit un \u00edctus s\u00f3n majors de 65 anys. Tot i aix\u00ed, en les \u00faltimes dues d\u00e8cades han augmentat un 25% els casos en persones d\u2019entre els 20 i els 64 anys i un 0,5% els casos en menors de 20 anys.<\/p>\n<p>La SEN assenyala que, malgrat que en els darrers anys ha disminu\u00eft la mortalitat d\u2019aquests pacients, la prevenci\u00f3 dels factors de risc es la mesura m\u00e9s efectiva per reduir els nous casos. Al menys, un 80% dels \u00edctus s\u2019evitarien amb la reducci\u00f3 del consum del tabac i l\u2019alcohol, una dieta adequada, l\u2019exercici f\u00edsic i el tractament de malalties com la hipertensi\u00f3 arterial i la diabetis, entre d\u2019altres.<\/p>\n<p>M\u00e9s informaci\u00f3, a <em>M\u00e9dicosypacientes.com<\/em>.<\/p>\n","protected":false},"excerpt":{"rendered":"<p>El n\u00famero de casos d\u2019\u00edctus s\u2019incrementar\u00e0 un 35% en els propers 15 anys, segons les dades que la Societat Espanyola...<\/p>\n","protected":false},"author":1,"featured_media":0,"comment_status":"closed","ping_status":"closed","sticky":false,"template":"","format":"standard","meta":{"_acf_changed":false,"inline_featured_image":false,"footnotes":""},"categories":[18],"tags":[],"class_list":["post-867","post","type-post","status-publish","format-standard","hentry","category-noticias"],"acf":[],"yoast_head":"<!-- This site is optimized with the Yoast SEO plugin v27.5 - https:\/\/yoast.com\/product\/yoast-seo-wordpress\/ -->\n<title>El n\u00famero de casos d\u2019\u00edctus s\u2019incrementar\u00e0 un 35% en els propers 15 anys - Col\u00b7legi Oficial de Metges de Lleida<\/title>\n<meta name=\"robots\" content=\"index, follow, max-snippet:-1, max-image-preview:large, max-video-preview:-1\" \/>\n<link rel=\"canonical\" href=\"https:\/\/www.comll.cat\/es\/el-numero-de-casos-dictus-sincrementara-un-35-en-els-propers-15-anys\/\" \/>\n<meta property=\"og:locale\" content=\"es_ES\" \/>\n<meta property=\"og:type\" content=\"article\" \/>\n<meta property=\"og:title\" content=\"El n\u00famero de casos d\u2019\u00edctus s\u2019incrementar\u00e0 un 35% en els propers 15 anys - Col\u00b7legi Oficial de Metges de Lleida\" \/>\n<meta property=\"og:description\" content=\"El n\u00famero de casos d\u2019\u00edctus s\u2019incrementar\u00e0 un 35% en els propers 15 anys, segons les dades que la Societat Espanyola...\" \/>\n<meta property=\"og:url\" content=\"https:\/\/www.comll.cat\/es\/el-numero-de-casos-dictus-sincrementara-un-35-en-els-propers-15-anys\/\" \/>\n<meta property=\"og:site_name\" content=\"Col\u00b7legi Oficial de Metges de Lleida\" \/>\n<meta property=\"article:published_time\" content=\"2019-10-29T09:39:19+00:00\" \/>\n<meta name=\"author\" content=\"Albert\" \/>\n<meta name=\"twitter:card\" content=\"summary_large_image\" \/>\n<script type=\"application\/ld+json\" class=\"yoast-schema-graph\">{\"@context\":\"https:\\\/\\\/schema.org\",\"@graph\":[{\"@type\":\"Article\",\"@id\":\"https:\\\/\\\/www.comll.cat\\\/es\\\/el-numero-de-casos-dictus-sincrementara-un-35-en-els-propers-15-anys\\\/#article\",\"isPartOf\":{\"@id\":\"https:\\\/\\\/www.comll.cat\\\/es\\\/el-numero-de-casos-dictus-sincrementara-un-35-en-els-propers-15-anys\\\/\"},\"author\":{\"name\":\"Albert\",\"@id\":\"https:\\\/\\\/www.comll.cat\\\/es\\\/#\\\/schema\\\/person\\\/1c7bc4d83b35a927d680cfe0ec9120e0\"},\"headline\":\"El n\u00famero de casos d\u2019\u00edctus s\u2019incrementar\u00e0 un 35% en els propers 15 anys\",\"datePublished\":\"2019-10-29T09:39:19+00:00\",\"mainEntityOfPage\":{\"@id\":\"https:\\\/\\\/www.comll.cat\\\/es\\\/el-numero-de-casos-dictus-sincrementara-un-35-en-els-propers-15-anys\\\/\"},\"wordCount\":263,\"articleSection\":[\"Noticias\"],\"inLanguage\":\"es\"},{\"@type\":\"WebPage\",\"@id\":\"https:\\\/\\\/www.comll.cat\\\/es\\\/el-numero-de-casos-dictus-sincrementara-un-35-en-els-propers-15-anys\\\/\",\"url\":\"https:\\\/\\\/www.comll.cat\\\/es\\\/el-numero-de-casos-dictus-sincrementara-un-35-en-els-propers-15-anys\\\/\",\"name\":\"El n\u00famero de casos d\u2019\u00edctus s\u2019incrementar\u00e0 un 35% en els propers 15 anys - Col\u00b7legi Oficial de Metges de Lleida\",\"isPartOf\":{\"@id\":\"https:\\\/\\\/www.comll.cat\\\/es\\\/#website\"},\"datePublished\":\"2019-10-29T09:39:19+00:00\",\"author\":{\"@id\":\"https:\\\/\\\/www.comll.cat\\\/es\\\/#\\\/schema\\\/person\\\/1c7bc4d83b35a927d680cfe0ec9120e0\"},\"breadcrumb\":{\"@id\":\"https:\\\/\\\/www.comll.cat\\\/es\\\/el-numero-de-casos-dictus-sincrementara-un-35-en-els-propers-15-anys\\\/#breadcrumb\"},\"inLanguage\":\"es\",\"potentialAction\":[{\"@type\":\"ReadAction\",\"target\":[\"https:\\\/\\\/www.comll.cat\\\/es\\\/el-numero-de-casos-dictus-sincrementara-un-35-en-els-propers-15-anys\\\/\"]}]},{\"@type\":\"BreadcrumbList\",\"@id\":\"https:\\\/\\\/www.comll.cat\\\/es\\\/el-numero-de-casos-dictus-sincrementara-un-35-en-els-propers-15-anys\\\/#breadcrumb\",\"itemListElement\":[{\"@type\":\"ListItem\",\"position\":1,\"name\":\"Portada\",\"item\":\"https:\\\/\\\/www.comll.cat\\\/es\\\/\"},{\"@type\":\"ListItem\",\"position\":2,\"name\":\"El n\u00famero de casos d\u2019\u00edctus s\u2019incrementar\u00e0 un 35% en els propers 15 anys\"}]},{\"@type\":\"WebSite\",\"@id\":\"https:\\\/\\\/www.comll.cat\\\/es\\\/#website\",\"url\":\"https:\\\/\\\/www.comll.cat\\\/es\\\/\",\"name\":\"Col\u00b7legi Oficial de Metges de Lleida\",\"description\":\"COMLL\",\"potentialAction\":[{\"@type\":\"SearchAction\",\"target\":{\"@type\":\"EntryPoint\",\"urlTemplate\":\"https:\\\/\\\/www.comll.cat\\\/es\\\/?s={search_term_string}\"},\"query-input\":{\"@type\":\"PropertyValueSpecification\",\"valueRequired\":true,\"valueName\":\"search_term_string\"}}],\"inLanguage\":\"es\"},{\"@type\":\"Person\",\"@id\":\"https:\\\/\\\/www.comll.cat\\\/es\\\/#\\\/schema\\\/person\\\/1c7bc4d83b35a927d680cfe0ec9120e0\",\"name\":\"Albert\",\"image\":{\"@type\":\"ImageObject\",\"inLanguage\":\"es\",\"@id\":\"https:\\\/\\\/secure.gravatar.com\\\/avatar\\\/c1261138a5e7882394bd9001104fe7078a2d860997555a5353af4ef7bd38f6db?s=96&d=mm&r=g\",\"url\":\"https:\\\/\\\/secure.gravatar.com\\\/avatar\\\/c1261138a5e7882394bd9001104fe7078a2d860997555a5353af4ef7bd38f6db?s=96&d=mm&r=g\",\"contentUrl\":\"https:\\\/\\\/secure.gravatar.com\\\/avatar\\\/c1261138a5e7882394bd9001104fe7078a2d860997555a5353af4ef7bd38f6db?s=96&d=mm&r=g\",\"caption\":\"Albert\"},\"sameAs\":[\"https:\\\/\\\/www.comll.cat\"]}]}<\/script>\n<!-- \/ Yoast SEO plugin. -->","yoast_head_json":{"title":"El n\u00famero de casos d\u2019\u00edctus s\u2019incrementar\u00e0 un 35% en els propers 15 anys - Col\u00b7legi Oficial de Metges de Lleida","robots":{"index":"index","follow":"follow","max-snippet":"max-snippet:-1","max-image-preview":"max-image-preview:large","max-video-preview":"max-video-preview:-1"},"canonical":"https:\/\/www.comll.cat\/es\/el-numero-de-casos-dictus-sincrementara-un-35-en-els-propers-15-anys\/","og_locale":"es_ES","og_type":"article","og_title":"El n\u00famero de casos d\u2019\u00edctus s\u2019incrementar\u00e0 un 35% en els propers 15 anys - Col\u00b7legi Oficial de Metges de Lleida","og_description":"El n\u00famero de casos d\u2019\u00edctus s\u2019incrementar\u00e0 un 35% en els propers 15 anys, segons les dades que la Societat Espanyola...","og_url":"https:\/\/www.comll.cat\/es\/el-numero-de-casos-dictus-sincrementara-un-35-en-els-propers-15-anys\/","og_site_name":"Col\u00b7legi Oficial de Metges de Lleida","article_published_time":"2019-10-29T09:39:19+00:00","author":"Albert","twitter_card":"summary_large_image","schema":{"@context":"https:\/\/schema.org","@graph":[{"@type":"Article","@id":"https:\/\/www.comll.cat\/es\/el-numero-de-casos-dictus-sincrementara-un-35-en-els-propers-15-anys\/#article","isPartOf":{"@id":"https:\/\/www.comll.cat\/es\/el-numero-de-casos-dictus-sincrementara-un-35-en-els-propers-15-anys\/"},"author":{"name":"Albert","@id":"https:\/\/www.comll.cat\/es\/#\/schema\/person\/1c7bc4d83b35a927d680cfe0ec9120e0"},"headline":"El n\u00famero de casos d\u2019\u00edctus s\u2019incrementar\u00e0 un 35% en els propers 15 anys","datePublished":"2019-10-29T09:39:19+00:00","mainEntityOfPage":{"@id":"https:\/\/www.comll.cat\/es\/el-numero-de-casos-dictus-sincrementara-un-35-en-els-propers-15-anys\/"},"wordCount":263,"articleSection":["Noticias"],"inLanguage":"es"},{"@type":"WebPage","@id":"https:\/\/www.comll.cat\/es\/el-numero-de-casos-dictus-sincrementara-un-35-en-els-propers-15-anys\/","url":"https:\/\/www.comll.cat\/es\/el-numero-de-casos-dictus-sincrementara-un-35-en-els-propers-15-anys\/","name":"El n\u00famero de casos d\u2019\u00edctus s\u2019incrementar\u00e0 un 35% en els propers 15 anys - Col\u00b7legi Oficial de Metges de Lleida","isPartOf":{"@id":"https:\/\/www.comll.cat\/es\/#website"},"datePublished":"2019-10-29T09:39:19+00:00","author":{"@id":"https:\/\/www.comll.cat\/es\/#\/schema\/person\/1c7bc4d83b35a927d680cfe0ec9120e0"},"breadcrumb":{"@id":"https:\/\/www.comll.cat\/es\/el-numero-de-casos-dictus-sincrementara-un-35-en-els-propers-15-anys\/#breadcrumb"},"inLanguage":"es","potentialAction":[{"@type":"ReadAction","target":["https:\/\/www.comll.cat\/es\/el-numero-de-casos-dictus-sincrementara-un-35-en-els-propers-15-anys\/"]}]},{"@type":"BreadcrumbList","@id":"https:\/\/www.comll.cat\/es\/el-numero-de-casos-dictus-sincrementara-un-35-en-els-propers-15-anys\/#breadcrumb","itemListElement":[{"@type":"ListItem","position":1,"name":"Portada","item":"https:\/\/www.comll.cat\/es\/"},{"@type":"ListItem","position":2,"name":"El n\u00famero de casos d\u2019\u00edctus s\u2019incrementar\u00e0 un 35% en els propers 15 anys"}]},{"@type":"WebSite","@id":"https:\/\/www.comll.cat\/es\/#website","url":"https:\/\/www.comll.cat\/es\/","name":"Col\u00b7legi Oficial de Metges de Lleida","description":"COMLL","potentialAction":[{"@type":"SearchAction","target":{"@type":"EntryPoint","urlTemplate":"https:\/\/www.comll.cat\/es\/?s={search_term_string}"},"query-input":{"@type":"PropertyValueSpecification","valueRequired":true,"valueName":"search_term_string"}}],"inLanguage":"es"},{"@type":"Person","@id":"https:\/\/www.comll.cat\/es\/#\/schema\/person\/1c7bc4d83b35a927d680cfe0ec9120e0","name":"Albert","image":{"@type":"ImageObject","inLanguage":"es","@id":"https:\/\/secure.gravatar.com\/avatar\/c1261138a5e7882394bd9001104fe7078a2d860997555a5353af4ef7bd38f6db?s=96&d=mm&r=g","url":"https:\/\/secure.gravatar.com\/avatar\/c1261138a5e7882394bd9001104fe7078a2d860997555a5353af4ef7bd38f6db?s=96&d=mm&r=g","contentUrl":"https:\/\/secure.gravatar.com\/avatar\/c1261138a5e7882394bd9001104fe7078a2d860997555a5353af4ef7bd38f6db?s=96&d=mm&r=g","caption":"Albert"},"sameAs":["https:\/\/www.comll.cat"]}]}},"publishpress_future_action":{"enabled":false,"date":"2026-04-30 08:32:34","action":"change-status","newStatus":"draft","terms":[],"taxonomy":"category","extraData":[]},"publishpress_future_workflow_manual_trigger":{"enabledWorkflows":[]},"_links":{"self":[{"href":"https:\/\/www.comll.cat\/es\/wp-json\/wp\/v2\/posts\/867","targetHints":{"allow":["GET"]}}],"collection":[{"href":"https:\/\/www.comll.cat\/es\/wp-json\/wp\/v2\/posts"}],"about":[{"href":"https:\/\/www.comll.cat\/es\/wp-json\/wp\/v2\/types\/post"}],"author":[{"embeddable":true,"href":"https:\/\/www.comll.cat\/es\/wp-json\/wp\/v2\/users\/1"}],"replies":[{"embeddable":true,"href":"https:\/\/www.comll.cat\/es\/wp-json\/wp\/v2\/comments?post=867"}],"version-history":[{"count":0,"href":"https:\/\/www.comll.cat\/es\/wp-json\/wp\/v2\/posts\/867\/revisions"}],"wp:attachment":[{"href":"https:\/\/www.comll.cat\/es\/wp-json\/wp\/v2\/media?parent=867"}],"wp:term":[{"taxonomy":"category","embeddable":true,"href":"https:\/\/www.comll.cat\/es\/wp-json\/wp\/v2\/categories?post=867"},{"taxonomy":"post_tag","embeddable":true,"href":"https:\/\/www.comll.cat\/es\/wp-json\/wp\/v2\/tags?post=867"}],"curies":[{"name":"wp","href":"https:\/\/api.w.org\/{rel}","templated":true}]}}