{"id":854,"date":"2019-10-17T09:37:26","date_gmt":"2019-10-17T07:37:26","guid":{"rendered":"https:\/\/www.comll.cat\/quarta-edicio-del-curs-de-mediacio-sanitaria-de-lorganitzacio-medica-collegial\/"},"modified":"2019-10-17T09:37:26","modified_gmt":"2019-10-17T07:37:26","slug":"quarta-edicio-del-curs-de-mediacio-sanitaria-de-lorganitzacio-medica-collegial","status":"publish","type":"post","link":"https:\/\/www.comll.cat\/es\/quarta-edicio-del-curs-de-mediacio-sanitaria-de-lorganitzacio-medica-collegial\/","title":{"rendered":"Quarta edici\u00f3 del \u201cCurs de Mediaci\u00f3 Sanit\u00e0ria\u201d de l\u2019Organitzaci\u00f3 M\u00e8dica Col\u00b7legial"},"content":{"rendered":"<p>La Fundaci\u00f3 per a la Formaci\u00f3 de l\u2019Organitzaci\u00f3 M\u00e8dica Col\u00b7legial (OMC) organitza la quarta edici\u00f3 del Curs de Mediaci\u00f3 Sanit\u00e0ria, que habilita per a l\u2019exercici professional de mediador. El curs s\u2019iniciar\u00e0 el 18 de novembre mitjan\u00e7ant un campus virtual i una sessi\u00f3 presencial, que tamb\u00e9 es podr\u00e0 seguir per <em>streaming<\/em>. La durada ser\u00e0 de 110 hores distribu\u00efdes en 4 mesos.<\/p>\n<p>M\u00aa Concepci\u00f3n Escudero, Doctora en Dret Processal, professora de la UDEMA, advocada i mediadora, i Juan Gillard, advocat especialitzat en Dret Sanitari i director del Departament de Dret Sanitari a S\u00e1nchez de Le\u00f3n Abogados, s\u00f3n els directors acad\u00e8mics del curs. L\u2019activitat s\u2019adre\u00e7a a metges, advocats i altres professionals.<\/p>\n<p>El temari del programa contempla els sistemes de resoluci\u00f3 de conflictes, el proc\u00e9s de mediaci\u00f3, les t\u00e8cniques i les habilitats per a la mediaci\u00f3, l\u2019organitzaci\u00f3 del Sistema Nacional de Salut, els drets i els deures dels agents sanitaris i dels pacients, el mapa dels conflictes sanitaris i els conflictes interculturals.<\/p>\n<p>M\u00e9s informaci\u00f3 i inscripcions, a <a href=\"mailto:fundacion@ffomc.org\">fundacion@ffomc.org<\/a> i <a href=\"https:\/\/www.ffomc.org\/\">https:\/\/www.ffomc.org\/<\/a><\/p>\n","protected":false},"excerpt":{"rendered":"<p>La Fundaci\u00f3 per a la Formaci\u00f3 de l\u2019Organitzaci\u00f3 M\u00e8dica Col\u00b7legial (OMC) organitza la quarta edici\u00f3 del Curs de Mediaci\u00f3 Sanit\u00e0ria,...<\/p>\n","protected":false},"author":1,"featured_media":0,"comment_status":"closed","ping_status":"closed","sticky":false,"template":"","format":"standard","meta":{"_acf_changed":false,"inline_featured_image":false,"footnotes":""},"categories":[18],"tags":[],"class_list":["post-854","post","type-post","status-publish","format-standard","hentry","category-noticias"],"acf":[],"yoast_head":"<!-- This site is optimized with the Yoast SEO plugin v27.5 - https:\/\/yoast.com\/product\/yoast-seo-wordpress\/ -->\n<title>Quarta edici\u00f3 del \u201cCurs de Mediaci\u00f3 Sanit\u00e0ria\u201d de l\u2019Organitzaci\u00f3 M\u00e8dica Col\u00b7legial - Col\u00b7legi Oficial de Metges de Lleida<\/title>\n<meta name=\"robots\" content=\"index, follow, max-snippet:-1, max-image-preview:large, max-video-preview:-1\" \/>\n<link rel=\"canonical\" href=\"https:\/\/www.comll.cat\/es\/quarta-edicio-del-curs-de-mediacio-sanitaria-de-lorganitzacio-medica-collegial\/\" \/>\n<meta property=\"og:locale\" content=\"es_ES\" \/>\n<meta property=\"og:type\" content=\"article\" \/>\n<meta property=\"og:title\" content=\"Quarta edici\u00f3 del \u201cCurs de Mediaci\u00f3 Sanit\u00e0ria\u201d de l\u2019Organitzaci\u00f3 M\u00e8dica Col\u00b7legial - Col\u00b7legi Oficial de Metges de Lleida\" \/>\n<meta property=\"og:description\" content=\"La Fundaci\u00f3 per a la Formaci\u00f3 de l\u2019Organitzaci\u00f3 M\u00e8dica Col\u00b7legial (OMC) organitza la quarta edici\u00f3 del Curs de Mediaci\u00f3 Sanit\u00e0ria,...\" \/>\n<meta property=\"og:url\" content=\"https:\/\/www.comll.cat\/es\/quarta-edicio-del-curs-de-mediacio-sanitaria-de-lorganitzacio-medica-collegial\/\" \/>\n<meta property=\"og:site_name\" content=\"Col\u00b7legi Oficial de Metges de Lleida\" \/>\n<meta property=\"article:published_time\" content=\"2019-10-17T07:37:26+00:00\" \/>\n<meta name=\"author\" content=\"Albert\" \/>\n<meta name=\"twitter:card\" content=\"summary_large_image\" \/>\n<script type=\"application\/ld+json\" class=\"yoast-schema-graph\">{\"@context\":\"https:\\\/\\\/schema.org\",\"@graph\":[{\"@type\":\"Article\",\"@id\":\"https:\\\/\\\/www.comll.cat\\\/es\\\/quarta-edicio-del-curs-de-mediacio-sanitaria-de-lorganitzacio-medica-collegial\\\/#article\",\"isPartOf\":{\"@id\":\"https:\\\/\\\/www.comll.cat\\\/es\\\/quarta-edicio-del-curs-de-mediacio-sanitaria-de-lorganitzacio-medica-collegial\\\/\"},\"author\":{\"name\":\"Albert\",\"@id\":\"https:\\\/\\\/www.comll.cat\\\/es\\\/#\\\/schema\\\/person\\\/1c7bc4d83b35a927d680cfe0ec9120e0\"},\"headline\":\"Quarta edici\u00f3 del \u201cCurs de Mediaci\u00f3 Sanit\u00e0ria\u201d de l\u2019Organitzaci\u00f3 M\u00e8dica Col\u00b7legial\",\"datePublished\":\"2019-10-17T07:37:26+00:00\",\"mainEntityOfPage\":{\"@id\":\"https:\\\/\\\/www.comll.cat\\\/es\\\/quarta-edicio-del-curs-de-mediacio-sanitaria-de-lorganitzacio-medica-collegial\\\/\"},\"wordCount\":203,\"articleSection\":[\"Noticias\"],\"inLanguage\":\"es\"},{\"@type\":\"WebPage\",\"@id\":\"https:\\\/\\\/www.comll.cat\\\/es\\\/quarta-edicio-del-curs-de-mediacio-sanitaria-de-lorganitzacio-medica-collegial\\\/\",\"url\":\"https:\\\/\\\/www.comll.cat\\\/es\\\/quarta-edicio-del-curs-de-mediacio-sanitaria-de-lorganitzacio-medica-collegial\\\/\",\"name\":\"Quarta edici\u00f3 del \u201cCurs de Mediaci\u00f3 Sanit\u00e0ria\u201d de l\u2019Organitzaci\u00f3 M\u00e8dica Col\u00b7legial - Col\u00b7legi Oficial de Metges de Lleida\",\"isPartOf\":{\"@id\":\"https:\\\/\\\/www.comll.cat\\\/es\\\/#website\"},\"datePublished\":\"2019-10-17T07:37:26+00:00\",\"author\":{\"@id\":\"https:\\\/\\\/www.comll.cat\\\/es\\\/#\\\/schema\\\/person\\\/1c7bc4d83b35a927d680cfe0ec9120e0\"},\"breadcrumb\":{\"@id\":\"https:\\\/\\\/www.comll.cat\\\/es\\\/quarta-edicio-del-curs-de-mediacio-sanitaria-de-lorganitzacio-medica-collegial\\\/#breadcrumb\"},\"inLanguage\":\"es\",\"potentialAction\":[{\"@type\":\"ReadAction\",\"target\":[\"https:\\\/\\\/www.comll.cat\\\/es\\\/quarta-edicio-del-curs-de-mediacio-sanitaria-de-lorganitzacio-medica-collegial\\\/\"]}]},{\"@type\":\"BreadcrumbList\",\"@id\":\"https:\\\/\\\/www.comll.cat\\\/es\\\/quarta-edicio-del-curs-de-mediacio-sanitaria-de-lorganitzacio-medica-collegial\\\/#breadcrumb\",\"itemListElement\":[{\"@type\":\"ListItem\",\"position\":1,\"name\":\"Portada\",\"item\":\"https:\\\/\\\/www.comll.cat\\\/es\\\/\"},{\"@type\":\"ListItem\",\"position\":2,\"name\":\"Quarta edici\u00f3 del \u201cCurs de Mediaci\u00f3 Sanit\u00e0ria\u201d de l\u2019Organitzaci\u00f3 M\u00e8dica Col\u00b7legial\"}]},{\"@type\":\"WebSite\",\"@id\":\"https:\\\/\\\/www.comll.cat\\\/es\\\/#website\",\"url\":\"https:\\\/\\\/www.comll.cat\\\/es\\\/\",\"name\":\"Col\u00b7legi Oficial de Metges de Lleida\",\"description\":\"COMLL\",\"potentialAction\":[{\"@type\":\"SearchAction\",\"target\":{\"@type\":\"EntryPoint\",\"urlTemplate\":\"https:\\\/\\\/www.comll.cat\\\/es\\\/?s={search_term_string}\"},\"query-input\":{\"@type\":\"PropertyValueSpecification\",\"valueRequired\":true,\"valueName\":\"search_term_string\"}}],\"inLanguage\":\"es\"},{\"@type\":\"Person\",\"@id\":\"https:\\\/\\\/www.comll.cat\\\/es\\\/#\\\/schema\\\/person\\\/1c7bc4d83b35a927d680cfe0ec9120e0\",\"name\":\"Albert\",\"image\":{\"@type\":\"ImageObject\",\"inLanguage\":\"es\",\"@id\":\"https:\\\/\\\/secure.gravatar.com\\\/avatar\\\/c1261138a5e7882394bd9001104fe7078a2d860997555a5353af4ef7bd38f6db?s=96&d=mm&r=g\",\"url\":\"https:\\\/\\\/secure.gravatar.com\\\/avatar\\\/c1261138a5e7882394bd9001104fe7078a2d860997555a5353af4ef7bd38f6db?s=96&d=mm&r=g\",\"contentUrl\":\"https:\\\/\\\/secure.gravatar.com\\\/avatar\\\/c1261138a5e7882394bd9001104fe7078a2d860997555a5353af4ef7bd38f6db?s=96&d=mm&r=g\",\"caption\":\"Albert\"},\"sameAs\":[\"https:\\\/\\\/www.comll.cat\"]}]}<\/script>\n<!-- \/ Yoast SEO plugin. -->","yoast_head_json":{"title":"Quarta edici\u00f3 del \u201cCurs de Mediaci\u00f3 Sanit\u00e0ria\u201d de l\u2019Organitzaci\u00f3 M\u00e8dica Col\u00b7legial - Col\u00b7legi Oficial de Metges de Lleida","robots":{"index":"index","follow":"follow","max-snippet":"max-snippet:-1","max-image-preview":"max-image-preview:large","max-video-preview":"max-video-preview:-1"},"canonical":"https:\/\/www.comll.cat\/es\/quarta-edicio-del-curs-de-mediacio-sanitaria-de-lorganitzacio-medica-collegial\/","og_locale":"es_ES","og_type":"article","og_title":"Quarta edici\u00f3 del \u201cCurs de Mediaci\u00f3 Sanit\u00e0ria\u201d de l\u2019Organitzaci\u00f3 M\u00e8dica Col\u00b7legial - Col\u00b7legi Oficial de Metges de Lleida","og_description":"La Fundaci\u00f3 per a la Formaci\u00f3 de l\u2019Organitzaci\u00f3 M\u00e8dica Col\u00b7legial (OMC) organitza la quarta edici\u00f3 del Curs de Mediaci\u00f3 Sanit\u00e0ria,...","og_url":"https:\/\/www.comll.cat\/es\/quarta-edicio-del-curs-de-mediacio-sanitaria-de-lorganitzacio-medica-collegial\/","og_site_name":"Col\u00b7legi Oficial de Metges de Lleida","article_published_time":"2019-10-17T07:37:26+00:00","author":"Albert","twitter_card":"summary_large_image","schema":{"@context":"https:\/\/schema.org","@graph":[{"@type":"Article","@id":"https:\/\/www.comll.cat\/es\/quarta-edicio-del-curs-de-mediacio-sanitaria-de-lorganitzacio-medica-collegial\/#article","isPartOf":{"@id":"https:\/\/www.comll.cat\/es\/quarta-edicio-del-curs-de-mediacio-sanitaria-de-lorganitzacio-medica-collegial\/"},"author":{"name":"Albert","@id":"https:\/\/www.comll.cat\/es\/#\/schema\/person\/1c7bc4d83b35a927d680cfe0ec9120e0"},"headline":"Quarta edici\u00f3 del \u201cCurs de Mediaci\u00f3 Sanit\u00e0ria\u201d de l\u2019Organitzaci\u00f3 M\u00e8dica Col\u00b7legial","datePublished":"2019-10-17T07:37:26+00:00","mainEntityOfPage":{"@id":"https:\/\/www.comll.cat\/es\/quarta-edicio-del-curs-de-mediacio-sanitaria-de-lorganitzacio-medica-collegial\/"},"wordCount":203,"articleSection":["Noticias"],"inLanguage":"es"},{"@type":"WebPage","@id":"https:\/\/www.comll.cat\/es\/quarta-edicio-del-curs-de-mediacio-sanitaria-de-lorganitzacio-medica-collegial\/","url":"https:\/\/www.comll.cat\/es\/quarta-edicio-del-curs-de-mediacio-sanitaria-de-lorganitzacio-medica-collegial\/","name":"Quarta edici\u00f3 del \u201cCurs de Mediaci\u00f3 Sanit\u00e0ria\u201d de l\u2019Organitzaci\u00f3 M\u00e8dica Col\u00b7legial - Col\u00b7legi Oficial de Metges de Lleida","isPartOf":{"@id":"https:\/\/www.comll.cat\/es\/#website"},"datePublished":"2019-10-17T07:37:26+00:00","author":{"@id":"https:\/\/www.comll.cat\/es\/#\/schema\/person\/1c7bc4d83b35a927d680cfe0ec9120e0"},"breadcrumb":{"@id":"https:\/\/www.comll.cat\/es\/quarta-edicio-del-curs-de-mediacio-sanitaria-de-lorganitzacio-medica-collegial\/#breadcrumb"},"inLanguage":"es","potentialAction":[{"@type":"ReadAction","target":["https:\/\/www.comll.cat\/es\/quarta-edicio-del-curs-de-mediacio-sanitaria-de-lorganitzacio-medica-collegial\/"]}]},{"@type":"BreadcrumbList","@id":"https:\/\/www.comll.cat\/es\/quarta-edicio-del-curs-de-mediacio-sanitaria-de-lorganitzacio-medica-collegial\/#breadcrumb","itemListElement":[{"@type":"ListItem","position":1,"name":"Portada","item":"https:\/\/www.comll.cat\/es\/"},{"@type":"ListItem","position":2,"name":"Quarta edici\u00f3 del \u201cCurs de Mediaci\u00f3 Sanit\u00e0ria\u201d de l\u2019Organitzaci\u00f3 M\u00e8dica Col\u00b7legial"}]},{"@type":"WebSite","@id":"https:\/\/www.comll.cat\/es\/#website","url":"https:\/\/www.comll.cat\/es\/","name":"Col\u00b7legi Oficial de Metges de Lleida","description":"COMLL","potentialAction":[{"@type":"SearchAction","target":{"@type":"EntryPoint","urlTemplate":"https:\/\/www.comll.cat\/es\/?s={search_term_string}"},"query-input":{"@type":"PropertyValueSpecification","valueRequired":true,"valueName":"search_term_string"}}],"inLanguage":"es"},{"@type":"Person","@id":"https:\/\/www.comll.cat\/es\/#\/schema\/person\/1c7bc4d83b35a927d680cfe0ec9120e0","name":"Albert","image":{"@type":"ImageObject","inLanguage":"es","@id":"https:\/\/secure.gravatar.com\/avatar\/c1261138a5e7882394bd9001104fe7078a2d860997555a5353af4ef7bd38f6db?s=96&d=mm&r=g","url":"https:\/\/secure.gravatar.com\/avatar\/c1261138a5e7882394bd9001104fe7078a2d860997555a5353af4ef7bd38f6db?s=96&d=mm&r=g","contentUrl":"https:\/\/secure.gravatar.com\/avatar\/c1261138a5e7882394bd9001104fe7078a2d860997555a5353af4ef7bd38f6db?s=96&d=mm&r=g","caption":"Albert"},"sameAs":["https:\/\/www.comll.cat"]}]}},"publishpress_future_action":{"enabled":false,"date":"2026-05-02 10:20:13","action":"change-status","newStatus":"draft","terms":[],"taxonomy":"category","extraData":[]},"publishpress_future_workflow_manual_trigger":{"enabledWorkflows":[]},"_links":{"self":[{"href":"https:\/\/www.comll.cat\/es\/wp-json\/wp\/v2\/posts\/854","targetHints":{"allow":["GET"]}}],"collection":[{"href":"https:\/\/www.comll.cat\/es\/wp-json\/wp\/v2\/posts"}],"about":[{"href":"https:\/\/www.comll.cat\/es\/wp-json\/wp\/v2\/types\/post"}],"author":[{"embeddable":true,"href":"https:\/\/www.comll.cat\/es\/wp-json\/wp\/v2\/users\/1"}],"replies":[{"embeddable":true,"href":"https:\/\/www.comll.cat\/es\/wp-json\/wp\/v2\/comments?post=854"}],"version-history":[{"count":0,"href":"https:\/\/www.comll.cat\/es\/wp-json\/wp\/v2\/posts\/854\/revisions"}],"wp:attachment":[{"href":"https:\/\/www.comll.cat\/es\/wp-json\/wp\/v2\/media?parent=854"}],"wp:term":[{"taxonomy":"category","embeddable":true,"href":"https:\/\/www.comll.cat\/es\/wp-json\/wp\/v2\/categories?post=854"},{"taxonomy":"post_tag","embeddable":true,"href":"https:\/\/www.comll.cat\/es\/wp-json\/wp\/v2\/tags?post=854"}],"curies":[{"name":"wp","href":"https:\/\/api.w.org\/{rel}","templated":true}]}}