{"id":819,"date":"2019-10-02T12:17:49","date_gmt":"2019-10-02T10:17:49","guid":{"rendered":"https:\/\/www.comll.cat\/el-programa-datencio-al-metges-malalt-ha-ates-el-2018-un-total-de-456-casos-dels-quals-303-son-de-catalunya\/"},"modified":"2019-10-02T12:17:49","modified_gmt":"2019-10-02T10:17:49","slug":"el-programa-datencio-al-metges-malalt-ha-ates-el-2018-un-total-de-456-casos-dels-quals-303-son-de-catalunya","status":"publish","type":"post","link":"https:\/\/www.comll.cat\/es\/el-programa-datencio-al-metges-malalt-ha-ates-el-2018-un-total-de-456-casos-dels-quals-303-son-de-catalunya\/","title":{"rendered":"El Programa d\u2019Atenci\u00f3 al Metges Malalt ha at\u00e8s el 2018 un total de 456 casos, dels quals 303 s\u00f3n de Catalunya"},"content":{"rendered":"<p>&nbsp;<\/p>\n<p>El Programa d\u2019Atenci\u00f3 al Metges Malalt (PAIM) va atendre l\u2019any 2018 un total de 456 nous casos, dels quals 303 s\u00f3n professionals de Catalunya. Des de la seva creaci\u00f3 el 1998, el PAIM ha tractat 5.171 metges i metgesses per trastorn mental o addiccions amb una recuperaci\u00f3 propera al 90%. La Fundaci\u00f3 per a la Protecci\u00f3 Social de l\u2019Organitzaci\u00f3 M\u00e8dico Col\u00b7legial (OMC), que aglutina els col\u00b7legis de metges de l\u2019Estat, ha donat a con\u00e8ixer avui l\u2019informe anual en el marc del VIII Congr\u00e9s del PAIM i la II Trobada Llatinoamericana, que tindran lloc els dies 3 i 4 d\u2019octubre a M\u00farcia.<\/p>\n<p>El PAIM \u00e9s un programa pioner a Europa, que vetlla per la salut dels metges per garantir una assist\u00e8ncia de qualitat a la ciutadania. El programa els proporciona assist\u00e8ncia sanit\u00e0ria, atenci\u00f3 social, suport legal i assessorament laboral si pateixen problemes psicol\u00f2gics o addictius al llarg de la seva vida professional. S\u2019estima que entre un 10 i un 12% dels facultatius en exercici poden sofrir problemes mentals o una addicci\u00f3 a l\u2019alcohol i altres drogues.<\/p>\n<p>Pel que fa als diagn\u00f2stics cl\u00ednics del 2018, un 31,5% est\u00e0 relacionat amb trastorns de l\u2019estat d\u2019\u00e0nim; un 23,6%, amb el consum d\u2019alcohol i altres subst\u00e0ncies; un 21,2% amb trastorns adaptatius, i un 12,8% amb ansietat. Le sis comunitats aut\u00f2nomes amb major nombre de casos registrats s\u00f3n Catalunya (303), Andalusia (131), Madrid (106), el Pa\u00eds Basc (70), Navarra (31) i les Illes Balears (30).<\/p>\n<p>Per edats, el col\u00b7lectiu m\u00e9s afectat \u00e9s el que t\u00e9 entre 51 a 60 anys (27,8%), seguit del de 31 a 40 anys (23,5%) i del de 41 a 50 anys ((23,3%). Destaca, per\u00f2, l\u2019increment registrat en els darrers anys del col\u00b7lectius menors de 30 anys. En quant al sexe, el percentatge de metgesses afectades \u00e9s superior al de metges, ja que se situa en el 58,6% del total de casos.<\/p>\n<p>El PAIM es finan\u00e7a a trav\u00e9s de les aportacions dels col\u00b7legis de metges, la Fundaci\u00f3 per a la Protecci\u00f3 Social de l\u2019OMC i les administracions sanit\u00e0ries.<\/p>\n","protected":false},"excerpt":{"rendered":"<p>&nbsp; El Programa d\u2019Atenci\u00f3 al Metges Malalt (PAIM) va atendre l\u2019any 2018 un total de 456 nous casos, dels quals...<\/p>\n","protected":false},"author":1,"featured_media":0,"comment_status":"closed","ping_status":"closed","sticky":false,"template":"","format":"standard","meta":{"_acf_changed":false,"inline_featured_image":false,"footnotes":""},"categories":[18],"tags":[],"class_list":["post-819","post","type-post","status-publish","format-standard","hentry","category-noticias"],"acf":[],"yoast_head":"<!-- This site is optimized with the Yoast SEO plugin v27.5 - https:\/\/yoast.com\/product\/yoast-seo-wordpress\/ -->\n<title>El Programa d\u2019Atenci\u00f3 al Metges Malalt ha at\u00e8s el 2018 un total de 456 casos, dels quals 303 s\u00f3n de Catalunya - Col\u00b7legi Oficial de Metges de Lleida<\/title>\n<meta name=\"robots\" content=\"index, follow, max-snippet:-1, max-image-preview:large, max-video-preview:-1\" \/>\n<link rel=\"canonical\" href=\"https:\/\/www.comll.cat\/es\/el-programa-datencio-al-metges-malalt-ha-ates-el-2018-un-total-de-456-casos-dels-quals-303-son-de-catalunya\/\" \/>\n<meta property=\"og:locale\" content=\"es_ES\" \/>\n<meta property=\"og:type\" content=\"article\" \/>\n<meta property=\"og:title\" content=\"El Programa d\u2019Atenci\u00f3 al Metges Malalt ha at\u00e8s el 2018 un total de 456 casos, dels quals 303 s\u00f3n de Catalunya - Col\u00b7legi Oficial de Metges de Lleida\" \/>\n<meta property=\"og:description\" content=\"&nbsp; El Programa d\u2019Atenci\u00f3 al Metges Malalt (PAIM) va atendre l\u2019any 2018 un total de 456 nous casos, dels quals...\" \/>\n<meta property=\"og:url\" content=\"https:\/\/www.comll.cat\/es\/el-programa-datencio-al-metges-malalt-ha-ates-el-2018-un-total-de-456-casos-dels-quals-303-son-de-catalunya\/\" \/>\n<meta property=\"og:site_name\" content=\"Col\u00b7legi Oficial de Metges de Lleida\" \/>\n<meta property=\"article:published_time\" content=\"2019-10-02T10:17:49+00:00\" \/>\n<meta name=\"author\" content=\"Albert\" \/>\n<meta name=\"twitter:card\" content=\"summary_large_image\" \/>\n<script type=\"application\/ld+json\" class=\"yoast-schema-graph\">{\"@context\":\"https:\\\/\\\/schema.org\",\"@graph\":[{\"@type\":\"Article\",\"@id\":\"https:\\\/\\\/www.comll.cat\\\/es\\\/el-programa-datencio-al-metges-malalt-ha-ates-el-2018-un-total-de-456-casos-dels-quals-303-son-de-catalunya\\\/#article\",\"isPartOf\":{\"@id\":\"https:\\\/\\\/www.comll.cat\\\/es\\\/el-programa-datencio-al-metges-malalt-ha-ates-el-2018-un-total-de-456-casos-dels-quals-303-son-de-catalunya\\\/\"},\"author\":{\"name\":\"Albert\",\"@id\":\"https:\\\/\\\/www.comll.cat\\\/es\\\/#\\\/schema\\\/person\\\/1c7bc4d83b35a927d680cfe0ec9120e0\"},\"headline\":\"El Programa d\u2019Atenci\u00f3 al Metges Malalt ha at\u00e8s el 2018 un total de 456 casos, dels quals 303 s\u00f3n de Catalunya\",\"datePublished\":\"2019-10-02T10:17:49+00:00\",\"mainEntityOfPage\":{\"@id\":\"https:\\\/\\\/www.comll.cat\\\/es\\\/el-programa-datencio-al-metges-malalt-ha-ates-el-2018-un-total-de-456-casos-dels-quals-303-son-de-catalunya\\\/\"},\"wordCount\":363,\"articleSection\":[\"Noticias\"],\"inLanguage\":\"es\"},{\"@type\":\"WebPage\",\"@id\":\"https:\\\/\\\/www.comll.cat\\\/es\\\/el-programa-datencio-al-metges-malalt-ha-ates-el-2018-un-total-de-456-casos-dels-quals-303-son-de-catalunya\\\/\",\"url\":\"https:\\\/\\\/www.comll.cat\\\/es\\\/el-programa-datencio-al-metges-malalt-ha-ates-el-2018-un-total-de-456-casos-dels-quals-303-son-de-catalunya\\\/\",\"name\":\"El Programa d\u2019Atenci\u00f3 al Metges Malalt ha at\u00e8s el 2018 un total de 456 casos, dels quals 303 s\u00f3n de Catalunya - Col\u00b7legi Oficial de Metges de Lleida\",\"isPartOf\":{\"@id\":\"https:\\\/\\\/www.comll.cat\\\/es\\\/#website\"},\"datePublished\":\"2019-10-02T10:17:49+00:00\",\"author\":{\"@id\":\"https:\\\/\\\/www.comll.cat\\\/es\\\/#\\\/schema\\\/person\\\/1c7bc4d83b35a927d680cfe0ec9120e0\"},\"breadcrumb\":{\"@id\":\"https:\\\/\\\/www.comll.cat\\\/es\\\/el-programa-datencio-al-metges-malalt-ha-ates-el-2018-un-total-de-456-casos-dels-quals-303-son-de-catalunya\\\/#breadcrumb\"},\"inLanguage\":\"es\",\"potentialAction\":[{\"@type\":\"ReadAction\",\"target\":[\"https:\\\/\\\/www.comll.cat\\\/es\\\/el-programa-datencio-al-metges-malalt-ha-ates-el-2018-un-total-de-456-casos-dels-quals-303-son-de-catalunya\\\/\"]}]},{\"@type\":\"BreadcrumbList\",\"@id\":\"https:\\\/\\\/www.comll.cat\\\/es\\\/el-programa-datencio-al-metges-malalt-ha-ates-el-2018-un-total-de-456-casos-dels-quals-303-son-de-catalunya\\\/#breadcrumb\",\"itemListElement\":[{\"@type\":\"ListItem\",\"position\":1,\"name\":\"Portada\",\"item\":\"https:\\\/\\\/www.comll.cat\\\/es\\\/\"},{\"@type\":\"ListItem\",\"position\":2,\"name\":\"El Programa d\u2019Atenci\u00f3 al Metges Malalt ha at\u00e8s el 2018 un total de 456 casos, dels quals 303 s\u00f3n de Catalunya\"}]},{\"@type\":\"WebSite\",\"@id\":\"https:\\\/\\\/www.comll.cat\\\/es\\\/#website\",\"url\":\"https:\\\/\\\/www.comll.cat\\\/es\\\/\",\"name\":\"Col\u00b7legi Oficial de Metges de Lleida\",\"description\":\"COMLL\",\"potentialAction\":[{\"@type\":\"SearchAction\",\"target\":{\"@type\":\"EntryPoint\",\"urlTemplate\":\"https:\\\/\\\/www.comll.cat\\\/es\\\/?s={search_term_string}\"},\"query-input\":{\"@type\":\"PropertyValueSpecification\",\"valueRequired\":true,\"valueName\":\"search_term_string\"}}],\"inLanguage\":\"es\"},{\"@type\":\"Person\",\"@id\":\"https:\\\/\\\/www.comll.cat\\\/es\\\/#\\\/schema\\\/person\\\/1c7bc4d83b35a927d680cfe0ec9120e0\",\"name\":\"Albert\",\"image\":{\"@type\":\"ImageObject\",\"inLanguage\":\"es\",\"@id\":\"https:\\\/\\\/secure.gravatar.com\\\/avatar\\\/c1261138a5e7882394bd9001104fe7078a2d860997555a5353af4ef7bd38f6db?s=96&d=mm&r=g\",\"url\":\"https:\\\/\\\/secure.gravatar.com\\\/avatar\\\/c1261138a5e7882394bd9001104fe7078a2d860997555a5353af4ef7bd38f6db?s=96&d=mm&r=g\",\"contentUrl\":\"https:\\\/\\\/secure.gravatar.com\\\/avatar\\\/c1261138a5e7882394bd9001104fe7078a2d860997555a5353af4ef7bd38f6db?s=96&d=mm&r=g\",\"caption\":\"Albert\"},\"sameAs\":[\"https:\\\/\\\/www.comll.cat\"]}]}<\/script>\n<!-- \/ Yoast SEO plugin. -->","yoast_head_json":{"title":"El Programa d\u2019Atenci\u00f3 al Metges Malalt ha at\u00e8s el 2018 un total de 456 casos, dels quals 303 s\u00f3n de Catalunya - Col\u00b7legi Oficial de Metges de Lleida","robots":{"index":"index","follow":"follow","max-snippet":"max-snippet:-1","max-image-preview":"max-image-preview:large","max-video-preview":"max-video-preview:-1"},"canonical":"https:\/\/www.comll.cat\/es\/el-programa-datencio-al-metges-malalt-ha-ates-el-2018-un-total-de-456-casos-dels-quals-303-son-de-catalunya\/","og_locale":"es_ES","og_type":"article","og_title":"El Programa d\u2019Atenci\u00f3 al Metges Malalt ha at\u00e8s el 2018 un total de 456 casos, dels quals 303 s\u00f3n de Catalunya - Col\u00b7legi Oficial de Metges de Lleida","og_description":"&nbsp; El Programa d\u2019Atenci\u00f3 al Metges Malalt (PAIM) va atendre l\u2019any 2018 un total de 456 nous casos, dels quals...","og_url":"https:\/\/www.comll.cat\/es\/el-programa-datencio-al-metges-malalt-ha-ates-el-2018-un-total-de-456-casos-dels-quals-303-son-de-catalunya\/","og_site_name":"Col\u00b7legi Oficial de Metges de Lleida","article_published_time":"2019-10-02T10:17:49+00:00","author":"Albert","twitter_card":"summary_large_image","schema":{"@context":"https:\/\/schema.org","@graph":[{"@type":"Article","@id":"https:\/\/www.comll.cat\/es\/el-programa-datencio-al-metges-malalt-ha-ates-el-2018-un-total-de-456-casos-dels-quals-303-son-de-catalunya\/#article","isPartOf":{"@id":"https:\/\/www.comll.cat\/es\/el-programa-datencio-al-metges-malalt-ha-ates-el-2018-un-total-de-456-casos-dels-quals-303-son-de-catalunya\/"},"author":{"name":"Albert","@id":"https:\/\/www.comll.cat\/es\/#\/schema\/person\/1c7bc4d83b35a927d680cfe0ec9120e0"},"headline":"El Programa d\u2019Atenci\u00f3 al Metges Malalt ha at\u00e8s el 2018 un total de 456 casos, dels quals 303 s\u00f3n de Catalunya","datePublished":"2019-10-02T10:17:49+00:00","mainEntityOfPage":{"@id":"https:\/\/www.comll.cat\/es\/el-programa-datencio-al-metges-malalt-ha-ates-el-2018-un-total-de-456-casos-dels-quals-303-son-de-catalunya\/"},"wordCount":363,"articleSection":["Noticias"],"inLanguage":"es"},{"@type":"WebPage","@id":"https:\/\/www.comll.cat\/es\/el-programa-datencio-al-metges-malalt-ha-ates-el-2018-un-total-de-456-casos-dels-quals-303-son-de-catalunya\/","url":"https:\/\/www.comll.cat\/es\/el-programa-datencio-al-metges-malalt-ha-ates-el-2018-un-total-de-456-casos-dels-quals-303-son-de-catalunya\/","name":"El Programa d\u2019Atenci\u00f3 al Metges Malalt ha at\u00e8s el 2018 un total de 456 casos, dels quals 303 s\u00f3n de Catalunya - Col\u00b7legi Oficial de Metges de Lleida","isPartOf":{"@id":"https:\/\/www.comll.cat\/es\/#website"},"datePublished":"2019-10-02T10:17:49+00:00","author":{"@id":"https:\/\/www.comll.cat\/es\/#\/schema\/person\/1c7bc4d83b35a927d680cfe0ec9120e0"},"breadcrumb":{"@id":"https:\/\/www.comll.cat\/es\/el-programa-datencio-al-metges-malalt-ha-ates-el-2018-un-total-de-456-casos-dels-quals-303-son-de-catalunya\/#breadcrumb"},"inLanguage":"es","potentialAction":[{"@type":"ReadAction","target":["https:\/\/www.comll.cat\/es\/el-programa-datencio-al-metges-malalt-ha-ates-el-2018-un-total-de-456-casos-dels-quals-303-son-de-catalunya\/"]}]},{"@type":"BreadcrumbList","@id":"https:\/\/www.comll.cat\/es\/el-programa-datencio-al-metges-malalt-ha-ates-el-2018-un-total-de-456-casos-dels-quals-303-son-de-catalunya\/#breadcrumb","itemListElement":[{"@type":"ListItem","position":1,"name":"Portada","item":"https:\/\/www.comll.cat\/es\/"},{"@type":"ListItem","position":2,"name":"El Programa d\u2019Atenci\u00f3 al Metges Malalt ha at\u00e8s el 2018 un total de 456 casos, dels quals 303 s\u00f3n de Catalunya"}]},{"@type":"WebSite","@id":"https:\/\/www.comll.cat\/es\/#website","url":"https:\/\/www.comll.cat\/es\/","name":"Col\u00b7legi Oficial de Metges de Lleida","description":"COMLL","potentialAction":[{"@type":"SearchAction","target":{"@type":"EntryPoint","urlTemplate":"https:\/\/www.comll.cat\/es\/?s={search_term_string}"},"query-input":{"@type":"PropertyValueSpecification","valueRequired":true,"valueName":"search_term_string"}}],"inLanguage":"es"},{"@type":"Person","@id":"https:\/\/www.comll.cat\/es\/#\/schema\/person\/1c7bc4d83b35a927d680cfe0ec9120e0","name":"Albert","image":{"@type":"ImageObject","inLanguage":"es","@id":"https:\/\/secure.gravatar.com\/avatar\/c1261138a5e7882394bd9001104fe7078a2d860997555a5353af4ef7bd38f6db?s=96&d=mm&r=g","url":"https:\/\/secure.gravatar.com\/avatar\/c1261138a5e7882394bd9001104fe7078a2d860997555a5353af4ef7bd38f6db?s=96&d=mm&r=g","contentUrl":"https:\/\/secure.gravatar.com\/avatar\/c1261138a5e7882394bd9001104fe7078a2d860997555a5353af4ef7bd38f6db?s=96&d=mm&r=g","caption":"Albert"},"sameAs":["https:\/\/www.comll.cat"]}]}},"publishpress_future_action":{"enabled":false,"date":"2026-05-01 02:43:16","action":"change-status","newStatus":"draft","terms":[],"taxonomy":"category","extraData":[]},"publishpress_future_workflow_manual_trigger":{"enabledWorkflows":[]},"_links":{"self":[{"href":"https:\/\/www.comll.cat\/es\/wp-json\/wp\/v2\/posts\/819","targetHints":{"allow":["GET"]}}],"collection":[{"href":"https:\/\/www.comll.cat\/es\/wp-json\/wp\/v2\/posts"}],"about":[{"href":"https:\/\/www.comll.cat\/es\/wp-json\/wp\/v2\/types\/post"}],"author":[{"embeddable":true,"href":"https:\/\/www.comll.cat\/es\/wp-json\/wp\/v2\/users\/1"}],"replies":[{"embeddable":true,"href":"https:\/\/www.comll.cat\/es\/wp-json\/wp\/v2\/comments?post=819"}],"version-history":[{"count":0,"href":"https:\/\/www.comll.cat\/es\/wp-json\/wp\/v2\/posts\/819\/revisions"}],"wp:attachment":[{"href":"https:\/\/www.comll.cat\/es\/wp-json\/wp\/v2\/media?parent=819"}],"wp:term":[{"taxonomy":"category","embeddable":true,"href":"https:\/\/www.comll.cat\/es\/wp-json\/wp\/v2\/categories?post=819"},{"taxonomy":"post_tag","embeddable":true,"href":"https:\/\/www.comll.cat\/es\/wp-json\/wp\/v2\/tags?post=819"}],"curies":[{"name":"wp","href":"https:\/\/api.w.org\/{rel}","templated":true}]}}