{"id":811,"date":"2019-09-25T14:05:52","date_gmt":"2019-09-25T12:05:52","guid":{"rendered":"https:\/\/www.comll.cat\/comunicat-sobre-la-promocio-de-terapies-sense-evidencia-cientifica-i-advertiment-a-la-poblacio\/"},"modified":"2019-09-25T14:05:52","modified_gmt":"2019-09-25T12:05:52","slug":"comunicat-sobre-la-promocio-de-terapies-sense-evidencia-cientifica-i-advertiment-a-la-poblacio","status":"publish","type":"post","link":"https:\/\/www.comll.cat\/es\/comunicat-sobre-la-promocio-de-terapies-sense-evidencia-cientifica-i-advertiment-a-la-poblacio\/","title":{"rendered":"COMUNICAT SOBRE LA PROMOCI\u00d3 DE TER\u00c0PIES SENSE EVID\u00c8NCIA CIENT\u00cdFICA I ADVERTIMENT A LA POBLACI\u00d3"},"content":{"rendered":"<p>Davant l\u2019organitzaci\u00f3 a Balaguer de l\u2019anomenat congr\u00e9s <em>Salut censurada. Per la lliure elecci\u00f3 de ter\u00e0pies<\/em>, la Junta de Govern del Col\u00b7legi Oficial de Metges de Lleida (COMLL) reitera p\u00fablicament la seva condemna a les iniciatives que promouen la utilitzaci\u00f3 de ter\u00e0pies sense evid\u00e8ncia cient\u00edfica en el tractament de les malalties. Aquestes actuacions exclouen els tractaments convencionals i suposen una p\u00e8rdua d\u2019oportunitats que perjudiquen l\u2019evoluci\u00f3 de les persones malaltes.<\/p>\n<p>Per aquests motius, la Junta de Govern del COMLL manifesta el seu rebuig a aquestes activitats dites divulgatives i, en defensa de la salut de la ciutadania, ho ha posat en coneixement del Departament de Salut als efectes oportuns. Al mateix temps, recomana a la poblaci\u00f3 que desconfi\u00ef i s\u2019allunyi d\u2019aquestes ter\u00e0pies, que ofereixen curacions gaireb\u00e9 miraculoses com a alternativa a la pr\u00e0ctica m\u00e8dica basada en l\u2019evid\u00e8ncia cient\u00edfica i regida pel Codi de Deontologia de la professi\u00f3.<\/p>\n<p>\u00c9s evident que encara hi ha malalties de dif\u00edcil curaci\u00f3 o incurables. L\u2019\u00fanica soluci\u00f3 real i efica\u00e7 per eradicar-les \u00e9s la investigaci\u00f3 biom\u00e8dica. Per aix\u00f2, el Col\u00b7legi de Metges de Lleida rebutja l\u2019organitzaci\u00f3 d\u2019aquest congr\u00e9s aix\u00ed com altres activitats similars.<\/p>\n<p>El Col\u00b7legi recorda que el dret a la llibertat d\u2019expressi\u00f3 dels metges est\u00e0 condicionat pel Codi de Deontologia M\u00e8dica i per les normes de la bona praxi.<\/p>\n<p>&nbsp;<\/p>\n<p>Lleida, 25 de setembre de 2019<\/p>\n<p>&nbsp;<\/p>\n<hr \/>\n<p>&nbsp;<\/p>\n<p>Ante la organizaci\u00f3n en Balaguer del denominado congreso <em>Salud censurada. Por la libre elecci\u00f3n de terapias<\/em>, la Junta de Gobierno del Colegio Oficial de M\u00e9dicos de Lleida (COMLL) reitera publicamente su condena a las iniciativas que promueven la utilizaci\u00f3n de terapias sin evidencia cient\u00edfica en el tratamiento de las enfermedades. Estas actuaciones excluyen los tratamientos convencionales y suponen una p\u00e9rdida de oportunidades que perjudican la evoluci\u00f3n de las personas enfermas.<\/p>\n<p>Por estos motivos, la Junta de Govern del COMLL manifesta su rechazo a estas activitades denominadas divulgativas y, en defensa de la salud de la ciudadan\u00eda, las ha puesto en conocimiento del Departamento de Salud a los efectos oportunos. Al mismo tiempo, recomienda a la poblaci\u00f3n que desconf\u00ede y se aleje de estas terapias, que ofrecen curaciones casi milagrosas como alternativa a la pr\u00e1ctica m\u00e9dica basada en la evidencia cient\u00edfica y regida por el C\u00f3digo de Deontolog\u00eda de la profesi\u00f3n.<\/p>\n<p>Es evidente que todav\u00eda hay enfermedades de dif\u00edcil curaci\u00f3n o incurables. La \u00fanica soluci\u00f3n real y eficaz para erradicarlas es la investigaci\u00f3n biom\u00e9dica. Por ello, el Colegio de M\u00e9dicos de Lleida rechaza la organizaci\u00f3n de este congreso as\u00ed como otras actividades similares.<\/p>\n<p>El Colegio recuerda que el derecho a la libertad de expresi\u00f3n de los m\u00e9dicos est\u00e1 condicionado por el C\u00f3digo de Deontolog\u00eda M\u00e9dica y por las normas de la buena praxis.<\/p>\n<p>&nbsp;<\/p>\n<p>Lleida, 25 de setembre de 2019<\/p>\n","protected":false},"excerpt":{"rendered":"<p>Davant l\u2019organitzaci\u00f3 a Balaguer de l\u2019anomenat congr\u00e9s Salut censurada. Per la lliure elecci\u00f3 de ter\u00e0pies, la Junta de Govern del...<\/p>\n","protected":false},"author":1,"featured_media":812,"comment_status":"closed","ping_status":"closed","sticky":false,"template":"","format":"standard","meta":{"_acf_changed":false,"inline_featured_image":false,"footnotes":""},"categories":[18],"tags":[],"class_list":["post-811","post","type-post","status-publish","format-standard","has-post-thumbnail","hentry","category-noticias"],"acf":[],"yoast_head":"<!-- This site is optimized with the Yoast SEO plugin v27.5 - https:\/\/yoast.com\/product\/yoast-seo-wordpress\/ -->\n<title>COMUNICAT SOBRE LA PROMOCI\u00d3 DE TER\u00c0PIES SENSE EVID\u00c8NCIA CIENT\u00cdFICA I ADVERTIMENT A LA POBLACI\u00d3 - Col\u00b7legi Oficial de Metges de Lleida<\/title>\n<meta name=\"robots\" content=\"index, follow, max-snippet:-1, max-image-preview:large, max-video-preview:-1\" \/>\n<link rel=\"canonical\" href=\"https:\/\/www.comll.cat\/es\/comunicat-sobre-la-promocio-de-terapies-sense-evidencia-cientifica-i-advertiment-a-la-poblacio\/\" \/>\n<meta property=\"og:locale\" content=\"es_ES\" \/>\n<meta property=\"og:type\" content=\"article\" \/>\n<meta property=\"og:title\" content=\"COMUNICAT SOBRE LA PROMOCI\u00d3 DE TER\u00c0PIES SENSE EVID\u00c8NCIA CIENT\u00cdFICA I ADVERTIMENT A LA POBLACI\u00d3 - Col\u00b7legi Oficial de Metges de Lleida\" \/>\n<meta property=\"og:description\" content=\"Davant l\u2019organitzaci\u00f3 a Balaguer de l\u2019anomenat congr\u00e9s Salut censurada. Per la lliure elecci\u00f3 de ter\u00e0pies, la Junta de Govern del...\" \/>\n<meta property=\"og:url\" content=\"https:\/\/www.comll.cat\/es\/comunicat-sobre-la-promocio-de-terapies-sense-evidencia-cientifica-i-advertiment-a-la-poblacio\/\" \/>\n<meta property=\"og:site_name\" content=\"Col\u00b7legi Oficial de Metges de Lleida\" \/>\n<meta property=\"article:published_time\" content=\"2019-09-25T12:05:52+00:00\" \/>\n<meta property=\"og:image\" content=\"https:\/\/www.comll.cat\/es\/wp-content\/uploads\/sites\/3\/comunicat-oficial.png\" \/>\n\t<meta property=\"og:image:width\" content=\"1280\" \/>\n\t<meta property=\"og:image:height\" content=\"900\" \/>\n\t<meta property=\"og:image:type\" content=\"image\/png\" \/>\n<meta name=\"author\" content=\"Albert\" \/>\n<meta name=\"twitter:card\" content=\"summary_large_image\" \/>\n<script type=\"application\/ld+json\" class=\"yoast-schema-graph\">{\"@context\":\"https:\\\/\\\/schema.org\",\"@graph\":[{\"@type\":\"Article\",\"@id\":\"https:\\\/\\\/www.comll.cat\\\/es\\\/comunicat-sobre-la-promocio-de-terapies-sense-evidencia-cientifica-i-advertiment-a-la-poblacio\\\/#article\",\"isPartOf\":{\"@id\":\"https:\\\/\\\/www.comll.cat\\\/es\\\/comunicat-sobre-la-promocio-de-terapies-sense-evidencia-cientifica-i-advertiment-a-la-poblacio\\\/\"},\"author\":{\"name\":\"Albert\",\"@id\":\"https:\\\/\\\/www.comll.cat\\\/es\\\/#\\\/schema\\\/person\\\/1c7bc4d83b35a927d680cfe0ec9120e0\"},\"headline\":\"COMUNICAT SOBRE LA PROMOCI\u00d3 DE TER\u00c0PIES SENSE EVID\u00c8NCIA CIENT\u00cdFICA I ADVERTIMENT A LA POBLACI\u00d3\",\"datePublished\":\"2019-09-25T12:05:52+00:00\",\"mainEntityOfPage\":{\"@id\":\"https:\\\/\\\/www.comll.cat\\\/es\\\/comunicat-sobre-la-promocio-de-terapies-sense-evidencia-cientifica-i-advertiment-a-la-poblacio\\\/\"},\"wordCount\":522,\"image\":{\"@id\":\"https:\\\/\\\/www.comll.cat\\\/es\\\/comunicat-sobre-la-promocio-de-terapies-sense-evidencia-cientifica-i-advertiment-a-la-poblacio\\\/#primaryimage\"},\"thumbnailUrl\":\"https:\\\/\\\/www.comll.cat\\\/es\\\/wp-content\\\/uploads\\\/sites\\\/3\\\/comunicat-oficial.png\",\"articleSection\":[\"Noticias\"],\"inLanguage\":\"es\"},{\"@type\":\"WebPage\",\"@id\":\"https:\\\/\\\/www.comll.cat\\\/es\\\/comunicat-sobre-la-promocio-de-terapies-sense-evidencia-cientifica-i-advertiment-a-la-poblacio\\\/\",\"url\":\"https:\\\/\\\/www.comll.cat\\\/es\\\/comunicat-sobre-la-promocio-de-terapies-sense-evidencia-cientifica-i-advertiment-a-la-poblacio\\\/\",\"name\":\"COMUNICAT SOBRE LA PROMOCI\u00d3 DE TER\u00c0PIES SENSE EVID\u00c8NCIA CIENT\u00cdFICA I ADVERTIMENT A LA POBLACI\u00d3 - Col\u00b7legi Oficial de Metges de Lleida\",\"isPartOf\":{\"@id\":\"https:\\\/\\\/www.comll.cat\\\/es\\\/#website\"},\"primaryImageOfPage\":{\"@id\":\"https:\\\/\\\/www.comll.cat\\\/es\\\/comunicat-sobre-la-promocio-de-terapies-sense-evidencia-cientifica-i-advertiment-a-la-poblacio\\\/#primaryimage\"},\"image\":{\"@id\":\"https:\\\/\\\/www.comll.cat\\\/es\\\/comunicat-sobre-la-promocio-de-terapies-sense-evidencia-cientifica-i-advertiment-a-la-poblacio\\\/#primaryimage\"},\"thumbnailUrl\":\"https:\\\/\\\/www.comll.cat\\\/es\\\/wp-content\\\/uploads\\\/sites\\\/3\\\/comunicat-oficial.png\",\"datePublished\":\"2019-09-25T12:05:52+00:00\",\"author\":{\"@id\":\"https:\\\/\\\/www.comll.cat\\\/es\\\/#\\\/schema\\\/person\\\/1c7bc4d83b35a927d680cfe0ec9120e0\"},\"breadcrumb\":{\"@id\":\"https:\\\/\\\/www.comll.cat\\\/es\\\/comunicat-sobre-la-promocio-de-terapies-sense-evidencia-cientifica-i-advertiment-a-la-poblacio\\\/#breadcrumb\"},\"inLanguage\":\"es\",\"potentialAction\":[{\"@type\":\"ReadAction\",\"target\":[\"https:\\\/\\\/www.comll.cat\\\/es\\\/comunicat-sobre-la-promocio-de-terapies-sense-evidencia-cientifica-i-advertiment-a-la-poblacio\\\/\"]}]},{\"@type\":\"ImageObject\",\"inLanguage\":\"es\",\"@id\":\"https:\\\/\\\/www.comll.cat\\\/es\\\/comunicat-sobre-la-promocio-de-terapies-sense-evidencia-cientifica-i-advertiment-a-la-poblacio\\\/#primaryimage\",\"url\":\"https:\\\/\\\/www.comll.cat\\\/es\\\/wp-content\\\/uploads\\\/sites\\\/3\\\/comunicat-oficial.png\",\"contentUrl\":\"https:\\\/\\\/www.comll.cat\\\/es\\\/wp-content\\\/uploads\\\/sites\\\/3\\\/comunicat-oficial.png\",\"width\":1280,\"height\":900},{\"@type\":\"BreadcrumbList\",\"@id\":\"https:\\\/\\\/www.comll.cat\\\/es\\\/comunicat-sobre-la-promocio-de-terapies-sense-evidencia-cientifica-i-advertiment-a-la-poblacio\\\/#breadcrumb\",\"itemListElement\":[{\"@type\":\"ListItem\",\"position\":1,\"name\":\"Portada\",\"item\":\"https:\\\/\\\/www.comll.cat\\\/es\\\/\"},{\"@type\":\"ListItem\",\"position\":2,\"name\":\"COMUNICAT SOBRE LA PROMOCI\u00d3 DE TER\u00c0PIES SENSE EVID\u00c8NCIA CIENT\u00cdFICA I ADVERTIMENT A LA POBLACI\u00d3\"}]},{\"@type\":\"WebSite\",\"@id\":\"https:\\\/\\\/www.comll.cat\\\/es\\\/#website\",\"url\":\"https:\\\/\\\/www.comll.cat\\\/es\\\/\",\"name\":\"Col\u00b7legi Oficial de Metges de Lleida\",\"description\":\"COMLL\",\"potentialAction\":[{\"@type\":\"SearchAction\",\"target\":{\"@type\":\"EntryPoint\",\"urlTemplate\":\"https:\\\/\\\/www.comll.cat\\\/es\\\/?s={search_term_string}\"},\"query-input\":{\"@type\":\"PropertyValueSpecification\",\"valueRequired\":true,\"valueName\":\"search_term_string\"}}],\"inLanguage\":\"es\"},{\"@type\":\"Person\",\"@id\":\"https:\\\/\\\/www.comll.cat\\\/es\\\/#\\\/schema\\\/person\\\/1c7bc4d83b35a927d680cfe0ec9120e0\",\"name\":\"Albert\",\"image\":{\"@type\":\"ImageObject\",\"inLanguage\":\"es\",\"@id\":\"https:\\\/\\\/secure.gravatar.com\\\/avatar\\\/c1261138a5e7882394bd9001104fe7078a2d860997555a5353af4ef7bd38f6db?s=96&d=mm&r=g\",\"url\":\"https:\\\/\\\/secure.gravatar.com\\\/avatar\\\/c1261138a5e7882394bd9001104fe7078a2d860997555a5353af4ef7bd38f6db?s=96&d=mm&r=g\",\"contentUrl\":\"https:\\\/\\\/secure.gravatar.com\\\/avatar\\\/c1261138a5e7882394bd9001104fe7078a2d860997555a5353af4ef7bd38f6db?s=96&d=mm&r=g\",\"caption\":\"Albert\"},\"sameAs\":[\"https:\\\/\\\/www.comll.cat\"]}]}<\/script>\n<!-- \/ Yoast SEO plugin. -->","yoast_head_json":{"title":"COMUNICAT SOBRE LA PROMOCI\u00d3 DE TER\u00c0PIES SENSE EVID\u00c8NCIA CIENT\u00cdFICA I ADVERTIMENT A LA POBLACI\u00d3 - Col\u00b7legi Oficial de Metges de Lleida","robots":{"index":"index","follow":"follow","max-snippet":"max-snippet:-1","max-image-preview":"max-image-preview:large","max-video-preview":"max-video-preview:-1"},"canonical":"https:\/\/www.comll.cat\/es\/comunicat-sobre-la-promocio-de-terapies-sense-evidencia-cientifica-i-advertiment-a-la-poblacio\/","og_locale":"es_ES","og_type":"article","og_title":"COMUNICAT SOBRE LA PROMOCI\u00d3 DE TER\u00c0PIES SENSE EVID\u00c8NCIA CIENT\u00cdFICA I ADVERTIMENT A LA POBLACI\u00d3 - Col\u00b7legi Oficial de Metges de Lleida","og_description":"Davant l\u2019organitzaci\u00f3 a Balaguer de l\u2019anomenat congr\u00e9s Salut censurada. Per la lliure elecci\u00f3 de ter\u00e0pies, la Junta de Govern del...","og_url":"https:\/\/www.comll.cat\/es\/comunicat-sobre-la-promocio-de-terapies-sense-evidencia-cientifica-i-advertiment-a-la-poblacio\/","og_site_name":"Col\u00b7legi Oficial de Metges de Lleida","article_published_time":"2019-09-25T12:05:52+00:00","og_image":[{"width":1280,"height":900,"url":"https:\/\/www.comll.cat\/es\/wp-content\/uploads\/sites\/3\/comunicat-oficial.png","type":"image\/png"}],"author":"Albert","twitter_card":"summary_large_image","schema":{"@context":"https:\/\/schema.org","@graph":[{"@type":"Article","@id":"https:\/\/www.comll.cat\/es\/comunicat-sobre-la-promocio-de-terapies-sense-evidencia-cientifica-i-advertiment-a-la-poblacio\/#article","isPartOf":{"@id":"https:\/\/www.comll.cat\/es\/comunicat-sobre-la-promocio-de-terapies-sense-evidencia-cientifica-i-advertiment-a-la-poblacio\/"},"author":{"name":"Albert","@id":"https:\/\/www.comll.cat\/es\/#\/schema\/person\/1c7bc4d83b35a927d680cfe0ec9120e0"},"headline":"COMUNICAT SOBRE LA PROMOCI\u00d3 DE TER\u00c0PIES SENSE EVID\u00c8NCIA CIENT\u00cdFICA I ADVERTIMENT A LA POBLACI\u00d3","datePublished":"2019-09-25T12:05:52+00:00","mainEntityOfPage":{"@id":"https:\/\/www.comll.cat\/es\/comunicat-sobre-la-promocio-de-terapies-sense-evidencia-cientifica-i-advertiment-a-la-poblacio\/"},"wordCount":522,"image":{"@id":"https:\/\/www.comll.cat\/es\/comunicat-sobre-la-promocio-de-terapies-sense-evidencia-cientifica-i-advertiment-a-la-poblacio\/#primaryimage"},"thumbnailUrl":"https:\/\/www.comll.cat\/es\/wp-content\/uploads\/sites\/3\/comunicat-oficial.png","articleSection":["Noticias"],"inLanguage":"es"},{"@type":"WebPage","@id":"https:\/\/www.comll.cat\/es\/comunicat-sobre-la-promocio-de-terapies-sense-evidencia-cientifica-i-advertiment-a-la-poblacio\/","url":"https:\/\/www.comll.cat\/es\/comunicat-sobre-la-promocio-de-terapies-sense-evidencia-cientifica-i-advertiment-a-la-poblacio\/","name":"COMUNICAT SOBRE LA PROMOCI\u00d3 DE TER\u00c0PIES SENSE EVID\u00c8NCIA CIENT\u00cdFICA I ADVERTIMENT A LA POBLACI\u00d3 - Col\u00b7legi Oficial de Metges de Lleida","isPartOf":{"@id":"https:\/\/www.comll.cat\/es\/#website"},"primaryImageOfPage":{"@id":"https:\/\/www.comll.cat\/es\/comunicat-sobre-la-promocio-de-terapies-sense-evidencia-cientifica-i-advertiment-a-la-poblacio\/#primaryimage"},"image":{"@id":"https:\/\/www.comll.cat\/es\/comunicat-sobre-la-promocio-de-terapies-sense-evidencia-cientifica-i-advertiment-a-la-poblacio\/#primaryimage"},"thumbnailUrl":"https:\/\/www.comll.cat\/es\/wp-content\/uploads\/sites\/3\/comunicat-oficial.png","datePublished":"2019-09-25T12:05:52+00:00","author":{"@id":"https:\/\/www.comll.cat\/es\/#\/schema\/person\/1c7bc4d83b35a927d680cfe0ec9120e0"},"breadcrumb":{"@id":"https:\/\/www.comll.cat\/es\/comunicat-sobre-la-promocio-de-terapies-sense-evidencia-cientifica-i-advertiment-a-la-poblacio\/#breadcrumb"},"inLanguage":"es","potentialAction":[{"@type":"ReadAction","target":["https:\/\/www.comll.cat\/es\/comunicat-sobre-la-promocio-de-terapies-sense-evidencia-cientifica-i-advertiment-a-la-poblacio\/"]}]},{"@type":"ImageObject","inLanguage":"es","@id":"https:\/\/www.comll.cat\/es\/comunicat-sobre-la-promocio-de-terapies-sense-evidencia-cientifica-i-advertiment-a-la-poblacio\/#primaryimage","url":"https:\/\/www.comll.cat\/es\/wp-content\/uploads\/sites\/3\/comunicat-oficial.png","contentUrl":"https:\/\/www.comll.cat\/es\/wp-content\/uploads\/sites\/3\/comunicat-oficial.png","width":1280,"height":900},{"@type":"BreadcrumbList","@id":"https:\/\/www.comll.cat\/es\/comunicat-sobre-la-promocio-de-terapies-sense-evidencia-cientifica-i-advertiment-a-la-poblacio\/#breadcrumb","itemListElement":[{"@type":"ListItem","position":1,"name":"Portada","item":"https:\/\/www.comll.cat\/es\/"},{"@type":"ListItem","position":2,"name":"COMUNICAT SOBRE LA PROMOCI\u00d3 DE TER\u00c0PIES SENSE EVID\u00c8NCIA CIENT\u00cdFICA I ADVERTIMENT A LA POBLACI\u00d3"}]},{"@type":"WebSite","@id":"https:\/\/www.comll.cat\/es\/#website","url":"https:\/\/www.comll.cat\/es\/","name":"Col\u00b7legi Oficial de Metges de Lleida","description":"COMLL","potentialAction":[{"@type":"SearchAction","target":{"@type":"EntryPoint","urlTemplate":"https:\/\/www.comll.cat\/es\/?s={search_term_string}"},"query-input":{"@type":"PropertyValueSpecification","valueRequired":true,"valueName":"search_term_string"}}],"inLanguage":"es"},{"@type":"Person","@id":"https:\/\/www.comll.cat\/es\/#\/schema\/person\/1c7bc4d83b35a927d680cfe0ec9120e0","name":"Albert","image":{"@type":"ImageObject","inLanguage":"es","@id":"https:\/\/secure.gravatar.com\/avatar\/c1261138a5e7882394bd9001104fe7078a2d860997555a5353af4ef7bd38f6db?s=96&d=mm&r=g","url":"https:\/\/secure.gravatar.com\/avatar\/c1261138a5e7882394bd9001104fe7078a2d860997555a5353af4ef7bd38f6db?s=96&d=mm&r=g","contentUrl":"https:\/\/secure.gravatar.com\/avatar\/c1261138a5e7882394bd9001104fe7078a2d860997555a5353af4ef7bd38f6db?s=96&d=mm&r=g","caption":"Albert"},"sameAs":["https:\/\/www.comll.cat"]}]}},"publishpress_future_action":{"enabled":false,"date":"2026-05-02 05:55:11","action":"change-status","newStatus":"draft","terms":[],"taxonomy":"category","extraData":[]},"publishpress_future_workflow_manual_trigger":{"enabledWorkflows":[]},"_links":{"self":[{"href":"https:\/\/www.comll.cat\/es\/wp-json\/wp\/v2\/posts\/811","targetHints":{"allow":["GET"]}}],"collection":[{"href":"https:\/\/www.comll.cat\/es\/wp-json\/wp\/v2\/posts"}],"about":[{"href":"https:\/\/www.comll.cat\/es\/wp-json\/wp\/v2\/types\/post"}],"author":[{"embeddable":true,"href":"https:\/\/www.comll.cat\/es\/wp-json\/wp\/v2\/users\/1"}],"replies":[{"embeddable":true,"href":"https:\/\/www.comll.cat\/es\/wp-json\/wp\/v2\/comments?post=811"}],"version-history":[{"count":0,"href":"https:\/\/www.comll.cat\/es\/wp-json\/wp\/v2\/posts\/811\/revisions"}],"wp:featuredmedia":[{"embeddable":true,"href":"https:\/\/www.comll.cat\/es\/wp-json\/wp\/v2\/media\/812"}],"wp:attachment":[{"href":"https:\/\/www.comll.cat\/es\/wp-json\/wp\/v2\/media?parent=811"}],"wp:term":[{"taxonomy":"category","embeddable":true,"href":"https:\/\/www.comll.cat\/es\/wp-json\/wp\/v2\/categories?post=811"},{"taxonomy":"post_tag","embeddable":true,"href":"https:\/\/www.comll.cat\/es\/wp-json\/wp\/v2\/tags?post=811"}],"curies":[{"name":"wp","href":"https:\/\/api.w.org\/{rel}","templated":true}]}}