{"id":791,"date":"2019-09-03T16:04:44","date_gmt":"2019-09-03T14:04:44","guid":{"rendered":"https:\/\/www.comll.cat\/inici-dels-cursos-dangles-pre-intermediate-i-advance-els-dies-7-i-8-doctubre-al-collegi-de-metges-de-lleida\/"},"modified":"2019-09-03T16:04:44","modified_gmt":"2019-09-03T14:04:44","slug":"inici-dels-cursos-dangles-pre-intermediate-i-advance-els-dies-7-i-8-doctubre-al-collegi-de-metges-de-lleida","status":"publish","type":"post","link":"https:\/\/www.comll.cat\/es\/inici-dels-cursos-dangles-pre-intermediate-i-advance-els-dies-7-i-8-doctubre-al-collegi-de-metges-de-lleida\/","title":{"rendered":"Inici dels cursos d\u2019angl\u00e8s \u201cPre-intermediate\u201d i \u201cAdvance\u201d els dies 7 i 8 d\u2019octubre al Col\u00b7legi de Metges de Lleida"},"content":{"rendered":"<p>El Col\u00b7legi Oficial de Metges de Lleida organitza de nou els cursos d\u2019angl\u00e8s dels nivells <em>Pre-intermediate<\/em> i <em>Advance<\/em>. La professora Teresa L\u00f3pez Gistau impartir\u00e0 els cursos. L\u00f3pez Gistau \u00e9s traductora int\u00e8rpret per la Universitat Aut\u00f2noma de Barcelona amb \u00e0mplia experi\u00e8ncia en l\u2019ensenyament de l\u2019angl\u00e8s, i experi\u00e8ncia com a traductora int\u00e8rpret. Tamb\u00e9 est\u00e0 especialitzada en traducci\u00f3 i correcci\u00f3 de textos cient\u00edfics<\/p>\n<p>El curs d\u2019angl\u00e8s <em>Pre-intermediate<\/em> comen\u00e7ar\u00e0 el proper 7 d\u2019octubre i finalitzar\u00e0 el 8 de juny de 2020. Les classes tindran lloc cada dilluns, excepte els dies festius, de les 17.45 a les 19.15 hores, a la Sala d\u2019Actes de la seu col\u00b7legial.<\/p>\n<p>El curs <em>Advance<\/em> s\u2019iniciar\u00e0 el proper 8 d\u2019octubre i acabar\u00e0 el 9 de juny de 2020. Les classes es faran els dimarts, excepci\u00f3 feta dels festius, de les 17.45 a les 19.15 hores, tamb\u00e9 a la Sala d\u2019Actes de la seu col\u00b7legial.<\/p>\n<p>Inscripcions, a <a href=\"mailto:comll@comll.cat\">comll@comll.cat<\/a>.<\/p>\n","protected":false},"excerpt":{"rendered":"<p>El Col\u00b7legi Oficial de Metges de Lleida organitza de nou els cursos d\u2019angl\u00e8s dels nivells Pre-intermediate i Advance. La professora...<\/p>\n","protected":false},"author":1,"featured_media":0,"comment_status":"closed","ping_status":"closed","sticky":false,"template":"","format":"standard","meta":{"_acf_changed":false,"inline_featured_image":false,"footnotes":""},"categories":[18],"tags":[],"class_list":["post-791","post","type-post","status-publish","format-standard","hentry","category-noticias"],"acf":[],"yoast_head":"<!-- This site is optimized with the Yoast SEO plugin v27.5 - https:\/\/yoast.com\/product\/yoast-seo-wordpress\/ -->\n<title>Inici dels cursos d\u2019angl\u00e8s \u201cPre-intermediate\u201d i \u201cAdvance\u201d els dies 7 i 8 d\u2019octubre al Col\u00b7legi de Metges de Lleida - Col\u00b7legi Oficial de Metges de Lleida<\/title>\n<meta name=\"robots\" content=\"index, follow, max-snippet:-1, max-image-preview:large, max-video-preview:-1\" \/>\n<link rel=\"canonical\" href=\"https:\/\/www.comll.cat\/es\/inici-dels-cursos-dangles-pre-intermediate-i-advance-els-dies-7-i-8-doctubre-al-collegi-de-metges-de-lleida\/\" \/>\n<meta property=\"og:locale\" content=\"es_ES\" \/>\n<meta property=\"og:type\" content=\"article\" \/>\n<meta property=\"og:title\" content=\"Inici dels cursos d\u2019angl\u00e8s \u201cPre-intermediate\u201d i \u201cAdvance\u201d els dies 7 i 8 d\u2019octubre al Col\u00b7legi de Metges de Lleida - Col\u00b7legi Oficial de Metges de Lleida\" \/>\n<meta property=\"og:description\" content=\"El Col\u00b7legi Oficial de Metges de Lleida organitza de nou els cursos d\u2019angl\u00e8s dels nivells Pre-intermediate i Advance. La professora...\" \/>\n<meta property=\"og:url\" content=\"https:\/\/www.comll.cat\/es\/inici-dels-cursos-dangles-pre-intermediate-i-advance-els-dies-7-i-8-doctubre-al-collegi-de-metges-de-lleida\/\" \/>\n<meta property=\"og:site_name\" content=\"Col\u00b7legi Oficial de Metges de Lleida\" \/>\n<meta property=\"article:published_time\" content=\"2019-09-03T14:04:44+00:00\" \/>\n<meta name=\"author\" content=\"Albert\" \/>\n<meta name=\"twitter:card\" content=\"summary_large_image\" \/>\n<script type=\"application\/ld+json\" class=\"yoast-schema-graph\">{\"@context\":\"https:\\\/\\\/schema.org\",\"@graph\":[{\"@type\":\"Article\",\"@id\":\"https:\\\/\\\/www.comll.cat\\\/es\\\/inici-dels-cursos-dangles-pre-intermediate-i-advance-els-dies-7-i-8-doctubre-al-collegi-de-metges-de-lleida\\\/#article\",\"isPartOf\":{\"@id\":\"https:\\\/\\\/www.comll.cat\\\/es\\\/inici-dels-cursos-dangles-pre-intermediate-i-advance-els-dies-7-i-8-doctubre-al-collegi-de-metges-de-lleida\\\/\"},\"author\":{\"name\":\"Albert\",\"@id\":\"https:\\\/\\\/www.comll.cat\\\/es\\\/#\\\/schema\\\/person\\\/1c7bc4d83b35a927d680cfe0ec9120e0\"},\"headline\":\"Inici dels cursos d\u2019angl\u00e8s \u201cPre-intermediate\u201d i \u201cAdvance\u201d els dies 7 i 8 d\u2019octubre al Col\u00b7legi de Metges de Lleida\",\"datePublished\":\"2019-09-03T14:04:44+00:00\",\"mainEntityOfPage\":{\"@id\":\"https:\\\/\\\/www.comll.cat\\\/es\\\/inici-dels-cursos-dangles-pre-intermediate-i-advance-els-dies-7-i-8-doctubre-al-collegi-de-metges-de-lleida\\\/\"},\"wordCount\":184,\"articleSection\":[\"Noticias\"],\"inLanguage\":\"es\"},{\"@type\":\"WebPage\",\"@id\":\"https:\\\/\\\/www.comll.cat\\\/es\\\/inici-dels-cursos-dangles-pre-intermediate-i-advance-els-dies-7-i-8-doctubre-al-collegi-de-metges-de-lleida\\\/\",\"url\":\"https:\\\/\\\/www.comll.cat\\\/es\\\/inici-dels-cursos-dangles-pre-intermediate-i-advance-els-dies-7-i-8-doctubre-al-collegi-de-metges-de-lleida\\\/\",\"name\":\"Inici dels cursos d\u2019angl\u00e8s \u201cPre-intermediate\u201d i \u201cAdvance\u201d els dies 7 i 8 d\u2019octubre al Col\u00b7legi de Metges de Lleida - Col\u00b7legi Oficial de Metges de Lleida\",\"isPartOf\":{\"@id\":\"https:\\\/\\\/www.comll.cat\\\/es\\\/#website\"},\"datePublished\":\"2019-09-03T14:04:44+00:00\",\"author\":{\"@id\":\"https:\\\/\\\/www.comll.cat\\\/es\\\/#\\\/schema\\\/person\\\/1c7bc4d83b35a927d680cfe0ec9120e0\"},\"breadcrumb\":{\"@id\":\"https:\\\/\\\/www.comll.cat\\\/es\\\/inici-dels-cursos-dangles-pre-intermediate-i-advance-els-dies-7-i-8-doctubre-al-collegi-de-metges-de-lleida\\\/#breadcrumb\"},\"inLanguage\":\"es\",\"potentialAction\":[{\"@type\":\"ReadAction\",\"target\":[\"https:\\\/\\\/www.comll.cat\\\/es\\\/inici-dels-cursos-dangles-pre-intermediate-i-advance-els-dies-7-i-8-doctubre-al-collegi-de-metges-de-lleida\\\/\"]}]},{\"@type\":\"BreadcrumbList\",\"@id\":\"https:\\\/\\\/www.comll.cat\\\/es\\\/inici-dels-cursos-dangles-pre-intermediate-i-advance-els-dies-7-i-8-doctubre-al-collegi-de-metges-de-lleida\\\/#breadcrumb\",\"itemListElement\":[{\"@type\":\"ListItem\",\"position\":1,\"name\":\"Portada\",\"item\":\"https:\\\/\\\/www.comll.cat\\\/es\\\/\"},{\"@type\":\"ListItem\",\"position\":2,\"name\":\"Inici dels cursos d\u2019angl\u00e8s \u201cPre-intermediate\u201d i \u201cAdvance\u201d els dies 7 i 8 d\u2019octubre al Col\u00b7legi de Metges de Lleida\"}]},{\"@type\":\"WebSite\",\"@id\":\"https:\\\/\\\/www.comll.cat\\\/es\\\/#website\",\"url\":\"https:\\\/\\\/www.comll.cat\\\/es\\\/\",\"name\":\"Col\u00b7legi Oficial de Metges de Lleida\",\"description\":\"COMLL\",\"potentialAction\":[{\"@type\":\"SearchAction\",\"target\":{\"@type\":\"EntryPoint\",\"urlTemplate\":\"https:\\\/\\\/www.comll.cat\\\/es\\\/?s={search_term_string}\"},\"query-input\":{\"@type\":\"PropertyValueSpecification\",\"valueRequired\":true,\"valueName\":\"search_term_string\"}}],\"inLanguage\":\"es\"},{\"@type\":\"Person\",\"@id\":\"https:\\\/\\\/www.comll.cat\\\/es\\\/#\\\/schema\\\/person\\\/1c7bc4d83b35a927d680cfe0ec9120e0\",\"name\":\"Albert\",\"image\":{\"@type\":\"ImageObject\",\"inLanguage\":\"es\",\"@id\":\"https:\\\/\\\/secure.gravatar.com\\\/avatar\\\/c1261138a5e7882394bd9001104fe7078a2d860997555a5353af4ef7bd38f6db?s=96&d=mm&r=g\",\"url\":\"https:\\\/\\\/secure.gravatar.com\\\/avatar\\\/c1261138a5e7882394bd9001104fe7078a2d860997555a5353af4ef7bd38f6db?s=96&d=mm&r=g\",\"contentUrl\":\"https:\\\/\\\/secure.gravatar.com\\\/avatar\\\/c1261138a5e7882394bd9001104fe7078a2d860997555a5353af4ef7bd38f6db?s=96&d=mm&r=g\",\"caption\":\"Albert\"},\"sameAs\":[\"https:\\\/\\\/www.comll.cat\"]}]}<\/script>\n<!-- \/ Yoast SEO plugin. -->","yoast_head_json":{"title":"Inici dels cursos d\u2019angl\u00e8s \u201cPre-intermediate\u201d i \u201cAdvance\u201d els dies 7 i 8 d\u2019octubre al Col\u00b7legi de Metges de Lleida - Col\u00b7legi Oficial de Metges de Lleida","robots":{"index":"index","follow":"follow","max-snippet":"max-snippet:-1","max-image-preview":"max-image-preview:large","max-video-preview":"max-video-preview:-1"},"canonical":"https:\/\/www.comll.cat\/es\/inici-dels-cursos-dangles-pre-intermediate-i-advance-els-dies-7-i-8-doctubre-al-collegi-de-metges-de-lleida\/","og_locale":"es_ES","og_type":"article","og_title":"Inici dels cursos d\u2019angl\u00e8s \u201cPre-intermediate\u201d i \u201cAdvance\u201d els dies 7 i 8 d\u2019octubre al Col\u00b7legi de Metges de Lleida - Col\u00b7legi Oficial de Metges de Lleida","og_description":"El Col\u00b7legi Oficial de Metges de Lleida organitza de nou els cursos d\u2019angl\u00e8s dels nivells Pre-intermediate i Advance. La professora...","og_url":"https:\/\/www.comll.cat\/es\/inici-dels-cursos-dangles-pre-intermediate-i-advance-els-dies-7-i-8-doctubre-al-collegi-de-metges-de-lleida\/","og_site_name":"Col\u00b7legi Oficial de Metges de Lleida","article_published_time":"2019-09-03T14:04:44+00:00","author":"Albert","twitter_card":"summary_large_image","schema":{"@context":"https:\/\/schema.org","@graph":[{"@type":"Article","@id":"https:\/\/www.comll.cat\/es\/inici-dels-cursos-dangles-pre-intermediate-i-advance-els-dies-7-i-8-doctubre-al-collegi-de-metges-de-lleida\/#article","isPartOf":{"@id":"https:\/\/www.comll.cat\/es\/inici-dels-cursos-dangles-pre-intermediate-i-advance-els-dies-7-i-8-doctubre-al-collegi-de-metges-de-lleida\/"},"author":{"name":"Albert","@id":"https:\/\/www.comll.cat\/es\/#\/schema\/person\/1c7bc4d83b35a927d680cfe0ec9120e0"},"headline":"Inici dels cursos d\u2019angl\u00e8s \u201cPre-intermediate\u201d i \u201cAdvance\u201d els dies 7 i 8 d\u2019octubre al Col\u00b7legi de Metges de Lleida","datePublished":"2019-09-03T14:04:44+00:00","mainEntityOfPage":{"@id":"https:\/\/www.comll.cat\/es\/inici-dels-cursos-dangles-pre-intermediate-i-advance-els-dies-7-i-8-doctubre-al-collegi-de-metges-de-lleida\/"},"wordCount":184,"articleSection":["Noticias"],"inLanguage":"es"},{"@type":"WebPage","@id":"https:\/\/www.comll.cat\/es\/inici-dels-cursos-dangles-pre-intermediate-i-advance-els-dies-7-i-8-doctubre-al-collegi-de-metges-de-lleida\/","url":"https:\/\/www.comll.cat\/es\/inici-dels-cursos-dangles-pre-intermediate-i-advance-els-dies-7-i-8-doctubre-al-collegi-de-metges-de-lleida\/","name":"Inici dels cursos d\u2019angl\u00e8s \u201cPre-intermediate\u201d i \u201cAdvance\u201d els dies 7 i 8 d\u2019octubre al Col\u00b7legi de Metges de Lleida - Col\u00b7legi Oficial de Metges de Lleida","isPartOf":{"@id":"https:\/\/www.comll.cat\/es\/#website"},"datePublished":"2019-09-03T14:04:44+00:00","author":{"@id":"https:\/\/www.comll.cat\/es\/#\/schema\/person\/1c7bc4d83b35a927d680cfe0ec9120e0"},"breadcrumb":{"@id":"https:\/\/www.comll.cat\/es\/inici-dels-cursos-dangles-pre-intermediate-i-advance-els-dies-7-i-8-doctubre-al-collegi-de-metges-de-lleida\/#breadcrumb"},"inLanguage":"es","potentialAction":[{"@type":"ReadAction","target":["https:\/\/www.comll.cat\/es\/inici-dels-cursos-dangles-pre-intermediate-i-advance-els-dies-7-i-8-doctubre-al-collegi-de-metges-de-lleida\/"]}]},{"@type":"BreadcrumbList","@id":"https:\/\/www.comll.cat\/es\/inici-dels-cursos-dangles-pre-intermediate-i-advance-els-dies-7-i-8-doctubre-al-collegi-de-metges-de-lleida\/#breadcrumb","itemListElement":[{"@type":"ListItem","position":1,"name":"Portada","item":"https:\/\/www.comll.cat\/es\/"},{"@type":"ListItem","position":2,"name":"Inici dels cursos d\u2019angl\u00e8s \u201cPre-intermediate\u201d i \u201cAdvance\u201d els dies 7 i 8 d\u2019octubre al Col\u00b7legi de Metges de Lleida"}]},{"@type":"WebSite","@id":"https:\/\/www.comll.cat\/es\/#website","url":"https:\/\/www.comll.cat\/es\/","name":"Col\u00b7legi Oficial de Metges de Lleida","description":"COMLL","potentialAction":[{"@type":"SearchAction","target":{"@type":"EntryPoint","urlTemplate":"https:\/\/www.comll.cat\/es\/?s={search_term_string}"},"query-input":{"@type":"PropertyValueSpecification","valueRequired":true,"valueName":"search_term_string"}}],"inLanguage":"es"},{"@type":"Person","@id":"https:\/\/www.comll.cat\/es\/#\/schema\/person\/1c7bc4d83b35a927d680cfe0ec9120e0","name":"Albert","image":{"@type":"ImageObject","inLanguage":"es","@id":"https:\/\/secure.gravatar.com\/avatar\/c1261138a5e7882394bd9001104fe7078a2d860997555a5353af4ef7bd38f6db?s=96&d=mm&r=g","url":"https:\/\/secure.gravatar.com\/avatar\/c1261138a5e7882394bd9001104fe7078a2d860997555a5353af4ef7bd38f6db?s=96&d=mm&r=g","contentUrl":"https:\/\/secure.gravatar.com\/avatar\/c1261138a5e7882394bd9001104fe7078a2d860997555a5353af4ef7bd38f6db?s=96&d=mm&r=g","caption":"Albert"},"sameAs":["https:\/\/www.comll.cat"]}]}},"publishpress_future_action":{"enabled":false,"date":"2026-04-29 16:39:41","action":"change-status","newStatus":"draft","terms":[],"taxonomy":"category","extraData":[]},"publishpress_future_workflow_manual_trigger":{"enabledWorkflows":[]},"_links":{"self":[{"href":"https:\/\/www.comll.cat\/es\/wp-json\/wp\/v2\/posts\/791","targetHints":{"allow":["GET"]}}],"collection":[{"href":"https:\/\/www.comll.cat\/es\/wp-json\/wp\/v2\/posts"}],"about":[{"href":"https:\/\/www.comll.cat\/es\/wp-json\/wp\/v2\/types\/post"}],"author":[{"embeddable":true,"href":"https:\/\/www.comll.cat\/es\/wp-json\/wp\/v2\/users\/1"}],"replies":[{"embeddable":true,"href":"https:\/\/www.comll.cat\/es\/wp-json\/wp\/v2\/comments?post=791"}],"version-history":[{"count":0,"href":"https:\/\/www.comll.cat\/es\/wp-json\/wp\/v2\/posts\/791\/revisions"}],"wp:attachment":[{"href":"https:\/\/www.comll.cat\/es\/wp-json\/wp\/v2\/media?parent=791"}],"wp:term":[{"taxonomy":"category","embeddable":true,"href":"https:\/\/www.comll.cat\/es\/wp-json\/wp\/v2\/categories?post=791"},{"taxonomy":"post_tag","embeddable":true,"href":"https:\/\/www.comll.cat\/es\/wp-json\/wp\/v2\/tags?post=791"}],"curies":[{"name":"wp","href":"https:\/\/api.w.org\/{rel}","templated":true}]}}