{"id":776,"date":"2019-08-01T10:41:18","date_gmt":"2019-08-01T08:41:18","guid":{"rendered":"https:\/\/www.comll.cat\/one-day-on-top-highlights-in-pancreatic-adenocarcinoma-pdac-barcelona-pdac-meeting-2019-el-4-doctubre\/"},"modified":"2019-08-01T10:41:18","modified_gmt":"2019-08-01T08:41:18","slug":"one-day-on-top-highlights-in-pancreatic-adenocarcinoma-pdac-barcelona-pdac-meeting-2019-el-4-doctubre","status":"publish","type":"post","link":"https:\/\/www.comll.cat\/es\/one-day-on-top-highlights-in-pancreatic-adenocarcinoma-pdac-barcelona-pdac-meeting-2019-el-4-doctubre\/","title":{"rendered":"One day on \u201cTop highlights\u201d in Pancreatic adenocarcinoma (PDAC) Barcelona PDAC Meeting 2019, el 4 d\u2019octubre"},"content":{"rendered":"<p>L\u2019Hospital Vall d\u2019Hebron organitza <em>One day on \u201cTop highlights\u201d in Pancreatic adenocarcinoma (PDAC) Barcelona PDAC Meeting 2019, <\/em>que tindr\u00e0 lloc el 4 d\u2019octubre, de les 9.00 a les 17.20 hores, a la seva sala d\u2019actes. Els directors de la jornada s\u00f3n el Dr. Joaquin Balcells, del Servei de Cirurgia HBP i Trasplantaments; la Dra. Teresa Macarulla, del Servei d\u2019Oncologia, i la Dra. Elisabeth Pando, del Servei de Cirurgia HBP i Trasplantaments.<\/p>\n<p>Els objectius del curs s\u00f3n con\u00e8ixer l\u2019estat actual del diagn\u00f2stic i tractament de la neopl\u00e0sia de p\u00e0ncrees, identificar els candidats susceptibles de ser tractats amb les diferents opcions terap\u00e8utiques, con\u00e8ixer l\u2019estat actual de les t\u00e8cniques de cirurgia m\u00ednimament invasiva i rob\u00f2tica i aprofundir en el tipus de ter\u00e0pies ablatives en pacients amb neopl\u00e0sia avan\u00e7ada.<\/p>\n<p>M\u00e9s informaci\u00f3 i inscripcions, a <a href=\"http:\/\/www.aulavhebron.net\/aula\/index.php?go=info_cursos&amp;curso=248&amp;idioma=es\">http:\/\/www.aulavhebron.net\/aula\/index.php?go=info_cursos&amp;curso=248&amp;idioma=es<\/a>.<\/p>\n","protected":false},"excerpt":{"rendered":"<p>L\u2019Hospital Vall d\u2019Hebron organitza One day on \u201cTop highlights\u201d in Pancreatic adenocarcinoma (PDAC) Barcelona PDAC Meeting 2019, que tindr\u00e0 lloc...<\/p>\n","protected":false},"author":1,"featured_media":0,"comment_status":"closed","ping_status":"closed","sticky":false,"template":"","format":"standard","meta":{"_acf_changed":false,"inline_featured_image":false,"footnotes":""},"categories":[18],"tags":[],"class_list":["post-776","post","type-post","status-publish","format-standard","hentry","category-noticias"],"acf":[],"yoast_head":"<!-- This site is optimized with the Yoast SEO plugin v27.5 - https:\/\/yoast.com\/product\/yoast-seo-wordpress\/ -->\n<title>One day on \u201cTop highlights\u201d in Pancreatic adenocarcinoma (PDAC) Barcelona PDAC Meeting 2019, el 4 d\u2019octubre - Col\u00b7legi Oficial de Metges de Lleida<\/title>\n<meta name=\"robots\" content=\"index, follow, max-snippet:-1, max-image-preview:large, max-video-preview:-1\" \/>\n<link rel=\"canonical\" href=\"https:\/\/www.comll.cat\/es\/one-day-on-top-highlights-in-pancreatic-adenocarcinoma-pdac-barcelona-pdac-meeting-2019-el-4-doctubre\/\" \/>\n<meta property=\"og:locale\" content=\"es_ES\" \/>\n<meta property=\"og:type\" content=\"article\" \/>\n<meta property=\"og:title\" content=\"One day on \u201cTop highlights\u201d in Pancreatic adenocarcinoma (PDAC) Barcelona PDAC Meeting 2019, el 4 d\u2019octubre - Col\u00b7legi Oficial de Metges de Lleida\" \/>\n<meta property=\"og:description\" content=\"L\u2019Hospital Vall d\u2019Hebron organitza One day on \u201cTop highlights\u201d in Pancreatic adenocarcinoma (PDAC) Barcelona PDAC Meeting 2019, que tindr\u00e0 lloc...\" \/>\n<meta property=\"og:url\" content=\"https:\/\/www.comll.cat\/es\/one-day-on-top-highlights-in-pancreatic-adenocarcinoma-pdac-barcelona-pdac-meeting-2019-el-4-doctubre\/\" \/>\n<meta property=\"og:site_name\" content=\"Col\u00b7legi Oficial de Metges de Lleida\" \/>\n<meta property=\"article:published_time\" content=\"2019-08-01T08:41:18+00:00\" \/>\n<meta name=\"author\" content=\"Albert\" \/>\n<meta name=\"twitter:card\" content=\"summary_large_image\" \/>\n<script type=\"application\/ld+json\" class=\"yoast-schema-graph\">{\"@context\":\"https:\\\/\\\/schema.org\",\"@graph\":[{\"@type\":\"Article\",\"@id\":\"https:\\\/\\\/www.comll.cat\\\/es\\\/one-day-on-top-highlights-in-pancreatic-adenocarcinoma-pdac-barcelona-pdac-meeting-2019-el-4-doctubre\\\/#article\",\"isPartOf\":{\"@id\":\"https:\\\/\\\/www.comll.cat\\\/es\\\/one-day-on-top-highlights-in-pancreatic-adenocarcinoma-pdac-barcelona-pdac-meeting-2019-el-4-doctubre\\\/\"},\"author\":{\"name\":\"Albert\",\"@id\":\"https:\\\/\\\/www.comll.cat\\\/es\\\/#\\\/schema\\\/person\\\/1c7bc4d83b35a927d680cfe0ec9120e0\"},\"headline\":\"One day on \u201cTop highlights\u201d in Pancreatic adenocarcinoma (PDAC) Barcelona PDAC Meeting 2019, el 4 d\u2019octubre\",\"datePublished\":\"2019-08-01T08:41:18+00:00\",\"mainEntityOfPage\":{\"@id\":\"https:\\\/\\\/www.comll.cat\\\/es\\\/one-day-on-top-highlights-in-pancreatic-adenocarcinoma-pdac-barcelona-pdac-meeting-2019-el-4-doctubre\\\/\"},\"wordCount\":178,\"articleSection\":[\"Noticias\"],\"inLanguage\":\"es\"},{\"@type\":\"WebPage\",\"@id\":\"https:\\\/\\\/www.comll.cat\\\/es\\\/one-day-on-top-highlights-in-pancreatic-adenocarcinoma-pdac-barcelona-pdac-meeting-2019-el-4-doctubre\\\/\",\"url\":\"https:\\\/\\\/www.comll.cat\\\/es\\\/one-day-on-top-highlights-in-pancreatic-adenocarcinoma-pdac-barcelona-pdac-meeting-2019-el-4-doctubre\\\/\",\"name\":\"One day on \u201cTop highlights\u201d in Pancreatic adenocarcinoma (PDAC) Barcelona PDAC Meeting 2019, el 4 d\u2019octubre - Col\u00b7legi Oficial de Metges de Lleida\",\"isPartOf\":{\"@id\":\"https:\\\/\\\/www.comll.cat\\\/es\\\/#website\"},\"datePublished\":\"2019-08-01T08:41:18+00:00\",\"author\":{\"@id\":\"https:\\\/\\\/www.comll.cat\\\/es\\\/#\\\/schema\\\/person\\\/1c7bc4d83b35a927d680cfe0ec9120e0\"},\"breadcrumb\":{\"@id\":\"https:\\\/\\\/www.comll.cat\\\/es\\\/one-day-on-top-highlights-in-pancreatic-adenocarcinoma-pdac-barcelona-pdac-meeting-2019-el-4-doctubre\\\/#breadcrumb\"},\"inLanguage\":\"es\",\"potentialAction\":[{\"@type\":\"ReadAction\",\"target\":[\"https:\\\/\\\/www.comll.cat\\\/es\\\/one-day-on-top-highlights-in-pancreatic-adenocarcinoma-pdac-barcelona-pdac-meeting-2019-el-4-doctubre\\\/\"]}]},{\"@type\":\"BreadcrumbList\",\"@id\":\"https:\\\/\\\/www.comll.cat\\\/es\\\/one-day-on-top-highlights-in-pancreatic-adenocarcinoma-pdac-barcelona-pdac-meeting-2019-el-4-doctubre\\\/#breadcrumb\",\"itemListElement\":[{\"@type\":\"ListItem\",\"position\":1,\"name\":\"Portada\",\"item\":\"https:\\\/\\\/www.comll.cat\\\/es\\\/\"},{\"@type\":\"ListItem\",\"position\":2,\"name\":\"One day on \u201cTop highlights\u201d in Pancreatic adenocarcinoma (PDAC) Barcelona PDAC Meeting 2019, el 4 d\u2019octubre\"}]},{\"@type\":\"WebSite\",\"@id\":\"https:\\\/\\\/www.comll.cat\\\/es\\\/#website\",\"url\":\"https:\\\/\\\/www.comll.cat\\\/es\\\/\",\"name\":\"Col\u00b7legi Oficial de Metges de Lleida\",\"description\":\"COMLL\",\"potentialAction\":[{\"@type\":\"SearchAction\",\"target\":{\"@type\":\"EntryPoint\",\"urlTemplate\":\"https:\\\/\\\/www.comll.cat\\\/es\\\/?s={search_term_string}\"},\"query-input\":{\"@type\":\"PropertyValueSpecification\",\"valueRequired\":true,\"valueName\":\"search_term_string\"}}],\"inLanguage\":\"es\"},{\"@type\":\"Person\",\"@id\":\"https:\\\/\\\/www.comll.cat\\\/es\\\/#\\\/schema\\\/person\\\/1c7bc4d83b35a927d680cfe0ec9120e0\",\"name\":\"Albert\",\"image\":{\"@type\":\"ImageObject\",\"inLanguage\":\"es\",\"@id\":\"https:\\\/\\\/secure.gravatar.com\\\/avatar\\\/c1261138a5e7882394bd9001104fe7078a2d860997555a5353af4ef7bd38f6db?s=96&d=mm&r=g\",\"url\":\"https:\\\/\\\/secure.gravatar.com\\\/avatar\\\/c1261138a5e7882394bd9001104fe7078a2d860997555a5353af4ef7bd38f6db?s=96&d=mm&r=g\",\"contentUrl\":\"https:\\\/\\\/secure.gravatar.com\\\/avatar\\\/c1261138a5e7882394bd9001104fe7078a2d860997555a5353af4ef7bd38f6db?s=96&d=mm&r=g\",\"caption\":\"Albert\"},\"sameAs\":[\"https:\\\/\\\/www.comll.cat\"]}]}<\/script>\n<!-- \/ Yoast SEO plugin. -->","yoast_head_json":{"title":"One day on \u201cTop highlights\u201d in Pancreatic adenocarcinoma (PDAC) Barcelona PDAC Meeting 2019, el 4 d\u2019octubre - Col\u00b7legi Oficial de Metges de Lleida","robots":{"index":"index","follow":"follow","max-snippet":"max-snippet:-1","max-image-preview":"max-image-preview:large","max-video-preview":"max-video-preview:-1"},"canonical":"https:\/\/www.comll.cat\/es\/one-day-on-top-highlights-in-pancreatic-adenocarcinoma-pdac-barcelona-pdac-meeting-2019-el-4-doctubre\/","og_locale":"es_ES","og_type":"article","og_title":"One day on \u201cTop highlights\u201d in Pancreatic adenocarcinoma (PDAC) Barcelona PDAC Meeting 2019, el 4 d\u2019octubre - Col\u00b7legi Oficial de Metges de Lleida","og_description":"L\u2019Hospital Vall d\u2019Hebron organitza One day on \u201cTop highlights\u201d in Pancreatic adenocarcinoma (PDAC) Barcelona PDAC Meeting 2019, que tindr\u00e0 lloc...","og_url":"https:\/\/www.comll.cat\/es\/one-day-on-top-highlights-in-pancreatic-adenocarcinoma-pdac-barcelona-pdac-meeting-2019-el-4-doctubre\/","og_site_name":"Col\u00b7legi Oficial de Metges de Lleida","article_published_time":"2019-08-01T08:41:18+00:00","author":"Albert","twitter_card":"summary_large_image","schema":{"@context":"https:\/\/schema.org","@graph":[{"@type":"Article","@id":"https:\/\/www.comll.cat\/es\/one-day-on-top-highlights-in-pancreatic-adenocarcinoma-pdac-barcelona-pdac-meeting-2019-el-4-doctubre\/#article","isPartOf":{"@id":"https:\/\/www.comll.cat\/es\/one-day-on-top-highlights-in-pancreatic-adenocarcinoma-pdac-barcelona-pdac-meeting-2019-el-4-doctubre\/"},"author":{"name":"Albert","@id":"https:\/\/www.comll.cat\/es\/#\/schema\/person\/1c7bc4d83b35a927d680cfe0ec9120e0"},"headline":"One day on \u201cTop highlights\u201d in Pancreatic adenocarcinoma (PDAC) Barcelona PDAC Meeting 2019, el 4 d\u2019octubre","datePublished":"2019-08-01T08:41:18+00:00","mainEntityOfPage":{"@id":"https:\/\/www.comll.cat\/es\/one-day-on-top-highlights-in-pancreatic-adenocarcinoma-pdac-barcelona-pdac-meeting-2019-el-4-doctubre\/"},"wordCount":178,"articleSection":["Noticias"],"inLanguage":"es"},{"@type":"WebPage","@id":"https:\/\/www.comll.cat\/es\/one-day-on-top-highlights-in-pancreatic-adenocarcinoma-pdac-barcelona-pdac-meeting-2019-el-4-doctubre\/","url":"https:\/\/www.comll.cat\/es\/one-day-on-top-highlights-in-pancreatic-adenocarcinoma-pdac-barcelona-pdac-meeting-2019-el-4-doctubre\/","name":"One day on \u201cTop highlights\u201d in Pancreatic adenocarcinoma (PDAC) Barcelona PDAC Meeting 2019, el 4 d\u2019octubre - Col\u00b7legi Oficial de Metges de Lleida","isPartOf":{"@id":"https:\/\/www.comll.cat\/es\/#website"},"datePublished":"2019-08-01T08:41:18+00:00","author":{"@id":"https:\/\/www.comll.cat\/es\/#\/schema\/person\/1c7bc4d83b35a927d680cfe0ec9120e0"},"breadcrumb":{"@id":"https:\/\/www.comll.cat\/es\/one-day-on-top-highlights-in-pancreatic-adenocarcinoma-pdac-barcelona-pdac-meeting-2019-el-4-doctubre\/#breadcrumb"},"inLanguage":"es","potentialAction":[{"@type":"ReadAction","target":["https:\/\/www.comll.cat\/es\/one-day-on-top-highlights-in-pancreatic-adenocarcinoma-pdac-barcelona-pdac-meeting-2019-el-4-doctubre\/"]}]},{"@type":"BreadcrumbList","@id":"https:\/\/www.comll.cat\/es\/one-day-on-top-highlights-in-pancreatic-adenocarcinoma-pdac-barcelona-pdac-meeting-2019-el-4-doctubre\/#breadcrumb","itemListElement":[{"@type":"ListItem","position":1,"name":"Portada","item":"https:\/\/www.comll.cat\/es\/"},{"@type":"ListItem","position":2,"name":"One day on \u201cTop highlights\u201d in Pancreatic adenocarcinoma (PDAC) Barcelona PDAC Meeting 2019, el 4 d\u2019octubre"}]},{"@type":"WebSite","@id":"https:\/\/www.comll.cat\/es\/#website","url":"https:\/\/www.comll.cat\/es\/","name":"Col\u00b7legi Oficial de Metges de Lleida","description":"COMLL","potentialAction":[{"@type":"SearchAction","target":{"@type":"EntryPoint","urlTemplate":"https:\/\/www.comll.cat\/es\/?s={search_term_string}"},"query-input":{"@type":"PropertyValueSpecification","valueRequired":true,"valueName":"search_term_string"}}],"inLanguage":"es"},{"@type":"Person","@id":"https:\/\/www.comll.cat\/es\/#\/schema\/person\/1c7bc4d83b35a927d680cfe0ec9120e0","name":"Albert","image":{"@type":"ImageObject","inLanguage":"es","@id":"https:\/\/secure.gravatar.com\/avatar\/c1261138a5e7882394bd9001104fe7078a2d860997555a5353af4ef7bd38f6db?s=96&d=mm&r=g","url":"https:\/\/secure.gravatar.com\/avatar\/c1261138a5e7882394bd9001104fe7078a2d860997555a5353af4ef7bd38f6db?s=96&d=mm&r=g","contentUrl":"https:\/\/secure.gravatar.com\/avatar\/c1261138a5e7882394bd9001104fe7078a2d860997555a5353af4ef7bd38f6db?s=96&d=mm&r=g","caption":"Albert"},"sameAs":["https:\/\/www.comll.cat"]}]}},"publishpress_future_action":{"enabled":false,"date":"2026-05-01 16:34:36","action":"change-status","newStatus":"draft","terms":[],"taxonomy":"category","extraData":[]},"publishpress_future_workflow_manual_trigger":{"enabledWorkflows":[]},"_links":{"self":[{"href":"https:\/\/www.comll.cat\/es\/wp-json\/wp\/v2\/posts\/776","targetHints":{"allow":["GET"]}}],"collection":[{"href":"https:\/\/www.comll.cat\/es\/wp-json\/wp\/v2\/posts"}],"about":[{"href":"https:\/\/www.comll.cat\/es\/wp-json\/wp\/v2\/types\/post"}],"author":[{"embeddable":true,"href":"https:\/\/www.comll.cat\/es\/wp-json\/wp\/v2\/users\/1"}],"replies":[{"embeddable":true,"href":"https:\/\/www.comll.cat\/es\/wp-json\/wp\/v2\/comments?post=776"}],"version-history":[{"count":0,"href":"https:\/\/www.comll.cat\/es\/wp-json\/wp\/v2\/posts\/776\/revisions"}],"wp:attachment":[{"href":"https:\/\/www.comll.cat\/es\/wp-json\/wp\/v2\/media?parent=776"}],"wp:term":[{"taxonomy":"category","embeddable":true,"href":"https:\/\/www.comll.cat\/es\/wp-json\/wp\/v2\/categories?post=776"},{"taxonomy":"post_tag","embeddable":true,"href":"https:\/\/www.comll.cat\/es\/wp-json\/wp\/v2\/tags?post=776"}],"curies":[{"name":"wp","href":"https:\/\/api.w.org\/{rel}","templated":true}]}}