{"id":756,"date":"2019-07-17T16:00:26","date_gmt":"2019-07-17T14:00:26","guid":{"rendered":"https:\/\/www.comll.cat\/curs-suport-vital-avancat-en-cirurgia-cardiaca-el-3-doctubre-a-lhospital-vall-dhebron\/"},"modified":"2019-07-17T16:00:26","modified_gmt":"2019-07-17T14:00:26","slug":"curs-suport-vital-avancat-en-cirurgia-cardiaca-el-3-doctubre-a-lhospital-vall-dhebron","status":"publish","type":"post","link":"https:\/\/www.comll.cat\/es\/curs-suport-vital-avancat-en-cirurgia-cardiaca-el-3-doctubre-a-lhospital-vall-dhebron\/","title":{"rendered":"\u201cCurs Suport Vital Avan\u00e7at en Cirurgia Card\u00edaca\u201d el 3 d\u2019octubre a l\u2019Hospital Vall d\u2019Hebron"},"content":{"rendered":"<p>CALS ESPA\u00d1A organitza el Curs Suport Vital Avan\u00e7at en Cirurgia Card\u00edaca, que tindr\u00e0 lloc el 3 d\u2019octubre a l\u2019Hospital Vall d\u2019Hebron, de Barcelona. Els directors del curs s\u00f3n la Dra. Inmaculada Alcalde, del Barts Heart Center de Londres, i el Dr. Miguel A. Rodr\u00edguez Yago, de l\u2019Hospital Son Espases de Palma de Mallorca. El Dr. Juan Carlos Ru\u00edz, de l\u2019Hospital Vall d\u2019Hebron, coordina l\u2019activitat.<\/p>\n<p>El programa inclou pon\u00e8ncies sobre aturada card\u00edaca amb reestornotomia i hipotensi\u00f3 i ar\u00edtmies. Tamb\u00e9 se celebraran tallers sobre maneig de la via a\u00e8ria en aturada card\u00edaca i marcapassos. El curs utilitzar\u00e0 la simulaci\u00f3 cl\u00ednica amb equips i maniqu\u00eds dissenyats especialment.<\/p>\n<p>M\u00e9s informaci\u00f3 i inscripcions, a <a href=\"http:\/\/www.aulavhebron.net\/aula\/index.php?go=info_cursos&amp;curso=243&amp;idioma=es\">http:\/\/www.aulavhebron.net\/aula\/index.php?go=info_cursos&amp;curso=243&amp;idioma=es<\/a><\/p>\n","protected":false},"excerpt":{"rendered":"<p>CALS ESPA\u00d1A organitza el Curs Suport Vital Avan\u00e7at en Cirurgia Card\u00edaca, que tindr\u00e0 lloc el 3 d\u2019octubre a l\u2019Hospital Vall...<\/p>\n","protected":false},"author":1,"featured_media":0,"comment_status":"closed","ping_status":"closed","sticky":false,"template":"","format":"standard","meta":{"_acf_changed":false,"inline_featured_image":false,"footnotes":""},"categories":[18],"tags":[],"class_list":["post-756","post","type-post","status-publish","format-standard","hentry","category-noticias"],"acf":[],"yoast_head":"<!-- This site is optimized with the Yoast SEO plugin v27.5 - https:\/\/yoast.com\/product\/yoast-seo-wordpress\/ -->\n<title>\u201cCurs Suport Vital Avan\u00e7at en Cirurgia Card\u00edaca\u201d el 3 d\u2019octubre a l\u2019Hospital Vall d\u2019Hebron - Col\u00b7legi Oficial de Metges de Lleida<\/title>\n<meta name=\"robots\" content=\"index, follow, max-snippet:-1, max-image-preview:large, max-video-preview:-1\" \/>\n<link rel=\"canonical\" href=\"https:\/\/www.comll.cat\/es\/curs-suport-vital-avancat-en-cirurgia-cardiaca-el-3-doctubre-a-lhospital-vall-dhebron\/\" \/>\n<meta property=\"og:locale\" content=\"es_ES\" \/>\n<meta property=\"og:type\" content=\"article\" \/>\n<meta property=\"og:title\" content=\"\u201cCurs Suport Vital Avan\u00e7at en Cirurgia Card\u00edaca\u201d el 3 d\u2019octubre a l\u2019Hospital Vall d\u2019Hebron - Col\u00b7legi Oficial de Metges de Lleida\" \/>\n<meta property=\"og:description\" content=\"CALS ESPA\u00d1A organitza el Curs Suport Vital Avan\u00e7at en Cirurgia Card\u00edaca, que tindr\u00e0 lloc el 3 d\u2019octubre a l\u2019Hospital Vall...\" \/>\n<meta property=\"og:url\" content=\"https:\/\/www.comll.cat\/es\/curs-suport-vital-avancat-en-cirurgia-cardiaca-el-3-doctubre-a-lhospital-vall-dhebron\/\" \/>\n<meta property=\"og:site_name\" content=\"Col\u00b7legi Oficial de Metges de Lleida\" \/>\n<meta property=\"article:published_time\" content=\"2019-07-17T14:00:26+00:00\" \/>\n<meta name=\"author\" content=\"Albert\" \/>\n<meta name=\"twitter:card\" content=\"summary_large_image\" \/>\n<script type=\"application\/ld+json\" class=\"yoast-schema-graph\">{\"@context\":\"https:\\\/\\\/schema.org\",\"@graph\":[{\"@type\":\"Article\",\"@id\":\"https:\\\/\\\/www.comll.cat\\\/es\\\/curs-suport-vital-avancat-en-cirurgia-cardiaca-el-3-doctubre-a-lhospital-vall-dhebron\\\/#article\",\"isPartOf\":{\"@id\":\"https:\\\/\\\/www.comll.cat\\\/es\\\/curs-suport-vital-avancat-en-cirurgia-cardiaca-el-3-doctubre-a-lhospital-vall-dhebron\\\/\"},\"author\":{\"name\":\"Albert\",\"@id\":\"https:\\\/\\\/www.comll.cat\\\/es\\\/#\\\/schema\\\/person\\\/1c7bc4d83b35a927d680cfe0ec9120e0\"},\"headline\":\"\u201cCurs Suport Vital Avan\u00e7at en Cirurgia Card\u00edaca\u201d el 3 d\u2019octubre a l\u2019Hospital Vall d\u2019Hebron\",\"datePublished\":\"2019-07-17T14:00:26+00:00\",\"mainEntityOfPage\":{\"@id\":\"https:\\\/\\\/www.comll.cat\\\/es\\\/curs-suport-vital-avancat-en-cirurgia-cardiaca-el-3-doctubre-a-lhospital-vall-dhebron\\\/\"},\"wordCount\":162,\"articleSection\":[\"Noticias\"],\"inLanguage\":\"es\"},{\"@type\":\"WebPage\",\"@id\":\"https:\\\/\\\/www.comll.cat\\\/es\\\/curs-suport-vital-avancat-en-cirurgia-cardiaca-el-3-doctubre-a-lhospital-vall-dhebron\\\/\",\"url\":\"https:\\\/\\\/www.comll.cat\\\/es\\\/curs-suport-vital-avancat-en-cirurgia-cardiaca-el-3-doctubre-a-lhospital-vall-dhebron\\\/\",\"name\":\"\u201cCurs Suport Vital Avan\u00e7at en Cirurgia Card\u00edaca\u201d el 3 d\u2019octubre a l\u2019Hospital Vall d\u2019Hebron - Col\u00b7legi Oficial de Metges de Lleida\",\"isPartOf\":{\"@id\":\"https:\\\/\\\/www.comll.cat\\\/es\\\/#website\"},\"datePublished\":\"2019-07-17T14:00:26+00:00\",\"author\":{\"@id\":\"https:\\\/\\\/www.comll.cat\\\/es\\\/#\\\/schema\\\/person\\\/1c7bc4d83b35a927d680cfe0ec9120e0\"},\"breadcrumb\":{\"@id\":\"https:\\\/\\\/www.comll.cat\\\/es\\\/curs-suport-vital-avancat-en-cirurgia-cardiaca-el-3-doctubre-a-lhospital-vall-dhebron\\\/#breadcrumb\"},\"inLanguage\":\"es\",\"potentialAction\":[{\"@type\":\"ReadAction\",\"target\":[\"https:\\\/\\\/www.comll.cat\\\/es\\\/curs-suport-vital-avancat-en-cirurgia-cardiaca-el-3-doctubre-a-lhospital-vall-dhebron\\\/\"]}]},{\"@type\":\"BreadcrumbList\",\"@id\":\"https:\\\/\\\/www.comll.cat\\\/es\\\/curs-suport-vital-avancat-en-cirurgia-cardiaca-el-3-doctubre-a-lhospital-vall-dhebron\\\/#breadcrumb\",\"itemListElement\":[{\"@type\":\"ListItem\",\"position\":1,\"name\":\"Portada\",\"item\":\"https:\\\/\\\/www.comll.cat\\\/es\\\/\"},{\"@type\":\"ListItem\",\"position\":2,\"name\":\"\u201cCurs Suport Vital Avan\u00e7at en Cirurgia Card\u00edaca\u201d el 3 d\u2019octubre a l\u2019Hospital Vall d\u2019Hebron\"}]},{\"@type\":\"WebSite\",\"@id\":\"https:\\\/\\\/www.comll.cat\\\/es\\\/#website\",\"url\":\"https:\\\/\\\/www.comll.cat\\\/es\\\/\",\"name\":\"Col\u00b7legi Oficial de Metges de Lleida\",\"description\":\"COMLL\",\"potentialAction\":[{\"@type\":\"SearchAction\",\"target\":{\"@type\":\"EntryPoint\",\"urlTemplate\":\"https:\\\/\\\/www.comll.cat\\\/es\\\/?s={search_term_string}\"},\"query-input\":{\"@type\":\"PropertyValueSpecification\",\"valueRequired\":true,\"valueName\":\"search_term_string\"}}],\"inLanguage\":\"es\"},{\"@type\":\"Person\",\"@id\":\"https:\\\/\\\/www.comll.cat\\\/es\\\/#\\\/schema\\\/person\\\/1c7bc4d83b35a927d680cfe0ec9120e0\",\"name\":\"Albert\",\"image\":{\"@type\":\"ImageObject\",\"inLanguage\":\"es\",\"@id\":\"https:\\\/\\\/secure.gravatar.com\\\/avatar\\\/c1261138a5e7882394bd9001104fe7078a2d860997555a5353af4ef7bd38f6db?s=96&d=mm&r=g\",\"url\":\"https:\\\/\\\/secure.gravatar.com\\\/avatar\\\/c1261138a5e7882394bd9001104fe7078a2d860997555a5353af4ef7bd38f6db?s=96&d=mm&r=g\",\"contentUrl\":\"https:\\\/\\\/secure.gravatar.com\\\/avatar\\\/c1261138a5e7882394bd9001104fe7078a2d860997555a5353af4ef7bd38f6db?s=96&d=mm&r=g\",\"caption\":\"Albert\"},\"sameAs\":[\"https:\\\/\\\/www.comll.cat\"]}]}<\/script>\n<!-- \/ Yoast SEO plugin. -->","yoast_head_json":{"title":"\u201cCurs Suport Vital Avan\u00e7at en Cirurgia Card\u00edaca\u201d el 3 d\u2019octubre a l\u2019Hospital Vall d\u2019Hebron - Col\u00b7legi Oficial de Metges de Lleida","robots":{"index":"index","follow":"follow","max-snippet":"max-snippet:-1","max-image-preview":"max-image-preview:large","max-video-preview":"max-video-preview:-1"},"canonical":"https:\/\/www.comll.cat\/es\/curs-suport-vital-avancat-en-cirurgia-cardiaca-el-3-doctubre-a-lhospital-vall-dhebron\/","og_locale":"es_ES","og_type":"article","og_title":"\u201cCurs Suport Vital Avan\u00e7at en Cirurgia Card\u00edaca\u201d el 3 d\u2019octubre a l\u2019Hospital Vall d\u2019Hebron - Col\u00b7legi Oficial de Metges de Lleida","og_description":"CALS ESPA\u00d1A organitza el Curs Suport Vital Avan\u00e7at en Cirurgia Card\u00edaca, que tindr\u00e0 lloc el 3 d\u2019octubre a l\u2019Hospital Vall...","og_url":"https:\/\/www.comll.cat\/es\/curs-suport-vital-avancat-en-cirurgia-cardiaca-el-3-doctubre-a-lhospital-vall-dhebron\/","og_site_name":"Col\u00b7legi Oficial de Metges de Lleida","article_published_time":"2019-07-17T14:00:26+00:00","author":"Albert","twitter_card":"summary_large_image","schema":{"@context":"https:\/\/schema.org","@graph":[{"@type":"Article","@id":"https:\/\/www.comll.cat\/es\/curs-suport-vital-avancat-en-cirurgia-cardiaca-el-3-doctubre-a-lhospital-vall-dhebron\/#article","isPartOf":{"@id":"https:\/\/www.comll.cat\/es\/curs-suport-vital-avancat-en-cirurgia-cardiaca-el-3-doctubre-a-lhospital-vall-dhebron\/"},"author":{"name":"Albert","@id":"https:\/\/www.comll.cat\/es\/#\/schema\/person\/1c7bc4d83b35a927d680cfe0ec9120e0"},"headline":"\u201cCurs Suport Vital Avan\u00e7at en Cirurgia Card\u00edaca\u201d el 3 d\u2019octubre a l\u2019Hospital Vall d\u2019Hebron","datePublished":"2019-07-17T14:00:26+00:00","mainEntityOfPage":{"@id":"https:\/\/www.comll.cat\/es\/curs-suport-vital-avancat-en-cirurgia-cardiaca-el-3-doctubre-a-lhospital-vall-dhebron\/"},"wordCount":162,"articleSection":["Noticias"],"inLanguage":"es"},{"@type":"WebPage","@id":"https:\/\/www.comll.cat\/es\/curs-suport-vital-avancat-en-cirurgia-cardiaca-el-3-doctubre-a-lhospital-vall-dhebron\/","url":"https:\/\/www.comll.cat\/es\/curs-suport-vital-avancat-en-cirurgia-cardiaca-el-3-doctubre-a-lhospital-vall-dhebron\/","name":"\u201cCurs Suport Vital Avan\u00e7at en Cirurgia Card\u00edaca\u201d el 3 d\u2019octubre a l\u2019Hospital Vall d\u2019Hebron - Col\u00b7legi Oficial de Metges de Lleida","isPartOf":{"@id":"https:\/\/www.comll.cat\/es\/#website"},"datePublished":"2019-07-17T14:00:26+00:00","author":{"@id":"https:\/\/www.comll.cat\/es\/#\/schema\/person\/1c7bc4d83b35a927d680cfe0ec9120e0"},"breadcrumb":{"@id":"https:\/\/www.comll.cat\/es\/curs-suport-vital-avancat-en-cirurgia-cardiaca-el-3-doctubre-a-lhospital-vall-dhebron\/#breadcrumb"},"inLanguage":"es","potentialAction":[{"@type":"ReadAction","target":["https:\/\/www.comll.cat\/es\/curs-suport-vital-avancat-en-cirurgia-cardiaca-el-3-doctubre-a-lhospital-vall-dhebron\/"]}]},{"@type":"BreadcrumbList","@id":"https:\/\/www.comll.cat\/es\/curs-suport-vital-avancat-en-cirurgia-cardiaca-el-3-doctubre-a-lhospital-vall-dhebron\/#breadcrumb","itemListElement":[{"@type":"ListItem","position":1,"name":"Portada","item":"https:\/\/www.comll.cat\/es\/"},{"@type":"ListItem","position":2,"name":"\u201cCurs Suport Vital Avan\u00e7at en Cirurgia Card\u00edaca\u201d el 3 d\u2019octubre a l\u2019Hospital Vall d\u2019Hebron"}]},{"@type":"WebSite","@id":"https:\/\/www.comll.cat\/es\/#website","url":"https:\/\/www.comll.cat\/es\/","name":"Col\u00b7legi Oficial de Metges de Lleida","description":"COMLL","potentialAction":[{"@type":"SearchAction","target":{"@type":"EntryPoint","urlTemplate":"https:\/\/www.comll.cat\/es\/?s={search_term_string}"},"query-input":{"@type":"PropertyValueSpecification","valueRequired":true,"valueName":"search_term_string"}}],"inLanguage":"es"},{"@type":"Person","@id":"https:\/\/www.comll.cat\/es\/#\/schema\/person\/1c7bc4d83b35a927d680cfe0ec9120e0","name":"Albert","image":{"@type":"ImageObject","inLanguage":"es","@id":"https:\/\/secure.gravatar.com\/avatar\/c1261138a5e7882394bd9001104fe7078a2d860997555a5353af4ef7bd38f6db?s=96&d=mm&r=g","url":"https:\/\/secure.gravatar.com\/avatar\/c1261138a5e7882394bd9001104fe7078a2d860997555a5353af4ef7bd38f6db?s=96&d=mm&r=g","contentUrl":"https:\/\/secure.gravatar.com\/avatar\/c1261138a5e7882394bd9001104fe7078a2d860997555a5353af4ef7bd38f6db?s=96&d=mm&r=g","caption":"Albert"},"sameAs":["https:\/\/www.comll.cat"]}]}},"publishpress_future_action":{"enabled":false,"date":"2026-05-03 13:39:24","action":"change-status","newStatus":"draft","terms":[],"taxonomy":"category","extraData":[]},"publishpress_future_workflow_manual_trigger":{"enabledWorkflows":[]},"_links":{"self":[{"href":"https:\/\/www.comll.cat\/es\/wp-json\/wp\/v2\/posts\/756","targetHints":{"allow":["GET"]}}],"collection":[{"href":"https:\/\/www.comll.cat\/es\/wp-json\/wp\/v2\/posts"}],"about":[{"href":"https:\/\/www.comll.cat\/es\/wp-json\/wp\/v2\/types\/post"}],"author":[{"embeddable":true,"href":"https:\/\/www.comll.cat\/es\/wp-json\/wp\/v2\/users\/1"}],"replies":[{"embeddable":true,"href":"https:\/\/www.comll.cat\/es\/wp-json\/wp\/v2\/comments?post=756"}],"version-history":[{"count":0,"href":"https:\/\/www.comll.cat\/es\/wp-json\/wp\/v2\/posts\/756\/revisions"}],"wp:attachment":[{"href":"https:\/\/www.comll.cat\/es\/wp-json\/wp\/v2\/media?parent=756"}],"wp:term":[{"taxonomy":"category","embeddable":true,"href":"https:\/\/www.comll.cat\/es\/wp-json\/wp\/v2\/categories?post=756"},{"taxonomy":"post_tag","embeddable":true,"href":"https:\/\/www.comll.cat\/es\/wp-json\/wp\/v2\/tags?post=756"}],"curies":[{"name":"wp","href":"https:\/\/api.w.org\/{rel}","templated":true}]}}