{"id":751,"date":"2019-07-15T09:22:18","date_gmt":"2019-07-15T07:22:18","guid":{"rendered":"https:\/\/www.comll.cat\/luis-rojas-marcos-linstitut-de-salut-carlos-iii-lassociacio-de-victimes-de-la-talidomina-i-lalt-comissionat-per-a-la-pobresa-infantil-entre-els-premiats-pel-cgcom\/"},"modified":"2019-07-15T09:22:18","modified_gmt":"2019-07-15T07:22:18","slug":"luis-rojas-marcos-linstitut-de-salut-carlos-iii-lassociacio-de-victimes-de-la-talidomina-i-lalt-comissionat-per-a-la-pobresa-infantil-entre-els-premiats-pel-cgcom","status":"publish","type":"post","link":"https:\/\/www.comll.cat\/es\/luis-rojas-marcos-linstitut-de-salut-carlos-iii-lassociacio-de-victimes-de-la-talidomina-i-lalt-comissionat-per-a-la-pobresa-infantil-entre-els-premiats-pel-cgcom\/","title":{"rendered":"Luis Rojas Marcos, l\u2019Institut de Salut Carlos III, l\u2019Associaci\u00f3 de V\u00edctimes de la Talidomina i l\u2019Alt Comissionat per a la Pobresa Infantil, entre els premiats pel CGCOM"},"content":{"rendered":"<p>El jurat de la II edici\u00f3 dels Premis Metges i Pacients, que organitza el Consell General de Col\u00b7legis Oficials de Metges (CGCOM), ha guardonat els seg\u00fcents professionals i entitats:<\/p>\n<ul>\n<li>Premi a la personalitat destacada en l\u2019\u00e0mbit sanitari, al Dr. Luis Rojas Marcos, psiquiatra<\/li>\n<li>Premi a la tasca d\u2019una instituci\u00f3 o organitzaci\u00f3 sanit\u00e0ria, a l\u2019Institut de Salut Carlos III<\/li>\n<li>Premi a la tasca d\u2019una associaci\u00f3 de pacients, <em>ex aequo<\/em>, a l\u2019Associaci\u00f3 de V\u00edctimes de la Talidomina i la Confederaci\u00f3 Salut Mental Espanya<\/li>\n<li>Premi a la millor divulgaci\u00f3, a Eduard i Elsa Punset<\/li>\n<li>Premi a la millor tasca humanit\u00e0ria, a l\u2019Equip T\u00e8cnic Espanyol d\u2019Ajuda i Resposta a Emerg\u00e8ncies despr\u00e9s del cicl\u00f3 Idai a Mo\u00e7ambique<\/li>\n<li>Premi campanya en xarxes socials de divulgaci\u00f3 en salut, a la Policia Nacional<\/li>\n<li>Premi a la millor acci\u00f3 social, <em>ex aequo<\/em>, a l\u2019Alt Comissionat per a la Pobresa Infantil i la Fundaci\u00f3 Rafa Nadal<\/li>\n<li>Premi a la millor iniciativa de conscienciaci\u00f3 i sensibilitzaci\u00f3 en temes de salut, a l\u2019Associaci\u00f3 Espanyola contra el C\u00e0ncer per la campanya <em>Donant la cara per tu<\/em><\/li>\n<\/ul>\n<p>En aquesta edici\u00f3, el jurat ha atorgat un premi especial a la re\u00efna Sofia per la seva solidaritat i ajuda a les persones m\u00e9s desfavorides.<\/p>\n<p>M\u00e9s informaci\u00f3 a <em>m\u00e9dicosypacientes.com<\/em>.<\/p>\n","protected":false},"excerpt":{"rendered":"<p>El jurat de la II edici\u00f3 dels Premis Metges i Pacients, que organitza el Consell General de Col\u00b7legis Oficials de...<\/p>\n","protected":false},"author":1,"featured_media":0,"comment_status":"closed","ping_status":"closed","sticky":false,"template":"","format":"standard","meta":{"_acf_changed":false,"inline_featured_image":false,"footnotes":""},"categories":[18],"tags":[],"class_list":["post-751","post","type-post","status-publish","format-standard","hentry","category-noticias"],"acf":[],"yoast_head":"<!-- This site is optimized with the Yoast SEO plugin v27.5 - https:\/\/yoast.com\/product\/yoast-seo-wordpress\/ -->\n<title>Luis Rojas Marcos, l\u2019Institut de Salut Carlos III, l\u2019Associaci\u00f3 de V\u00edctimes de la Talidomina i l\u2019Alt Comissionat per a la Pobresa Infantil, entre els premiats pel CGCOM - Col\u00b7legi Oficial de Metges de Lleida<\/title>\n<meta name=\"robots\" content=\"index, follow, max-snippet:-1, max-image-preview:large, max-video-preview:-1\" \/>\n<link rel=\"canonical\" href=\"https:\/\/www.comll.cat\/es\/luis-rojas-marcos-linstitut-de-salut-carlos-iii-lassociacio-de-victimes-de-la-talidomina-i-lalt-comissionat-per-a-la-pobresa-infantil-entre-els-premiats-pel-cgcom\/\" \/>\n<meta property=\"og:locale\" content=\"es_ES\" \/>\n<meta property=\"og:type\" content=\"article\" \/>\n<meta property=\"og:title\" content=\"Luis Rojas Marcos, l\u2019Institut de Salut Carlos III, l\u2019Associaci\u00f3 de V\u00edctimes de la Talidomina i l\u2019Alt Comissionat per a la Pobresa Infantil, entre els premiats pel CGCOM - Col\u00b7legi Oficial de Metges de Lleida\" \/>\n<meta property=\"og:description\" content=\"El jurat de la II edici\u00f3 dels Premis Metges i Pacients, que organitza el Consell General de Col\u00b7legis Oficials de...\" \/>\n<meta property=\"og:url\" content=\"https:\/\/www.comll.cat\/es\/luis-rojas-marcos-linstitut-de-salut-carlos-iii-lassociacio-de-victimes-de-la-talidomina-i-lalt-comissionat-per-a-la-pobresa-infantil-entre-els-premiats-pel-cgcom\/\" \/>\n<meta property=\"og:site_name\" content=\"Col\u00b7legi Oficial de Metges de Lleida\" \/>\n<meta property=\"article:published_time\" content=\"2019-07-15T07:22:18+00:00\" \/>\n<meta name=\"author\" content=\"Albert\" \/>\n<meta name=\"twitter:card\" content=\"summary_large_image\" \/>\n<script type=\"application\/ld+json\" class=\"yoast-schema-graph\">{\"@context\":\"https:\\\/\\\/schema.org\",\"@graph\":[{\"@type\":\"Article\",\"@id\":\"https:\\\/\\\/www.comll.cat\\\/es\\\/luis-rojas-marcos-linstitut-de-salut-carlos-iii-lassociacio-de-victimes-de-la-talidomina-i-lalt-comissionat-per-a-la-pobresa-infantil-entre-els-premiats-pel-cgcom\\\/#article\",\"isPartOf\":{\"@id\":\"https:\\\/\\\/www.comll.cat\\\/es\\\/luis-rojas-marcos-linstitut-de-salut-carlos-iii-lassociacio-de-victimes-de-la-talidomina-i-lalt-comissionat-per-a-la-pobresa-infantil-entre-els-premiats-pel-cgcom\\\/\"},\"author\":{\"name\":\"Albert\",\"@id\":\"https:\\\/\\\/www.comll.cat\\\/es\\\/#\\\/schema\\\/person\\\/1c7bc4d83b35a927d680cfe0ec9120e0\"},\"headline\":\"Luis Rojas Marcos, l\u2019Institut de Salut Carlos III, l\u2019Associaci\u00f3 de V\u00edctimes de la Talidomina i l\u2019Alt Comissionat per a la Pobresa Infantil, entre els premiats pel CGCOM\",\"datePublished\":\"2019-07-15T07:22:18+00:00\",\"mainEntityOfPage\":{\"@id\":\"https:\\\/\\\/www.comll.cat\\\/es\\\/luis-rojas-marcos-linstitut-de-salut-carlos-iii-lassociacio-de-victimes-de-la-talidomina-i-lalt-comissionat-per-a-la-pobresa-infantil-entre-els-premiats-pel-cgcom\\\/\"},\"wordCount\":257,\"articleSection\":[\"Noticias\"],\"inLanguage\":\"es\"},{\"@type\":\"WebPage\",\"@id\":\"https:\\\/\\\/www.comll.cat\\\/es\\\/luis-rojas-marcos-linstitut-de-salut-carlos-iii-lassociacio-de-victimes-de-la-talidomina-i-lalt-comissionat-per-a-la-pobresa-infantil-entre-els-premiats-pel-cgcom\\\/\",\"url\":\"https:\\\/\\\/www.comll.cat\\\/es\\\/luis-rojas-marcos-linstitut-de-salut-carlos-iii-lassociacio-de-victimes-de-la-talidomina-i-lalt-comissionat-per-a-la-pobresa-infantil-entre-els-premiats-pel-cgcom\\\/\",\"name\":\"Luis Rojas Marcos, l\u2019Institut de Salut Carlos III, l\u2019Associaci\u00f3 de V\u00edctimes de la Talidomina i l\u2019Alt Comissionat per a la Pobresa Infantil, entre els premiats pel CGCOM - Col\u00b7legi Oficial de Metges de Lleida\",\"isPartOf\":{\"@id\":\"https:\\\/\\\/www.comll.cat\\\/es\\\/#website\"},\"datePublished\":\"2019-07-15T07:22:18+00:00\",\"author\":{\"@id\":\"https:\\\/\\\/www.comll.cat\\\/es\\\/#\\\/schema\\\/person\\\/1c7bc4d83b35a927d680cfe0ec9120e0\"},\"breadcrumb\":{\"@id\":\"https:\\\/\\\/www.comll.cat\\\/es\\\/luis-rojas-marcos-linstitut-de-salut-carlos-iii-lassociacio-de-victimes-de-la-talidomina-i-lalt-comissionat-per-a-la-pobresa-infantil-entre-els-premiats-pel-cgcom\\\/#breadcrumb\"},\"inLanguage\":\"es\",\"potentialAction\":[{\"@type\":\"ReadAction\",\"target\":[\"https:\\\/\\\/www.comll.cat\\\/es\\\/luis-rojas-marcos-linstitut-de-salut-carlos-iii-lassociacio-de-victimes-de-la-talidomina-i-lalt-comissionat-per-a-la-pobresa-infantil-entre-els-premiats-pel-cgcom\\\/\"]}]},{\"@type\":\"BreadcrumbList\",\"@id\":\"https:\\\/\\\/www.comll.cat\\\/es\\\/luis-rojas-marcos-linstitut-de-salut-carlos-iii-lassociacio-de-victimes-de-la-talidomina-i-lalt-comissionat-per-a-la-pobresa-infantil-entre-els-premiats-pel-cgcom\\\/#breadcrumb\",\"itemListElement\":[{\"@type\":\"ListItem\",\"position\":1,\"name\":\"Portada\",\"item\":\"https:\\\/\\\/www.comll.cat\\\/es\\\/\"},{\"@type\":\"ListItem\",\"position\":2,\"name\":\"Luis Rojas Marcos, l\u2019Institut de Salut Carlos III, l\u2019Associaci\u00f3 de V\u00edctimes de la Talidomina i l\u2019Alt Comissionat per a la Pobresa Infantil, entre els premiats pel CGCOM\"}]},{\"@type\":\"WebSite\",\"@id\":\"https:\\\/\\\/www.comll.cat\\\/es\\\/#website\",\"url\":\"https:\\\/\\\/www.comll.cat\\\/es\\\/\",\"name\":\"Col\u00b7legi Oficial de Metges de Lleida\",\"description\":\"COMLL\",\"potentialAction\":[{\"@type\":\"SearchAction\",\"target\":{\"@type\":\"EntryPoint\",\"urlTemplate\":\"https:\\\/\\\/www.comll.cat\\\/es\\\/?s={search_term_string}\"},\"query-input\":{\"@type\":\"PropertyValueSpecification\",\"valueRequired\":true,\"valueName\":\"search_term_string\"}}],\"inLanguage\":\"es\"},{\"@type\":\"Person\",\"@id\":\"https:\\\/\\\/www.comll.cat\\\/es\\\/#\\\/schema\\\/person\\\/1c7bc4d83b35a927d680cfe0ec9120e0\",\"name\":\"Albert\",\"image\":{\"@type\":\"ImageObject\",\"inLanguage\":\"es\",\"@id\":\"https:\\\/\\\/secure.gravatar.com\\\/avatar\\\/c1261138a5e7882394bd9001104fe7078a2d860997555a5353af4ef7bd38f6db?s=96&d=mm&r=g\",\"url\":\"https:\\\/\\\/secure.gravatar.com\\\/avatar\\\/c1261138a5e7882394bd9001104fe7078a2d860997555a5353af4ef7bd38f6db?s=96&d=mm&r=g\",\"contentUrl\":\"https:\\\/\\\/secure.gravatar.com\\\/avatar\\\/c1261138a5e7882394bd9001104fe7078a2d860997555a5353af4ef7bd38f6db?s=96&d=mm&r=g\",\"caption\":\"Albert\"},\"sameAs\":[\"https:\\\/\\\/www.comll.cat\"]}]}<\/script>\n<!-- \/ Yoast SEO plugin. -->","yoast_head_json":{"title":"Luis Rojas Marcos, l\u2019Institut de Salut Carlos III, l\u2019Associaci\u00f3 de V\u00edctimes de la Talidomina i l\u2019Alt Comissionat per a la Pobresa Infantil, entre els premiats pel CGCOM - Col\u00b7legi Oficial de Metges de Lleida","robots":{"index":"index","follow":"follow","max-snippet":"max-snippet:-1","max-image-preview":"max-image-preview:large","max-video-preview":"max-video-preview:-1"},"canonical":"https:\/\/www.comll.cat\/es\/luis-rojas-marcos-linstitut-de-salut-carlos-iii-lassociacio-de-victimes-de-la-talidomina-i-lalt-comissionat-per-a-la-pobresa-infantil-entre-els-premiats-pel-cgcom\/","og_locale":"es_ES","og_type":"article","og_title":"Luis Rojas Marcos, l\u2019Institut de Salut Carlos III, l\u2019Associaci\u00f3 de V\u00edctimes de la Talidomina i l\u2019Alt Comissionat per a la Pobresa Infantil, entre els premiats pel CGCOM - Col\u00b7legi Oficial de Metges de Lleida","og_description":"El jurat de la II edici\u00f3 dels Premis Metges i Pacients, que organitza el Consell General de Col\u00b7legis Oficials de...","og_url":"https:\/\/www.comll.cat\/es\/luis-rojas-marcos-linstitut-de-salut-carlos-iii-lassociacio-de-victimes-de-la-talidomina-i-lalt-comissionat-per-a-la-pobresa-infantil-entre-els-premiats-pel-cgcom\/","og_site_name":"Col\u00b7legi Oficial de Metges de Lleida","article_published_time":"2019-07-15T07:22:18+00:00","author":"Albert","twitter_card":"summary_large_image","schema":{"@context":"https:\/\/schema.org","@graph":[{"@type":"Article","@id":"https:\/\/www.comll.cat\/es\/luis-rojas-marcos-linstitut-de-salut-carlos-iii-lassociacio-de-victimes-de-la-talidomina-i-lalt-comissionat-per-a-la-pobresa-infantil-entre-els-premiats-pel-cgcom\/#article","isPartOf":{"@id":"https:\/\/www.comll.cat\/es\/luis-rojas-marcos-linstitut-de-salut-carlos-iii-lassociacio-de-victimes-de-la-talidomina-i-lalt-comissionat-per-a-la-pobresa-infantil-entre-els-premiats-pel-cgcom\/"},"author":{"name":"Albert","@id":"https:\/\/www.comll.cat\/es\/#\/schema\/person\/1c7bc4d83b35a927d680cfe0ec9120e0"},"headline":"Luis Rojas Marcos, l\u2019Institut de Salut Carlos III, l\u2019Associaci\u00f3 de V\u00edctimes de la Talidomina i l\u2019Alt Comissionat per a la Pobresa Infantil, entre els premiats pel CGCOM","datePublished":"2019-07-15T07:22:18+00:00","mainEntityOfPage":{"@id":"https:\/\/www.comll.cat\/es\/luis-rojas-marcos-linstitut-de-salut-carlos-iii-lassociacio-de-victimes-de-la-talidomina-i-lalt-comissionat-per-a-la-pobresa-infantil-entre-els-premiats-pel-cgcom\/"},"wordCount":257,"articleSection":["Noticias"],"inLanguage":"es"},{"@type":"WebPage","@id":"https:\/\/www.comll.cat\/es\/luis-rojas-marcos-linstitut-de-salut-carlos-iii-lassociacio-de-victimes-de-la-talidomina-i-lalt-comissionat-per-a-la-pobresa-infantil-entre-els-premiats-pel-cgcom\/","url":"https:\/\/www.comll.cat\/es\/luis-rojas-marcos-linstitut-de-salut-carlos-iii-lassociacio-de-victimes-de-la-talidomina-i-lalt-comissionat-per-a-la-pobresa-infantil-entre-els-premiats-pel-cgcom\/","name":"Luis Rojas Marcos, l\u2019Institut de Salut Carlos III, l\u2019Associaci\u00f3 de V\u00edctimes de la Talidomina i l\u2019Alt Comissionat per a la Pobresa Infantil, entre els premiats pel CGCOM - Col\u00b7legi Oficial de Metges de Lleida","isPartOf":{"@id":"https:\/\/www.comll.cat\/es\/#website"},"datePublished":"2019-07-15T07:22:18+00:00","author":{"@id":"https:\/\/www.comll.cat\/es\/#\/schema\/person\/1c7bc4d83b35a927d680cfe0ec9120e0"},"breadcrumb":{"@id":"https:\/\/www.comll.cat\/es\/luis-rojas-marcos-linstitut-de-salut-carlos-iii-lassociacio-de-victimes-de-la-talidomina-i-lalt-comissionat-per-a-la-pobresa-infantil-entre-els-premiats-pel-cgcom\/#breadcrumb"},"inLanguage":"es","potentialAction":[{"@type":"ReadAction","target":["https:\/\/www.comll.cat\/es\/luis-rojas-marcos-linstitut-de-salut-carlos-iii-lassociacio-de-victimes-de-la-talidomina-i-lalt-comissionat-per-a-la-pobresa-infantil-entre-els-premiats-pel-cgcom\/"]}]},{"@type":"BreadcrumbList","@id":"https:\/\/www.comll.cat\/es\/luis-rojas-marcos-linstitut-de-salut-carlos-iii-lassociacio-de-victimes-de-la-talidomina-i-lalt-comissionat-per-a-la-pobresa-infantil-entre-els-premiats-pel-cgcom\/#breadcrumb","itemListElement":[{"@type":"ListItem","position":1,"name":"Portada","item":"https:\/\/www.comll.cat\/es\/"},{"@type":"ListItem","position":2,"name":"Luis Rojas Marcos, l\u2019Institut de Salut Carlos III, l\u2019Associaci\u00f3 de V\u00edctimes de la Talidomina i l\u2019Alt Comissionat per a la Pobresa Infantil, entre els premiats pel CGCOM"}]},{"@type":"WebSite","@id":"https:\/\/www.comll.cat\/es\/#website","url":"https:\/\/www.comll.cat\/es\/","name":"Col\u00b7legi Oficial de Metges de Lleida","description":"COMLL","potentialAction":[{"@type":"SearchAction","target":{"@type":"EntryPoint","urlTemplate":"https:\/\/www.comll.cat\/es\/?s={search_term_string}"},"query-input":{"@type":"PropertyValueSpecification","valueRequired":true,"valueName":"search_term_string"}}],"inLanguage":"es"},{"@type":"Person","@id":"https:\/\/www.comll.cat\/es\/#\/schema\/person\/1c7bc4d83b35a927d680cfe0ec9120e0","name":"Albert","image":{"@type":"ImageObject","inLanguage":"es","@id":"https:\/\/secure.gravatar.com\/avatar\/c1261138a5e7882394bd9001104fe7078a2d860997555a5353af4ef7bd38f6db?s=96&d=mm&r=g","url":"https:\/\/secure.gravatar.com\/avatar\/c1261138a5e7882394bd9001104fe7078a2d860997555a5353af4ef7bd38f6db?s=96&d=mm&r=g","contentUrl":"https:\/\/secure.gravatar.com\/avatar\/c1261138a5e7882394bd9001104fe7078a2d860997555a5353af4ef7bd38f6db?s=96&d=mm&r=g","caption":"Albert"},"sameAs":["https:\/\/www.comll.cat"]}]}},"publishpress_future_action":{"enabled":false,"date":"2026-04-30 01:46:27","action":"change-status","newStatus":"draft","terms":[],"taxonomy":"category","extraData":[]},"publishpress_future_workflow_manual_trigger":{"enabledWorkflows":[]},"_links":{"self":[{"href":"https:\/\/www.comll.cat\/es\/wp-json\/wp\/v2\/posts\/751","targetHints":{"allow":["GET"]}}],"collection":[{"href":"https:\/\/www.comll.cat\/es\/wp-json\/wp\/v2\/posts"}],"about":[{"href":"https:\/\/www.comll.cat\/es\/wp-json\/wp\/v2\/types\/post"}],"author":[{"embeddable":true,"href":"https:\/\/www.comll.cat\/es\/wp-json\/wp\/v2\/users\/1"}],"replies":[{"embeddable":true,"href":"https:\/\/www.comll.cat\/es\/wp-json\/wp\/v2\/comments?post=751"}],"version-history":[{"count":0,"href":"https:\/\/www.comll.cat\/es\/wp-json\/wp\/v2\/posts\/751\/revisions"}],"wp:attachment":[{"href":"https:\/\/www.comll.cat\/es\/wp-json\/wp\/v2\/media?parent=751"}],"wp:term":[{"taxonomy":"category","embeddable":true,"href":"https:\/\/www.comll.cat\/es\/wp-json\/wp\/v2\/categories?post=751"},{"taxonomy":"post_tag","embeddable":true,"href":"https:\/\/www.comll.cat\/es\/wp-json\/wp\/v2\/tags?post=751"}],"curies":[{"name":"wp","href":"https:\/\/api.w.org\/{rel}","templated":true}]}}