{"id":749,"date":"2019-07-11T15:50:58","date_gmt":"2019-07-11T13:50:58","guid":{"rendered":"https:\/\/www.comll.cat\/curs-en-linia-medicina-palliativa-en-nens-i-adolescents-organitzat-per-la-fundacio-per-a-la-formacio-de-lomc\/"},"modified":"2019-07-11T15:50:58","modified_gmt":"2019-07-11T13:50:58","slug":"curs-en-linia-medicina-palliativa-en-nens-i-adolescents-organitzat-per-la-fundacio-per-a-la-formacio-de-lomc","status":"publish","type":"post","link":"https:\/\/www.comll.cat\/es\/curs-en-linia-medicina-palliativa-en-nens-i-adolescents-organitzat-per-la-fundacio-per-a-la-formacio-de-lomc\/","title":{"rendered":"Curs en l\u00ednia \u201cMedicina Pal\u00b7liativa en Nens i Adolescents\u201d organitzat per la Fundaci\u00f3 per a la Formaci\u00f3 de l\u2019OMC"},"content":{"rendered":"<p>La Fundaci\u00f3 per a la Formaci\u00f3 de l\u2019Organitzaci\u00f3 M\u00e8dica Col\u00b7legial (OMC) organitza el curs en l\u00ednia <em>Medicina Pal\u00b7liativa en Nens i Adolescents<\/em>, que comen\u00e7ar\u00e0 a l\u2019octubre. L\u2019activitat est\u00e0 formada per tres cursos modulars amb un total de 237 hores lectives. El primer curs tractar\u00e0 de <em>Les cures pal\u00b7liatives en Pediatria: el control de s\u00edmptomes i el seu maneig<\/em>. El segon, de <em>C\u00e0ncer i altres patologies pedi\u00e0triques: l\u2019abordatge pal\u00b7liatiu cl\u00ednic i psicopedag\u00f2gic<\/em>. El tercer versar\u00e0 sobre <em>Atenci\u00f3 al pacient pedi\u00e0tric i a la seva fam\u00edlia: organitzaci\u00f3 de l\u2019equip i fonamentaci\u00f3 bio\u00e8tica<\/em>.<\/p>\n<p>El Dr. Wilson Astudillo, metge neur\u00f2leg i especialista en Medicina FyC i president de la Societat Basca de Cures Pal\u00b7liatives i de Pal\u00b7liatius Sense Fronteres, \u00e9s el director acad\u00e8mic de l\u2019activitat. El termini d\u2019inscripci\u00f3 ja est\u00e0 obert.<\/p>\n<p>M\u00e9s informaci\u00f3, a <a href=\"https:\/\/www.ffomc.org\/sites\/default\/files\/u21\/ProgramaPaliativosPediatricosv3.pdf\">https:\/\/www.ffomc.org\/sites\/default\/files\/u21\/ProgramaPaliativosPediatricosv3.pdf<\/a>.<\/p>\n","protected":false},"excerpt":{"rendered":"<p>La Fundaci\u00f3 per a la Formaci\u00f3 de l\u2019Organitzaci\u00f3 M\u00e8dica Col\u00b7legial (OMC) organitza el curs en l\u00ednia Medicina Pal\u00b7liativa en Nens...<\/p>\n","protected":false},"author":1,"featured_media":0,"comment_status":"closed","ping_status":"closed","sticky":false,"template":"","format":"standard","meta":{"_acf_changed":false,"inline_featured_image":false,"footnotes":""},"categories":[18],"tags":[],"class_list":["post-749","post","type-post","status-publish","format-standard","hentry","category-noticias"],"acf":[],"yoast_head":"<!-- This site is optimized with the Yoast SEO plugin v27.5 - https:\/\/yoast.com\/product\/yoast-seo-wordpress\/ -->\n<title>Curs en l\u00ednia \u201cMedicina Pal\u00b7liativa en Nens i Adolescents\u201d organitzat per la Fundaci\u00f3 per a la Formaci\u00f3 de l\u2019OMC - Col\u00b7legi Oficial de Metges de Lleida<\/title>\n<meta name=\"robots\" content=\"index, follow, max-snippet:-1, max-image-preview:large, max-video-preview:-1\" \/>\n<link rel=\"canonical\" href=\"https:\/\/www.comll.cat\/es\/curs-en-linia-medicina-palliativa-en-nens-i-adolescents-organitzat-per-la-fundacio-per-a-la-formacio-de-lomc\/\" \/>\n<meta property=\"og:locale\" content=\"es_ES\" \/>\n<meta property=\"og:type\" content=\"article\" \/>\n<meta property=\"og:title\" content=\"Curs en l\u00ednia \u201cMedicina Pal\u00b7liativa en Nens i Adolescents\u201d organitzat per la Fundaci\u00f3 per a la Formaci\u00f3 de l\u2019OMC - Col\u00b7legi Oficial de Metges de Lleida\" \/>\n<meta property=\"og:description\" content=\"La Fundaci\u00f3 per a la Formaci\u00f3 de l\u2019Organitzaci\u00f3 M\u00e8dica Col\u00b7legial (OMC) organitza el curs en l\u00ednia Medicina Pal\u00b7liativa en Nens...\" \/>\n<meta property=\"og:url\" content=\"https:\/\/www.comll.cat\/es\/curs-en-linia-medicina-palliativa-en-nens-i-adolescents-organitzat-per-la-fundacio-per-a-la-formacio-de-lomc\/\" \/>\n<meta property=\"og:site_name\" content=\"Col\u00b7legi Oficial de Metges de Lleida\" \/>\n<meta property=\"article:published_time\" content=\"2019-07-11T13:50:58+00:00\" \/>\n<meta name=\"author\" content=\"Albert\" \/>\n<meta name=\"twitter:card\" content=\"summary_large_image\" \/>\n<script type=\"application\/ld+json\" class=\"yoast-schema-graph\">{\"@context\":\"https:\\\/\\\/schema.org\",\"@graph\":[{\"@type\":\"Article\",\"@id\":\"https:\\\/\\\/www.comll.cat\\\/es\\\/curs-en-linia-medicina-palliativa-en-nens-i-adolescents-organitzat-per-la-fundacio-per-a-la-formacio-de-lomc\\\/#article\",\"isPartOf\":{\"@id\":\"https:\\\/\\\/www.comll.cat\\\/es\\\/curs-en-linia-medicina-palliativa-en-nens-i-adolescents-organitzat-per-la-fundacio-per-a-la-formacio-de-lomc\\\/\"},\"author\":{\"name\":\"Albert\",\"@id\":\"https:\\\/\\\/www.comll.cat\\\/es\\\/#\\\/schema\\\/person\\\/1c7bc4d83b35a927d680cfe0ec9120e0\"},\"headline\":\"Curs en l\u00ednia \u201cMedicina Pal\u00b7liativa en Nens i Adolescents\u201d organitzat per la Fundaci\u00f3 per a la Formaci\u00f3 de l\u2019OMC\",\"datePublished\":\"2019-07-11T13:50:58+00:00\",\"mainEntityOfPage\":{\"@id\":\"https:\\\/\\\/www.comll.cat\\\/es\\\/curs-en-linia-medicina-palliativa-en-nens-i-adolescents-organitzat-per-la-fundacio-per-a-la-formacio-de-lomc\\\/\"},\"wordCount\":188,\"articleSection\":[\"Noticias\"],\"inLanguage\":\"es\"},{\"@type\":\"WebPage\",\"@id\":\"https:\\\/\\\/www.comll.cat\\\/es\\\/curs-en-linia-medicina-palliativa-en-nens-i-adolescents-organitzat-per-la-fundacio-per-a-la-formacio-de-lomc\\\/\",\"url\":\"https:\\\/\\\/www.comll.cat\\\/es\\\/curs-en-linia-medicina-palliativa-en-nens-i-adolescents-organitzat-per-la-fundacio-per-a-la-formacio-de-lomc\\\/\",\"name\":\"Curs en l\u00ednia \u201cMedicina Pal\u00b7liativa en Nens i Adolescents\u201d organitzat per la Fundaci\u00f3 per a la Formaci\u00f3 de l\u2019OMC - Col\u00b7legi Oficial de Metges de Lleida\",\"isPartOf\":{\"@id\":\"https:\\\/\\\/www.comll.cat\\\/es\\\/#website\"},\"datePublished\":\"2019-07-11T13:50:58+00:00\",\"author\":{\"@id\":\"https:\\\/\\\/www.comll.cat\\\/es\\\/#\\\/schema\\\/person\\\/1c7bc4d83b35a927d680cfe0ec9120e0\"},\"breadcrumb\":{\"@id\":\"https:\\\/\\\/www.comll.cat\\\/es\\\/curs-en-linia-medicina-palliativa-en-nens-i-adolescents-organitzat-per-la-fundacio-per-a-la-formacio-de-lomc\\\/#breadcrumb\"},\"inLanguage\":\"es\",\"potentialAction\":[{\"@type\":\"ReadAction\",\"target\":[\"https:\\\/\\\/www.comll.cat\\\/es\\\/curs-en-linia-medicina-palliativa-en-nens-i-adolescents-organitzat-per-la-fundacio-per-a-la-formacio-de-lomc\\\/\"]}]},{\"@type\":\"BreadcrumbList\",\"@id\":\"https:\\\/\\\/www.comll.cat\\\/es\\\/curs-en-linia-medicina-palliativa-en-nens-i-adolescents-organitzat-per-la-fundacio-per-a-la-formacio-de-lomc\\\/#breadcrumb\",\"itemListElement\":[{\"@type\":\"ListItem\",\"position\":1,\"name\":\"Portada\",\"item\":\"https:\\\/\\\/www.comll.cat\\\/es\\\/\"},{\"@type\":\"ListItem\",\"position\":2,\"name\":\"Curs en l\u00ednia \u201cMedicina Pal\u00b7liativa en Nens i Adolescents\u201d organitzat per la Fundaci\u00f3 per a la Formaci\u00f3 de l\u2019OMC\"}]},{\"@type\":\"WebSite\",\"@id\":\"https:\\\/\\\/www.comll.cat\\\/es\\\/#website\",\"url\":\"https:\\\/\\\/www.comll.cat\\\/es\\\/\",\"name\":\"Col\u00b7legi Oficial de Metges de Lleida\",\"description\":\"COMLL\",\"potentialAction\":[{\"@type\":\"SearchAction\",\"target\":{\"@type\":\"EntryPoint\",\"urlTemplate\":\"https:\\\/\\\/www.comll.cat\\\/es\\\/?s={search_term_string}\"},\"query-input\":{\"@type\":\"PropertyValueSpecification\",\"valueRequired\":true,\"valueName\":\"search_term_string\"}}],\"inLanguage\":\"es\"},{\"@type\":\"Person\",\"@id\":\"https:\\\/\\\/www.comll.cat\\\/es\\\/#\\\/schema\\\/person\\\/1c7bc4d83b35a927d680cfe0ec9120e0\",\"name\":\"Albert\",\"image\":{\"@type\":\"ImageObject\",\"inLanguage\":\"es\",\"@id\":\"https:\\\/\\\/secure.gravatar.com\\\/avatar\\\/c1261138a5e7882394bd9001104fe7078a2d860997555a5353af4ef7bd38f6db?s=96&d=mm&r=g\",\"url\":\"https:\\\/\\\/secure.gravatar.com\\\/avatar\\\/c1261138a5e7882394bd9001104fe7078a2d860997555a5353af4ef7bd38f6db?s=96&d=mm&r=g\",\"contentUrl\":\"https:\\\/\\\/secure.gravatar.com\\\/avatar\\\/c1261138a5e7882394bd9001104fe7078a2d860997555a5353af4ef7bd38f6db?s=96&d=mm&r=g\",\"caption\":\"Albert\"},\"sameAs\":[\"https:\\\/\\\/www.comll.cat\"]}]}<\/script>\n<!-- \/ Yoast SEO plugin. -->","yoast_head_json":{"title":"Curs en l\u00ednia \u201cMedicina Pal\u00b7liativa en Nens i Adolescents\u201d organitzat per la Fundaci\u00f3 per a la Formaci\u00f3 de l\u2019OMC - Col\u00b7legi Oficial de Metges de Lleida","robots":{"index":"index","follow":"follow","max-snippet":"max-snippet:-1","max-image-preview":"max-image-preview:large","max-video-preview":"max-video-preview:-1"},"canonical":"https:\/\/www.comll.cat\/es\/curs-en-linia-medicina-palliativa-en-nens-i-adolescents-organitzat-per-la-fundacio-per-a-la-formacio-de-lomc\/","og_locale":"es_ES","og_type":"article","og_title":"Curs en l\u00ednia \u201cMedicina Pal\u00b7liativa en Nens i Adolescents\u201d organitzat per la Fundaci\u00f3 per a la Formaci\u00f3 de l\u2019OMC - Col\u00b7legi Oficial de Metges de Lleida","og_description":"La Fundaci\u00f3 per a la Formaci\u00f3 de l\u2019Organitzaci\u00f3 M\u00e8dica Col\u00b7legial (OMC) organitza el curs en l\u00ednia Medicina Pal\u00b7liativa en Nens...","og_url":"https:\/\/www.comll.cat\/es\/curs-en-linia-medicina-palliativa-en-nens-i-adolescents-organitzat-per-la-fundacio-per-a-la-formacio-de-lomc\/","og_site_name":"Col\u00b7legi Oficial de Metges de Lleida","article_published_time":"2019-07-11T13:50:58+00:00","author":"Albert","twitter_card":"summary_large_image","schema":{"@context":"https:\/\/schema.org","@graph":[{"@type":"Article","@id":"https:\/\/www.comll.cat\/es\/curs-en-linia-medicina-palliativa-en-nens-i-adolescents-organitzat-per-la-fundacio-per-a-la-formacio-de-lomc\/#article","isPartOf":{"@id":"https:\/\/www.comll.cat\/es\/curs-en-linia-medicina-palliativa-en-nens-i-adolescents-organitzat-per-la-fundacio-per-a-la-formacio-de-lomc\/"},"author":{"name":"Albert","@id":"https:\/\/www.comll.cat\/es\/#\/schema\/person\/1c7bc4d83b35a927d680cfe0ec9120e0"},"headline":"Curs en l\u00ednia \u201cMedicina Pal\u00b7liativa en Nens i Adolescents\u201d organitzat per la Fundaci\u00f3 per a la Formaci\u00f3 de l\u2019OMC","datePublished":"2019-07-11T13:50:58+00:00","mainEntityOfPage":{"@id":"https:\/\/www.comll.cat\/es\/curs-en-linia-medicina-palliativa-en-nens-i-adolescents-organitzat-per-la-fundacio-per-a-la-formacio-de-lomc\/"},"wordCount":188,"articleSection":["Noticias"],"inLanguage":"es"},{"@type":"WebPage","@id":"https:\/\/www.comll.cat\/es\/curs-en-linia-medicina-palliativa-en-nens-i-adolescents-organitzat-per-la-fundacio-per-a-la-formacio-de-lomc\/","url":"https:\/\/www.comll.cat\/es\/curs-en-linia-medicina-palliativa-en-nens-i-adolescents-organitzat-per-la-fundacio-per-a-la-formacio-de-lomc\/","name":"Curs en l\u00ednia \u201cMedicina Pal\u00b7liativa en Nens i Adolescents\u201d organitzat per la Fundaci\u00f3 per a la Formaci\u00f3 de l\u2019OMC - Col\u00b7legi Oficial de Metges de Lleida","isPartOf":{"@id":"https:\/\/www.comll.cat\/es\/#website"},"datePublished":"2019-07-11T13:50:58+00:00","author":{"@id":"https:\/\/www.comll.cat\/es\/#\/schema\/person\/1c7bc4d83b35a927d680cfe0ec9120e0"},"breadcrumb":{"@id":"https:\/\/www.comll.cat\/es\/curs-en-linia-medicina-palliativa-en-nens-i-adolescents-organitzat-per-la-fundacio-per-a-la-formacio-de-lomc\/#breadcrumb"},"inLanguage":"es","potentialAction":[{"@type":"ReadAction","target":["https:\/\/www.comll.cat\/es\/curs-en-linia-medicina-palliativa-en-nens-i-adolescents-organitzat-per-la-fundacio-per-a-la-formacio-de-lomc\/"]}]},{"@type":"BreadcrumbList","@id":"https:\/\/www.comll.cat\/es\/curs-en-linia-medicina-palliativa-en-nens-i-adolescents-organitzat-per-la-fundacio-per-a-la-formacio-de-lomc\/#breadcrumb","itemListElement":[{"@type":"ListItem","position":1,"name":"Portada","item":"https:\/\/www.comll.cat\/es\/"},{"@type":"ListItem","position":2,"name":"Curs en l\u00ednia \u201cMedicina Pal\u00b7liativa en Nens i Adolescents\u201d organitzat per la Fundaci\u00f3 per a la Formaci\u00f3 de l\u2019OMC"}]},{"@type":"WebSite","@id":"https:\/\/www.comll.cat\/es\/#website","url":"https:\/\/www.comll.cat\/es\/","name":"Col\u00b7legi Oficial de Metges de Lleida","description":"COMLL","potentialAction":[{"@type":"SearchAction","target":{"@type":"EntryPoint","urlTemplate":"https:\/\/www.comll.cat\/es\/?s={search_term_string}"},"query-input":{"@type":"PropertyValueSpecification","valueRequired":true,"valueName":"search_term_string"}}],"inLanguage":"es"},{"@type":"Person","@id":"https:\/\/www.comll.cat\/es\/#\/schema\/person\/1c7bc4d83b35a927d680cfe0ec9120e0","name":"Albert","image":{"@type":"ImageObject","inLanguage":"es","@id":"https:\/\/secure.gravatar.com\/avatar\/c1261138a5e7882394bd9001104fe7078a2d860997555a5353af4ef7bd38f6db?s=96&d=mm&r=g","url":"https:\/\/secure.gravatar.com\/avatar\/c1261138a5e7882394bd9001104fe7078a2d860997555a5353af4ef7bd38f6db?s=96&d=mm&r=g","contentUrl":"https:\/\/secure.gravatar.com\/avatar\/c1261138a5e7882394bd9001104fe7078a2d860997555a5353af4ef7bd38f6db?s=96&d=mm&r=g","caption":"Albert"},"sameAs":["https:\/\/www.comll.cat"]}]}},"publishpress_future_action":{"enabled":false,"date":"2026-05-01 13:44:51","action":"change-status","newStatus":"draft","terms":[],"taxonomy":"category","extraData":[]},"publishpress_future_workflow_manual_trigger":{"enabledWorkflows":[]},"_links":{"self":[{"href":"https:\/\/www.comll.cat\/es\/wp-json\/wp\/v2\/posts\/749","targetHints":{"allow":["GET"]}}],"collection":[{"href":"https:\/\/www.comll.cat\/es\/wp-json\/wp\/v2\/posts"}],"about":[{"href":"https:\/\/www.comll.cat\/es\/wp-json\/wp\/v2\/types\/post"}],"author":[{"embeddable":true,"href":"https:\/\/www.comll.cat\/es\/wp-json\/wp\/v2\/users\/1"}],"replies":[{"embeddable":true,"href":"https:\/\/www.comll.cat\/es\/wp-json\/wp\/v2\/comments?post=749"}],"version-history":[{"count":0,"href":"https:\/\/www.comll.cat\/es\/wp-json\/wp\/v2\/posts\/749\/revisions"}],"wp:attachment":[{"href":"https:\/\/www.comll.cat\/es\/wp-json\/wp\/v2\/media?parent=749"}],"wp:term":[{"taxonomy":"category","embeddable":true,"href":"https:\/\/www.comll.cat\/es\/wp-json\/wp\/v2\/categories?post=749"},{"taxonomy":"post_tag","embeddable":true,"href":"https:\/\/www.comll.cat\/es\/wp-json\/wp\/v2\/tags?post=749"}],"curies":[{"name":"wp","href":"https:\/\/api.w.org\/{rel}","templated":true}]}}