{"id":715,"date":"2019-06-26T16:15:38","date_gmt":"2019-06-26T14:15:38","guid":{"rendered":"https:\/\/www.comll.cat\/responsables-del-programa-paimm-demanen-mes-implicacio-de-les-administracions-publiques-per-treballar-en-la-prevencio-del-metge-malalt\/"},"modified":"2019-06-26T16:15:38","modified_gmt":"2019-06-26T14:15:38","slug":"responsables-del-programa-paimm-demanen-mes-implicacio-de-les-administracions-publiques-per-treballar-en-la-prevencio-del-metge-malalt","status":"publish","type":"post","link":"https:\/\/www.comll.cat\/es\/responsables-del-programa-paimm-demanen-mes-implicacio-de-les-administracions-publiques-per-treballar-en-la-prevencio-del-metge-malalt\/","title":{"rendered":"Responsables del programa PAIMM demanen m\u00e9s implicaci\u00f3 de les Administracions p\u00fabliques per treballar en la prevenci\u00f3 del metge malalt"},"content":{"rendered":"<p>Responsables del PAIMM demanen m\u00e9s implicaci\u00f3 de les Administracions p\u00fabliques per treballar en la prevenci\u00f3 dels professionals sanitaris que pateixen trastorns mentals i addiccions. Aix\u00ed ho van manifestar en el III Congr\u00e9s Mundial de la World Association on Dual Disordes i en el VI Congr\u00e9s Internacional de la Societat Espanyola de Patologia Dual.<\/p>\n<p>El Dr. Seraf\u00edn Romero, president de l\u2019Organitzaci\u00f3 M\u00e8dica Col\u00b7legial i de la seva fundaci\u00f3 social, va afirmar que \u201cl\u2019objectiu final \u2013del PAIMM\u2013 \u00e9s garantir la bona praxis, tot garantint el millor estat de salut del metges\u201d. Va afegir que \u201cles Administracions p\u00fabliques han de garantir als professionals de la Sanitat l\u2019acc\u00e9s a aquests serveis assegurant-ne la confidencialitat\u201d.<\/p>\n<p>Les Administracions p\u00fabliques han de tenir \u201cun comprom\u00eds directe i una complicitat no nom\u00e9s pel que fa al finan\u00e7ament sin\u00f3 tamb\u00e9 en la creaci\u00f3 de comissions de seguiment de casos PAIMM\u201d, segons el Dr. Romero. El president de l\u2019OMC va destacar, aix\u00ed mateix, que el programa t\u00e9 l\u2019objectiu d\u2019aconseguir la prevenci\u00f3, la promoci\u00f3, la rehabilitaci\u00f3 i la reincorporaci\u00f3 del professional al seu lloc de treball.<\/p>\n<p>EL PAIMM va n\u00e9ixer fa 20 anys al Col\u00b7legi de Metges de Barcelona i actualment est\u00e0 implantat en totes les comunitats aut\u00f2nomes. Durant aquestes dues d\u00e8cades, ha at\u00e8s 4.294 metges.<\/p>\n","protected":false},"excerpt":{"rendered":"<p>Responsables del PAIMM demanen m\u00e9s implicaci\u00f3 de les Administracions p\u00fabliques per treballar en la prevenci\u00f3 dels professionals sanitaris que pateixen...<\/p>\n","protected":false},"author":1,"featured_media":430,"comment_status":"closed","ping_status":"closed","sticky":false,"template":"","format":"standard","meta":{"_acf_changed":false,"inline_featured_image":false,"footnotes":""},"categories":[18],"tags":[],"class_list":["post-715","post","type-post","status-publish","format-standard","has-post-thumbnail","hentry","category-noticias"],"acf":[],"yoast_head":"<!-- This site is optimized with the Yoast SEO plugin v27.5 - https:\/\/yoast.com\/product\/yoast-seo-wordpress\/ -->\n<title>Responsables del programa PAIMM demanen m\u00e9s implicaci\u00f3 de les Administracions p\u00fabliques per treballar en la prevenci\u00f3 del metge malalt - Col\u00b7legi Oficial de Metges de Lleida<\/title>\n<meta name=\"robots\" content=\"index, follow, max-snippet:-1, max-image-preview:large, max-video-preview:-1\" \/>\n<link rel=\"canonical\" href=\"https:\/\/www.comll.cat\/es\/responsables-del-programa-paimm-demanen-mes-implicacio-de-les-administracions-publiques-per-treballar-en-la-prevencio-del-metge-malalt\/\" \/>\n<meta property=\"og:locale\" content=\"es_ES\" \/>\n<meta property=\"og:type\" content=\"article\" \/>\n<meta property=\"og:title\" content=\"Responsables del programa PAIMM demanen m\u00e9s implicaci\u00f3 de les Administracions p\u00fabliques per treballar en la prevenci\u00f3 del metge malalt - Col\u00b7legi Oficial de Metges de Lleida\" \/>\n<meta property=\"og:description\" content=\"Responsables del PAIMM demanen m\u00e9s implicaci\u00f3 de les Administracions p\u00fabliques per treballar en la prevenci\u00f3 dels professionals sanitaris que pateixen...\" \/>\n<meta property=\"og:url\" content=\"https:\/\/www.comll.cat\/es\/responsables-del-programa-paimm-demanen-mes-implicacio-de-les-administracions-publiques-per-treballar-en-la-prevencio-del-metge-malalt\/\" \/>\n<meta property=\"og:site_name\" content=\"Col\u00b7legi Oficial de Metges de Lleida\" \/>\n<meta property=\"article:published_time\" content=\"2019-06-26T14:15:38+00:00\" \/>\n<meta property=\"og:image\" content=\"https:\/\/www.comll.cat\/es\/wp-content\/uploads\/sites\/3\/noticia-comll.jpg\" \/>\n\t<meta property=\"og:image:width\" content=\"1280\" \/>\n\t<meta property=\"og:image:height\" content=\"900\" \/>\n\t<meta property=\"og:image:type\" content=\"image\/jpeg\" \/>\n<meta name=\"author\" content=\"Albert\" \/>\n<meta name=\"twitter:card\" content=\"summary_large_image\" \/>\n<script type=\"application\/ld+json\" class=\"yoast-schema-graph\">{\"@context\":\"https:\\\/\\\/schema.org\",\"@graph\":[{\"@type\":\"Article\",\"@id\":\"https:\\\/\\\/www.comll.cat\\\/es\\\/responsables-del-programa-paimm-demanen-mes-implicacio-de-les-administracions-publiques-per-treballar-en-la-prevencio-del-metge-malalt\\\/#article\",\"isPartOf\":{\"@id\":\"https:\\\/\\\/www.comll.cat\\\/es\\\/responsables-del-programa-paimm-demanen-mes-implicacio-de-les-administracions-publiques-per-treballar-en-la-prevencio-del-metge-malalt\\\/\"},\"author\":{\"name\":\"Albert\",\"@id\":\"https:\\\/\\\/www.comll.cat\\\/es\\\/#\\\/schema\\\/person\\\/1c7bc4d83b35a927d680cfe0ec9120e0\"},\"headline\":\"Responsables del programa PAIMM demanen m\u00e9s implicaci\u00f3 de les Administracions p\u00fabliques per treballar en la prevenci\u00f3 del metge malalt\",\"datePublished\":\"2019-06-26T14:15:38+00:00\",\"mainEntityOfPage\":{\"@id\":\"https:\\\/\\\/www.comll.cat\\\/es\\\/responsables-del-programa-paimm-demanen-mes-implicacio-de-les-administracions-publiques-per-treballar-en-la-prevencio-del-metge-malalt\\\/\"},\"wordCount\":248,\"image\":{\"@id\":\"https:\\\/\\\/www.comll.cat\\\/es\\\/responsables-del-programa-paimm-demanen-mes-implicacio-de-les-administracions-publiques-per-treballar-en-la-prevencio-del-metge-malalt\\\/#primaryimage\"},\"thumbnailUrl\":\"https:\\\/\\\/www.comll.cat\\\/es\\\/wp-content\\\/uploads\\\/sites\\\/3\\\/noticia-comll.jpg\",\"articleSection\":[\"Noticias\"],\"inLanguage\":\"es\"},{\"@type\":\"WebPage\",\"@id\":\"https:\\\/\\\/www.comll.cat\\\/es\\\/responsables-del-programa-paimm-demanen-mes-implicacio-de-les-administracions-publiques-per-treballar-en-la-prevencio-del-metge-malalt\\\/\",\"url\":\"https:\\\/\\\/www.comll.cat\\\/es\\\/responsables-del-programa-paimm-demanen-mes-implicacio-de-les-administracions-publiques-per-treballar-en-la-prevencio-del-metge-malalt\\\/\",\"name\":\"Responsables del programa PAIMM demanen m\u00e9s implicaci\u00f3 de les Administracions p\u00fabliques per treballar en la prevenci\u00f3 del metge malalt - Col\u00b7legi Oficial de Metges de Lleida\",\"isPartOf\":{\"@id\":\"https:\\\/\\\/www.comll.cat\\\/es\\\/#website\"},\"primaryImageOfPage\":{\"@id\":\"https:\\\/\\\/www.comll.cat\\\/es\\\/responsables-del-programa-paimm-demanen-mes-implicacio-de-les-administracions-publiques-per-treballar-en-la-prevencio-del-metge-malalt\\\/#primaryimage\"},\"image\":{\"@id\":\"https:\\\/\\\/www.comll.cat\\\/es\\\/responsables-del-programa-paimm-demanen-mes-implicacio-de-les-administracions-publiques-per-treballar-en-la-prevencio-del-metge-malalt\\\/#primaryimage\"},\"thumbnailUrl\":\"https:\\\/\\\/www.comll.cat\\\/es\\\/wp-content\\\/uploads\\\/sites\\\/3\\\/noticia-comll.jpg\",\"datePublished\":\"2019-06-26T14:15:38+00:00\",\"author\":{\"@id\":\"https:\\\/\\\/www.comll.cat\\\/es\\\/#\\\/schema\\\/person\\\/1c7bc4d83b35a927d680cfe0ec9120e0\"},\"breadcrumb\":{\"@id\":\"https:\\\/\\\/www.comll.cat\\\/es\\\/responsables-del-programa-paimm-demanen-mes-implicacio-de-les-administracions-publiques-per-treballar-en-la-prevencio-del-metge-malalt\\\/#breadcrumb\"},\"inLanguage\":\"es\",\"potentialAction\":[{\"@type\":\"ReadAction\",\"target\":[\"https:\\\/\\\/www.comll.cat\\\/es\\\/responsables-del-programa-paimm-demanen-mes-implicacio-de-les-administracions-publiques-per-treballar-en-la-prevencio-del-metge-malalt\\\/\"]}]},{\"@type\":\"ImageObject\",\"inLanguage\":\"es\",\"@id\":\"https:\\\/\\\/www.comll.cat\\\/es\\\/responsables-del-programa-paimm-demanen-mes-implicacio-de-les-administracions-publiques-per-treballar-en-la-prevencio-del-metge-malalt\\\/#primaryimage\",\"url\":\"https:\\\/\\\/www.comll.cat\\\/es\\\/wp-content\\\/uploads\\\/sites\\\/3\\\/noticia-comll.jpg\",\"contentUrl\":\"https:\\\/\\\/www.comll.cat\\\/es\\\/wp-content\\\/uploads\\\/sites\\\/3\\\/noticia-comll.jpg\",\"width\":1280,\"height\":900},{\"@type\":\"BreadcrumbList\",\"@id\":\"https:\\\/\\\/www.comll.cat\\\/es\\\/responsables-del-programa-paimm-demanen-mes-implicacio-de-les-administracions-publiques-per-treballar-en-la-prevencio-del-metge-malalt\\\/#breadcrumb\",\"itemListElement\":[{\"@type\":\"ListItem\",\"position\":1,\"name\":\"Portada\",\"item\":\"https:\\\/\\\/www.comll.cat\\\/es\\\/\"},{\"@type\":\"ListItem\",\"position\":2,\"name\":\"Responsables del programa PAIMM demanen m\u00e9s implicaci\u00f3 de les Administracions p\u00fabliques per treballar en la prevenci\u00f3 del metge malalt\"}]},{\"@type\":\"WebSite\",\"@id\":\"https:\\\/\\\/www.comll.cat\\\/es\\\/#website\",\"url\":\"https:\\\/\\\/www.comll.cat\\\/es\\\/\",\"name\":\"Col\u00b7legi Oficial de Metges de Lleida\",\"description\":\"COMLL\",\"potentialAction\":[{\"@type\":\"SearchAction\",\"target\":{\"@type\":\"EntryPoint\",\"urlTemplate\":\"https:\\\/\\\/www.comll.cat\\\/es\\\/?s={search_term_string}\"},\"query-input\":{\"@type\":\"PropertyValueSpecification\",\"valueRequired\":true,\"valueName\":\"search_term_string\"}}],\"inLanguage\":\"es\"},{\"@type\":\"Person\",\"@id\":\"https:\\\/\\\/www.comll.cat\\\/es\\\/#\\\/schema\\\/person\\\/1c7bc4d83b35a927d680cfe0ec9120e0\",\"name\":\"Albert\",\"image\":{\"@type\":\"ImageObject\",\"inLanguage\":\"es\",\"@id\":\"https:\\\/\\\/secure.gravatar.com\\\/avatar\\\/c1261138a5e7882394bd9001104fe7078a2d860997555a5353af4ef7bd38f6db?s=96&d=mm&r=g\",\"url\":\"https:\\\/\\\/secure.gravatar.com\\\/avatar\\\/c1261138a5e7882394bd9001104fe7078a2d860997555a5353af4ef7bd38f6db?s=96&d=mm&r=g\",\"contentUrl\":\"https:\\\/\\\/secure.gravatar.com\\\/avatar\\\/c1261138a5e7882394bd9001104fe7078a2d860997555a5353af4ef7bd38f6db?s=96&d=mm&r=g\",\"caption\":\"Albert\"},\"sameAs\":[\"https:\\\/\\\/www.comll.cat\"]}]}<\/script>\n<!-- \/ Yoast SEO plugin. -->","yoast_head_json":{"title":"Responsables del programa PAIMM demanen m\u00e9s implicaci\u00f3 de les Administracions p\u00fabliques per treballar en la prevenci\u00f3 del metge malalt - Col\u00b7legi Oficial de Metges de Lleida","robots":{"index":"index","follow":"follow","max-snippet":"max-snippet:-1","max-image-preview":"max-image-preview:large","max-video-preview":"max-video-preview:-1"},"canonical":"https:\/\/www.comll.cat\/es\/responsables-del-programa-paimm-demanen-mes-implicacio-de-les-administracions-publiques-per-treballar-en-la-prevencio-del-metge-malalt\/","og_locale":"es_ES","og_type":"article","og_title":"Responsables del programa PAIMM demanen m\u00e9s implicaci\u00f3 de les Administracions p\u00fabliques per treballar en la prevenci\u00f3 del metge malalt - Col\u00b7legi Oficial de Metges de Lleida","og_description":"Responsables del PAIMM demanen m\u00e9s implicaci\u00f3 de les Administracions p\u00fabliques per treballar en la prevenci\u00f3 dels professionals sanitaris que pateixen...","og_url":"https:\/\/www.comll.cat\/es\/responsables-del-programa-paimm-demanen-mes-implicacio-de-les-administracions-publiques-per-treballar-en-la-prevencio-del-metge-malalt\/","og_site_name":"Col\u00b7legi Oficial de Metges de Lleida","article_published_time":"2019-06-26T14:15:38+00:00","og_image":[{"width":1280,"height":900,"url":"https:\/\/www.comll.cat\/es\/wp-content\/uploads\/sites\/3\/noticia-comll.jpg","type":"image\/jpeg"}],"author":"Albert","twitter_card":"summary_large_image","schema":{"@context":"https:\/\/schema.org","@graph":[{"@type":"Article","@id":"https:\/\/www.comll.cat\/es\/responsables-del-programa-paimm-demanen-mes-implicacio-de-les-administracions-publiques-per-treballar-en-la-prevencio-del-metge-malalt\/#article","isPartOf":{"@id":"https:\/\/www.comll.cat\/es\/responsables-del-programa-paimm-demanen-mes-implicacio-de-les-administracions-publiques-per-treballar-en-la-prevencio-del-metge-malalt\/"},"author":{"name":"Albert","@id":"https:\/\/www.comll.cat\/es\/#\/schema\/person\/1c7bc4d83b35a927d680cfe0ec9120e0"},"headline":"Responsables del programa PAIMM demanen m\u00e9s implicaci\u00f3 de les Administracions p\u00fabliques per treballar en la prevenci\u00f3 del metge malalt","datePublished":"2019-06-26T14:15:38+00:00","mainEntityOfPage":{"@id":"https:\/\/www.comll.cat\/es\/responsables-del-programa-paimm-demanen-mes-implicacio-de-les-administracions-publiques-per-treballar-en-la-prevencio-del-metge-malalt\/"},"wordCount":248,"image":{"@id":"https:\/\/www.comll.cat\/es\/responsables-del-programa-paimm-demanen-mes-implicacio-de-les-administracions-publiques-per-treballar-en-la-prevencio-del-metge-malalt\/#primaryimage"},"thumbnailUrl":"https:\/\/www.comll.cat\/es\/wp-content\/uploads\/sites\/3\/noticia-comll.jpg","articleSection":["Noticias"],"inLanguage":"es"},{"@type":"WebPage","@id":"https:\/\/www.comll.cat\/es\/responsables-del-programa-paimm-demanen-mes-implicacio-de-les-administracions-publiques-per-treballar-en-la-prevencio-del-metge-malalt\/","url":"https:\/\/www.comll.cat\/es\/responsables-del-programa-paimm-demanen-mes-implicacio-de-les-administracions-publiques-per-treballar-en-la-prevencio-del-metge-malalt\/","name":"Responsables del programa PAIMM demanen m\u00e9s implicaci\u00f3 de les Administracions p\u00fabliques per treballar en la prevenci\u00f3 del metge malalt - Col\u00b7legi Oficial de Metges de Lleida","isPartOf":{"@id":"https:\/\/www.comll.cat\/es\/#website"},"primaryImageOfPage":{"@id":"https:\/\/www.comll.cat\/es\/responsables-del-programa-paimm-demanen-mes-implicacio-de-les-administracions-publiques-per-treballar-en-la-prevencio-del-metge-malalt\/#primaryimage"},"image":{"@id":"https:\/\/www.comll.cat\/es\/responsables-del-programa-paimm-demanen-mes-implicacio-de-les-administracions-publiques-per-treballar-en-la-prevencio-del-metge-malalt\/#primaryimage"},"thumbnailUrl":"https:\/\/www.comll.cat\/es\/wp-content\/uploads\/sites\/3\/noticia-comll.jpg","datePublished":"2019-06-26T14:15:38+00:00","author":{"@id":"https:\/\/www.comll.cat\/es\/#\/schema\/person\/1c7bc4d83b35a927d680cfe0ec9120e0"},"breadcrumb":{"@id":"https:\/\/www.comll.cat\/es\/responsables-del-programa-paimm-demanen-mes-implicacio-de-les-administracions-publiques-per-treballar-en-la-prevencio-del-metge-malalt\/#breadcrumb"},"inLanguage":"es","potentialAction":[{"@type":"ReadAction","target":["https:\/\/www.comll.cat\/es\/responsables-del-programa-paimm-demanen-mes-implicacio-de-les-administracions-publiques-per-treballar-en-la-prevencio-del-metge-malalt\/"]}]},{"@type":"ImageObject","inLanguage":"es","@id":"https:\/\/www.comll.cat\/es\/responsables-del-programa-paimm-demanen-mes-implicacio-de-les-administracions-publiques-per-treballar-en-la-prevencio-del-metge-malalt\/#primaryimage","url":"https:\/\/www.comll.cat\/es\/wp-content\/uploads\/sites\/3\/noticia-comll.jpg","contentUrl":"https:\/\/www.comll.cat\/es\/wp-content\/uploads\/sites\/3\/noticia-comll.jpg","width":1280,"height":900},{"@type":"BreadcrumbList","@id":"https:\/\/www.comll.cat\/es\/responsables-del-programa-paimm-demanen-mes-implicacio-de-les-administracions-publiques-per-treballar-en-la-prevencio-del-metge-malalt\/#breadcrumb","itemListElement":[{"@type":"ListItem","position":1,"name":"Portada","item":"https:\/\/www.comll.cat\/es\/"},{"@type":"ListItem","position":2,"name":"Responsables del programa PAIMM demanen m\u00e9s implicaci\u00f3 de les Administracions p\u00fabliques per treballar en la prevenci\u00f3 del metge malalt"}]},{"@type":"WebSite","@id":"https:\/\/www.comll.cat\/es\/#website","url":"https:\/\/www.comll.cat\/es\/","name":"Col\u00b7legi Oficial de Metges de Lleida","description":"COMLL","potentialAction":[{"@type":"SearchAction","target":{"@type":"EntryPoint","urlTemplate":"https:\/\/www.comll.cat\/es\/?s={search_term_string}"},"query-input":{"@type":"PropertyValueSpecification","valueRequired":true,"valueName":"search_term_string"}}],"inLanguage":"es"},{"@type":"Person","@id":"https:\/\/www.comll.cat\/es\/#\/schema\/person\/1c7bc4d83b35a927d680cfe0ec9120e0","name":"Albert","image":{"@type":"ImageObject","inLanguage":"es","@id":"https:\/\/secure.gravatar.com\/avatar\/c1261138a5e7882394bd9001104fe7078a2d860997555a5353af4ef7bd38f6db?s=96&d=mm&r=g","url":"https:\/\/secure.gravatar.com\/avatar\/c1261138a5e7882394bd9001104fe7078a2d860997555a5353af4ef7bd38f6db?s=96&d=mm&r=g","contentUrl":"https:\/\/secure.gravatar.com\/avatar\/c1261138a5e7882394bd9001104fe7078a2d860997555a5353af4ef7bd38f6db?s=96&d=mm&r=g","caption":"Albert"},"sameAs":["https:\/\/www.comll.cat"]}]}},"publishpress_future_action":{"enabled":false,"date":"2026-05-01 21:38:32","action":"change-status","newStatus":"draft","terms":[],"taxonomy":"category","extraData":[]},"publishpress_future_workflow_manual_trigger":{"enabledWorkflows":[]},"_links":{"self":[{"href":"https:\/\/www.comll.cat\/es\/wp-json\/wp\/v2\/posts\/715","targetHints":{"allow":["GET"]}}],"collection":[{"href":"https:\/\/www.comll.cat\/es\/wp-json\/wp\/v2\/posts"}],"about":[{"href":"https:\/\/www.comll.cat\/es\/wp-json\/wp\/v2\/types\/post"}],"author":[{"embeddable":true,"href":"https:\/\/www.comll.cat\/es\/wp-json\/wp\/v2\/users\/1"}],"replies":[{"embeddable":true,"href":"https:\/\/www.comll.cat\/es\/wp-json\/wp\/v2\/comments?post=715"}],"version-history":[{"count":0,"href":"https:\/\/www.comll.cat\/es\/wp-json\/wp\/v2\/posts\/715\/revisions"}],"wp:featuredmedia":[{"embeddable":true,"href":"https:\/\/www.comll.cat\/es\/wp-json\/wp\/v2\/media\/430"}],"wp:attachment":[{"href":"https:\/\/www.comll.cat\/es\/wp-json\/wp\/v2\/media?parent=715"}],"wp:term":[{"taxonomy":"category","embeddable":true,"href":"https:\/\/www.comll.cat\/es\/wp-json\/wp\/v2\/categories?post=715"},{"taxonomy":"post_tag","embeddable":true,"href":"https:\/\/www.comll.cat\/es\/wp-json\/wp\/v2\/tags?post=715"}],"curies":[{"name":"wp","href":"https:\/\/api.w.org\/{rel}","templated":true}]}}