{"id":7050,"date":"2023-03-06T13:55:29","date_gmt":"2023-03-06T12:55:29","guid":{"rendered":"https:\/\/www.comll.cat\/es\/?p=7050"},"modified":"2023-03-06T13:56:20","modified_gmt":"2023-03-06T12:56:20","slug":"el-consell-de-collegis-de-metges-de-catalunya-convoca-la-xxi-edicio-dels-concursos-artistics-per-a-metges","status":"publish","type":"post","link":"https:\/\/www.comll.cat\/es\/el-consell-de-collegis-de-metges-de-catalunya-convoca-la-xxi-edicio-dels-concursos-artistics-per-a-metges\/","title":{"rendered":"El Consell de Col\u00b7legis de Metges de Catalunya convoca la XXI edici\u00f3n de los Concursos Art\u00edsticos para M\u00e9dicos"},"content":{"rendered":"\n<p>Esta nueva edici\u00f3n incluir\u00e1 las disciplinas de dibujo y pintura, fotograf\u00eda digital, poes\u00eda y narrativa.<\/p>\n\n\n\n<p><br>El plazo de presentaci\u00f3n de las obras ser\u00e1 del 11 al 27 de abril de 2023. El acto de entrega de los premios se celebrar\u00e1 el 24 de mayo en Girona.<\/p>\n\n\n\n<p><br>C\u00f3mo en a\u00f1os anteriores cada uno de los 4 colegios se encargar\u00e1 de diferentes categor\u00edas:<br>\u2022 Dibujo y Pintura, Colegio Oficial de M\u00e9dicos de Barcelona<br>\u2022 Fotograf\u00eda, Colegio Oficial de M\u00e9dicos de Girona<br>\u2022 Poes\u00eda, Colegio Oficial de M\u00e9dicos de Lleida<br>\u2022 Narrativa Breve, Colegio Oficial de M\u00e9dicos de Tarragona<\/p>\n\n\n\n<p><br>El concurso est\u00e1 abierto a todos los m\u00e9dicos colegiados en Catalu\u00f1a y a sus c\u00f3nyuges. Los trabajos se pueden hacer llegar en formato digital a cada uno de los colegios que organiza la disciplina en la que se participa. Las piezas participantes en el premio de dibujo\/pintura y cine se pueden entregar tambi\u00e9n en el Colegio respectivo de cada participante.<\/p>\n\n\n\n<p>Pueden consultar las bases del concurso a continuaci\u00f3n.<\/p>\n","protected":false},"excerpt":{"rendered":"<p>Esta nueva edici\u00f3n incluir\u00e1 las disciplinas de dibujo y pintura, fotograf\u00eda digital, poes\u00eda y narrativa. El plazo de presentaci\u00f3n de...<\/p>\n","protected":false},"author":4,"featured_media":7053,"comment_status":"closed","ping_status":"closed","sticky":false,"template":"","format":"standard","meta":{"_acf_changed":false,"inline_featured_image":false,"footnotes":""},"categories":[18],"tags":[67],"class_list":["post-7050","post","type-post","status-publish","format-standard","has-post-thumbnail","hentry","category-noticias","tag-ccmc"],"acf":[],"yoast_head":"<!-- This site is optimized with the Yoast SEO plugin v27.5 - https:\/\/yoast.com\/product\/yoast-seo-wordpress\/ -->\n<title>El Consell de Col\u00b7legis de Metges de Catalunya convoca la XXI edici\u00f3n de los Concursos Art\u00edsticos para M\u00e9dicos - Col\u00b7legi Oficial de Metges de Lleida<\/title>\n<meta name=\"robots\" content=\"index, follow, max-snippet:-1, max-image-preview:large, max-video-preview:-1\" \/>\n<link rel=\"canonical\" href=\"https:\/\/www.comll.cat\/es\/el-consell-de-collegis-de-metges-de-catalunya-convoca-la-xxi-edicio-dels-concursos-artistics-per-a-metges\/\" \/>\n<meta property=\"og:locale\" content=\"es_ES\" \/>\n<meta property=\"og:type\" content=\"article\" \/>\n<meta property=\"og:title\" content=\"El Consell de Col\u00b7legis de Metges de Catalunya convoca la XXI edici\u00f3n de los Concursos Art\u00edsticos para M\u00e9dicos - Col\u00b7legi Oficial de Metges de Lleida\" \/>\n<meta property=\"og:description\" content=\"Esta nueva edici\u00f3n incluir\u00e1 las disciplinas de dibujo y pintura, fotograf\u00eda digital, poes\u00eda y narrativa. El plazo de presentaci\u00f3n de...\" \/>\n<meta property=\"og:url\" content=\"https:\/\/www.comll.cat\/es\/el-consell-de-collegis-de-metges-de-catalunya-convoca-la-xxi-edicio-dels-concursos-artistics-per-a-metges\/\" \/>\n<meta property=\"og:site_name\" content=\"Col\u00b7legi Oficial de Metges de Lleida\" \/>\n<meta property=\"article:published_time\" content=\"2023-03-06T12:55:29+00:00\" \/>\n<meta property=\"article:modified_time\" content=\"2023-03-06T12:56:20+00:00\" \/>\n<meta property=\"og:image\" content=\"https:\/\/www.comll.cat\/es\/wp-content\/uploads\/sites\/3\/banner-web.png\" \/>\n\t<meta property=\"og:image:width\" content=\"768\" \/>\n\t<meta property=\"og:image:height\" content=\"432\" \/>\n\t<meta property=\"og:image:type\" content=\"image\/png\" \/>\n<meta name=\"author\" content=\"comll\" \/>\n<meta name=\"twitter:card\" content=\"summary_large_image\" \/>\n<script type=\"application\/ld+json\" class=\"yoast-schema-graph\">{\"@context\":\"https:\\\/\\\/schema.org\",\"@graph\":[{\"@type\":\"Article\",\"@id\":\"https:\\\/\\\/www.comll.cat\\\/es\\\/el-consell-de-collegis-de-metges-de-catalunya-convoca-la-xxi-edicio-dels-concursos-artistics-per-a-metges\\\/#article\",\"isPartOf\":{\"@id\":\"https:\\\/\\\/www.comll.cat\\\/es\\\/el-consell-de-collegis-de-metges-de-catalunya-convoca-la-xxi-edicio-dels-concursos-artistics-per-a-metges\\\/\"},\"author\":{\"name\":\"comll\",\"@id\":\"https:\\\/\\\/www.comll.cat\\\/es\\\/#\\\/schema\\\/person\\\/4013951a5e98fc334e3cbb7aea9bdf48\"},\"headline\":\"El Consell de Col\u00b7legis de Metges de Catalunya convoca la XXI edici\u00f3n de los Concursos Art\u00edsticos para M\u00e9dicos\",\"datePublished\":\"2023-03-06T12:55:29+00:00\",\"dateModified\":\"2023-03-06T12:56:20+00:00\",\"mainEntityOfPage\":{\"@id\":\"https:\\\/\\\/www.comll.cat\\\/es\\\/el-consell-de-collegis-de-metges-de-catalunya-convoca-la-xxi-edicio-dels-concursos-artistics-per-a-metges\\\/\"},\"wordCount\":196,\"image\":{\"@id\":\"https:\\\/\\\/www.comll.cat\\\/es\\\/el-consell-de-collegis-de-metges-de-catalunya-convoca-la-xxi-edicio-dels-concursos-artistics-per-a-metges\\\/#primaryimage\"},\"thumbnailUrl\":\"https:\\\/\\\/www.comll.cat\\\/es\\\/wp-content\\\/uploads\\\/sites\\\/3\\\/banner-web-e1678107682261.png\",\"keywords\":[\"CCMC\"],\"articleSection\":[\"Noticias\"],\"inLanguage\":\"es\"},{\"@type\":\"WebPage\",\"@id\":\"https:\\\/\\\/www.comll.cat\\\/es\\\/el-consell-de-collegis-de-metges-de-catalunya-convoca-la-xxi-edicio-dels-concursos-artistics-per-a-metges\\\/\",\"url\":\"https:\\\/\\\/www.comll.cat\\\/es\\\/el-consell-de-collegis-de-metges-de-catalunya-convoca-la-xxi-edicio-dels-concursos-artistics-per-a-metges\\\/\",\"name\":\"El Consell de Col\u00b7legis de Metges de Catalunya convoca la XXI edici\u00f3n de los Concursos Art\u00edsticos para M\u00e9dicos - Col\u00b7legi Oficial de Metges de Lleida\",\"isPartOf\":{\"@id\":\"https:\\\/\\\/www.comll.cat\\\/es\\\/#website\"},\"primaryImageOfPage\":{\"@id\":\"https:\\\/\\\/www.comll.cat\\\/es\\\/el-consell-de-collegis-de-metges-de-catalunya-convoca-la-xxi-edicio-dels-concursos-artistics-per-a-metges\\\/#primaryimage\"},\"image\":{\"@id\":\"https:\\\/\\\/www.comll.cat\\\/es\\\/el-consell-de-collegis-de-metges-de-catalunya-convoca-la-xxi-edicio-dels-concursos-artistics-per-a-metges\\\/#primaryimage\"},\"thumbnailUrl\":\"https:\\\/\\\/www.comll.cat\\\/es\\\/wp-content\\\/uploads\\\/sites\\\/3\\\/banner-web-e1678107682261.png\",\"datePublished\":\"2023-03-06T12:55:29+00:00\",\"dateModified\":\"2023-03-06T12:56:20+00:00\",\"author\":{\"@id\":\"https:\\\/\\\/www.comll.cat\\\/es\\\/#\\\/schema\\\/person\\\/4013951a5e98fc334e3cbb7aea9bdf48\"},\"breadcrumb\":{\"@id\":\"https:\\\/\\\/www.comll.cat\\\/es\\\/el-consell-de-collegis-de-metges-de-catalunya-convoca-la-xxi-edicio-dels-concursos-artistics-per-a-metges\\\/#breadcrumb\"},\"inLanguage\":\"es\",\"potentialAction\":[{\"@type\":\"ReadAction\",\"target\":[\"https:\\\/\\\/www.comll.cat\\\/es\\\/el-consell-de-collegis-de-metges-de-catalunya-convoca-la-xxi-edicio-dels-concursos-artistics-per-a-metges\\\/\"]}]},{\"@type\":\"ImageObject\",\"inLanguage\":\"es\",\"@id\":\"https:\\\/\\\/www.comll.cat\\\/es\\\/el-consell-de-collegis-de-metges-de-catalunya-convoca-la-xxi-edicio-dels-concursos-artistics-per-a-metges\\\/#primaryimage\",\"url\":\"https:\\\/\\\/www.comll.cat\\\/es\\\/wp-content\\\/uploads\\\/sites\\\/3\\\/banner-web-e1678107682261.png\",\"contentUrl\":\"https:\\\/\\\/www.comll.cat\\\/es\\\/wp-content\\\/uploads\\\/sites\\\/3\\\/banner-web-e1678107682261.png\",\"width\":593,\"height\":432},{\"@type\":\"BreadcrumbList\",\"@id\":\"https:\\\/\\\/www.comll.cat\\\/es\\\/el-consell-de-collegis-de-metges-de-catalunya-convoca-la-xxi-edicio-dels-concursos-artistics-per-a-metges\\\/#breadcrumb\",\"itemListElement\":[{\"@type\":\"ListItem\",\"position\":1,\"name\":\"Portada\",\"item\":\"https:\\\/\\\/www.comll.cat\\\/es\\\/\"},{\"@type\":\"ListItem\",\"position\":2,\"name\":\"El Consell de Col\u00b7legis de Metges de Catalunya convoca la XXI edici\u00f3n de los Concursos Art\u00edsticos para M\u00e9dicos\"}]},{\"@type\":\"WebSite\",\"@id\":\"https:\\\/\\\/www.comll.cat\\\/es\\\/#website\",\"url\":\"https:\\\/\\\/www.comll.cat\\\/es\\\/\",\"name\":\"Col\u00b7legi Oficial de Metges de Lleida\",\"description\":\"COMLL\",\"potentialAction\":[{\"@type\":\"SearchAction\",\"target\":{\"@type\":\"EntryPoint\",\"urlTemplate\":\"https:\\\/\\\/www.comll.cat\\\/es\\\/?s={search_term_string}\"},\"query-input\":{\"@type\":\"PropertyValueSpecification\",\"valueRequired\":true,\"valueName\":\"search_term_string\"}}],\"inLanguage\":\"es\"},{\"@type\":\"Person\",\"@id\":\"https:\\\/\\\/www.comll.cat\\\/es\\\/#\\\/schema\\\/person\\\/4013951a5e98fc334e3cbb7aea9bdf48\",\"name\":\"comll\",\"image\":{\"@type\":\"ImageObject\",\"inLanguage\":\"es\",\"@id\":\"https:\\\/\\\/secure.gravatar.com\\\/avatar\\\/7d9c56d88c214c8f2f1e594a299566f5bebc17cb9d23743059ec64bf40926d5e?s=96&d=mm&r=g\",\"url\":\"https:\\\/\\\/secure.gravatar.com\\\/avatar\\\/7d9c56d88c214c8f2f1e594a299566f5bebc17cb9d23743059ec64bf40926d5e?s=96&d=mm&r=g\",\"contentUrl\":\"https:\\\/\\\/secure.gravatar.com\\\/avatar\\\/7d9c56d88c214c8f2f1e594a299566f5bebc17cb9d23743059ec64bf40926d5e?s=96&d=mm&r=g\",\"caption\":\"comll\"}}]}<\/script>\n<!-- \/ Yoast SEO plugin. -->","yoast_head_json":{"title":"El Consell de Col\u00b7legis de Metges de Catalunya convoca la XXI edici\u00f3n de los Concursos Art\u00edsticos para M\u00e9dicos - Col\u00b7legi Oficial de Metges de Lleida","robots":{"index":"index","follow":"follow","max-snippet":"max-snippet:-1","max-image-preview":"max-image-preview:large","max-video-preview":"max-video-preview:-1"},"canonical":"https:\/\/www.comll.cat\/es\/el-consell-de-collegis-de-metges-de-catalunya-convoca-la-xxi-edicio-dels-concursos-artistics-per-a-metges\/","og_locale":"es_ES","og_type":"article","og_title":"El Consell de Col\u00b7legis de Metges de Catalunya convoca la XXI edici\u00f3n de los Concursos Art\u00edsticos para M\u00e9dicos - Col\u00b7legi Oficial de Metges de Lleida","og_description":"Esta nueva edici\u00f3n incluir\u00e1 las disciplinas de dibujo y pintura, fotograf\u00eda digital, poes\u00eda y narrativa. El plazo de presentaci\u00f3n de...","og_url":"https:\/\/www.comll.cat\/es\/el-consell-de-collegis-de-metges-de-catalunya-convoca-la-xxi-edicio-dels-concursos-artistics-per-a-metges\/","og_site_name":"Col\u00b7legi Oficial de Metges de Lleida","article_published_time":"2023-03-06T12:55:29+00:00","article_modified_time":"2023-03-06T12:56:20+00:00","og_image":[{"width":768,"height":432,"url":"https:\/\/www.comll.cat\/es\/wp-content\/uploads\/sites\/3\/banner-web.png","type":"image\/png"}],"author":"comll","twitter_card":"summary_large_image","schema":{"@context":"https:\/\/schema.org","@graph":[{"@type":"Article","@id":"https:\/\/www.comll.cat\/es\/el-consell-de-collegis-de-metges-de-catalunya-convoca-la-xxi-edicio-dels-concursos-artistics-per-a-metges\/#article","isPartOf":{"@id":"https:\/\/www.comll.cat\/es\/el-consell-de-collegis-de-metges-de-catalunya-convoca-la-xxi-edicio-dels-concursos-artistics-per-a-metges\/"},"author":{"name":"comll","@id":"https:\/\/www.comll.cat\/es\/#\/schema\/person\/4013951a5e98fc334e3cbb7aea9bdf48"},"headline":"El Consell de Col\u00b7legis de Metges de Catalunya convoca la XXI edici\u00f3n de los Concursos Art\u00edsticos para M\u00e9dicos","datePublished":"2023-03-06T12:55:29+00:00","dateModified":"2023-03-06T12:56:20+00:00","mainEntityOfPage":{"@id":"https:\/\/www.comll.cat\/es\/el-consell-de-collegis-de-metges-de-catalunya-convoca-la-xxi-edicio-dels-concursos-artistics-per-a-metges\/"},"wordCount":196,"image":{"@id":"https:\/\/www.comll.cat\/es\/el-consell-de-collegis-de-metges-de-catalunya-convoca-la-xxi-edicio-dels-concursos-artistics-per-a-metges\/#primaryimage"},"thumbnailUrl":"https:\/\/www.comll.cat\/es\/wp-content\/uploads\/sites\/3\/banner-web-e1678107682261.png","keywords":["CCMC"],"articleSection":["Noticias"],"inLanguage":"es"},{"@type":"WebPage","@id":"https:\/\/www.comll.cat\/es\/el-consell-de-collegis-de-metges-de-catalunya-convoca-la-xxi-edicio-dels-concursos-artistics-per-a-metges\/","url":"https:\/\/www.comll.cat\/es\/el-consell-de-collegis-de-metges-de-catalunya-convoca-la-xxi-edicio-dels-concursos-artistics-per-a-metges\/","name":"El Consell de Col\u00b7legis de Metges de Catalunya convoca la XXI edici\u00f3n de los Concursos Art\u00edsticos para M\u00e9dicos - Col\u00b7legi Oficial de Metges de Lleida","isPartOf":{"@id":"https:\/\/www.comll.cat\/es\/#website"},"primaryImageOfPage":{"@id":"https:\/\/www.comll.cat\/es\/el-consell-de-collegis-de-metges-de-catalunya-convoca-la-xxi-edicio-dels-concursos-artistics-per-a-metges\/#primaryimage"},"image":{"@id":"https:\/\/www.comll.cat\/es\/el-consell-de-collegis-de-metges-de-catalunya-convoca-la-xxi-edicio-dels-concursos-artistics-per-a-metges\/#primaryimage"},"thumbnailUrl":"https:\/\/www.comll.cat\/es\/wp-content\/uploads\/sites\/3\/banner-web-e1678107682261.png","datePublished":"2023-03-06T12:55:29+00:00","dateModified":"2023-03-06T12:56:20+00:00","author":{"@id":"https:\/\/www.comll.cat\/es\/#\/schema\/person\/4013951a5e98fc334e3cbb7aea9bdf48"},"breadcrumb":{"@id":"https:\/\/www.comll.cat\/es\/el-consell-de-collegis-de-metges-de-catalunya-convoca-la-xxi-edicio-dels-concursos-artistics-per-a-metges\/#breadcrumb"},"inLanguage":"es","potentialAction":[{"@type":"ReadAction","target":["https:\/\/www.comll.cat\/es\/el-consell-de-collegis-de-metges-de-catalunya-convoca-la-xxi-edicio-dels-concursos-artistics-per-a-metges\/"]}]},{"@type":"ImageObject","inLanguage":"es","@id":"https:\/\/www.comll.cat\/es\/el-consell-de-collegis-de-metges-de-catalunya-convoca-la-xxi-edicio-dels-concursos-artistics-per-a-metges\/#primaryimage","url":"https:\/\/www.comll.cat\/es\/wp-content\/uploads\/sites\/3\/banner-web-e1678107682261.png","contentUrl":"https:\/\/www.comll.cat\/es\/wp-content\/uploads\/sites\/3\/banner-web-e1678107682261.png","width":593,"height":432},{"@type":"BreadcrumbList","@id":"https:\/\/www.comll.cat\/es\/el-consell-de-collegis-de-metges-de-catalunya-convoca-la-xxi-edicio-dels-concursos-artistics-per-a-metges\/#breadcrumb","itemListElement":[{"@type":"ListItem","position":1,"name":"Portada","item":"https:\/\/www.comll.cat\/es\/"},{"@type":"ListItem","position":2,"name":"El Consell de Col\u00b7legis de Metges de Catalunya convoca la XXI edici\u00f3n de los Concursos Art\u00edsticos para M\u00e9dicos"}]},{"@type":"WebSite","@id":"https:\/\/www.comll.cat\/es\/#website","url":"https:\/\/www.comll.cat\/es\/","name":"Col\u00b7legi Oficial de Metges de Lleida","description":"COMLL","potentialAction":[{"@type":"SearchAction","target":{"@type":"EntryPoint","urlTemplate":"https:\/\/www.comll.cat\/es\/?s={search_term_string}"},"query-input":{"@type":"PropertyValueSpecification","valueRequired":true,"valueName":"search_term_string"}}],"inLanguage":"es"},{"@type":"Person","@id":"https:\/\/www.comll.cat\/es\/#\/schema\/person\/4013951a5e98fc334e3cbb7aea9bdf48","name":"comll","image":{"@type":"ImageObject","inLanguage":"es","@id":"https:\/\/secure.gravatar.com\/avatar\/7d9c56d88c214c8f2f1e594a299566f5bebc17cb9d23743059ec64bf40926d5e?s=96&d=mm&r=g","url":"https:\/\/secure.gravatar.com\/avatar\/7d9c56d88c214c8f2f1e594a299566f5bebc17cb9d23743059ec64bf40926d5e?s=96&d=mm&r=g","contentUrl":"https:\/\/secure.gravatar.com\/avatar\/7d9c56d88c214c8f2f1e594a299566f5bebc17cb9d23743059ec64bf40926d5e?s=96&d=mm&r=g","caption":"comll"}}]}},"publishpress_future_action":{"enabled":false,"date":"2026-05-03 11:44:25","action":"change-status","newStatus":"draft","terms":[],"taxonomy":"category","extraData":[]},"publishpress_future_workflow_manual_trigger":{"enabledWorkflows":[]},"_links":{"self":[{"href":"https:\/\/www.comll.cat\/es\/wp-json\/wp\/v2\/posts\/7050","targetHints":{"allow":["GET"]}}],"collection":[{"href":"https:\/\/www.comll.cat\/es\/wp-json\/wp\/v2\/posts"}],"about":[{"href":"https:\/\/www.comll.cat\/es\/wp-json\/wp\/v2\/types\/post"}],"author":[{"embeddable":true,"href":"https:\/\/www.comll.cat\/es\/wp-json\/wp\/v2\/users\/4"}],"replies":[{"embeddable":true,"href":"https:\/\/www.comll.cat\/es\/wp-json\/wp\/v2\/comments?post=7050"}],"version-history":[{"count":1,"href":"https:\/\/www.comll.cat\/es\/wp-json\/wp\/v2\/posts\/7050\/revisions"}],"predecessor-version":[{"id":7052,"href":"https:\/\/www.comll.cat\/es\/wp-json\/wp\/v2\/posts\/7050\/revisions\/7052"}],"wp:featuredmedia":[{"embeddable":true,"href":"https:\/\/www.comll.cat\/es\/wp-json\/wp\/v2\/media\/7053"}],"wp:attachment":[{"href":"https:\/\/www.comll.cat\/es\/wp-json\/wp\/v2\/media?parent=7050"}],"wp:term":[{"taxonomy":"category","embeddable":true,"href":"https:\/\/www.comll.cat\/es\/wp-json\/wp\/v2\/categories?post=7050"},{"taxonomy":"post_tag","embeddable":true,"href":"https:\/\/www.comll.cat\/es\/wp-json\/wp\/v2\/tags?post=7050"}],"curies":[{"name":"wp","href":"https:\/\/api.w.org\/{rel}","templated":true}]}}