{"id":702,"date":"2019-06-11T15:23:11","date_gmt":"2019-06-11T13:23:11","guid":{"rendered":"https:\/\/www.comll.cat\/nota-del-consell-de-collegis-de-metges-de-catalunya-sobre-el-paper-principal-dels-pares-i-residual-dels-metges-en-la-justificacio-dabsencies-escolars\/"},"modified":"2019-06-11T15:23:11","modified_gmt":"2019-06-11T13:23:11","slug":"nota-del-consell-de-collegis-de-metges-de-catalunya-sobre-el-paper-principal-dels-pares-i-residual-dels-metges-en-la-justificacio-dabsencies-escolars","status":"publish","type":"post","link":"https:\/\/www.comll.cat\/es\/nota-del-consell-de-collegis-de-metges-de-catalunya-sobre-el-paper-principal-dels-pares-i-residual-dels-metges-en-la-justificacio-dabsencies-escolars\/","title":{"rendered":"Nota del Consell de Col\u00b7legis de Metges de Catalunya sobre el paper principal dels pares i residual dels metges en la justificaci\u00f3 d\u2019abs\u00e8ncies escolars"},"content":{"rendered":"<p>El Consell de Col\u00b7legis de Metges de Catalunya (CCMC) ha em\u00e8s avui una nota oficial sobre la responsabilitat de justificar les abs\u00e8ncies escolars. El CCMC afirma que les abs\u00e8ncies \u201chan de ser justificades pels pares o tutors legals de la manera que les autoritats educatives estableixin, incloses les abs\u00e8ncies que s\u00f3n causades per malaltia o indisposici\u00f3 dels alumnes\u201d.<\/p>\n<p>Les consultes d\u2019Atenci\u00f3 Prim\u00e0ria (Medicina Familiar i Pediatria) estan sovint sobrecarregades per les peticions de pares i mares, que hi acudeixen per sol\u00b7licitar un informe m\u00e8dic que justifiqui la no assist\u00e8ncia a classe dels deus fills. No correspon als metges donar resposta a aquestes demandes, segons el Consell.<\/p>\n<p>El CCMC fonamenta el seu posicionament en els fets seg\u00fcents:<\/p>\n<ul>\n<li>La legislaci\u00f3 vigent estableix que la responsabilitat de justificar les abs\u00e8ncies escolars \u00e9s dels pares o tutors legals<\/li>\n<li>El justificant i l\u2019informe cl\u00ednic poden contenir dades de car\u00e0cter personal<\/li>\n<li>Els casos relacionats amb rendes m\u00ednimes i absentisme escolar depenen fonamentalment del centre escolar i dels serveis socials<\/li>\n<\/ul>\n","protected":false},"excerpt":{"rendered":"<p>El Consell de Col\u00b7legis de Metges de Catalunya (CCMC) ha em\u00e8s avui una nota oficial sobre la responsabilitat de justificar...<\/p>\n","protected":false},"author":1,"featured_media":430,"comment_status":"closed","ping_status":"closed","sticky":false,"template":"","format":"standard","meta":{"_acf_changed":false,"inline_featured_image":false,"footnotes":""},"categories":[18],"tags":[],"class_list":["post-702","post","type-post","status-publish","format-standard","has-post-thumbnail","hentry","category-noticias"],"acf":[],"yoast_head":"<!-- This site is optimized with the Yoast SEO plugin v27.5 - https:\/\/yoast.com\/product\/yoast-seo-wordpress\/ -->\n<title>Nota del Consell de Col\u00b7legis de Metges de Catalunya sobre el paper principal dels pares i residual dels metges en la justificaci\u00f3 d\u2019abs\u00e8ncies escolars - Col\u00b7legi Oficial de Metges de Lleida<\/title>\n<meta name=\"robots\" content=\"index, follow, max-snippet:-1, max-image-preview:large, max-video-preview:-1\" \/>\n<link rel=\"canonical\" href=\"https:\/\/www.comll.cat\/es\/nota-del-consell-de-collegis-de-metges-de-catalunya-sobre-el-paper-principal-dels-pares-i-residual-dels-metges-en-la-justificacio-dabsencies-escolars\/\" \/>\n<meta property=\"og:locale\" content=\"es_ES\" \/>\n<meta property=\"og:type\" content=\"article\" \/>\n<meta property=\"og:title\" content=\"Nota del Consell de Col\u00b7legis de Metges de Catalunya sobre el paper principal dels pares i residual dels metges en la justificaci\u00f3 d\u2019abs\u00e8ncies escolars - Col\u00b7legi Oficial de Metges de Lleida\" \/>\n<meta property=\"og:description\" content=\"El Consell de Col\u00b7legis de Metges de Catalunya (CCMC) ha em\u00e8s avui una nota oficial sobre la responsabilitat de justificar...\" \/>\n<meta property=\"og:url\" content=\"https:\/\/www.comll.cat\/es\/nota-del-consell-de-collegis-de-metges-de-catalunya-sobre-el-paper-principal-dels-pares-i-residual-dels-metges-en-la-justificacio-dabsencies-escolars\/\" \/>\n<meta property=\"og:site_name\" content=\"Col\u00b7legi Oficial de Metges de Lleida\" \/>\n<meta property=\"article:published_time\" content=\"2019-06-11T13:23:11+00:00\" \/>\n<meta property=\"og:image\" content=\"https:\/\/www.comll.cat\/es\/wp-content\/uploads\/sites\/3\/noticia-comll.jpg\" \/>\n\t<meta property=\"og:image:width\" content=\"1280\" \/>\n\t<meta property=\"og:image:height\" content=\"900\" \/>\n\t<meta property=\"og:image:type\" content=\"image\/jpeg\" \/>\n<meta name=\"author\" content=\"Albert\" \/>\n<meta name=\"twitter:card\" content=\"summary_large_image\" \/>\n<script type=\"application\/ld+json\" class=\"yoast-schema-graph\">{\"@context\":\"https:\\\/\\\/schema.org\",\"@graph\":[{\"@type\":\"Article\",\"@id\":\"https:\\\/\\\/www.comll.cat\\\/es\\\/nota-del-consell-de-collegis-de-metges-de-catalunya-sobre-el-paper-principal-dels-pares-i-residual-dels-metges-en-la-justificacio-dabsencies-escolars\\\/#article\",\"isPartOf\":{\"@id\":\"https:\\\/\\\/www.comll.cat\\\/es\\\/nota-del-consell-de-collegis-de-metges-de-catalunya-sobre-el-paper-principal-dels-pares-i-residual-dels-metges-en-la-justificacio-dabsencies-escolars\\\/\"},\"author\":{\"name\":\"Albert\",\"@id\":\"https:\\\/\\\/www.comll.cat\\\/es\\\/#\\\/schema\\\/person\\\/1c7bc4d83b35a927d680cfe0ec9120e0\"},\"headline\":\"Nota del Consell de Col\u00b7legis de Metges de Catalunya sobre el paper principal dels pares i residual dels metges en la justificaci\u00f3 d\u2019abs\u00e8ncies escolars\",\"datePublished\":\"2019-06-11T13:23:11+00:00\",\"mainEntityOfPage\":{\"@id\":\"https:\\\/\\\/www.comll.cat\\\/es\\\/nota-del-consell-de-collegis-de-metges-de-catalunya-sobre-el-paper-principal-dels-pares-i-residual-dels-metges-en-la-justificacio-dabsencies-escolars\\\/\"},\"wordCount\":207,\"image\":{\"@id\":\"https:\\\/\\\/www.comll.cat\\\/es\\\/nota-del-consell-de-collegis-de-metges-de-catalunya-sobre-el-paper-principal-dels-pares-i-residual-dels-metges-en-la-justificacio-dabsencies-escolars\\\/#primaryimage\"},\"thumbnailUrl\":\"https:\\\/\\\/www.comll.cat\\\/es\\\/wp-content\\\/uploads\\\/sites\\\/3\\\/noticia-comll.jpg\",\"articleSection\":[\"Noticias\"],\"inLanguage\":\"es\"},{\"@type\":\"WebPage\",\"@id\":\"https:\\\/\\\/www.comll.cat\\\/es\\\/nota-del-consell-de-collegis-de-metges-de-catalunya-sobre-el-paper-principal-dels-pares-i-residual-dels-metges-en-la-justificacio-dabsencies-escolars\\\/\",\"url\":\"https:\\\/\\\/www.comll.cat\\\/es\\\/nota-del-consell-de-collegis-de-metges-de-catalunya-sobre-el-paper-principal-dels-pares-i-residual-dels-metges-en-la-justificacio-dabsencies-escolars\\\/\",\"name\":\"Nota del Consell de Col\u00b7legis de Metges de Catalunya sobre el paper principal dels pares i residual dels metges en la justificaci\u00f3 d\u2019abs\u00e8ncies escolars - Col\u00b7legi Oficial de Metges de Lleida\",\"isPartOf\":{\"@id\":\"https:\\\/\\\/www.comll.cat\\\/es\\\/#website\"},\"primaryImageOfPage\":{\"@id\":\"https:\\\/\\\/www.comll.cat\\\/es\\\/nota-del-consell-de-collegis-de-metges-de-catalunya-sobre-el-paper-principal-dels-pares-i-residual-dels-metges-en-la-justificacio-dabsencies-escolars\\\/#primaryimage\"},\"image\":{\"@id\":\"https:\\\/\\\/www.comll.cat\\\/es\\\/nota-del-consell-de-collegis-de-metges-de-catalunya-sobre-el-paper-principal-dels-pares-i-residual-dels-metges-en-la-justificacio-dabsencies-escolars\\\/#primaryimage\"},\"thumbnailUrl\":\"https:\\\/\\\/www.comll.cat\\\/es\\\/wp-content\\\/uploads\\\/sites\\\/3\\\/noticia-comll.jpg\",\"datePublished\":\"2019-06-11T13:23:11+00:00\",\"author\":{\"@id\":\"https:\\\/\\\/www.comll.cat\\\/es\\\/#\\\/schema\\\/person\\\/1c7bc4d83b35a927d680cfe0ec9120e0\"},\"breadcrumb\":{\"@id\":\"https:\\\/\\\/www.comll.cat\\\/es\\\/nota-del-consell-de-collegis-de-metges-de-catalunya-sobre-el-paper-principal-dels-pares-i-residual-dels-metges-en-la-justificacio-dabsencies-escolars\\\/#breadcrumb\"},\"inLanguage\":\"es\",\"potentialAction\":[{\"@type\":\"ReadAction\",\"target\":[\"https:\\\/\\\/www.comll.cat\\\/es\\\/nota-del-consell-de-collegis-de-metges-de-catalunya-sobre-el-paper-principal-dels-pares-i-residual-dels-metges-en-la-justificacio-dabsencies-escolars\\\/\"]}]},{\"@type\":\"ImageObject\",\"inLanguage\":\"es\",\"@id\":\"https:\\\/\\\/www.comll.cat\\\/es\\\/nota-del-consell-de-collegis-de-metges-de-catalunya-sobre-el-paper-principal-dels-pares-i-residual-dels-metges-en-la-justificacio-dabsencies-escolars\\\/#primaryimage\",\"url\":\"https:\\\/\\\/www.comll.cat\\\/es\\\/wp-content\\\/uploads\\\/sites\\\/3\\\/noticia-comll.jpg\",\"contentUrl\":\"https:\\\/\\\/www.comll.cat\\\/es\\\/wp-content\\\/uploads\\\/sites\\\/3\\\/noticia-comll.jpg\",\"width\":1280,\"height\":900},{\"@type\":\"BreadcrumbList\",\"@id\":\"https:\\\/\\\/www.comll.cat\\\/es\\\/nota-del-consell-de-collegis-de-metges-de-catalunya-sobre-el-paper-principal-dels-pares-i-residual-dels-metges-en-la-justificacio-dabsencies-escolars\\\/#breadcrumb\",\"itemListElement\":[{\"@type\":\"ListItem\",\"position\":1,\"name\":\"Portada\",\"item\":\"https:\\\/\\\/www.comll.cat\\\/es\\\/\"},{\"@type\":\"ListItem\",\"position\":2,\"name\":\"Nota del Consell de Col\u00b7legis de Metges de Catalunya sobre el paper principal dels pares i residual dels metges en la justificaci\u00f3 d\u2019abs\u00e8ncies escolars\"}]},{\"@type\":\"WebSite\",\"@id\":\"https:\\\/\\\/www.comll.cat\\\/es\\\/#website\",\"url\":\"https:\\\/\\\/www.comll.cat\\\/es\\\/\",\"name\":\"Col\u00b7legi Oficial de Metges de Lleida\",\"description\":\"COMLL\",\"potentialAction\":[{\"@type\":\"SearchAction\",\"target\":{\"@type\":\"EntryPoint\",\"urlTemplate\":\"https:\\\/\\\/www.comll.cat\\\/es\\\/?s={search_term_string}\"},\"query-input\":{\"@type\":\"PropertyValueSpecification\",\"valueRequired\":true,\"valueName\":\"search_term_string\"}}],\"inLanguage\":\"es\"},{\"@type\":\"Person\",\"@id\":\"https:\\\/\\\/www.comll.cat\\\/es\\\/#\\\/schema\\\/person\\\/1c7bc4d83b35a927d680cfe0ec9120e0\",\"name\":\"Albert\",\"image\":{\"@type\":\"ImageObject\",\"inLanguage\":\"es\",\"@id\":\"https:\\\/\\\/secure.gravatar.com\\\/avatar\\\/c1261138a5e7882394bd9001104fe7078a2d860997555a5353af4ef7bd38f6db?s=96&d=mm&r=g\",\"url\":\"https:\\\/\\\/secure.gravatar.com\\\/avatar\\\/c1261138a5e7882394bd9001104fe7078a2d860997555a5353af4ef7bd38f6db?s=96&d=mm&r=g\",\"contentUrl\":\"https:\\\/\\\/secure.gravatar.com\\\/avatar\\\/c1261138a5e7882394bd9001104fe7078a2d860997555a5353af4ef7bd38f6db?s=96&d=mm&r=g\",\"caption\":\"Albert\"},\"sameAs\":[\"https:\\\/\\\/www.comll.cat\"]}]}<\/script>\n<!-- \/ Yoast SEO plugin. -->","yoast_head_json":{"title":"Nota del Consell de Col\u00b7legis de Metges de Catalunya sobre el paper principal dels pares i residual dels metges en la justificaci\u00f3 d\u2019abs\u00e8ncies escolars - Col\u00b7legi Oficial de Metges de Lleida","robots":{"index":"index","follow":"follow","max-snippet":"max-snippet:-1","max-image-preview":"max-image-preview:large","max-video-preview":"max-video-preview:-1"},"canonical":"https:\/\/www.comll.cat\/es\/nota-del-consell-de-collegis-de-metges-de-catalunya-sobre-el-paper-principal-dels-pares-i-residual-dels-metges-en-la-justificacio-dabsencies-escolars\/","og_locale":"es_ES","og_type":"article","og_title":"Nota del Consell de Col\u00b7legis de Metges de Catalunya sobre el paper principal dels pares i residual dels metges en la justificaci\u00f3 d\u2019abs\u00e8ncies escolars - Col\u00b7legi Oficial de Metges de Lleida","og_description":"El Consell de Col\u00b7legis de Metges de Catalunya (CCMC) ha em\u00e8s avui una nota oficial sobre la responsabilitat de justificar...","og_url":"https:\/\/www.comll.cat\/es\/nota-del-consell-de-collegis-de-metges-de-catalunya-sobre-el-paper-principal-dels-pares-i-residual-dels-metges-en-la-justificacio-dabsencies-escolars\/","og_site_name":"Col\u00b7legi Oficial de Metges de Lleida","article_published_time":"2019-06-11T13:23:11+00:00","og_image":[{"width":1280,"height":900,"url":"https:\/\/www.comll.cat\/es\/wp-content\/uploads\/sites\/3\/noticia-comll.jpg","type":"image\/jpeg"}],"author":"Albert","twitter_card":"summary_large_image","schema":{"@context":"https:\/\/schema.org","@graph":[{"@type":"Article","@id":"https:\/\/www.comll.cat\/es\/nota-del-consell-de-collegis-de-metges-de-catalunya-sobre-el-paper-principal-dels-pares-i-residual-dels-metges-en-la-justificacio-dabsencies-escolars\/#article","isPartOf":{"@id":"https:\/\/www.comll.cat\/es\/nota-del-consell-de-collegis-de-metges-de-catalunya-sobre-el-paper-principal-dels-pares-i-residual-dels-metges-en-la-justificacio-dabsencies-escolars\/"},"author":{"name":"Albert","@id":"https:\/\/www.comll.cat\/es\/#\/schema\/person\/1c7bc4d83b35a927d680cfe0ec9120e0"},"headline":"Nota del Consell de Col\u00b7legis de Metges de Catalunya sobre el paper principal dels pares i residual dels metges en la justificaci\u00f3 d\u2019abs\u00e8ncies escolars","datePublished":"2019-06-11T13:23:11+00:00","mainEntityOfPage":{"@id":"https:\/\/www.comll.cat\/es\/nota-del-consell-de-collegis-de-metges-de-catalunya-sobre-el-paper-principal-dels-pares-i-residual-dels-metges-en-la-justificacio-dabsencies-escolars\/"},"wordCount":207,"image":{"@id":"https:\/\/www.comll.cat\/es\/nota-del-consell-de-collegis-de-metges-de-catalunya-sobre-el-paper-principal-dels-pares-i-residual-dels-metges-en-la-justificacio-dabsencies-escolars\/#primaryimage"},"thumbnailUrl":"https:\/\/www.comll.cat\/es\/wp-content\/uploads\/sites\/3\/noticia-comll.jpg","articleSection":["Noticias"],"inLanguage":"es"},{"@type":"WebPage","@id":"https:\/\/www.comll.cat\/es\/nota-del-consell-de-collegis-de-metges-de-catalunya-sobre-el-paper-principal-dels-pares-i-residual-dels-metges-en-la-justificacio-dabsencies-escolars\/","url":"https:\/\/www.comll.cat\/es\/nota-del-consell-de-collegis-de-metges-de-catalunya-sobre-el-paper-principal-dels-pares-i-residual-dels-metges-en-la-justificacio-dabsencies-escolars\/","name":"Nota del Consell de Col\u00b7legis de Metges de Catalunya sobre el paper principal dels pares i residual dels metges en la justificaci\u00f3 d\u2019abs\u00e8ncies escolars - Col\u00b7legi Oficial de Metges de Lleida","isPartOf":{"@id":"https:\/\/www.comll.cat\/es\/#website"},"primaryImageOfPage":{"@id":"https:\/\/www.comll.cat\/es\/nota-del-consell-de-collegis-de-metges-de-catalunya-sobre-el-paper-principal-dels-pares-i-residual-dels-metges-en-la-justificacio-dabsencies-escolars\/#primaryimage"},"image":{"@id":"https:\/\/www.comll.cat\/es\/nota-del-consell-de-collegis-de-metges-de-catalunya-sobre-el-paper-principal-dels-pares-i-residual-dels-metges-en-la-justificacio-dabsencies-escolars\/#primaryimage"},"thumbnailUrl":"https:\/\/www.comll.cat\/es\/wp-content\/uploads\/sites\/3\/noticia-comll.jpg","datePublished":"2019-06-11T13:23:11+00:00","author":{"@id":"https:\/\/www.comll.cat\/es\/#\/schema\/person\/1c7bc4d83b35a927d680cfe0ec9120e0"},"breadcrumb":{"@id":"https:\/\/www.comll.cat\/es\/nota-del-consell-de-collegis-de-metges-de-catalunya-sobre-el-paper-principal-dels-pares-i-residual-dels-metges-en-la-justificacio-dabsencies-escolars\/#breadcrumb"},"inLanguage":"es","potentialAction":[{"@type":"ReadAction","target":["https:\/\/www.comll.cat\/es\/nota-del-consell-de-collegis-de-metges-de-catalunya-sobre-el-paper-principal-dels-pares-i-residual-dels-metges-en-la-justificacio-dabsencies-escolars\/"]}]},{"@type":"ImageObject","inLanguage":"es","@id":"https:\/\/www.comll.cat\/es\/nota-del-consell-de-collegis-de-metges-de-catalunya-sobre-el-paper-principal-dels-pares-i-residual-dels-metges-en-la-justificacio-dabsencies-escolars\/#primaryimage","url":"https:\/\/www.comll.cat\/es\/wp-content\/uploads\/sites\/3\/noticia-comll.jpg","contentUrl":"https:\/\/www.comll.cat\/es\/wp-content\/uploads\/sites\/3\/noticia-comll.jpg","width":1280,"height":900},{"@type":"BreadcrumbList","@id":"https:\/\/www.comll.cat\/es\/nota-del-consell-de-collegis-de-metges-de-catalunya-sobre-el-paper-principal-dels-pares-i-residual-dels-metges-en-la-justificacio-dabsencies-escolars\/#breadcrumb","itemListElement":[{"@type":"ListItem","position":1,"name":"Portada","item":"https:\/\/www.comll.cat\/es\/"},{"@type":"ListItem","position":2,"name":"Nota del Consell de Col\u00b7legis de Metges de Catalunya sobre el paper principal dels pares i residual dels metges en la justificaci\u00f3 d\u2019abs\u00e8ncies escolars"}]},{"@type":"WebSite","@id":"https:\/\/www.comll.cat\/es\/#website","url":"https:\/\/www.comll.cat\/es\/","name":"Col\u00b7legi Oficial de Metges de Lleida","description":"COMLL","potentialAction":[{"@type":"SearchAction","target":{"@type":"EntryPoint","urlTemplate":"https:\/\/www.comll.cat\/es\/?s={search_term_string}"},"query-input":{"@type":"PropertyValueSpecification","valueRequired":true,"valueName":"search_term_string"}}],"inLanguage":"es"},{"@type":"Person","@id":"https:\/\/www.comll.cat\/es\/#\/schema\/person\/1c7bc4d83b35a927d680cfe0ec9120e0","name":"Albert","image":{"@type":"ImageObject","inLanguage":"es","@id":"https:\/\/secure.gravatar.com\/avatar\/c1261138a5e7882394bd9001104fe7078a2d860997555a5353af4ef7bd38f6db?s=96&d=mm&r=g","url":"https:\/\/secure.gravatar.com\/avatar\/c1261138a5e7882394bd9001104fe7078a2d860997555a5353af4ef7bd38f6db?s=96&d=mm&r=g","contentUrl":"https:\/\/secure.gravatar.com\/avatar\/c1261138a5e7882394bd9001104fe7078a2d860997555a5353af4ef7bd38f6db?s=96&d=mm&r=g","caption":"Albert"},"sameAs":["https:\/\/www.comll.cat"]}]}},"publishpress_future_action":{"enabled":false,"date":"2026-04-30 23:52:23","action":"change-status","newStatus":"draft","terms":[],"taxonomy":"category","extraData":[]},"publishpress_future_workflow_manual_trigger":{"enabledWorkflows":[]},"_links":{"self":[{"href":"https:\/\/www.comll.cat\/es\/wp-json\/wp\/v2\/posts\/702","targetHints":{"allow":["GET"]}}],"collection":[{"href":"https:\/\/www.comll.cat\/es\/wp-json\/wp\/v2\/posts"}],"about":[{"href":"https:\/\/www.comll.cat\/es\/wp-json\/wp\/v2\/types\/post"}],"author":[{"embeddable":true,"href":"https:\/\/www.comll.cat\/es\/wp-json\/wp\/v2\/users\/1"}],"replies":[{"embeddable":true,"href":"https:\/\/www.comll.cat\/es\/wp-json\/wp\/v2\/comments?post=702"}],"version-history":[{"count":0,"href":"https:\/\/www.comll.cat\/es\/wp-json\/wp\/v2\/posts\/702\/revisions"}],"wp:featuredmedia":[{"embeddable":true,"href":"https:\/\/www.comll.cat\/es\/wp-json\/wp\/v2\/media\/430"}],"wp:attachment":[{"href":"https:\/\/www.comll.cat\/es\/wp-json\/wp\/v2\/media?parent=702"}],"wp:term":[{"taxonomy":"category","embeddable":true,"href":"https:\/\/www.comll.cat\/es\/wp-json\/wp\/v2\/categories?post=702"},{"taxonomy":"post_tag","embeddable":true,"href":"https:\/\/www.comll.cat\/es\/wp-json\/wp\/v2\/tags?post=702"}],"curies":[{"name":"wp","href":"https:\/\/api.w.org\/{rel}","templated":true}]}}