{"id":696,"date":"2019-06-03T13:15:31","date_gmt":"2019-06-03T11:15:31","guid":{"rendered":"https:\/\/www.comll.cat\/xxv-congres-dret-i-salut-a-madrid-sobre-lavenc-de-les-ciencies-de-la-salut-i-les-incerteses-del-dret\/"},"modified":"2019-06-03T13:15:31","modified_gmt":"2019-06-03T11:15:31","slug":"xxv-congres-dret-i-salut-a-madrid-sobre-lavenc-de-les-ciencies-de-la-salut-i-les-incerteses-del-dret","status":"publish","type":"post","link":"https:\/\/www.comll.cat\/es\/xxv-congres-dret-i-salut-a-madrid-sobre-lavenc-de-les-ciencies-de-la-salut-i-les-incerteses-del-dret\/","title":{"rendered":"XXV Congr\u00e9s Dret i Salut a Madrid sobre \u201cL\u2019aven\u00e7 de les ci\u00e8ncies de la salut i les incerteses del dret\u201d"},"content":{"rendered":"<p>Juristes de la Salut de Bilbao organitza el XXV Congr\u00e9s Dret i Salut, que en aquesta edici\u00f3 debatr\u00e0 el tema<em>L\u2019aven\u00e7 de les ci\u00e8ncies de la salut i les incerteses del dret<\/em>. El congr\u00e9s tindr\u00e0 lloc a Madrid els propers dies 8, 9 i 10 de juny. L\u2019inauguraran el rector de la Universitat Pontif\u00edcia Comillas, Dr. P. Julio L. Mart\u00ednez Mart\u00ednez; el conseller de Sanitat de la comunitat de Madrid, Jes\u00fas S\u00e1nchez Martos; el deg\u00e0 de la Facultat de Dret d\u2019ICADE, \u00cd\u00f1igo Navarro, i la presidenta de l\u2019Associaci\u00f3 Juristes de la Salut, Josefa Cantero.<\/p>\n<p>El primer dia, la fiscal general de l\u2019Estat, Consuelo Madrigal, presentar\u00e0 la pon\u00e8ncia <em>Menors i rebuig al tractament m\u00e8dic<\/em>, que moderar\u00e0 Federico de Montalvo, profesor de Dret Constitucional. Una taula rodona tractar\u00e0 sobre <em>La prova pericial en la responsabilitat m\u00e8dica, predeterminaci\u00f3 de la decisi\u00f3 judicial<\/em>? Aix\u00ed mateix, se celebraran unes taules de treball per determinar si la nova Llei d\u2019Inf\u00e0ncia resolt els conflictes dels tractaments.<\/p>\n<p>La resta de dies, tindran lloc taules rodones que debatran la nova regulaci\u00f3 sobre els assatjos cl\u00ednics, l\u2019impacte del canvi clim\u00e0tic en la salut, l\u2019impacte del tractat de lliure comer\u00e7 en la salut, les novetats legislatives, la seguretat del pacient i l\u2019acc\u00e9s i cancel\u00b7laci\u00f3 de dades d\u2019hist\u00f2ries cl\u00edniques, entre d\u2019altres.<\/p>\n<p>M\u00e9s informaci\u00f3, a <a href=\"http:\/\/www.ajs.es\/xxv-congreso-derecho-y-salud\">http:\/\/www.ajs.es\/congresos\/xxviii-congreso-derecho-y-salud<\/a><\/p>\n<p>&nbsp;<\/p>\n","protected":false},"excerpt":{"rendered":"<p>Juristes de la Salut de Bilbao organitza el XXV Congr\u00e9s Dret i Salut, que en aquesta edici\u00f3 debatr\u00e0 el temaL\u2019aven\u00e7...<\/p>\n","protected":false},"author":1,"featured_media":430,"comment_status":"closed","ping_status":"closed","sticky":false,"template":"","format":"standard","meta":{"_acf_changed":false,"inline_featured_image":false,"footnotes":""},"categories":[18],"tags":[],"class_list":["post-696","post","type-post","status-publish","format-standard","has-post-thumbnail","hentry","category-noticias"],"acf":[],"yoast_head":"<!-- This site is optimized with the Yoast SEO plugin v27.5 - https:\/\/yoast.com\/product\/yoast-seo-wordpress\/ -->\n<title>XXV Congr\u00e9s Dret i Salut a Madrid sobre \u201cL\u2019aven\u00e7 de les ci\u00e8ncies de la salut i les incerteses del dret\u201d - Col\u00b7legi Oficial de Metges de Lleida<\/title>\n<meta name=\"robots\" content=\"index, follow, max-snippet:-1, max-image-preview:large, max-video-preview:-1\" \/>\n<link rel=\"canonical\" href=\"https:\/\/www.comll.cat\/es\/xxv-congres-dret-i-salut-a-madrid-sobre-lavenc-de-les-ciencies-de-la-salut-i-les-incerteses-del-dret\/\" \/>\n<meta property=\"og:locale\" content=\"es_ES\" \/>\n<meta property=\"og:type\" content=\"article\" \/>\n<meta property=\"og:title\" content=\"XXV Congr\u00e9s Dret i Salut a Madrid sobre \u201cL\u2019aven\u00e7 de les ci\u00e8ncies de la salut i les incerteses del dret\u201d - Col\u00b7legi Oficial de Metges de Lleida\" \/>\n<meta property=\"og:description\" content=\"Juristes de la Salut de Bilbao organitza el XXV Congr\u00e9s Dret i Salut, que en aquesta edici\u00f3 debatr\u00e0 el temaL\u2019aven\u00e7...\" \/>\n<meta property=\"og:url\" content=\"https:\/\/www.comll.cat\/es\/xxv-congres-dret-i-salut-a-madrid-sobre-lavenc-de-les-ciencies-de-la-salut-i-les-incerteses-del-dret\/\" \/>\n<meta property=\"og:site_name\" content=\"Col\u00b7legi Oficial de Metges de Lleida\" \/>\n<meta property=\"article:published_time\" content=\"2019-06-03T11:15:31+00:00\" \/>\n<meta property=\"og:image\" content=\"https:\/\/www.comll.cat\/es\/wp-content\/uploads\/sites\/3\/noticia-comll.jpg\" \/>\n\t<meta property=\"og:image:width\" content=\"1280\" \/>\n\t<meta property=\"og:image:height\" content=\"900\" \/>\n\t<meta property=\"og:image:type\" content=\"image\/jpeg\" \/>\n<meta name=\"author\" content=\"Albert\" \/>\n<meta name=\"twitter:card\" content=\"summary_large_image\" \/>\n<script type=\"application\/ld+json\" class=\"yoast-schema-graph\">{\"@context\":\"https:\\\/\\\/schema.org\",\"@graph\":[{\"@type\":\"Article\",\"@id\":\"https:\\\/\\\/www.comll.cat\\\/es\\\/xxv-congres-dret-i-salut-a-madrid-sobre-lavenc-de-les-ciencies-de-la-salut-i-les-incerteses-del-dret\\\/#article\",\"isPartOf\":{\"@id\":\"https:\\\/\\\/www.comll.cat\\\/es\\\/xxv-congres-dret-i-salut-a-madrid-sobre-lavenc-de-les-ciencies-de-la-salut-i-les-incerteses-del-dret\\\/\"},\"author\":{\"name\":\"Albert\",\"@id\":\"https:\\\/\\\/www.comll.cat\\\/es\\\/#\\\/schema\\\/person\\\/1c7bc4d83b35a927d680cfe0ec9120e0\"},\"headline\":\"XXV Congr\u00e9s Dret i Salut a Madrid sobre \u201cL\u2019aven\u00e7 de les ci\u00e8ncies de la salut i les incerteses del dret\u201d\",\"datePublished\":\"2019-06-03T11:15:31+00:00\",\"mainEntityOfPage\":{\"@id\":\"https:\\\/\\\/www.comll.cat\\\/es\\\/xxv-congres-dret-i-salut-a-madrid-sobre-lavenc-de-les-ciencies-de-la-salut-i-les-incerteses-del-dret\\\/\"},\"wordCount\":268,\"image\":{\"@id\":\"https:\\\/\\\/www.comll.cat\\\/es\\\/xxv-congres-dret-i-salut-a-madrid-sobre-lavenc-de-les-ciencies-de-la-salut-i-les-incerteses-del-dret\\\/#primaryimage\"},\"thumbnailUrl\":\"https:\\\/\\\/www.comll.cat\\\/es\\\/wp-content\\\/uploads\\\/sites\\\/3\\\/noticia-comll.jpg\",\"articleSection\":[\"Noticias\"],\"inLanguage\":\"es\"},{\"@type\":\"WebPage\",\"@id\":\"https:\\\/\\\/www.comll.cat\\\/es\\\/xxv-congres-dret-i-salut-a-madrid-sobre-lavenc-de-les-ciencies-de-la-salut-i-les-incerteses-del-dret\\\/\",\"url\":\"https:\\\/\\\/www.comll.cat\\\/es\\\/xxv-congres-dret-i-salut-a-madrid-sobre-lavenc-de-les-ciencies-de-la-salut-i-les-incerteses-del-dret\\\/\",\"name\":\"XXV Congr\u00e9s Dret i Salut a Madrid sobre \u201cL\u2019aven\u00e7 de les ci\u00e8ncies de la salut i les incerteses del dret\u201d - Col\u00b7legi Oficial de Metges de Lleida\",\"isPartOf\":{\"@id\":\"https:\\\/\\\/www.comll.cat\\\/es\\\/#website\"},\"primaryImageOfPage\":{\"@id\":\"https:\\\/\\\/www.comll.cat\\\/es\\\/xxv-congres-dret-i-salut-a-madrid-sobre-lavenc-de-les-ciencies-de-la-salut-i-les-incerteses-del-dret\\\/#primaryimage\"},\"image\":{\"@id\":\"https:\\\/\\\/www.comll.cat\\\/es\\\/xxv-congres-dret-i-salut-a-madrid-sobre-lavenc-de-les-ciencies-de-la-salut-i-les-incerteses-del-dret\\\/#primaryimage\"},\"thumbnailUrl\":\"https:\\\/\\\/www.comll.cat\\\/es\\\/wp-content\\\/uploads\\\/sites\\\/3\\\/noticia-comll.jpg\",\"datePublished\":\"2019-06-03T11:15:31+00:00\",\"author\":{\"@id\":\"https:\\\/\\\/www.comll.cat\\\/es\\\/#\\\/schema\\\/person\\\/1c7bc4d83b35a927d680cfe0ec9120e0\"},\"breadcrumb\":{\"@id\":\"https:\\\/\\\/www.comll.cat\\\/es\\\/xxv-congres-dret-i-salut-a-madrid-sobre-lavenc-de-les-ciencies-de-la-salut-i-les-incerteses-del-dret\\\/#breadcrumb\"},\"inLanguage\":\"es\",\"potentialAction\":[{\"@type\":\"ReadAction\",\"target\":[\"https:\\\/\\\/www.comll.cat\\\/es\\\/xxv-congres-dret-i-salut-a-madrid-sobre-lavenc-de-les-ciencies-de-la-salut-i-les-incerteses-del-dret\\\/\"]}]},{\"@type\":\"ImageObject\",\"inLanguage\":\"es\",\"@id\":\"https:\\\/\\\/www.comll.cat\\\/es\\\/xxv-congres-dret-i-salut-a-madrid-sobre-lavenc-de-les-ciencies-de-la-salut-i-les-incerteses-del-dret\\\/#primaryimage\",\"url\":\"https:\\\/\\\/www.comll.cat\\\/es\\\/wp-content\\\/uploads\\\/sites\\\/3\\\/noticia-comll.jpg\",\"contentUrl\":\"https:\\\/\\\/www.comll.cat\\\/es\\\/wp-content\\\/uploads\\\/sites\\\/3\\\/noticia-comll.jpg\",\"width\":1280,\"height\":900},{\"@type\":\"BreadcrumbList\",\"@id\":\"https:\\\/\\\/www.comll.cat\\\/es\\\/xxv-congres-dret-i-salut-a-madrid-sobre-lavenc-de-les-ciencies-de-la-salut-i-les-incerteses-del-dret\\\/#breadcrumb\",\"itemListElement\":[{\"@type\":\"ListItem\",\"position\":1,\"name\":\"Portada\",\"item\":\"https:\\\/\\\/www.comll.cat\\\/es\\\/\"},{\"@type\":\"ListItem\",\"position\":2,\"name\":\"XXV Congr\u00e9s Dret i Salut a Madrid sobre \u201cL\u2019aven\u00e7 de les ci\u00e8ncies de la salut i les incerteses del dret\u201d\"}]},{\"@type\":\"WebSite\",\"@id\":\"https:\\\/\\\/www.comll.cat\\\/es\\\/#website\",\"url\":\"https:\\\/\\\/www.comll.cat\\\/es\\\/\",\"name\":\"Col\u00b7legi Oficial de Metges de Lleida\",\"description\":\"COMLL\",\"potentialAction\":[{\"@type\":\"SearchAction\",\"target\":{\"@type\":\"EntryPoint\",\"urlTemplate\":\"https:\\\/\\\/www.comll.cat\\\/es\\\/?s={search_term_string}\"},\"query-input\":{\"@type\":\"PropertyValueSpecification\",\"valueRequired\":true,\"valueName\":\"search_term_string\"}}],\"inLanguage\":\"es\"},{\"@type\":\"Person\",\"@id\":\"https:\\\/\\\/www.comll.cat\\\/es\\\/#\\\/schema\\\/person\\\/1c7bc4d83b35a927d680cfe0ec9120e0\",\"name\":\"Albert\",\"image\":{\"@type\":\"ImageObject\",\"inLanguage\":\"es\",\"@id\":\"https:\\\/\\\/secure.gravatar.com\\\/avatar\\\/c1261138a5e7882394bd9001104fe7078a2d860997555a5353af4ef7bd38f6db?s=96&d=mm&r=g\",\"url\":\"https:\\\/\\\/secure.gravatar.com\\\/avatar\\\/c1261138a5e7882394bd9001104fe7078a2d860997555a5353af4ef7bd38f6db?s=96&d=mm&r=g\",\"contentUrl\":\"https:\\\/\\\/secure.gravatar.com\\\/avatar\\\/c1261138a5e7882394bd9001104fe7078a2d860997555a5353af4ef7bd38f6db?s=96&d=mm&r=g\",\"caption\":\"Albert\"},\"sameAs\":[\"https:\\\/\\\/www.comll.cat\"]}]}<\/script>\n<!-- \/ Yoast SEO plugin. -->","yoast_head_json":{"title":"XXV Congr\u00e9s Dret i Salut a Madrid sobre \u201cL\u2019aven\u00e7 de les ci\u00e8ncies de la salut i les incerteses del dret\u201d - Col\u00b7legi Oficial de Metges de Lleida","robots":{"index":"index","follow":"follow","max-snippet":"max-snippet:-1","max-image-preview":"max-image-preview:large","max-video-preview":"max-video-preview:-1"},"canonical":"https:\/\/www.comll.cat\/es\/xxv-congres-dret-i-salut-a-madrid-sobre-lavenc-de-les-ciencies-de-la-salut-i-les-incerteses-del-dret\/","og_locale":"es_ES","og_type":"article","og_title":"XXV Congr\u00e9s Dret i Salut a Madrid sobre \u201cL\u2019aven\u00e7 de les ci\u00e8ncies de la salut i les incerteses del dret\u201d - Col\u00b7legi Oficial de Metges de Lleida","og_description":"Juristes de la Salut de Bilbao organitza el XXV Congr\u00e9s Dret i Salut, que en aquesta edici\u00f3 debatr\u00e0 el temaL\u2019aven\u00e7...","og_url":"https:\/\/www.comll.cat\/es\/xxv-congres-dret-i-salut-a-madrid-sobre-lavenc-de-les-ciencies-de-la-salut-i-les-incerteses-del-dret\/","og_site_name":"Col\u00b7legi Oficial de Metges de Lleida","article_published_time":"2019-06-03T11:15:31+00:00","og_image":[{"width":1280,"height":900,"url":"https:\/\/www.comll.cat\/es\/wp-content\/uploads\/sites\/3\/noticia-comll.jpg","type":"image\/jpeg"}],"author":"Albert","twitter_card":"summary_large_image","schema":{"@context":"https:\/\/schema.org","@graph":[{"@type":"Article","@id":"https:\/\/www.comll.cat\/es\/xxv-congres-dret-i-salut-a-madrid-sobre-lavenc-de-les-ciencies-de-la-salut-i-les-incerteses-del-dret\/#article","isPartOf":{"@id":"https:\/\/www.comll.cat\/es\/xxv-congres-dret-i-salut-a-madrid-sobre-lavenc-de-les-ciencies-de-la-salut-i-les-incerteses-del-dret\/"},"author":{"name":"Albert","@id":"https:\/\/www.comll.cat\/es\/#\/schema\/person\/1c7bc4d83b35a927d680cfe0ec9120e0"},"headline":"XXV Congr\u00e9s Dret i Salut a Madrid sobre \u201cL\u2019aven\u00e7 de les ci\u00e8ncies de la salut i les incerteses del dret\u201d","datePublished":"2019-06-03T11:15:31+00:00","mainEntityOfPage":{"@id":"https:\/\/www.comll.cat\/es\/xxv-congres-dret-i-salut-a-madrid-sobre-lavenc-de-les-ciencies-de-la-salut-i-les-incerteses-del-dret\/"},"wordCount":268,"image":{"@id":"https:\/\/www.comll.cat\/es\/xxv-congres-dret-i-salut-a-madrid-sobre-lavenc-de-les-ciencies-de-la-salut-i-les-incerteses-del-dret\/#primaryimage"},"thumbnailUrl":"https:\/\/www.comll.cat\/es\/wp-content\/uploads\/sites\/3\/noticia-comll.jpg","articleSection":["Noticias"],"inLanguage":"es"},{"@type":"WebPage","@id":"https:\/\/www.comll.cat\/es\/xxv-congres-dret-i-salut-a-madrid-sobre-lavenc-de-les-ciencies-de-la-salut-i-les-incerteses-del-dret\/","url":"https:\/\/www.comll.cat\/es\/xxv-congres-dret-i-salut-a-madrid-sobre-lavenc-de-les-ciencies-de-la-salut-i-les-incerteses-del-dret\/","name":"XXV Congr\u00e9s Dret i Salut a Madrid sobre \u201cL\u2019aven\u00e7 de les ci\u00e8ncies de la salut i les incerteses del dret\u201d - Col\u00b7legi Oficial de Metges de Lleida","isPartOf":{"@id":"https:\/\/www.comll.cat\/es\/#website"},"primaryImageOfPage":{"@id":"https:\/\/www.comll.cat\/es\/xxv-congres-dret-i-salut-a-madrid-sobre-lavenc-de-les-ciencies-de-la-salut-i-les-incerteses-del-dret\/#primaryimage"},"image":{"@id":"https:\/\/www.comll.cat\/es\/xxv-congres-dret-i-salut-a-madrid-sobre-lavenc-de-les-ciencies-de-la-salut-i-les-incerteses-del-dret\/#primaryimage"},"thumbnailUrl":"https:\/\/www.comll.cat\/es\/wp-content\/uploads\/sites\/3\/noticia-comll.jpg","datePublished":"2019-06-03T11:15:31+00:00","author":{"@id":"https:\/\/www.comll.cat\/es\/#\/schema\/person\/1c7bc4d83b35a927d680cfe0ec9120e0"},"breadcrumb":{"@id":"https:\/\/www.comll.cat\/es\/xxv-congres-dret-i-salut-a-madrid-sobre-lavenc-de-les-ciencies-de-la-salut-i-les-incerteses-del-dret\/#breadcrumb"},"inLanguage":"es","potentialAction":[{"@type":"ReadAction","target":["https:\/\/www.comll.cat\/es\/xxv-congres-dret-i-salut-a-madrid-sobre-lavenc-de-les-ciencies-de-la-salut-i-les-incerteses-del-dret\/"]}]},{"@type":"ImageObject","inLanguage":"es","@id":"https:\/\/www.comll.cat\/es\/xxv-congres-dret-i-salut-a-madrid-sobre-lavenc-de-les-ciencies-de-la-salut-i-les-incerteses-del-dret\/#primaryimage","url":"https:\/\/www.comll.cat\/es\/wp-content\/uploads\/sites\/3\/noticia-comll.jpg","contentUrl":"https:\/\/www.comll.cat\/es\/wp-content\/uploads\/sites\/3\/noticia-comll.jpg","width":1280,"height":900},{"@type":"BreadcrumbList","@id":"https:\/\/www.comll.cat\/es\/xxv-congres-dret-i-salut-a-madrid-sobre-lavenc-de-les-ciencies-de-la-salut-i-les-incerteses-del-dret\/#breadcrumb","itemListElement":[{"@type":"ListItem","position":1,"name":"Portada","item":"https:\/\/www.comll.cat\/es\/"},{"@type":"ListItem","position":2,"name":"XXV Congr\u00e9s Dret i Salut a Madrid sobre \u201cL\u2019aven\u00e7 de les ci\u00e8ncies de la salut i les incerteses del dret\u201d"}]},{"@type":"WebSite","@id":"https:\/\/www.comll.cat\/es\/#website","url":"https:\/\/www.comll.cat\/es\/","name":"Col\u00b7legi Oficial de Metges de Lleida","description":"COMLL","potentialAction":[{"@type":"SearchAction","target":{"@type":"EntryPoint","urlTemplate":"https:\/\/www.comll.cat\/es\/?s={search_term_string}"},"query-input":{"@type":"PropertyValueSpecification","valueRequired":true,"valueName":"search_term_string"}}],"inLanguage":"es"},{"@type":"Person","@id":"https:\/\/www.comll.cat\/es\/#\/schema\/person\/1c7bc4d83b35a927d680cfe0ec9120e0","name":"Albert","image":{"@type":"ImageObject","inLanguage":"es","@id":"https:\/\/secure.gravatar.com\/avatar\/c1261138a5e7882394bd9001104fe7078a2d860997555a5353af4ef7bd38f6db?s=96&d=mm&r=g","url":"https:\/\/secure.gravatar.com\/avatar\/c1261138a5e7882394bd9001104fe7078a2d860997555a5353af4ef7bd38f6db?s=96&d=mm&r=g","contentUrl":"https:\/\/secure.gravatar.com\/avatar\/c1261138a5e7882394bd9001104fe7078a2d860997555a5353af4ef7bd38f6db?s=96&d=mm&r=g","caption":"Albert"},"sameAs":["https:\/\/www.comll.cat"]}]}},"publishpress_future_action":{"enabled":false,"date":"2026-05-02 11:13:22","action":"change-status","newStatus":"draft","terms":[],"taxonomy":"category","extraData":[]},"publishpress_future_workflow_manual_trigger":{"enabledWorkflows":[]},"_links":{"self":[{"href":"https:\/\/www.comll.cat\/es\/wp-json\/wp\/v2\/posts\/696","targetHints":{"allow":["GET"]}}],"collection":[{"href":"https:\/\/www.comll.cat\/es\/wp-json\/wp\/v2\/posts"}],"about":[{"href":"https:\/\/www.comll.cat\/es\/wp-json\/wp\/v2\/types\/post"}],"author":[{"embeddable":true,"href":"https:\/\/www.comll.cat\/es\/wp-json\/wp\/v2\/users\/1"}],"replies":[{"embeddable":true,"href":"https:\/\/www.comll.cat\/es\/wp-json\/wp\/v2\/comments?post=696"}],"version-history":[{"count":0,"href":"https:\/\/www.comll.cat\/es\/wp-json\/wp\/v2\/posts\/696\/revisions"}],"wp:featuredmedia":[{"embeddable":true,"href":"https:\/\/www.comll.cat\/es\/wp-json\/wp\/v2\/media\/430"}],"wp:attachment":[{"href":"https:\/\/www.comll.cat\/es\/wp-json\/wp\/v2\/media?parent=696"}],"wp:term":[{"taxonomy":"category","embeddable":true,"href":"https:\/\/www.comll.cat\/es\/wp-json\/wp\/v2\/categories?post=696"},{"taxonomy":"post_tag","embeddable":true,"href":"https:\/\/www.comll.cat\/es\/wp-json\/wp\/v2\/tags?post=696"}],"curies":[{"name":"wp","href":"https:\/\/api.w.org\/{rel}","templated":true}]}}