{"id":690,"date":"2019-05-28T14:22:29","date_gmt":"2019-05-28T12:22:29","guid":{"rendered":"https:\/\/www.comll.cat\/cicle-dialegs-dautogestio-el-proper-dijous-dia-30-al-collegi-oficial-de-metges-de-barcelona-2\/"},"modified":"2019-05-28T14:22:29","modified_gmt":"2019-05-28T12:22:29","slug":"cicle-dialegs-dautogestio-el-proper-dijous-dia-30-al-collegi-oficial-de-metges-de-barcelona-2","status":"publish","type":"post","link":"https:\/\/www.comll.cat\/es\/cicle-dialegs-dautogestio-el-proper-dijous-dia-30-al-collegi-oficial-de-metges-de-barcelona-2\/","title":{"rendered":"Cicle \u201cDi\u00e0legs d\u2019autogesti\u00f3\u201d, el proper dijous dia 30, al Col\u00b7legi Oficial de Metges de Barcelona"},"content":{"rendered":"<p>El Col\u00b7legi Oficial de Metges de Barcelona (COMB) organitza el cicle <em>Di\u00e0legs d\u2019autogesti\u00f3<\/em>, que se celebrar\u00e0 a partir del proper dijous dia 30, a la Sala d\u2019Actes d\u2019aquell col\u00b7legi (Passeig de la Bonanova, 47). Les xerrades tractaran de l\u2019autogesti\u00f3 dels metges i les metgesses dins el Servei P\u00fablic de Salut.<\/p>\n<p>La Dra. Eul\u00e0lia Ruiz, metgessa de Fam\u00edlia i membre de la Junta de Govern del COMB, presentar\u00e0 el cicle a les 18.00 hores. A continuaci\u00f3, el Dr. Jordi F\u00e0brega, director asistencial de la Cooperativa Pediatria als Pirineus, parlar\u00e0 de la seva experi\u00e8ncia. Seguidament, s\u2019obrir\u00e0 un debat obert, que moderar\u00e0 el Dr. Jaume Sellar\u00e8s, metge de Fam\u00edlia i vicepresident del COMB.<\/p>\n<p>M\u00e9s informaci\u00f3, a trav\u00e9s del tel\u00e8fon 93 567 88 88 extensi\u00f3 1803 o al correu <a href=\"mailto:participacio@comb.cat\">participacio@comb.cat<\/a>.<\/p>\n<p>&nbsp;<\/p>\n","protected":false},"excerpt":{"rendered":"<p>El Col\u00b7legi Oficial de Metges de Barcelona (COMB) organitza el cicle Di\u00e0legs d\u2019autogesti\u00f3, que se celebrar\u00e0 a partir del proper...<\/p>\n","protected":false},"author":1,"featured_media":421,"comment_status":"closed","ping_status":"closed","sticky":false,"template":"","format":"standard","meta":{"_acf_changed":false,"inline_featured_image":false,"footnotes":""},"categories":[18],"tags":[],"class_list":["post-690","post","type-post","status-publish","format-standard","has-post-thumbnail","hentry","category-noticias"],"acf":[],"yoast_head":"<!-- This site is optimized with the Yoast SEO plugin v27.5 - https:\/\/yoast.com\/product\/yoast-seo-wordpress\/ -->\n<title>Cicle \u201cDi\u00e0legs d\u2019autogesti\u00f3\u201d, el proper dijous dia 30, al Col\u00b7legi Oficial de Metges de Barcelona - Col\u00b7legi Oficial de Metges de Lleida<\/title>\n<meta name=\"robots\" content=\"index, follow, max-snippet:-1, max-image-preview:large, max-video-preview:-1\" \/>\n<link rel=\"canonical\" href=\"https:\/\/www.comll.cat\/es\/cicle-dialegs-dautogestio-el-proper-dijous-dia-30-al-collegi-oficial-de-metges-de-barcelona-2\/\" \/>\n<meta property=\"og:locale\" content=\"es_ES\" \/>\n<meta property=\"og:type\" content=\"article\" \/>\n<meta property=\"og:title\" content=\"Cicle \u201cDi\u00e0legs d\u2019autogesti\u00f3\u201d, el proper dijous dia 30, al Col\u00b7legi Oficial de Metges de Barcelona - Col\u00b7legi Oficial de Metges de Lleida\" \/>\n<meta property=\"og:description\" content=\"El Col\u00b7legi Oficial de Metges de Barcelona (COMB) organitza el cicle Di\u00e0legs d\u2019autogesti\u00f3, que se celebrar\u00e0 a partir del proper...\" \/>\n<meta property=\"og:url\" content=\"https:\/\/www.comll.cat\/es\/cicle-dialegs-dautogestio-el-proper-dijous-dia-30-al-collegi-oficial-de-metges-de-barcelona-2\/\" \/>\n<meta property=\"og:site_name\" content=\"Col\u00b7legi Oficial de Metges de Lleida\" \/>\n<meta property=\"article:published_time\" content=\"2019-05-28T12:22:29+00:00\" \/>\n<meta property=\"og:image\" content=\"https:\/\/www.comll.cat\/es\/wp-content\/uploads\/sites\/3\/news-form-comll.jpg\" \/>\n\t<meta property=\"og:image:width\" content=\"1280\" \/>\n\t<meta property=\"og:image:height\" content=\"900\" \/>\n\t<meta property=\"og:image:type\" content=\"image\/jpeg\" \/>\n<meta name=\"author\" content=\"Albert\" \/>\n<meta name=\"twitter:card\" content=\"summary_large_image\" \/>\n<script type=\"application\/ld+json\" class=\"yoast-schema-graph\">{\"@context\":\"https:\\\/\\\/schema.org\",\"@graph\":[{\"@type\":\"Article\",\"@id\":\"https:\\\/\\\/www.comll.cat\\\/es\\\/cicle-dialegs-dautogestio-el-proper-dijous-dia-30-al-collegi-oficial-de-metges-de-barcelona-2\\\/#article\",\"isPartOf\":{\"@id\":\"https:\\\/\\\/www.comll.cat\\\/es\\\/cicle-dialegs-dautogestio-el-proper-dijous-dia-30-al-collegi-oficial-de-metges-de-barcelona-2\\\/\"},\"author\":{\"name\":\"Albert\",\"@id\":\"https:\\\/\\\/www.comll.cat\\\/es\\\/#\\\/schema\\\/person\\\/1c7bc4d83b35a927d680cfe0ec9120e0\"},\"headline\":\"Cicle \u201cDi\u00e0legs d\u2019autogesti\u00f3\u201d, el proper dijous dia 30, al Col\u00b7legi Oficial de Metges de Barcelona\",\"datePublished\":\"2019-05-28T12:22:29+00:00\",\"mainEntityOfPage\":{\"@id\":\"https:\\\/\\\/www.comll.cat\\\/es\\\/cicle-dialegs-dautogestio-el-proper-dijous-dia-30-al-collegi-oficial-de-metges-de-barcelona-2\\\/\"},\"wordCount\":156,\"image\":{\"@id\":\"https:\\\/\\\/www.comll.cat\\\/es\\\/cicle-dialegs-dautogestio-el-proper-dijous-dia-30-al-collegi-oficial-de-metges-de-barcelona-2\\\/#primaryimage\"},\"thumbnailUrl\":\"https:\\\/\\\/www.comll.cat\\\/es\\\/wp-content\\\/uploads\\\/sites\\\/3\\\/news-form-comll.jpg\",\"articleSection\":[\"Noticias\"],\"inLanguage\":\"es\"},{\"@type\":\"WebPage\",\"@id\":\"https:\\\/\\\/www.comll.cat\\\/es\\\/cicle-dialegs-dautogestio-el-proper-dijous-dia-30-al-collegi-oficial-de-metges-de-barcelona-2\\\/\",\"url\":\"https:\\\/\\\/www.comll.cat\\\/es\\\/cicle-dialegs-dautogestio-el-proper-dijous-dia-30-al-collegi-oficial-de-metges-de-barcelona-2\\\/\",\"name\":\"Cicle \u201cDi\u00e0legs d\u2019autogesti\u00f3\u201d, el proper dijous dia 30, al Col\u00b7legi Oficial de Metges de Barcelona - Col\u00b7legi Oficial de Metges de Lleida\",\"isPartOf\":{\"@id\":\"https:\\\/\\\/www.comll.cat\\\/es\\\/#website\"},\"primaryImageOfPage\":{\"@id\":\"https:\\\/\\\/www.comll.cat\\\/es\\\/cicle-dialegs-dautogestio-el-proper-dijous-dia-30-al-collegi-oficial-de-metges-de-barcelona-2\\\/#primaryimage\"},\"image\":{\"@id\":\"https:\\\/\\\/www.comll.cat\\\/es\\\/cicle-dialegs-dautogestio-el-proper-dijous-dia-30-al-collegi-oficial-de-metges-de-barcelona-2\\\/#primaryimage\"},\"thumbnailUrl\":\"https:\\\/\\\/www.comll.cat\\\/es\\\/wp-content\\\/uploads\\\/sites\\\/3\\\/news-form-comll.jpg\",\"datePublished\":\"2019-05-28T12:22:29+00:00\",\"author\":{\"@id\":\"https:\\\/\\\/www.comll.cat\\\/es\\\/#\\\/schema\\\/person\\\/1c7bc4d83b35a927d680cfe0ec9120e0\"},\"breadcrumb\":{\"@id\":\"https:\\\/\\\/www.comll.cat\\\/es\\\/cicle-dialegs-dautogestio-el-proper-dijous-dia-30-al-collegi-oficial-de-metges-de-barcelona-2\\\/#breadcrumb\"},\"inLanguage\":\"es\",\"potentialAction\":[{\"@type\":\"ReadAction\",\"target\":[\"https:\\\/\\\/www.comll.cat\\\/es\\\/cicle-dialegs-dautogestio-el-proper-dijous-dia-30-al-collegi-oficial-de-metges-de-barcelona-2\\\/\"]}]},{\"@type\":\"ImageObject\",\"inLanguage\":\"es\",\"@id\":\"https:\\\/\\\/www.comll.cat\\\/es\\\/cicle-dialegs-dautogestio-el-proper-dijous-dia-30-al-collegi-oficial-de-metges-de-barcelona-2\\\/#primaryimage\",\"url\":\"https:\\\/\\\/www.comll.cat\\\/es\\\/wp-content\\\/uploads\\\/sites\\\/3\\\/news-form-comll.jpg\",\"contentUrl\":\"https:\\\/\\\/www.comll.cat\\\/es\\\/wp-content\\\/uploads\\\/sites\\\/3\\\/news-form-comll.jpg\",\"width\":1280,\"height\":900},{\"@type\":\"BreadcrumbList\",\"@id\":\"https:\\\/\\\/www.comll.cat\\\/es\\\/cicle-dialegs-dautogestio-el-proper-dijous-dia-30-al-collegi-oficial-de-metges-de-barcelona-2\\\/#breadcrumb\",\"itemListElement\":[{\"@type\":\"ListItem\",\"position\":1,\"name\":\"Portada\",\"item\":\"https:\\\/\\\/www.comll.cat\\\/es\\\/\"},{\"@type\":\"ListItem\",\"position\":2,\"name\":\"Cicle \u201cDi\u00e0legs d\u2019autogesti\u00f3\u201d, el proper dijous dia 30, al Col\u00b7legi Oficial de Metges de Barcelona\"}]},{\"@type\":\"WebSite\",\"@id\":\"https:\\\/\\\/www.comll.cat\\\/es\\\/#website\",\"url\":\"https:\\\/\\\/www.comll.cat\\\/es\\\/\",\"name\":\"Col\u00b7legi Oficial de Metges de Lleida\",\"description\":\"COMLL\",\"potentialAction\":[{\"@type\":\"SearchAction\",\"target\":{\"@type\":\"EntryPoint\",\"urlTemplate\":\"https:\\\/\\\/www.comll.cat\\\/es\\\/?s={search_term_string}\"},\"query-input\":{\"@type\":\"PropertyValueSpecification\",\"valueRequired\":true,\"valueName\":\"search_term_string\"}}],\"inLanguage\":\"es\"},{\"@type\":\"Person\",\"@id\":\"https:\\\/\\\/www.comll.cat\\\/es\\\/#\\\/schema\\\/person\\\/1c7bc4d83b35a927d680cfe0ec9120e0\",\"name\":\"Albert\",\"image\":{\"@type\":\"ImageObject\",\"inLanguage\":\"es\",\"@id\":\"https:\\\/\\\/secure.gravatar.com\\\/avatar\\\/c1261138a5e7882394bd9001104fe7078a2d860997555a5353af4ef7bd38f6db?s=96&d=mm&r=g\",\"url\":\"https:\\\/\\\/secure.gravatar.com\\\/avatar\\\/c1261138a5e7882394bd9001104fe7078a2d860997555a5353af4ef7bd38f6db?s=96&d=mm&r=g\",\"contentUrl\":\"https:\\\/\\\/secure.gravatar.com\\\/avatar\\\/c1261138a5e7882394bd9001104fe7078a2d860997555a5353af4ef7bd38f6db?s=96&d=mm&r=g\",\"caption\":\"Albert\"},\"sameAs\":[\"https:\\\/\\\/www.comll.cat\"]}]}<\/script>\n<!-- \/ Yoast SEO plugin. -->","yoast_head_json":{"title":"Cicle \u201cDi\u00e0legs d\u2019autogesti\u00f3\u201d, el proper dijous dia 30, al Col\u00b7legi Oficial de Metges de Barcelona - Col\u00b7legi Oficial de Metges de Lleida","robots":{"index":"index","follow":"follow","max-snippet":"max-snippet:-1","max-image-preview":"max-image-preview:large","max-video-preview":"max-video-preview:-1"},"canonical":"https:\/\/www.comll.cat\/es\/cicle-dialegs-dautogestio-el-proper-dijous-dia-30-al-collegi-oficial-de-metges-de-barcelona-2\/","og_locale":"es_ES","og_type":"article","og_title":"Cicle \u201cDi\u00e0legs d\u2019autogesti\u00f3\u201d, el proper dijous dia 30, al Col\u00b7legi Oficial de Metges de Barcelona - Col\u00b7legi Oficial de Metges de Lleida","og_description":"El Col\u00b7legi Oficial de Metges de Barcelona (COMB) organitza el cicle Di\u00e0legs d\u2019autogesti\u00f3, que se celebrar\u00e0 a partir del proper...","og_url":"https:\/\/www.comll.cat\/es\/cicle-dialegs-dautogestio-el-proper-dijous-dia-30-al-collegi-oficial-de-metges-de-barcelona-2\/","og_site_name":"Col\u00b7legi Oficial de Metges de Lleida","article_published_time":"2019-05-28T12:22:29+00:00","og_image":[{"width":1280,"height":900,"url":"https:\/\/www.comll.cat\/es\/wp-content\/uploads\/sites\/3\/news-form-comll.jpg","type":"image\/jpeg"}],"author":"Albert","twitter_card":"summary_large_image","schema":{"@context":"https:\/\/schema.org","@graph":[{"@type":"Article","@id":"https:\/\/www.comll.cat\/es\/cicle-dialegs-dautogestio-el-proper-dijous-dia-30-al-collegi-oficial-de-metges-de-barcelona-2\/#article","isPartOf":{"@id":"https:\/\/www.comll.cat\/es\/cicle-dialegs-dautogestio-el-proper-dijous-dia-30-al-collegi-oficial-de-metges-de-barcelona-2\/"},"author":{"name":"Albert","@id":"https:\/\/www.comll.cat\/es\/#\/schema\/person\/1c7bc4d83b35a927d680cfe0ec9120e0"},"headline":"Cicle \u201cDi\u00e0legs d\u2019autogesti\u00f3\u201d, el proper dijous dia 30, al Col\u00b7legi Oficial de Metges de Barcelona","datePublished":"2019-05-28T12:22:29+00:00","mainEntityOfPage":{"@id":"https:\/\/www.comll.cat\/es\/cicle-dialegs-dautogestio-el-proper-dijous-dia-30-al-collegi-oficial-de-metges-de-barcelona-2\/"},"wordCount":156,"image":{"@id":"https:\/\/www.comll.cat\/es\/cicle-dialegs-dautogestio-el-proper-dijous-dia-30-al-collegi-oficial-de-metges-de-barcelona-2\/#primaryimage"},"thumbnailUrl":"https:\/\/www.comll.cat\/es\/wp-content\/uploads\/sites\/3\/news-form-comll.jpg","articleSection":["Noticias"],"inLanguage":"es"},{"@type":"WebPage","@id":"https:\/\/www.comll.cat\/es\/cicle-dialegs-dautogestio-el-proper-dijous-dia-30-al-collegi-oficial-de-metges-de-barcelona-2\/","url":"https:\/\/www.comll.cat\/es\/cicle-dialegs-dautogestio-el-proper-dijous-dia-30-al-collegi-oficial-de-metges-de-barcelona-2\/","name":"Cicle \u201cDi\u00e0legs d\u2019autogesti\u00f3\u201d, el proper dijous dia 30, al Col\u00b7legi Oficial de Metges de Barcelona - Col\u00b7legi Oficial de Metges de Lleida","isPartOf":{"@id":"https:\/\/www.comll.cat\/es\/#website"},"primaryImageOfPage":{"@id":"https:\/\/www.comll.cat\/es\/cicle-dialegs-dautogestio-el-proper-dijous-dia-30-al-collegi-oficial-de-metges-de-barcelona-2\/#primaryimage"},"image":{"@id":"https:\/\/www.comll.cat\/es\/cicle-dialegs-dautogestio-el-proper-dijous-dia-30-al-collegi-oficial-de-metges-de-barcelona-2\/#primaryimage"},"thumbnailUrl":"https:\/\/www.comll.cat\/es\/wp-content\/uploads\/sites\/3\/news-form-comll.jpg","datePublished":"2019-05-28T12:22:29+00:00","author":{"@id":"https:\/\/www.comll.cat\/es\/#\/schema\/person\/1c7bc4d83b35a927d680cfe0ec9120e0"},"breadcrumb":{"@id":"https:\/\/www.comll.cat\/es\/cicle-dialegs-dautogestio-el-proper-dijous-dia-30-al-collegi-oficial-de-metges-de-barcelona-2\/#breadcrumb"},"inLanguage":"es","potentialAction":[{"@type":"ReadAction","target":["https:\/\/www.comll.cat\/es\/cicle-dialegs-dautogestio-el-proper-dijous-dia-30-al-collegi-oficial-de-metges-de-barcelona-2\/"]}]},{"@type":"ImageObject","inLanguage":"es","@id":"https:\/\/www.comll.cat\/es\/cicle-dialegs-dautogestio-el-proper-dijous-dia-30-al-collegi-oficial-de-metges-de-barcelona-2\/#primaryimage","url":"https:\/\/www.comll.cat\/es\/wp-content\/uploads\/sites\/3\/news-form-comll.jpg","contentUrl":"https:\/\/www.comll.cat\/es\/wp-content\/uploads\/sites\/3\/news-form-comll.jpg","width":1280,"height":900},{"@type":"BreadcrumbList","@id":"https:\/\/www.comll.cat\/es\/cicle-dialegs-dautogestio-el-proper-dijous-dia-30-al-collegi-oficial-de-metges-de-barcelona-2\/#breadcrumb","itemListElement":[{"@type":"ListItem","position":1,"name":"Portada","item":"https:\/\/www.comll.cat\/es\/"},{"@type":"ListItem","position":2,"name":"Cicle \u201cDi\u00e0legs d\u2019autogesti\u00f3\u201d, el proper dijous dia 30, al Col\u00b7legi Oficial de Metges de Barcelona"}]},{"@type":"WebSite","@id":"https:\/\/www.comll.cat\/es\/#website","url":"https:\/\/www.comll.cat\/es\/","name":"Col\u00b7legi Oficial de Metges de Lleida","description":"COMLL","potentialAction":[{"@type":"SearchAction","target":{"@type":"EntryPoint","urlTemplate":"https:\/\/www.comll.cat\/es\/?s={search_term_string}"},"query-input":{"@type":"PropertyValueSpecification","valueRequired":true,"valueName":"search_term_string"}}],"inLanguage":"es"},{"@type":"Person","@id":"https:\/\/www.comll.cat\/es\/#\/schema\/person\/1c7bc4d83b35a927d680cfe0ec9120e0","name":"Albert","image":{"@type":"ImageObject","inLanguage":"es","@id":"https:\/\/secure.gravatar.com\/avatar\/c1261138a5e7882394bd9001104fe7078a2d860997555a5353af4ef7bd38f6db?s=96&d=mm&r=g","url":"https:\/\/secure.gravatar.com\/avatar\/c1261138a5e7882394bd9001104fe7078a2d860997555a5353af4ef7bd38f6db?s=96&d=mm&r=g","contentUrl":"https:\/\/secure.gravatar.com\/avatar\/c1261138a5e7882394bd9001104fe7078a2d860997555a5353af4ef7bd38f6db?s=96&d=mm&r=g","caption":"Albert"},"sameAs":["https:\/\/www.comll.cat"]}]}},"publishpress_future_action":{"enabled":false,"date":"2026-04-30 16:42:26","action":"change-status","newStatus":"draft","terms":[],"taxonomy":"category","extraData":[]},"publishpress_future_workflow_manual_trigger":{"enabledWorkflows":[]},"_links":{"self":[{"href":"https:\/\/www.comll.cat\/es\/wp-json\/wp\/v2\/posts\/690","targetHints":{"allow":["GET"]}}],"collection":[{"href":"https:\/\/www.comll.cat\/es\/wp-json\/wp\/v2\/posts"}],"about":[{"href":"https:\/\/www.comll.cat\/es\/wp-json\/wp\/v2\/types\/post"}],"author":[{"embeddable":true,"href":"https:\/\/www.comll.cat\/es\/wp-json\/wp\/v2\/users\/1"}],"replies":[{"embeddable":true,"href":"https:\/\/www.comll.cat\/es\/wp-json\/wp\/v2\/comments?post=690"}],"version-history":[{"count":0,"href":"https:\/\/www.comll.cat\/es\/wp-json\/wp\/v2\/posts\/690\/revisions"}],"wp:featuredmedia":[{"embeddable":true,"href":"https:\/\/www.comll.cat\/es\/wp-json\/wp\/v2\/media\/421"}],"wp:attachment":[{"href":"https:\/\/www.comll.cat\/es\/wp-json\/wp\/v2\/media?parent=690"}],"wp:term":[{"taxonomy":"category","embeddable":true,"href":"https:\/\/www.comll.cat\/es\/wp-json\/wp\/v2\/categories?post=690"},{"taxonomy":"post_tag","embeddable":true,"href":"https:\/\/www.comll.cat\/es\/wp-json\/wp\/v2\/tags?post=690"}],"curies":[{"name":"wp","href":"https:\/\/api.w.org\/{rel}","templated":true}]}}