{"id":686,"date":"2019-05-27T13:45:24","date_gmt":"2019-05-27T11:45:24","guid":{"rendered":"https:\/\/www.comll.cat\/la-dra-maria-irigoyen-secretaria-de-la-junta-de-govern-representa-el-comll-en-la-presa-de-possessio-del-nou-rector-de-la-udl-jaume-puy\/"},"modified":"2019-05-27T13:45:24","modified_gmt":"2019-05-27T11:45:24","slug":"la-dra-maria-irigoyen-secretaria-de-la-junta-de-govern-representa-el-comll-en-la-presa-de-possessio-del-nou-rector-de-la-udl-jaume-puy","status":"publish","type":"post","link":"https:\/\/www.comll.cat\/es\/la-dra-maria-irigoyen-secretaria-de-la-junta-de-govern-representa-el-comll-en-la-presa-de-possessio-del-nou-rector-de-la-udl-jaume-puy\/","title":{"rendered":"La Dra. Mar\u00eda Irigoyen, secret\u00e0ria de la Junta de Govern, representa el COMLL en la presa de possessi\u00f3 del nou rector de la UdL, Jaume Puy"},"content":{"rendered":"<p>La Dra. Mar\u00eda Irirgoyen, secret\u00e0ria de la Junta de Govern del COMLL, va representar ahir el Col\u00b7legi en la presa de possessi\u00f3 del nou rector de la Universitat de Lleida (UdL), Jaume Puy. La consellera d\u2019Empresa i Coneixements, \u00c0ngel Chac\u00f3n, va participar en l\u2019acte.<\/p>\n<p>Puy, ex vicerector de Recerca en l\u2019equip de l\u2019anterior rector Roberto Fern\u00e1ndez, va reclamar en el seu primer discurs al front de la UdL els recursos i el finan\u00e7ament necessari \u201cper satisfer les importants demandes que ens reclama la societat\u201d. Demandes que no han estat acompanyades fins ara \u201cdels necessaris canvis en les estructures, eines i recursos que calen\u201d, va afegir.<\/p>\n<p>La consellera Chac\u00f3n va assegurar que la voluntat de la Generalitat \u00e9s reparar les restriccions pressupost\u00e0ries que han patit les universitats en els darrers anys.<\/p>\n","protected":false},"excerpt":{"rendered":"<p>La Dra. Mar\u00eda Irirgoyen, secret\u00e0ria de la Junta de Govern del COMLL, va representar ahir el Col\u00b7legi en la presa...<\/p>\n","protected":false},"author":1,"featured_media":517,"comment_status":"closed","ping_status":"closed","sticky":false,"template":"","format":"standard","meta":{"_acf_changed":false,"inline_featured_image":false,"footnotes":""},"categories":[18],"tags":[],"class_list":["post-686","post","type-post","status-publish","format-standard","has-post-thumbnail","hentry","category-noticias"],"acf":[],"yoast_head":"<!-- This site is optimized with the Yoast SEO plugin v27.5 - https:\/\/yoast.com\/product\/yoast-seo-wordpress\/ -->\n<title>La Dra. Mar\u00eda Irigoyen, secret\u00e0ria de la Junta de Govern, representa el COMLL en la presa de possessi\u00f3 del nou rector de la UdL, Jaume Puy - Col\u00b7legi Oficial de Metges de Lleida<\/title>\n<meta name=\"robots\" content=\"index, follow, max-snippet:-1, max-image-preview:large, max-video-preview:-1\" \/>\n<link rel=\"canonical\" href=\"https:\/\/www.comll.cat\/es\/la-dra-maria-irigoyen-secretaria-de-la-junta-de-govern-representa-el-comll-en-la-presa-de-possessio-del-nou-rector-de-la-udl-jaume-puy\/\" \/>\n<meta property=\"og:locale\" content=\"es_ES\" \/>\n<meta property=\"og:type\" content=\"article\" \/>\n<meta property=\"og:title\" content=\"La Dra. Mar\u00eda Irigoyen, secret\u00e0ria de la Junta de Govern, representa el COMLL en la presa de possessi\u00f3 del nou rector de la UdL, Jaume Puy - Col\u00b7legi Oficial de Metges de Lleida\" \/>\n<meta property=\"og:description\" content=\"La Dra. Mar\u00eda Irirgoyen, secret\u00e0ria de la Junta de Govern del COMLL, va representar ahir el Col\u00b7legi en la presa...\" \/>\n<meta property=\"og:url\" content=\"https:\/\/www.comll.cat\/es\/la-dra-maria-irigoyen-secretaria-de-la-junta-de-govern-representa-el-comll-en-la-presa-de-possessio-del-nou-rector-de-la-udl-jaume-puy\/\" \/>\n<meta property=\"og:site_name\" content=\"Col\u00b7legi Oficial de Metges de Lleida\" \/>\n<meta property=\"article:published_time\" content=\"2019-05-27T11:45:24+00:00\" \/>\n<meta property=\"og:image\" content=\"https:\/\/www.comll.cat\/es\/wp-content\/uploads\/sites\/3\/noticia-generada-per-comll-4.jpg\" \/>\n\t<meta property=\"og:image:width\" content=\"1123\" \/>\n\t<meta property=\"og:image:height\" content=\"714\" \/>\n\t<meta property=\"og:image:type\" content=\"image\/jpeg\" \/>\n<meta name=\"author\" content=\"Albert\" \/>\n<meta name=\"twitter:card\" content=\"summary_large_image\" \/>\n<script type=\"application\/ld+json\" class=\"yoast-schema-graph\">{\"@context\":\"https:\\\/\\\/schema.org\",\"@graph\":[{\"@type\":\"Article\",\"@id\":\"https:\\\/\\\/www.comll.cat\\\/es\\\/la-dra-maria-irigoyen-secretaria-de-la-junta-de-govern-representa-el-comll-en-la-presa-de-possessio-del-nou-rector-de-la-udl-jaume-puy\\\/#article\",\"isPartOf\":{\"@id\":\"https:\\\/\\\/www.comll.cat\\\/es\\\/la-dra-maria-irigoyen-secretaria-de-la-junta-de-govern-representa-el-comll-en-la-presa-de-possessio-del-nou-rector-de-la-udl-jaume-puy\\\/\"},\"author\":{\"name\":\"Albert\",\"@id\":\"https:\\\/\\\/www.comll.cat\\\/es\\\/#\\\/schema\\\/person\\\/1c7bc4d83b35a927d680cfe0ec9120e0\"},\"headline\":\"La Dra. Mar\u00eda Irigoyen, secret\u00e0ria de la Junta de Govern, representa el COMLL en la presa de possessi\u00f3 del nou rector de la UdL, Jaume Puy\",\"datePublished\":\"2019-05-27T11:45:24+00:00\",\"mainEntityOfPage\":{\"@id\":\"https:\\\/\\\/www.comll.cat\\\/es\\\/la-dra-maria-irigoyen-secretaria-de-la-junta-de-govern-representa-el-comll-en-la-presa-de-possessio-del-nou-rector-de-la-udl-jaume-puy\\\/\"},\"wordCount\":170,\"image\":{\"@id\":\"https:\\\/\\\/www.comll.cat\\\/es\\\/la-dra-maria-irigoyen-secretaria-de-la-junta-de-govern-representa-el-comll-en-la-presa-de-possessio-del-nou-rector-de-la-udl-jaume-puy\\\/#primaryimage\"},\"thumbnailUrl\":\"https:\\\/\\\/www.comll.cat\\\/es\\\/wp-content\\\/uploads\\\/sites\\\/3\\\/noticia-generada-per-comll-4.jpg\",\"articleSection\":[\"Noticias\"],\"inLanguage\":\"es\"},{\"@type\":\"WebPage\",\"@id\":\"https:\\\/\\\/www.comll.cat\\\/es\\\/la-dra-maria-irigoyen-secretaria-de-la-junta-de-govern-representa-el-comll-en-la-presa-de-possessio-del-nou-rector-de-la-udl-jaume-puy\\\/\",\"url\":\"https:\\\/\\\/www.comll.cat\\\/es\\\/la-dra-maria-irigoyen-secretaria-de-la-junta-de-govern-representa-el-comll-en-la-presa-de-possessio-del-nou-rector-de-la-udl-jaume-puy\\\/\",\"name\":\"La Dra. Mar\u00eda Irigoyen, secret\u00e0ria de la Junta de Govern, representa el COMLL en la presa de possessi\u00f3 del nou rector de la UdL, Jaume Puy - Col\u00b7legi Oficial de Metges de Lleida\",\"isPartOf\":{\"@id\":\"https:\\\/\\\/www.comll.cat\\\/es\\\/#website\"},\"primaryImageOfPage\":{\"@id\":\"https:\\\/\\\/www.comll.cat\\\/es\\\/la-dra-maria-irigoyen-secretaria-de-la-junta-de-govern-representa-el-comll-en-la-presa-de-possessio-del-nou-rector-de-la-udl-jaume-puy\\\/#primaryimage\"},\"image\":{\"@id\":\"https:\\\/\\\/www.comll.cat\\\/es\\\/la-dra-maria-irigoyen-secretaria-de-la-junta-de-govern-representa-el-comll-en-la-presa-de-possessio-del-nou-rector-de-la-udl-jaume-puy\\\/#primaryimage\"},\"thumbnailUrl\":\"https:\\\/\\\/www.comll.cat\\\/es\\\/wp-content\\\/uploads\\\/sites\\\/3\\\/noticia-generada-per-comll-4.jpg\",\"datePublished\":\"2019-05-27T11:45:24+00:00\",\"author\":{\"@id\":\"https:\\\/\\\/www.comll.cat\\\/es\\\/#\\\/schema\\\/person\\\/1c7bc4d83b35a927d680cfe0ec9120e0\"},\"breadcrumb\":{\"@id\":\"https:\\\/\\\/www.comll.cat\\\/es\\\/la-dra-maria-irigoyen-secretaria-de-la-junta-de-govern-representa-el-comll-en-la-presa-de-possessio-del-nou-rector-de-la-udl-jaume-puy\\\/#breadcrumb\"},\"inLanguage\":\"es\",\"potentialAction\":[{\"@type\":\"ReadAction\",\"target\":[\"https:\\\/\\\/www.comll.cat\\\/es\\\/la-dra-maria-irigoyen-secretaria-de-la-junta-de-govern-representa-el-comll-en-la-presa-de-possessio-del-nou-rector-de-la-udl-jaume-puy\\\/\"]}]},{\"@type\":\"ImageObject\",\"inLanguage\":\"es\",\"@id\":\"https:\\\/\\\/www.comll.cat\\\/es\\\/la-dra-maria-irigoyen-secretaria-de-la-junta-de-govern-representa-el-comll-en-la-presa-de-possessio-del-nou-rector-de-la-udl-jaume-puy\\\/#primaryimage\",\"url\":\"https:\\\/\\\/www.comll.cat\\\/es\\\/wp-content\\\/uploads\\\/sites\\\/3\\\/noticia-generada-per-comll-4.jpg\",\"contentUrl\":\"https:\\\/\\\/www.comll.cat\\\/es\\\/wp-content\\\/uploads\\\/sites\\\/3\\\/noticia-generada-per-comll-4.jpg\",\"width\":1123,\"height\":714},{\"@type\":\"BreadcrumbList\",\"@id\":\"https:\\\/\\\/www.comll.cat\\\/es\\\/la-dra-maria-irigoyen-secretaria-de-la-junta-de-govern-representa-el-comll-en-la-presa-de-possessio-del-nou-rector-de-la-udl-jaume-puy\\\/#breadcrumb\",\"itemListElement\":[{\"@type\":\"ListItem\",\"position\":1,\"name\":\"Portada\",\"item\":\"https:\\\/\\\/www.comll.cat\\\/es\\\/\"},{\"@type\":\"ListItem\",\"position\":2,\"name\":\"La Dra. Mar\u00eda Irigoyen, secret\u00e0ria de la Junta de Govern, representa el COMLL en la presa de possessi\u00f3 del nou rector de la UdL, Jaume Puy\"}]},{\"@type\":\"WebSite\",\"@id\":\"https:\\\/\\\/www.comll.cat\\\/es\\\/#website\",\"url\":\"https:\\\/\\\/www.comll.cat\\\/es\\\/\",\"name\":\"Col\u00b7legi Oficial de Metges de Lleida\",\"description\":\"COMLL\",\"potentialAction\":[{\"@type\":\"SearchAction\",\"target\":{\"@type\":\"EntryPoint\",\"urlTemplate\":\"https:\\\/\\\/www.comll.cat\\\/es\\\/?s={search_term_string}\"},\"query-input\":{\"@type\":\"PropertyValueSpecification\",\"valueRequired\":true,\"valueName\":\"search_term_string\"}}],\"inLanguage\":\"es\"},{\"@type\":\"Person\",\"@id\":\"https:\\\/\\\/www.comll.cat\\\/es\\\/#\\\/schema\\\/person\\\/1c7bc4d83b35a927d680cfe0ec9120e0\",\"name\":\"Albert\",\"image\":{\"@type\":\"ImageObject\",\"inLanguage\":\"es\",\"@id\":\"https:\\\/\\\/secure.gravatar.com\\\/avatar\\\/c1261138a5e7882394bd9001104fe7078a2d860997555a5353af4ef7bd38f6db?s=96&d=mm&r=g\",\"url\":\"https:\\\/\\\/secure.gravatar.com\\\/avatar\\\/c1261138a5e7882394bd9001104fe7078a2d860997555a5353af4ef7bd38f6db?s=96&d=mm&r=g\",\"contentUrl\":\"https:\\\/\\\/secure.gravatar.com\\\/avatar\\\/c1261138a5e7882394bd9001104fe7078a2d860997555a5353af4ef7bd38f6db?s=96&d=mm&r=g\",\"caption\":\"Albert\"},\"sameAs\":[\"https:\\\/\\\/www.comll.cat\"]}]}<\/script>\n<!-- \/ Yoast SEO plugin. -->","yoast_head_json":{"title":"La Dra. Mar\u00eda Irigoyen, secret\u00e0ria de la Junta de Govern, representa el COMLL en la presa de possessi\u00f3 del nou rector de la UdL, Jaume Puy - Col\u00b7legi Oficial de Metges de Lleida","robots":{"index":"index","follow":"follow","max-snippet":"max-snippet:-1","max-image-preview":"max-image-preview:large","max-video-preview":"max-video-preview:-1"},"canonical":"https:\/\/www.comll.cat\/es\/la-dra-maria-irigoyen-secretaria-de-la-junta-de-govern-representa-el-comll-en-la-presa-de-possessio-del-nou-rector-de-la-udl-jaume-puy\/","og_locale":"es_ES","og_type":"article","og_title":"La Dra. Mar\u00eda Irigoyen, secret\u00e0ria de la Junta de Govern, representa el COMLL en la presa de possessi\u00f3 del nou rector de la UdL, Jaume Puy - Col\u00b7legi Oficial de Metges de Lleida","og_description":"La Dra. Mar\u00eda Irirgoyen, secret\u00e0ria de la Junta de Govern del COMLL, va representar ahir el Col\u00b7legi en la presa...","og_url":"https:\/\/www.comll.cat\/es\/la-dra-maria-irigoyen-secretaria-de-la-junta-de-govern-representa-el-comll-en-la-presa-de-possessio-del-nou-rector-de-la-udl-jaume-puy\/","og_site_name":"Col\u00b7legi Oficial de Metges de Lleida","article_published_time":"2019-05-27T11:45:24+00:00","og_image":[{"width":1123,"height":714,"url":"https:\/\/www.comll.cat\/es\/wp-content\/uploads\/sites\/3\/noticia-generada-per-comll-4.jpg","type":"image\/jpeg"}],"author":"Albert","twitter_card":"summary_large_image","schema":{"@context":"https:\/\/schema.org","@graph":[{"@type":"Article","@id":"https:\/\/www.comll.cat\/es\/la-dra-maria-irigoyen-secretaria-de-la-junta-de-govern-representa-el-comll-en-la-presa-de-possessio-del-nou-rector-de-la-udl-jaume-puy\/#article","isPartOf":{"@id":"https:\/\/www.comll.cat\/es\/la-dra-maria-irigoyen-secretaria-de-la-junta-de-govern-representa-el-comll-en-la-presa-de-possessio-del-nou-rector-de-la-udl-jaume-puy\/"},"author":{"name":"Albert","@id":"https:\/\/www.comll.cat\/es\/#\/schema\/person\/1c7bc4d83b35a927d680cfe0ec9120e0"},"headline":"La Dra. Mar\u00eda Irigoyen, secret\u00e0ria de la Junta de Govern, representa el COMLL en la presa de possessi\u00f3 del nou rector de la UdL, Jaume Puy","datePublished":"2019-05-27T11:45:24+00:00","mainEntityOfPage":{"@id":"https:\/\/www.comll.cat\/es\/la-dra-maria-irigoyen-secretaria-de-la-junta-de-govern-representa-el-comll-en-la-presa-de-possessio-del-nou-rector-de-la-udl-jaume-puy\/"},"wordCount":170,"image":{"@id":"https:\/\/www.comll.cat\/es\/la-dra-maria-irigoyen-secretaria-de-la-junta-de-govern-representa-el-comll-en-la-presa-de-possessio-del-nou-rector-de-la-udl-jaume-puy\/#primaryimage"},"thumbnailUrl":"https:\/\/www.comll.cat\/es\/wp-content\/uploads\/sites\/3\/noticia-generada-per-comll-4.jpg","articleSection":["Noticias"],"inLanguage":"es"},{"@type":"WebPage","@id":"https:\/\/www.comll.cat\/es\/la-dra-maria-irigoyen-secretaria-de-la-junta-de-govern-representa-el-comll-en-la-presa-de-possessio-del-nou-rector-de-la-udl-jaume-puy\/","url":"https:\/\/www.comll.cat\/es\/la-dra-maria-irigoyen-secretaria-de-la-junta-de-govern-representa-el-comll-en-la-presa-de-possessio-del-nou-rector-de-la-udl-jaume-puy\/","name":"La Dra. Mar\u00eda Irigoyen, secret\u00e0ria de la Junta de Govern, representa el COMLL en la presa de possessi\u00f3 del nou rector de la UdL, Jaume Puy - Col\u00b7legi Oficial de Metges de Lleida","isPartOf":{"@id":"https:\/\/www.comll.cat\/es\/#website"},"primaryImageOfPage":{"@id":"https:\/\/www.comll.cat\/es\/la-dra-maria-irigoyen-secretaria-de-la-junta-de-govern-representa-el-comll-en-la-presa-de-possessio-del-nou-rector-de-la-udl-jaume-puy\/#primaryimage"},"image":{"@id":"https:\/\/www.comll.cat\/es\/la-dra-maria-irigoyen-secretaria-de-la-junta-de-govern-representa-el-comll-en-la-presa-de-possessio-del-nou-rector-de-la-udl-jaume-puy\/#primaryimage"},"thumbnailUrl":"https:\/\/www.comll.cat\/es\/wp-content\/uploads\/sites\/3\/noticia-generada-per-comll-4.jpg","datePublished":"2019-05-27T11:45:24+00:00","author":{"@id":"https:\/\/www.comll.cat\/es\/#\/schema\/person\/1c7bc4d83b35a927d680cfe0ec9120e0"},"breadcrumb":{"@id":"https:\/\/www.comll.cat\/es\/la-dra-maria-irigoyen-secretaria-de-la-junta-de-govern-representa-el-comll-en-la-presa-de-possessio-del-nou-rector-de-la-udl-jaume-puy\/#breadcrumb"},"inLanguage":"es","potentialAction":[{"@type":"ReadAction","target":["https:\/\/www.comll.cat\/es\/la-dra-maria-irigoyen-secretaria-de-la-junta-de-govern-representa-el-comll-en-la-presa-de-possessio-del-nou-rector-de-la-udl-jaume-puy\/"]}]},{"@type":"ImageObject","inLanguage":"es","@id":"https:\/\/www.comll.cat\/es\/la-dra-maria-irigoyen-secretaria-de-la-junta-de-govern-representa-el-comll-en-la-presa-de-possessio-del-nou-rector-de-la-udl-jaume-puy\/#primaryimage","url":"https:\/\/www.comll.cat\/es\/wp-content\/uploads\/sites\/3\/noticia-generada-per-comll-4.jpg","contentUrl":"https:\/\/www.comll.cat\/es\/wp-content\/uploads\/sites\/3\/noticia-generada-per-comll-4.jpg","width":1123,"height":714},{"@type":"BreadcrumbList","@id":"https:\/\/www.comll.cat\/es\/la-dra-maria-irigoyen-secretaria-de-la-junta-de-govern-representa-el-comll-en-la-presa-de-possessio-del-nou-rector-de-la-udl-jaume-puy\/#breadcrumb","itemListElement":[{"@type":"ListItem","position":1,"name":"Portada","item":"https:\/\/www.comll.cat\/es\/"},{"@type":"ListItem","position":2,"name":"La Dra. Mar\u00eda Irigoyen, secret\u00e0ria de la Junta de Govern, representa el COMLL en la presa de possessi\u00f3 del nou rector de la UdL, Jaume Puy"}]},{"@type":"WebSite","@id":"https:\/\/www.comll.cat\/es\/#website","url":"https:\/\/www.comll.cat\/es\/","name":"Col\u00b7legi Oficial de Metges de Lleida","description":"COMLL","potentialAction":[{"@type":"SearchAction","target":{"@type":"EntryPoint","urlTemplate":"https:\/\/www.comll.cat\/es\/?s={search_term_string}"},"query-input":{"@type":"PropertyValueSpecification","valueRequired":true,"valueName":"search_term_string"}}],"inLanguage":"es"},{"@type":"Person","@id":"https:\/\/www.comll.cat\/es\/#\/schema\/person\/1c7bc4d83b35a927d680cfe0ec9120e0","name":"Albert","image":{"@type":"ImageObject","inLanguage":"es","@id":"https:\/\/secure.gravatar.com\/avatar\/c1261138a5e7882394bd9001104fe7078a2d860997555a5353af4ef7bd38f6db?s=96&d=mm&r=g","url":"https:\/\/secure.gravatar.com\/avatar\/c1261138a5e7882394bd9001104fe7078a2d860997555a5353af4ef7bd38f6db?s=96&d=mm&r=g","contentUrl":"https:\/\/secure.gravatar.com\/avatar\/c1261138a5e7882394bd9001104fe7078a2d860997555a5353af4ef7bd38f6db?s=96&d=mm&r=g","caption":"Albert"},"sameAs":["https:\/\/www.comll.cat"]}]}},"publishpress_future_action":{"enabled":false,"date":"2026-05-02 09:03:20","action":"change-status","newStatus":"draft","terms":[],"taxonomy":"category","extraData":[]},"publishpress_future_workflow_manual_trigger":{"enabledWorkflows":[]},"_links":{"self":[{"href":"https:\/\/www.comll.cat\/es\/wp-json\/wp\/v2\/posts\/686","targetHints":{"allow":["GET"]}}],"collection":[{"href":"https:\/\/www.comll.cat\/es\/wp-json\/wp\/v2\/posts"}],"about":[{"href":"https:\/\/www.comll.cat\/es\/wp-json\/wp\/v2\/types\/post"}],"author":[{"embeddable":true,"href":"https:\/\/www.comll.cat\/es\/wp-json\/wp\/v2\/users\/1"}],"replies":[{"embeddable":true,"href":"https:\/\/www.comll.cat\/es\/wp-json\/wp\/v2\/comments?post=686"}],"version-history":[{"count":0,"href":"https:\/\/www.comll.cat\/es\/wp-json\/wp\/v2\/posts\/686\/revisions"}],"wp:featuredmedia":[{"embeddable":true,"href":"https:\/\/www.comll.cat\/es\/wp-json\/wp\/v2\/media\/517"}],"wp:attachment":[{"href":"https:\/\/www.comll.cat\/es\/wp-json\/wp\/v2\/media?parent=686"}],"wp:term":[{"taxonomy":"category","embeddable":true,"href":"https:\/\/www.comll.cat\/es\/wp-json\/wp\/v2\/categories?post=686"},{"taxonomy":"post_tag","embeddable":true,"href":"https:\/\/www.comll.cat\/es\/wp-json\/wp\/v2\/tags?post=686"}],"curies":[{"name":"wp","href":"https:\/\/api.w.org\/{rel}","templated":true}]}}