{"id":681,"date":"2019-05-20T14:27:51","date_gmt":"2019-05-20T12:27:51","guid":{"rendered":"https:\/\/www.comll.cat\/prop-de-20-000-metgesses-i-metges-de-lestat-ja-compten-amb-el-certificat-de-validacio-periodica-de-la-collegiacio\/"},"modified":"2019-05-20T14:27:51","modified_gmt":"2019-05-20T12:27:51","slug":"prop-de-20-000-metgesses-i-metges-de-lestat-ja-compten-amb-el-certificat-de-validacio-periodica-de-la-collegiacio","status":"publish","type":"post","link":"https:\/\/www.comll.cat\/es\/prop-de-20-000-metgesses-i-metges-de-lestat-ja-compten-amb-el-certificat-de-validacio-periodica-de-la-collegiacio\/","title":{"rendered":"Prop de 20.000 metgesses i metges de l\u2019Estat ja compten amb el certificat de Validaci\u00f3 Peri\u00f2dica de la Col\u00b7legiaci\u00f3"},"content":{"rendered":"<p>Prop de 20.000 metgesses i metges ja disposa del certificat de Validaci\u00f3 Peri\u00f2dica de la Col\u00b7legiaci\u00f3 (VPC), que emeten els col\u00b7legis i t\u00e9 una vig\u00e8ncia de sis anys. La Dra. Rosa Arroyo, vicesecretari del Consell General de Col\u00b7legis de Metges (GCOM), va facilitar aquesta dada durant la celebraci\u00f3 el passat dissabte de l\u2019assemblea general.<\/p>\n<p>La VPC avalua la bona praxis (inexist\u00e8ncia d\u2019expedient deontol\u00f2gic obert), acredita que el professional est\u00e0 en actitud psicof\u00edsica id\u00f2nia per atendre els pacients i certifica la vida laboral assistencial, que ha ser com a m\u00ednim de sis anys. La validaci\u00f3 \u00e9s una exig\u00e8ncia de la Directiva Europea de Qualificacions Professionals.<\/p>\n<p>El 51% de les VPC corresponen a metgesses i el 49% a metges. Les comunitats que han atorgat el major nombre de certificacions s\u00f3n Andalusia, Ast\u00faries, Madrid i Castella i Lle\u00f3.<\/p>\n<p>M\u00e9s informaci\u00f3, a <em>m\u00e9dicosypacientes.com<\/em>.<\/p>\n","protected":false},"excerpt":{"rendered":"<p>Prop de 20.000 metgesses i metges ja disposa del certificat de Validaci\u00f3 Peri\u00f2dica de la Col\u00b7legiaci\u00f3 (VPC), que emeten els...<\/p>\n","protected":false},"author":1,"featured_media":421,"comment_status":"closed","ping_status":"closed","sticky":false,"template":"","format":"standard","meta":{"_acf_changed":false,"inline_featured_image":false,"footnotes":""},"categories":[18],"tags":[],"class_list":["post-681","post","type-post","status-publish","format-standard","has-post-thumbnail","hentry","category-noticias"],"acf":[],"yoast_head":"<!-- This site is optimized with the Yoast SEO plugin v27.5 - https:\/\/yoast.com\/product\/yoast-seo-wordpress\/ -->\n<title>Prop de 20.000 metgesses i metges de l\u2019Estat ja compten amb el certificat de Validaci\u00f3 Peri\u00f2dica de la Col\u00b7legiaci\u00f3 - Col\u00b7legi Oficial de Metges de Lleida<\/title>\n<meta name=\"robots\" content=\"index, follow, max-snippet:-1, max-image-preview:large, max-video-preview:-1\" \/>\n<link rel=\"canonical\" href=\"https:\/\/www.comll.cat\/es\/prop-de-20-000-metgesses-i-metges-de-lestat-ja-compten-amb-el-certificat-de-validacio-periodica-de-la-collegiacio\/\" \/>\n<meta property=\"og:locale\" content=\"es_ES\" \/>\n<meta property=\"og:type\" content=\"article\" \/>\n<meta property=\"og:title\" content=\"Prop de 20.000 metgesses i metges de l\u2019Estat ja compten amb el certificat de Validaci\u00f3 Peri\u00f2dica de la Col\u00b7legiaci\u00f3 - Col\u00b7legi Oficial de Metges de Lleida\" \/>\n<meta property=\"og:description\" content=\"Prop de 20.000 metgesses i metges ja disposa del certificat de Validaci\u00f3 Peri\u00f2dica de la Col\u00b7legiaci\u00f3 (VPC), que emeten els...\" \/>\n<meta property=\"og:url\" content=\"https:\/\/www.comll.cat\/es\/prop-de-20-000-metgesses-i-metges-de-lestat-ja-compten-amb-el-certificat-de-validacio-periodica-de-la-collegiacio\/\" \/>\n<meta property=\"og:site_name\" content=\"Col\u00b7legi Oficial de Metges de Lleida\" \/>\n<meta property=\"article:published_time\" content=\"2019-05-20T12:27:51+00:00\" \/>\n<meta property=\"og:image\" content=\"https:\/\/www.comll.cat\/es\/wp-content\/uploads\/sites\/3\/news-form-comll.jpg\" \/>\n\t<meta property=\"og:image:width\" content=\"1280\" \/>\n\t<meta property=\"og:image:height\" content=\"900\" \/>\n\t<meta property=\"og:image:type\" content=\"image\/jpeg\" \/>\n<meta name=\"author\" content=\"Albert\" \/>\n<meta name=\"twitter:card\" content=\"summary_large_image\" \/>\n<script type=\"application\/ld+json\" class=\"yoast-schema-graph\">{\"@context\":\"https:\\\/\\\/schema.org\",\"@graph\":[{\"@type\":\"Article\",\"@id\":\"https:\\\/\\\/www.comll.cat\\\/es\\\/prop-de-20-000-metgesses-i-metges-de-lestat-ja-compten-amb-el-certificat-de-validacio-periodica-de-la-collegiacio\\\/#article\",\"isPartOf\":{\"@id\":\"https:\\\/\\\/www.comll.cat\\\/es\\\/prop-de-20-000-metgesses-i-metges-de-lestat-ja-compten-amb-el-certificat-de-validacio-periodica-de-la-collegiacio\\\/\"},\"author\":{\"name\":\"Albert\",\"@id\":\"https:\\\/\\\/www.comll.cat\\\/es\\\/#\\\/schema\\\/person\\\/1c7bc4d83b35a927d680cfe0ec9120e0\"},\"headline\":\"Prop de 20.000 metgesses i metges de l\u2019Estat ja compten amb el certificat de Validaci\u00f3 Peri\u00f2dica de la Col\u00b7legiaci\u00f3\",\"datePublished\":\"2019-05-20T12:27:51+00:00\",\"mainEntityOfPage\":{\"@id\":\"https:\\\/\\\/www.comll.cat\\\/es\\\/prop-de-20-000-metgesses-i-metges-de-lestat-ja-compten-amb-el-certificat-de-validacio-periodica-de-la-collegiacio\\\/\"},\"wordCount\":175,\"image\":{\"@id\":\"https:\\\/\\\/www.comll.cat\\\/es\\\/prop-de-20-000-metgesses-i-metges-de-lestat-ja-compten-amb-el-certificat-de-validacio-periodica-de-la-collegiacio\\\/#primaryimage\"},\"thumbnailUrl\":\"https:\\\/\\\/www.comll.cat\\\/es\\\/wp-content\\\/uploads\\\/sites\\\/3\\\/news-form-comll.jpg\",\"articleSection\":[\"Noticias\"],\"inLanguage\":\"es\"},{\"@type\":\"WebPage\",\"@id\":\"https:\\\/\\\/www.comll.cat\\\/es\\\/prop-de-20-000-metgesses-i-metges-de-lestat-ja-compten-amb-el-certificat-de-validacio-periodica-de-la-collegiacio\\\/\",\"url\":\"https:\\\/\\\/www.comll.cat\\\/es\\\/prop-de-20-000-metgesses-i-metges-de-lestat-ja-compten-amb-el-certificat-de-validacio-periodica-de-la-collegiacio\\\/\",\"name\":\"Prop de 20.000 metgesses i metges de l\u2019Estat ja compten amb el certificat de Validaci\u00f3 Peri\u00f2dica de la Col\u00b7legiaci\u00f3 - Col\u00b7legi Oficial de Metges de Lleida\",\"isPartOf\":{\"@id\":\"https:\\\/\\\/www.comll.cat\\\/es\\\/#website\"},\"primaryImageOfPage\":{\"@id\":\"https:\\\/\\\/www.comll.cat\\\/es\\\/prop-de-20-000-metgesses-i-metges-de-lestat-ja-compten-amb-el-certificat-de-validacio-periodica-de-la-collegiacio\\\/#primaryimage\"},\"image\":{\"@id\":\"https:\\\/\\\/www.comll.cat\\\/es\\\/prop-de-20-000-metgesses-i-metges-de-lestat-ja-compten-amb-el-certificat-de-validacio-periodica-de-la-collegiacio\\\/#primaryimage\"},\"thumbnailUrl\":\"https:\\\/\\\/www.comll.cat\\\/es\\\/wp-content\\\/uploads\\\/sites\\\/3\\\/news-form-comll.jpg\",\"datePublished\":\"2019-05-20T12:27:51+00:00\",\"author\":{\"@id\":\"https:\\\/\\\/www.comll.cat\\\/es\\\/#\\\/schema\\\/person\\\/1c7bc4d83b35a927d680cfe0ec9120e0\"},\"breadcrumb\":{\"@id\":\"https:\\\/\\\/www.comll.cat\\\/es\\\/prop-de-20-000-metgesses-i-metges-de-lestat-ja-compten-amb-el-certificat-de-validacio-periodica-de-la-collegiacio\\\/#breadcrumb\"},\"inLanguage\":\"es\",\"potentialAction\":[{\"@type\":\"ReadAction\",\"target\":[\"https:\\\/\\\/www.comll.cat\\\/es\\\/prop-de-20-000-metgesses-i-metges-de-lestat-ja-compten-amb-el-certificat-de-validacio-periodica-de-la-collegiacio\\\/\"]}]},{\"@type\":\"ImageObject\",\"inLanguage\":\"es\",\"@id\":\"https:\\\/\\\/www.comll.cat\\\/es\\\/prop-de-20-000-metgesses-i-metges-de-lestat-ja-compten-amb-el-certificat-de-validacio-periodica-de-la-collegiacio\\\/#primaryimage\",\"url\":\"https:\\\/\\\/www.comll.cat\\\/es\\\/wp-content\\\/uploads\\\/sites\\\/3\\\/news-form-comll.jpg\",\"contentUrl\":\"https:\\\/\\\/www.comll.cat\\\/es\\\/wp-content\\\/uploads\\\/sites\\\/3\\\/news-form-comll.jpg\",\"width\":1280,\"height\":900},{\"@type\":\"BreadcrumbList\",\"@id\":\"https:\\\/\\\/www.comll.cat\\\/es\\\/prop-de-20-000-metgesses-i-metges-de-lestat-ja-compten-amb-el-certificat-de-validacio-periodica-de-la-collegiacio\\\/#breadcrumb\",\"itemListElement\":[{\"@type\":\"ListItem\",\"position\":1,\"name\":\"Portada\",\"item\":\"https:\\\/\\\/www.comll.cat\\\/es\\\/\"},{\"@type\":\"ListItem\",\"position\":2,\"name\":\"Prop de 20.000 metgesses i metges de l\u2019Estat ja compten amb el certificat de Validaci\u00f3 Peri\u00f2dica de la Col\u00b7legiaci\u00f3\"}]},{\"@type\":\"WebSite\",\"@id\":\"https:\\\/\\\/www.comll.cat\\\/es\\\/#website\",\"url\":\"https:\\\/\\\/www.comll.cat\\\/es\\\/\",\"name\":\"Col\u00b7legi Oficial de Metges de Lleida\",\"description\":\"COMLL\",\"potentialAction\":[{\"@type\":\"SearchAction\",\"target\":{\"@type\":\"EntryPoint\",\"urlTemplate\":\"https:\\\/\\\/www.comll.cat\\\/es\\\/?s={search_term_string}\"},\"query-input\":{\"@type\":\"PropertyValueSpecification\",\"valueRequired\":true,\"valueName\":\"search_term_string\"}}],\"inLanguage\":\"es\"},{\"@type\":\"Person\",\"@id\":\"https:\\\/\\\/www.comll.cat\\\/es\\\/#\\\/schema\\\/person\\\/1c7bc4d83b35a927d680cfe0ec9120e0\",\"name\":\"Albert\",\"image\":{\"@type\":\"ImageObject\",\"inLanguage\":\"es\",\"@id\":\"https:\\\/\\\/secure.gravatar.com\\\/avatar\\\/c1261138a5e7882394bd9001104fe7078a2d860997555a5353af4ef7bd38f6db?s=96&d=mm&r=g\",\"url\":\"https:\\\/\\\/secure.gravatar.com\\\/avatar\\\/c1261138a5e7882394bd9001104fe7078a2d860997555a5353af4ef7bd38f6db?s=96&d=mm&r=g\",\"contentUrl\":\"https:\\\/\\\/secure.gravatar.com\\\/avatar\\\/c1261138a5e7882394bd9001104fe7078a2d860997555a5353af4ef7bd38f6db?s=96&d=mm&r=g\",\"caption\":\"Albert\"},\"sameAs\":[\"https:\\\/\\\/www.comll.cat\"]}]}<\/script>\n<!-- \/ Yoast SEO plugin. -->","yoast_head_json":{"title":"Prop de 20.000 metgesses i metges de l\u2019Estat ja compten amb el certificat de Validaci\u00f3 Peri\u00f2dica de la Col\u00b7legiaci\u00f3 - Col\u00b7legi Oficial de Metges de Lleida","robots":{"index":"index","follow":"follow","max-snippet":"max-snippet:-1","max-image-preview":"max-image-preview:large","max-video-preview":"max-video-preview:-1"},"canonical":"https:\/\/www.comll.cat\/es\/prop-de-20-000-metgesses-i-metges-de-lestat-ja-compten-amb-el-certificat-de-validacio-periodica-de-la-collegiacio\/","og_locale":"es_ES","og_type":"article","og_title":"Prop de 20.000 metgesses i metges de l\u2019Estat ja compten amb el certificat de Validaci\u00f3 Peri\u00f2dica de la Col\u00b7legiaci\u00f3 - Col\u00b7legi Oficial de Metges de Lleida","og_description":"Prop de 20.000 metgesses i metges ja disposa del certificat de Validaci\u00f3 Peri\u00f2dica de la Col\u00b7legiaci\u00f3 (VPC), que emeten els...","og_url":"https:\/\/www.comll.cat\/es\/prop-de-20-000-metgesses-i-metges-de-lestat-ja-compten-amb-el-certificat-de-validacio-periodica-de-la-collegiacio\/","og_site_name":"Col\u00b7legi Oficial de Metges de Lleida","article_published_time":"2019-05-20T12:27:51+00:00","og_image":[{"width":1280,"height":900,"url":"https:\/\/www.comll.cat\/es\/wp-content\/uploads\/sites\/3\/news-form-comll.jpg","type":"image\/jpeg"}],"author":"Albert","twitter_card":"summary_large_image","schema":{"@context":"https:\/\/schema.org","@graph":[{"@type":"Article","@id":"https:\/\/www.comll.cat\/es\/prop-de-20-000-metgesses-i-metges-de-lestat-ja-compten-amb-el-certificat-de-validacio-periodica-de-la-collegiacio\/#article","isPartOf":{"@id":"https:\/\/www.comll.cat\/es\/prop-de-20-000-metgesses-i-metges-de-lestat-ja-compten-amb-el-certificat-de-validacio-periodica-de-la-collegiacio\/"},"author":{"name":"Albert","@id":"https:\/\/www.comll.cat\/es\/#\/schema\/person\/1c7bc4d83b35a927d680cfe0ec9120e0"},"headline":"Prop de 20.000 metgesses i metges de l\u2019Estat ja compten amb el certificat de Validaci\u00f3 Peri\u00f2dica de la Col\u00b7legiaci\u00f3","datePublished":"2019-05-20T12:27:51+00:00","mainEntityOfPage":{"@id":"https:\/\/www.comll.cat\/es\/prop-de-20-000-metgesses-i-metges-de-lestat-ja-compten-amb-el-certificat-de-validacio-periodica-de-la-collegiacio\/"},"wordCount":175,"image":{"@id":"https:\/\/www.comll.cat\/es\/prop-de-20-000-metgesses-i-metges-de-lestat-ja-compten-amb-el-certificat-de-validacio-periodica-de-la-collegiacio\/#primaryimage"},"thumbnailUrl":"https:\/\/www.comll.cat\/es\/wp-content\/uploads\/sites\/3\/news-form-comll.jpg","articleSection":["Noticias"],"inLanguage":"es"},{"@type":"WebPage","@id":"https:\/\/www.comll.cat\/es\/prop-de-20-000-metgesses-i-metges-de-lestat-ja-compten-amb-el-certificat-de-validacio-periodica-de-la-collegiacio\/","url":"https:\/\/www.comll.cat\/es\/prop-de-20-000-metgesses-i-metges-de-lestat-ja-compten-amb-el-certificat-de-validacio-periodica-de-la-collegiacio\/","name":"Prop de 20.000 metgesses i metges de l\u2019Estat ja compten amb el certificat de Validaci\u00f3 Peri\u00f2dica de la Col\u00b7legiaci\u00f3 - Col\u00b7legi Oficial de Metges de Lleida","isPartOf":{"@id":"https:\/\/www.comll.cat\/es\/#website"},"primaryImageOfPage":{"@id":"https:\/\/www.comll.cat\/es\/prop-de-20-000-metgesses-i-metges-de-lestat-ja-compten-amb-el-certificat-de-validacio-periodica-de-la-collegiacio\/#primaryimage"},"image":{"@id":"https:\/\/www.comll.cat\/es\/prop-de-20-000-metgesses-i-metges-de-lestat-ja-compten-amb-el-certificat-de-validacio-periodica-de-la-collegiacio\/#primaryimage"},"thumbnailUrl":"https:\/\/www.comll.cat\/es\/wp-content\/uploads\/sites\/3\/news-form-comll.jpg","datePublished":"2019-05-20T12:27:51+00:00","author":{"@id":"https:\/\/www.comll.cat\/es\/#\/schema\/person\/1c7bc4d83b35a927d680cfe0ec9120e0"},"breadcrumb":{"@id":"https:\/\/www.comll.cat\/es\/prop-de-20-000-metgesses-i-metges-de-lestat-ja-compten-amb-el-certificat-de-validacio-periodica-de-la-collegiacio\/#breadcrumb"},"inLanguage":"es","potentialAction":[{"@type":"ReadAction","target":["https:\/\/www.comll.cat\/es\/prop-de-20-000-metgesses-i-metges-de-lestat-ja-compten-amb-el-certificat-de-validacio-periodica-de-la-collegiacio\/"]}]},{"@type":"ImageObject","inLanguage":"es","@id":"https:\/\/www.comll.cat\/es\/prop-de-20-000-metgesses-i-metges-de-lestat-ja-compten-amb-el-certificat-de-validacio-periodica-de-la-collegiacio\/#primaryimage","url":"https:\/\/www.comll.cat\/es\/wp-content\/uploads\/sites\/3\/news-form-comll.jpg","contentUrl":"https:\/\/www.comll.cat\/es\/wp-content\/uploads\/sites\/3\/news-form-comll.jpg","width":1280,"height":900},{"@type":"BreadcrumbList","@id":"https:\/\/www.comll.cat\/es\/prop-de-20-000-metgesses-i-metges-de-lestat-ja-compten-amb-el-certificat-de-validacio-periodica-de-la-collegiacio\/#breadcrumb","itemListElement":[{"@type":"ListItem","position":1,"name":"Portada","item":"https:\/\/www.comll.cat\/es\/"},{"@type":"ListItem","position":2,"name":"Prop de 20.000 metgesses i metges de l\u2019Estat ja compten amb el certificat de Validaci\u00f3 Peri\u00f2dica de la Col\u00b7legiaci\u00f3"}]},{"@type":"WebSite","@id":"https:\/\/www.comll.cat\/es\/#website","url":"https:\/\/www.comll.cat\/es\/","name":"Col\u00b7legi Oficial de Metges de Lleida","description":"COMLL","potentialAction":[{"@type":"SearchAction","target":{"@type":"EntryPoint","urlTemplate":"https:\/\/www.comll.cat\/es\/?s={search_term_string}"},"query-input":{"@type":"PropertyValueSpecification","valueRequired":true,"valueName":"search_term_string"}}],"inLanguage":"es"},{"@type":"Person","@id":"https:\/\/www.comll.cat\/es\/#\/schema\/person\/1c7bc4d83b35a927d680cfe0ec9120e0","name":"Albert","image":{"@type":"ImageObject","inLanguage":"es","@id":"https:\/\/secure.gravatar.com\/avatar\/c1261138a5e7882394bd9001104fe7078a2d860997555a5353af4ef7bd38f6db?s=96&d=mm&r=g","url":"https:\/\/secure.gravatar.com\/avatar\/c1261138a5e7882394bd9001104fe7078a2d860997555a5353af4ef7bd38f6db?s=96&d=mm&r=g","contentUrl":"https:\/\/secure.gravatar.com\/avatar\/c1261138a5e7882394bd9001104fe7078a2d860997555a5353af4ef7bd38f6db?s=96&d=mm&r=g","caption":"Albert"},"sameAs":["https:\/\/www.comll.cat"]}]}},"publishpress_future_action":{"enabled":false,"date":"2026-05-01 15:37:11","action":"change-status","newStatus":"draft","terms":[],"taxonomy":"category","extraData":[]},"publishpress_future_workflow_manual_trigger":{"enabledWorkflows":[]},"_links":{"self":[{"href":"https:\/\/www.comll.cat\/es\/wp-json\/wp\/v2\/posts\/681","targetHints":{"allow":["GET"]}}],"collection":[{"href":"https:\/\/www.comll.cat\/es\/wp-json\/wp\/v2\/posts"}],"about":[{"href":"https:\/\/www.comll.cat\/es\/wp-json\/wp\/v2\/types\/post"}],"author":[{"embeddable":true,"href":"https:\/\/www.comll.cat\/es\/wp-json\/wp\/v2\/users\/1"}],"replies":[{"embeddable":true,"href":"https:\/\/www.comll.cat\/es\/wp-json\/wp\/v2\/comments?post=681"}],"version-history":[{"count":0,"href":"https:\/\/www.comll.cat\/es\/wp-json\/wp\/v2\/posts\/681\/revisions"}],"wp:featuredmedia":[{"embeddable":true,"href":"https:\/\/www.comll.cat\/es\/wp-json\/wp\/v2\/media\/421"}],"wp:attachment":[{"href":"https:\/\/www.comll.cat\/es\/wp-json\/wp\/v2\/media?parent=681"}],"wp:term":[{"taxonomy":"category","embeddable":true,"href":"https:\/\/www.comll.cat\/es\/wp-json\/wp\/v2\/categories?post=681"},{"taxonomy":"post_tag","embeddable":true,"href":"https:\/\/www.comll.cat\/es\/wp-json\/wp\/v2\/tags?post=681"}],"curies":[{"name":"wp","href":"https:\/\/api.w.org\/{rel}","templated":true}]}}