{"id":677,"date":"2019-05-18T07:52:28","date_gmt":"2019-05-18T05:52:28","guid":{"rendered":"https:\/\/www.comll.cat\/celebrat-lacte-de-comiat-del-comll-als-metges-interns-residents-que-han-finalitzat-aquesta-formacio-a-lleida\/"},"modified":"2019-05-18T07:52:28","modified_gmt":"2019-05-18T05:52:28","slug":"celebrat-lacte-de-comiat-del-comll-als-metges-interns-residents-que-han-finalitzat-aquesta-formacio-a-lleida","status":"publish","type":"post","link":"https:\/\/www.comll.cat\/es\/celebrat-lacte-de-comiat-del-comll-als-metges-interns-residents-que-han-finalitzat-aquesta-formacio-a-lleida\/","title":{"rendered":"Celebrat l\u2019acte de comiat del COMLL als metges interns residents que han finalitzat aquesta formaci\u00f3 a Lleida"},"content":{"rendered":"<p><img loading=\"lazy\" decoding=\"async\" class=\"alignnone size-large wp-image-16989\" src=\"https:\/\/www.comll.cat\/wp-content\/uploads\/sites\/3\/comiat-mir-2019-1024x768.jpg\" alt=\"Comiat MIR 2019\" width=\"1024\" height=\"768\" \/> <img loading=\"lazy\" decoding=\"async\" class=\"alignnone size-large wp-image-16991\" src=\"https:\/\/www.comll.cat\/wp-content\/uploads\/sites\/3\/comiat-mir-2019-2-1024x576.jpg\" alt=\"Comiat MIR 2019 \u2013 2\" width=\"1024\" height=\"576\" \/><\/p>\n<p>&nbsp;<\/p>\n<p>El Col\u00b7legi Oficial de Metges de Lleida (COMLL) va celebrar ahir l\u2019acte de comiat als metges i les metgesses interns residents (MIR), que han finalitzat l\u2019etapa de formaci\u00f3 en centres sanitaris de Lleida. El Dr. Ramon Mur, president del COMLL; el Dr. Jes\u00fas P\u00e9rez Mur, padr\u00ed d\u2019aquesta promoci\u00f3; la Dra. Cristina Cazorla, president de la Secci\u00f3 de Metges Residents del COMLL, i el Dr. Esteban Viciana, membre de la junta de l\u2019esmentada secci\u00f3 col\u00b7legial, van participar en l\u2019esdeveniment.<\/p>\n<p>Els nous especialistes van rebre les orles corresponents i un obsequi del Col\u00b7legi de Metges, a m\u00e9s d\u2019informaci\u00f3 dels serveis col\u00b7legials que estan a la seva disposici\u00f3. L\u2019acte va ser especialment emotiu, ja que molts d\u2019ells s\u2019acomiadaven del centre i els tutors que els havien format, dels companys i de la ciutat que els havia acollit.<\/p>\n","protected":false},"excerpt":{"rendered":"<p>&nbsp; El Col\u00b7legi Oficial de Metges de Lleida (COMLL) va celebrar ahir l\u2019acte de comiat als metges i les metgesses...<\/p>\n","protected":false},"author":1,"featured_media":678,"comment_status":"closed","ping_status":"closed","sticky":false,"template":"","format":"standard","meta":{"_acf_changed":false,"inline_featured_image":false,"footnotes":""},"categories":[18],"tags":[],"class_list":["post-677","post","type-post","status-publish","format-standard","has-post-thumbnail","hentry","category-noticias"],"acf":[],"yoast_head":"<!-- This site is optimized with the Yoast SEO plugin v27.5 - https:\/\/yoast.com\/product\/yoast-seo-wordpress\/ -->\n<title>Celebrat l\u2019acte de comiat del COMLL als metges interns residents que han finalitzat aquesta formaci\u00f3 a Lleida - Col\u00b7legi Oficial de Metges de Lleida<\/title>\n<meta name=\"robots\" content=\"index, follow, max-snippet:-1, max-image-preview:large, max-video-preview:-1\" \/>\n<link rel=\"canonical\" href=\"https:\/\/www.comll.cat\/es\/celebrat-lacte-de-comiat-del-comll-als-metges-interns-residents-que-han-finalitzat-aquesta-formacio-a-lleida\/\" \/>\n<meta property=\"og:locale\" content=\"es_ES\" \/>\n<meta property=\"og:type\" content=\"article\" \/>\n<meta property=\"og:title\" content=\"Celebrat l\u2019acte de comiat del COMLL als metges interns residents que han finalitzat aquesta formaci\u00f3 a Lleida - Col\u00b7legi Oficial de Metges de Lleida\" \/>\n<meta property=\"og:description\" content=\"&nbsp; El Col\u00b7legi Oficial de Metges de Lleida (COMLL) va celebrar ahir l\u2019acte de comiat als metges i les metgesses...\" \/>\n<meta property=\"og:url\" content=\"https:\/\/www.comll.cat\/es\/celebrat-lacte-de-comiat-del-comll-als-metges-interns-residents-que-han-finalitzat-aquesta-formacio-a-lleida\/\" \/>\n<meta property=\"og:site_name\" content=\"Col\u00b7legi Oficial de Metges de Lleida\" \/>\n<meta property=\"article:published_time\" content=\"2019-05-18T05:52:28+00:00\" \/>\n<meta property=\"og:image\" content=\"https:\/\/www.comll.cat\/es\/wp-content\/uploads\/sites\/3\/comiat-mir-2019.jpg\" \/>\n\t<meta property=\"og:image:width\" content=\"1423\" \/>\n\t<meta property=\"og:image:height\" content=\"1067\" \/>\n\t<meta property=\"og:image:type\" content=\"image\/jpeg\" \/>\n<meta name=\"author\" content=\"Albert\" \/>\n<meta name=\"twitter:card\" content=\"summary_large_image\" \/>\n<script type=\"application\/ld+json\" class=\"yoast-schema-graph\">{\"@context\":\"https:\\\/\\\/schema.org\",\"@graph\":[{\"@type\":\"Article\",\"@id\":\"https:\\\/\\\/www.comll.cat\\\/es\\\/celebrat-lacte-de-comiat-del-comll-als-metges-interns-residents-que-han-finalitzat-aquesta-formacio-a-lleida\\\/#article\",\"isPartOf\":{\"@id\":\"https:\\\/\\\/www.comll.cat\\\/es\\\/celebrat-lacte-de-comiat-del-comll-als-metges-interns-residents-que-han-finalitzat-aquesta-formacio-a-lleida\\\/\"},\"author\":{\"name\":\"Albert\",\"@id\":\"https:\\\/\\\/www.comll.cat\\\/es\\\/#\\\/schema\\\/person\\\/1c7bc4d83b35a927d680cfe0ec9120e0\"},\"headline\":\"Celebrat l\u2019acte de comiat del COMLL als metges interns residents que han finalitzat aquesta formaci\u00f3 a Lleida\",\"datePublished\":\"2019-05-18T05:52:28+00:00\",\"mainEntityOfPage\":{\"@id\":\"https:\\\/\\\/www.comll.cat\\\/es\\\/celebrat-lacte-de-comiat-del-comll-als-metges-interns-residents-que-han-finalitzat-aquesta-formacio-a-lleida\\\/\"},\"wordCount\":169,\"image\":{\"@id\":\"https:\\\/\\\/www.comll.cat\\\/es\\\/celebrat-lacte-de-comiat-del-comll-als-metges-interns-residents-que-han-finalitzat-aquesta-formacio-a-lleida\\\/#primaryimage\"},\"thumbnailUrl\":\"https:\\\/\\\/www.comll.cat\\\/es\\\/wp-content\\\/uploads\\\/sites\\\/3\\\/comiat-mir-2019.jpg\",\"articleSection\":[\"Noticias\"],\"inLanguage\":\"es\"},{\"@type\":\"WebPage\",\"@id\":\"https:\\\/\\\/www.comll.cat\\\/es\\\/celebrat-lacte-de-comiat-del-comll-als-metges-interns-residents-que-han-finalitzat-aquesta-formacio-a-lleida\\\/\",\"url\":\"https:\\\/\\\/www.comll.cat\\\/es\\\/celebrat-lacte-de-comiat-del-comll-als-metges-interns-residents-que-han-finalitzat-aquesta-formacio-a-lleida\\\/\",\"name\":\"Celebrat l\u2019acte de comiat del COMLL als metges interns residents que han finalitzat aquesta formaci\u00f3 a Lleida - Col\u00b7legi Oficial de Metges de Lleida\",\"isPartOf\":{\"@id\":\"https:\\\/\\\/www.comll.cat\\\/es\\\/#website\"},\"primaryImageOfPage\":{\"@id\":\"https:\\\/\\\/www.comll.cat\\\/es\\\/celebrat-lacte-de-comiat-del-comll-als-metges-interns-residents-que-han-finalitzat-aquesta-formacio-a-lleida\\\/#primaryimage\"},\"image\":{\"@id\":\"https:\\\/\\\/www.comll.cat\\\/es\\\/celebrat-lacte-de-comiat-del-comll-als-metges-interns-residents-que-han-finalitzat-aquesta-formacio-a-lleida\\\/#primaryimage\"},\"thumbnailUrl\":\"https:\\\/\\\/www.comll.cat\\\/es\\\/wp-content\\\/uploads\\\/sites\\\/3\\\/comiat-mir-2019.jpg\",\"datePublished\":\"2019-05-18T05:52:28+00:00\",\"author\":{\"@id\":\"https:\\\/\\\/www.comll.cat\\\/es\\\/#\\\/schema\\\/person\\\/1c7bc4d83b35a927d680cfe0ec9120e0\"},\"breadcrumb\":{\"@id\":\"https:\\\/\\\/www.comll.cat\\\/es\\\/celebrat-lacte-de-comiat-del-comll-als-metges-interns-residents-que-han-finalitzat-aquesta-formacio-a-lleida\\\/#breadcrumb\"},\"inLanguage\":\"es\",\"potentialAction\":[{\"@type\":\"ReadAction\",\"target\":[\"https:\\\/\\\/www.comll.cat\\\/es\\\/celebrat-lacte-de-comiat-del-comll-als-metges-interns-residents-que-han-finalitzat-aquesta-formacio-a-lleida\\\/\"]}]},{\"@type\":\"ImageObject\",\"inLanguage\":\"es\",\"@id\":\"https:\\\/\\\/www.comll.cat\\\/es\\\/celebrat-lacte-de-comiat-del-comll-als-metges-interns-residents-que-han-finalitzat-aquesta-formacio-a-lleida\\\/#primaryimage\",\"url\":\"https:\\\/\\\/www.comll.cat\\\/es\\\/wp-content\\\/uploads\\\/sites\\\/3\\\/comiat-mir-2019.jpg\",\"contentUrl\":\"https:\\\/\\\/www.comll.cat\\\/es\\\/wp-content\\\/uploads\\\/sites\\\/3\\\/comiat-mir-2019.jpg\",\"width\":1423,\"height\":1067},{\"@type\":\"BreadcrumbList\",\"@id\":\"https:\\\/\\\/www.comll.cat\\\/es\\\/celebrat-lacte-de-comiat-del-comll-als-metges-interns-residents-que-han-finalitzat-aquesta-formacio-a-lleida\\\/#breadcrumb\",\"itemListElement\":[{\"@type\":\"ListItem\",\"position\":1,\"name\":\"Portada\",\"item\":\"https:\\\/\\\/www.comll.cat\\\/es\\\/\"},{\"@type\":\"ListItem\",\"position\":2,\"name\":\"Celebrat l\u2019acte de comiat del COMLL als metges interns residents que han finalitzat aquesta formaci\u00f3 a Lleida\"}]},{\"@type\":\"WebSite\",\"@id\":\"https:\\\/\\\/www.comll.cat\\\/es\\\/#website\",\"url\":\"https:\\\/\\\/www.comll.cat\\\/es\\\/\",\"name\":\"Col\u00b7legi Oficial de Metges de Lleida\",\"description\":\"COMLL\",\"potentialAction\":[{\"@type\":\"SearchAction\",\"target\":{\"@type\":\"EntryPoint\",\"urlTemplate\":\"https:\\\/\\\/www.comll.cat\\\/es\\\/?s={search_term_string}\"},\"query-input\":{\"@type\":\"PropertyValueSpecification\",\"valueRequired\":true,\"valueName\":\"search_term_string\"}}],\"inLanguage\":\"es\"},{\"@type\":\"Person\",\"@id\":\"https:\\\/\\\/www.comll.cat\\\/es\\\/#\\\/schema\\\/person\\\/1c7bc4d83b35a927d680cfe0ec9120e0\",\"name\":\"Albert\",\"image\":{\"@type\":\"ImageObject\",\"inLanguage\":\"es\",\"@id\":\"https:\\\/\\\/secure.gravatar.com\\\/avatar\\\/c1261138a5e7882394bd9001104fe7078a2d860997555a5353af4ef7bd38f6db?s=96&d=mm&r=g\",\"url\":\"https:\\\/\\\/secure.gravatar.com\\\/avatar\\\/c1261138a5e7882394bd9001104fe7078a2d860997555a5353af4ef7bd38f6db?s=96&d=mm&r=g\",\"contentUrl\":\"https:\\\/\\\/secure.gravatar.com\\\/avatar\\\/c1261138a5e7882394bd9001104fe7078a2d860997555a5353af4ef7bd38f6db?s=96&d=mm&r=g\",\"caption\":\"Albert\"},\"sameAs\":[\"https:\\\/\\\/www.comll.cat\"]}]}<\/script>\n<!-- \/ Yoast SEO plugin. -->","yoast_head_json":{"title":"Celebrat l\u2019acte de comiat del COMLL als metges interns residents que han finalitzat aquesta formaci\u00f3 a Lleida - Col\u00b7legi Oficial de Metges de Lleida","robots":{"index":"index","follow":"follow","max-snippet":"max-snippet:-1","max-image-preview":"max-image-preview:large","max-video-preview":"max-video-preview:-1"},"canonical":"https:\/\/www.comll.cat\/es\/celebrat-lacte-de-comiat-del-comll-als-metges-interns-residents-que-han-finalitzat-aquesta-formacio-a-lleida\/","og_locale":"es_ES","og_type":"article","og_title":"Celebrat l\u2019acte de comiat del COMLL als metges interns residents que han finalitzat aquesta formaci\u00f3 a Lleida - Col\u00b7legi Oficial de Metges de Lleida","og_description":"&nbsp; El Col\u00b7legi Oficial de Metges de Lleida (COMLL) va celebrar ahir l\u2019acte de comiat als metges i les metgesses...","og_url":"https:\/\/www.comll.cat\/es\/celebrat-lacte-de-comiat-del-comll-als-metges-interns-residents-que-han-finalitzat-aquesta-formacio-a-lleida\/","og_site_name":"Col\u00b7legi Oficial de Metges de Lleida","article_published_time":"2019-05-18T05:52:28+00:00","og_image":[{"width":1423,"height":1067,"url":"https:\/\/www.comll.cat\/es\/wp-content\/uploads\/sites\/3\/comiat-mir-2019.jpg","type":"image\/jpeg"}],"author":"Albert","twitter_card":"summary_large_image","schema":{"@context":"https:\/\/schema.org","@graph":[{"@type":"Article","@id":"https:\/\/www.comll.cat\/es\/celebrat-lacte-de-comiat-del-comll-als-metges-interns-residents-que-han-finalitzat-aquesta-formacio-a-lleida\/#article","isPartOf":{"@id":"https:\/\/www.comll.cat\/es\/celebrat-lacte-de-comiat-del-comll-als-metges-interns-residents-que-han-finalitzat-aquesta-formacio-a-lleida\/"},"author":{"name":"Albert","@id":"https:\/\/www.comll.cat\/es\/#\/schema\/person\/1c7bc4d83b35a927d680cfe0ec9120e0"},"headline":"Celebrat l\u2019acte de comiat del COMLL als metges interns residents que han finalitzat aquesta formaci\u00f3 a Lleida","datePublished":"2019-05-18T05:52:28+00:00","mainEntityOfPage":{"@id":"https:\/\/www.comll.cat\/es\/celebrat-lacte-de-comiat-del-comll-als-metges-interns-residents-que-han-finalitzat-aquesta-formacio-a-lleida\/"},"wordCount":169,"image":{"@id":"https:\/\/www.comll.cat\/es\/celebrat-lacte-de-comiat-del-comll-als-metges-interns-residents-que-han-finalitzat-aquesta-formacio-a-lleida\/#primaryimage"},"thumbnailUrl":"https:\/\/www.comll.cat\/es\/wp-content\/uploads\/sites\/3\/comiat-mir-2019.jpg","articleSection":["Noticias"],"inLanguage":"es"},{"@type":"WebPage","@id":"https:\/\/www.comll.cat\/es\/celebrat-lacte-de-comiat-del-comll-als-metges-interns-residents-que-han-finalitzat-aquesta-formacio-a-lleida\/","url":"https:\/\/www.comll.cat\/es\/celebrat-lacte-de-comiat-del-comll-als-metges-interns-residents-que-han-finalitzat-aquesta-formacio-a-lleida\/","name":"Celebrat l\u2019acte de comiat del COMLL als metges interns residents que han finalitzat aquesta formaci\u00f3 a Lleida - Col\u00b7legi Oficial de Metges de Lleida","isPartOf":{"@id":"https:\/\/www.comll.cat\/es\/#website"},"primaryImageOfPage":{"@id":"https:\/\/www.comll.cat\/es\/celebrat-lacte-de-comiat-del-comll-als-metges-interns-residents-que-han-finalitzat-aquesta-formacio-a-lleida\/#primaryimage"},"image":{"@id":"https:\/\/www.comll.cat\/es\/celebrat-lacte-de-comiat-del-comll-als-metges-interns-residents-que-han-finalitzat-aquesta-formacio-a-lleida\/#primaryimage"},"thumbnailUrl":"https:\/\/www.comll.cat\/es\/wp-content\/uploads\/sites\/3\/comiat-mir-2019.jpg","datePublished":"2019-05-18T05:52:28+00:00","author":{"@id":"https:\/\/www.comll.cat\/es\/#\/schema\/person\/1c7bc4d83b35a927d680cfe0ec9120e0"},"breadcrumb":{"@id":"https:\/\/www.comll.cat\/es\/celebrat-lacte-de-comiat-del-comll-als-metges-interns-residents-que-han-finalitzat-aquesta-formacio-a-lleida\/#breadcrumb"},"inLanguage":"es","potentialAction":[{"@type":"ReadAction","target":["https:\/\/www.comll.cat\/es\/celebrat-lacte-de-comiat-del-comll-als-metges-interns-residents-que-han-finalitzat-aquesta-formacio-a-lleida\/"]}]},{"@type":"ImageObject","inLanguage":"es","@id":"https:\/\/www.comll.cat\/es\/celebrat-lacte-de-comiat-del-comll-als-metges-interns-residents-que-han-finalitzat-aquesta-formacio-a-lleida\/#primaryimage","url":"https:\/\/www.comll.cat\/es\/wp-content\/uploads\/sites\/3\/comiat-mir-2019.jpg","contentUrl":"https:\/\/www.comll.cat\/es\/wp-content\/uploads\/sites\/3\/comiat-mir-2019.jpg","width":1423,"height":1067},{"@type":"BreadcrumbList","@id":"https:\/\/www.comll.cat\/es\/celebrat-lacte-de-comiat-del-comll-als-metges-interns-residents-que-han-finalitzat-aquesta-formacio-a-lleida\/#breadcrumb","itemListElement":[{"@type":"ListItem","position":1,"name":"Portada","item":"https:\/\/www.comll.cat\/es\/"},{"@type":"ListItem","position":2,"name":"Celebrat l\u2019acte de comiat del COMLL als metges interns residents que han finalitzat aquesta formaci\u00f3 a Lleida"}]},{"@type":"WebSite","@id":"https:\/\/www.comll.cat\/es\/#website","url":"https:\/\/www.comll.cat\/es\/","name":"Col\u00b7legi Oficial de Metges de Lleida","description":"COMLL","potentialAction":[{"@type":"SearchAction","target":{"@type":"EntryPoint","urlTemplate":"https:\/\/www.comll.cat\/es\/?s={search_term_string}"},"query-input":{"@type":"PropertyValueSpecification","valueRequired":true,"valueName":"search_term_string"}}],"inLanguage":"es"},{"@type":"Person","@id":"https:\/\/www.comll.cat\/es\/#\/schema\/person\/1c7bc4d83b35a927d680cfe0ec9120e0","name":"Albert","image":{"@type":"ImageObject","inLanguage":"es","@id":"https:\/\/secure.gravatar.com\/avatar\/c1261138a5e7882394bd9001104fe7078a2d860997555a5353af4ef7bd38f6db?s=96&d=mm&r=g","url":"https:\/\/secure.gravatar.com\/avatar\/c1261138a5e7882394bd9001104fe7078a2d860997555a5353af4ef7bd38f6db?s=96&d=mm&r=g","contentUrl":"https:\/\/secure.gravatar.com\/avatar\/c1261138a5e7882394bd9001104fe7078a2d860997555a5353af4ef7bd38f6db?s=96&d=mm&r=g","caption":"Albert"},"sameAs":["https:\/\/www.comll.cat"]}]}},"publishpress_future_action":{"enabled":false,"date":"2026-05-02 12:38:48","action":"change-status","newStatus":"draft","terms":[],"taxonomy":"category","extraData":[]},"publishpress_future_workflow_manual_trigger":{"enabledWorkflows":[]},"_links":{"self":[{"href":"https:\/\/www.comll.cat\/es\/wp-json\/wp\/v2\/posts\/677","targetHints":{"allow":["GET"]}}],"collection":[{"href":"https:\/\/www.comll.cat\/es\/wp-json\/wp\/v2\/posts"}],"about":[{"href":"https:\/\/www.comll.cat\/es\/wp-json\/wp\/v2\/types\/post"}],"author":[{"embeddable":true,"href":"https:\/\/www.comll.cat\/es\/wp-json\/wp\/v2\/users\/1"}],"replies":[{"embeddable":true,"href":"https:\/\/www.comll.cat\/es\/wp-json\/wp\/v2\/comments?post=677"}],"version-history":[{"count":0,"href":"https:\/\/www.comll.cat\/es\/wp-json\/wp\/v2\/posts\/677\/revisions"}],"wp:featuredmedia":[{"embeddable":true,"href":"https:\/\/www.comll.cat\/es\/wp-json\/wp\/v2\/media\/678"}],"wp:attachment":[{"href":"https:\/\/www.comll.cat\/es\/wp-json\/wp\/v2\/media?parent=677"}],"wp:term":[{"taxonomy":"category","embeddable":true,"href":"https:\/\/www.comll.cat\/es\/wp-json\/wp\/v2\/categories?post=677"},{"taxonomy":"post_tag","embeddable":true,"href":"https:\/\/www.comll.cat\/es\/wp-json\/wp\/v2\/tags?post=677"}],"curies":[{"name":"wp","href":"https:\/\/api.w.org\/{rel}","templated":true}]}}