{"id":662,"date":"2019-05-06T19:35:24","date_gmt":"2019-05-06T17:35:24","guid":{"rendered":"https:\/\/www.comll.cat\/el-psicoleg-rafel-martinez-leal-va-impartir-ahir-la-primera-sessio-del-curs-sobre-lautisme-organitzat-per-comll\/"},"modified":"2019-05-06T19:35:24","modified_gmt":"2019-05-06T17:35:24","slug":"el-psicoleg-rafel-martinez-leal-va-impartir-ahir-la-primera-sessio-del-curs-sobre-lautisme-organitzat-per-comll","status":"publish","type":"post","link":"https:\/\/www.comll.cat\/es\/el-psicoleg-rafel-martinez-leal-va-impartir-ahir-la-primera-sessio-del-curs-sobre-lautisme-organitzat-per-comll\/","title":{"rendered":"El psic\u00f2leg Rafel Mart\u00ednez Leal va impartir ahir la primera sessi\u00f3 del curs sobre l\u2019Autisme organitzat per COMLL"},"content":{"rendered":"<p>El psic\u00f2leg Rafel Mart\u00ednez Leal, coordinador de la Unitat d\u2019Investigaci\u00f3 en Discapacitat Intel\u00b7lectual i Trastorns del Desenvolupament del Grup Pere Mata, va impartir ahir la primera sessi\u00f3 del curs <em>Trastorns de l\u2019Espectre Autista en l\u2019\u00c0mbit Sanitari 2019<\/em>, que organitza el Col\u00b7legi Oficial de Metges de Lleida (COMLL). Mart\u00ednez Leal va parlar sobre <em>Conceptualitzaci\u00f3, diagn\u00f2stic i etiopatologia de l\u2019Autisme<\/em>. La Dra. Margarita Puigdevall, vicepresidenta de la Junta de Govern del COMLL, va presentar el ponent.<\/p>\n<p>El curs t\u00e9 una durada de 10,30 hores lectives. La propera sessi\u00f3 tindr\u00e0 lloc el 15 de maig amb la participaci\u00f3 del Dr. Albert Torres, metge psiquiatra, que treballa a la Unitat per a Nens i Adolescents amb Problemes Mentals i de Conducta (ATRIA). El Dr. Torres desenvolupar\u00e0 el tema <em>Comorbiditat, psicopatologia i trastorns de conducta associats a l\u2019Autisme<\/em>.<\/p>\n<p>El curs finalitzar\u00e0 el 20 de maig amb la intervenci\u00f3 de la psic\u00f2loga Mireia Castell\u00e0, referent d\u2019Activitats Terap\u00e8utiques i Intervencions Innovadores a Villablanca Serveis Assistencials. Totes les sessions es realitzen de les 17.00 a les 20.30 hores, a la seu col\u00b7legial.<\/p>\n","protected":false},"excerpt":{"rendered":"<p>El psic\u00f2leg Rafel Mart\u00ednez Leal, coordinador de la Unitat d\u2019Investigaci\u00f3 en Discapacitat Intel\u00b7lectual i Trastorns del Desenvolupament del Grup Pere...<\/p>\n","protected":false},"author":1,"featured_media":663,"comment_status":"closed","ping_status":"closed","sticky":false,"template":"","format":"standard","meta":{"_acf_changed":false,"inline_featured_image":false,"footnotes":""},"categories":[18],"tags":[],"class_list":["post-662","post","type-post","status-publish","format-standard","has-post-thumbnail","hentry","category-noticias"],"acf":[],"yoast_head":"<!-- This site is optimized with the Yoast SEO plugin v27.5 - https:\/\/yoast.com\/product\/yoast-seo-wordpress\/ -->\n<title>El psic\u00f2leg Rafel Mart\u00ednez Leal va impartir ahir la primera sessi\u00f3 del curs sobre l\u2019Autisme organitzat per COMLL - Col\u00b7legi Oficial de Metges de Lleida<\/title>\n<meta name=\"robots\" content=\"index, follow, max-snippet:-1, max-image-preview:large, max-video-preview:-1\" \/>\n<link rel=\"canonical\" href=\"https:\/\/www.comll.cat\/es\/el-psicoleg-rafel-martinez-leal-va-impartir-ahir-la-primera-sessio-del-curs-sobre-lautisme-organitzat-per-comll\/\" \/>\n<meta property=\"og:locale\" content=\"es_ES\" \/>\n<meta property=\"og:type\" content=\"article\" \/>\n<meta property=\"og:title\" content=\"El psic\u00f2leg Rafel Mart\u00ednez Leal va impartir ahir la primera sessi\u00f3 del curs sobre l\u2019Autisme organitzat per COMLL - Col\u00b7legi Oficial de Metges de Lleida\" \/>\n<meta property=\"og:description\" content=\"El psic\u00f2leg Rafel Mart\u00ednez Leal, coordinador de la Unitat d\u2019Investigaci\u00f3 en Discapacitat Intel\u00b7lectual i Trastorns del Desenvolupament del Grup Pere...\" \/>\n<meta property=\"og:url\" content=\"https:\/\/www.comll.cat\/es\/el-psicoleg-rafel-martinez-leal-va-impartir-ahir-la-primera-sessio-del-curs-sobre-lautisme-organitzat-per-comll\/\" \/>\n<meta property=\"og:site_name\" content=\"Col\u00b7legi Oficial de Metges de Lleida\" \/>\n<meta property=\"article:published_time\" content=\"2019-05-06T17:35:24+00:00\" \/>\n<meta property=\"og:image\" content=\"https:\/\/www.comll.cat\/es\/wp-content\/uploads\/sites\/3\/jornada-autisme-comll-1024x768.jpeg\" \/>\n\t<meta property=\"og:image:width\" content=\"1024\" \/>\n\t<meta property=\"og:image:height\" content=\"768\" \/>\n\t<meta property=\"og:image:type\" content=\"image\/jpeg\" \/>\n<meta name=\"author\" content=\"Albert\" \/>\n<meta name=\"twitter:card\" content=\"summary_large_image\" \/>\n<script type=\"application\/ld+json\" class=\"yoast-schema-graph\">{\"@context\":\"https:\\\/\\\/schema.org\",\"@graph\":[{\"@type\":\"Article\",\"@id\":\"https:\\\/\\\/www.comll.cat\\\/es\\\/el-psicoleg-rafel-martinez-leal-va-impartir-ahir-la-primera-sessio-del-curs-sobre-lautisme-organitzat-per-comll\\\/#article\",\"isPartOf\":{\"@id\":\"https:\\\/\\\/www.comll.cat\\\/es\\\/el-psicoleg-rafel-martinez-leal-va-impartir-ahir-la-primera-sessio-del-curs-sobre-lautisme-organitzat-per-comll\\\/\"},\"author\":{\"name\":\"Albert\",\"@id\":\"https:\\\/\\\/www.comll.cat\\\/es\\\/#\\\/schema\\\/person\\\/1c7bc4d83b35a927d680cfe0ec9120e0\"},\"headline\":\"El psic\u00f2leg Rafel Mart\u00ednez Leal va impartir ahir la primera sessi\u00f3 del curs sobre l\u2019Autisme organitzat per COMLL\",\"datePublished\":\"2019-05-06T17:35:24+00:00\",\"mainEntityOfPage\":{\"@id\":\"https:\\\/\\\/www.comll.cat\\\/es\\\/el-psicoleg-rafel-martinez-leal-va-impartir-ahir-la-primera-sessio-del-curs-sobre-lautisme-organitzat-per-comll\\\/\"},\"wordCount\":204,\"image\":{\"@id\":\"https:\\\/\\\/www.comll.cat\\\/es\\\/el-psicoleg-rafel-martinez-leal-va-impartir-ahir-la-primera-sessio-del-curs-sobre-lautisme-organitzat-per-comll\\\/#primaryimage\"},\"thumbnailUrl\":\"https:\\\/\\\/www.comll.cat\\\/es\\\/wp-content\\\/uploads\\\/sites\\\/3\\\/jornada-autisme-comll.jpeg\",\"articleSection\":[\"Noticias\"],\"inLanguage\":\"es\"},{\"@type\":\"WebPage\",\"@id\":\"https:\\\/\\\/www.comll.cat\\\/es\\\/el-psicoleg-rafel-martinez-leal-va-impartir-ahir-la-primera-sessio-del-curs-sobre-lautisme-organitzat-per-comll\\\/\",\"url\":\"https:\\\/\\\/www.comll.cat\\\/es\\\/el-psicoleg-rafel-martinez-leal-va-impartir-ahir-la-primera-sessio-del-curs-sobre-lautisme-organitzat-per-comll\\\/\",\"name\":\"El psic\u00f2leg Rafel Mart\u00ednez Leal va impartir ahir la primera sessi\u00f3 del curs sobre l\u2019Autisme organitzat per COMLL - Col\u00b7legi Oficial de Metges de Lleida\",\"isPartOf\":{\"@id\":\"https:\\\/\\\/www.comll.cat\\\/es\\\/#website\"},\"primaryImageOfPage\":{\"@id\":\"https:\\\/\\\/www.comll.cat\\\/es\\\/el-psicoleg-rafel-martinez-leal-va-impartir-ahir-la-primera-sessio-del-curs-sobre-lautisme-organitzat-per-comll\\\/#primaryimage\"},\"image\":{\"@id\":\"https:\\\/\\\/www.comll.cat\\\/es\\\/el-psicoleg-rafel-martinez-leal-va-impartir-ahir-la-primera-sessio-del-curs-sobre-lautisme-organitzat-per-comll\\\/#primaryimage\"},\"thumbnailUrl\":\"https:\\\/\\\/www.comll.cat\\\/es\\\/wp-content\\\/uploads\\\/sites\\\/3\\\/jornada-autisme-comll.jpeg\",\"datePublished\":\"2019-05-06T17:35:24+00:00\",\"author\":{\"@id\":\"https:\\\/\\\/www.comll.cat\\\/es\\\/#\\\/schema\\\/person\\\/1c7bc4d83b35a927d680cfe0ec9120e0\"},\"breadcrumb\":{\"@id\":\"https:\\\/\\\/www.comll.cat\\\/es\\\/el-psicoleg-rafel-martinez-leal-va-impartir-ahir-la-primera-sessio-del-curs-sobre-lautisme-organitzat-per-comll\\\/#breadcrumb\"},\"inLanguage\":\"es\",\"potentialAction\":[{\"@type\":\"ReadAction\",\"target\":[\"https:\\\/\\\/www.comll.cat\\\/es\\\/el-psicoleg-rafel-martinez-leal-va-impartir-ahir-la-primera-sessio-del-curs-sobre-lautisme-organitzat-per-comll\\\/\"]}]},{\"@type\":\"ImageObject\",\"inLanguage\":\"es\",\"@id\":\"https:\\\/\\\/www.comll.cat\\\/es\\\/el-psicoleg-rafel-martinez-leal-va-impartir-ahir-la-primera-sessio-del-curs-sobre-lautisme-organitzat-per-comll\\\/#primaryimage\",\"url\":\"https:\\\/\\\/www.comll.cat\\\/es\\\/wp-content\\\/uploads\\\/sites\\\/3\\\/jornada-autisme-comll.jpeg\",\"contentUrl\":\"https:\\\/\\\/www.comll.cat\\\/es\\\/wp-content\\\/uploads\\\/sites\\\/3\\\/jornada-autisme-comll.jpeg\",\"width\":4032,\"height\":3024},{\"@type\":\"BreadcrumbList\",\"@id\":\"https:\\\/\\\/www.comll.cat\\\/es\\\/el-psicoleg-rafel-martinez-leal-va-impartir-ahir-la-primera-sessio-del-curs-sobre-lautisme-organitzat-per-comll\\\/#breadcrumb\",\"itemListElement\":[{\"@type\":\"ListItem\",\"position\":1,\"name\":\"Portada\",\"item\":\"https:\\\/\\\/www.comll.cat\\\/es\\\/\"},{\"@type\":\"ListItem\",\"position\":2,\"name\":\"El psic\u00f2leg Rafel Mart\u00ednez Leal va impartir ahir la primera sessi\u00f3 del curs sobre l\u2019Autisme organitzat per COMLL\"}]},{\"@type\":\"WebSite\",\"@id\":\"https:\\\/\\\/www.comll.cat\\\/es\\\/#website\",\"url\":\"https:\\\/\\\/www.comll.cat\\\/es\\\/\",\"name\":\"Col\u00b7legi Oficial de Metges de Lleida\",\"description\":\"COMLL\",\"potentialAction\":[{\"@type\":\"SearchAction\",\"target\":{\"@type\":\"EntryPoint\",\"urlTemplate\":\"https:\\\/\\\/www.comll.cat\\\/es\\\/?s={search_term_string}\"},\"query-input\":{\"@type\":\"PropertyValueSpecification\",\"valueRequired\":true,\"valueName\":\"search_term_string\"}}],\"inLanguage\":\"es\"},{\"@type\":\"Person\",\"@id\":\"https:\\\/\\\/www.comll.cat\\\/es\\\/#\\\/schema\\\/person\\\/1c7bc4d83b35a927d680cfe0ec9120e0\",\"name\":\"Albert\",\"image\":{\"@type\":\"ImageObject\",\"inLanguage\":\"es\",\"@id\":\"https:\\\/\\\/secure.gravatar.com\\\/avatar\\\/c1261138a5e7882394bd9001104fe7078a2d860997555a5353af4ef7bd38f6db?s=96&d=mm&r=g\",\"url\":\"https:\\\/\\\/secure.gravatar.com\\\/avatar\\\/c1261138a5e7882394bd9001104fe7078a2d860997555a5353af4ef7bd38f6db?s=96&d=mm&r=g\",\"contentUrl\":\"https:\\\/\\\/secure.gravatar.com\\\/avatar\\\/c1261138a5e7882394bd9001104fe7078a2d860997555a5353af4ef7bd38f6db?s=96&d=mm&r=g\",\"caption\":\"Albert\"},\"sameAs\":[\"https:\\\/\\\/www.comll.cat\"]}]}<\/script>\n<!-- \/ Yoast SEO plugin. -->","yoast_head_json":{"title":"El psic\u00f2leg Rafel Mart\u00ednez Leal va impartir ahir la primera sessi\u00f3 del curs sobre l\u2019Autisme organitzat per COMLL - Col\u00b7legi Oficial de Metges de Lleida","robots":{"index":"index","follow":"follow","max-snippet":"max-snippet:-1","max-image-preview":"max-image-preview:large","max-video-preview":"max-video-preview:-1"},"canonical":"https:\/\/www.comll.cat\/es\/el-psicoleg-rafel-martinez-leal-va-impartir-ahir-la-primera-sessio-del-curs-sobre-lautisme-organitzat-per-comll\/","og_locale":"es_ES","og_type":"article","og_title":"El psic\u00f2leg Rafel Mart\u00ednez Leal va impartir ahir la primera sessi\u00f3 del curs sobre l\u2019Autisme organitzat per COMLL - Col\u00b7legi Oficial de Metges de Lleida","og_description":"El psic\u00f2leg Rafel Mart\u00ednez Leal, coordinador de la Unitat d\u2019Investigaci\u00f3 en Discapacitat Intel\u00b7lectual i Trastorns del Desenvolupament del Grup Pere...","og_url":"https:\/\/www.comll.cat\/es\/el-psicoleg-rafel-martinez-leal-va-impartir-ahir-la-primera-sessio-del-curs-sobre-lautisme-organitzat-per-comll\/","og_site_name":"Col\u00b7legi Oficial de Metges de Lleida","article_published_time":"2019-05-06T17:35:24+00:00","og_image":[{"width":1024,"height":768,"url":"https:\/\/www.comll.cat\/es\/wp-content\/uploads\/sites\/3\/jornada-autisme-comll-1024x768.jpeg","type":"image\/jpeg"}],"author":"Albert","twitter_card":"summary_large_image","schema":{"@context":"https:\/\/schema.org","@graph":[{"@type":"Article","@id":"https:\/\/www.comll.cat\/es\/el-psicoleg-rafel-martinez-leal-va-impartir-ahir-la-primera-sessio-del-curs-sobre-lautisme-organitzat-per-comll\/#article","isPartOf":{"@id":"https:\/\/www.comll.cat\/es\/el-psicoleg-rafel-martinez-leal-va-impartir-ahir-la-primera-sessio-del-curs-sobre-lautisme-organitzat-per-comll\/"},"author":{"name":"Albert","@id":"https:\/\/www.comll.cat\/es\/#\/schema\/person\/1c7bc4d83b35a927d680cfe0ec9120e0"},"headline":"El psic\u00f2leg Rafel Mart\u00ednez Leal va impartir ahir la primera sessi\u00f3 del curs sobre l\u2019Autisme organitzat per COMLL","datePublished":"2019-05-06T17:35:24+00:00","mainEntityOfPage":{"@id":"https:\/\/www.comll.cat\/es\/el-psicoleg-rafel-martinez-leal-va-impartir-ahir-la-primera-sessio-del-curs-sobre-lautisme-organitzat-per-comll\/"},"wordCount":204,"image":{"@id":"https:\/\/www.comll.cat\/es\/el-psicoleg-rafel-martinez-leal-va-impartir-ahir-la-primera-sessio-del-curs-sobre-lautisme-organitzat-per-comll\/#primaryimage"},"thumbnailUrl":"https:\/\/www.comll.cat\/es\/wp-content\/uploads\/sites\/3\/jornada-autisme-comll.jpeg","articleSection":["Noticias"],"inLanguage":"es"},{"@type":"WebPage","@id":"https:\/\/www.comll.cat\/es\/el-psicoleg-rafel-martinez-leal-va-impartir-ahir-la-primera-sessio-del-curs-sobre-lautisme-organitzat-per-comll\/","url":"https:\/\/www.comll.cat\/es\/el-psicoleg-rafel-martinez-leal-va-impartir-ahir-la-primera-sessio-del-curs-sobre-lautisme-organitzat-per-comll\/","name":"El psic\u00f2leg Rafel Mart\u00ednez Leal va impartir ahir la primera sessi\u00f3 del curs sobre l\u2019Autisme organitzat per COMLL - Col\u00b7legi Oficial de Metges de Lleida","isPartOf":{"@id":"https:\/\/www.comll.cat\/es\/#website"},"primaryImageOfPage":{"@id":"https:\/\/www.comll.cat\/es\/el-psicoleg-rafel-martinez-leal-va-impartir-ahir-la-primera-sessio-del-curs-sobre-lautisme-organitzat-per-comll\/#primaryimage"},"image":{"@id":"https:\/\/www.comll.cat\/es\/el-psicoleg-rafel-martinez-leal-va-impartir-ahir-la-primera-sessio-del-curs-sobre-lautisme-organitzat-per-comll\/#primaryimage"},"thumbnailUrl":"https:\/\/www.comll.cat\/es\/wp-content\/uploads\/sites\/3\/jornada-autisme-comll.jpeg","datePublished":"2019-05-06T17:35:24+00:00","author":{"@id":"https:\/\/www.comll.cat\/es\/#\/schema\/person\/1c7bc4d83b35a927d680cfe0ec9120e0"},"breadcrumb":{"@id":"https:\/\/www.comll.cat\/es\/el-psicoleg-rafel-martinez-leal-va-impartir-ahir-la-primera-sessio-del-curs-sobre-lautisme-organitzat-per-comll\/#breadcrumb"},"inLanguage":"es","potentialAction":[{"@type":"ReadAction","target":["https:\/\/www.comll.cat\/es\/el-psicoleg-rafel-martinez-leal-va-impartir-ahir-la-primera-sessio-del-curs-sobre-lautisme-organitzat-per-comll\/"]}]},{"@type":"ImageObject","inLanguage":"es","@id":"https:\/\/www.comll.cat\/es\/el-psicoleg-rafel-martinez-leal-va-impartir-ahir-la-primera-sessio-del-curs-sobre-lautisme-organitzat-per-comll\/#primaryimage","url":"https:\/\/www.comll.cat\/es\/wp-content\/uploads\/sites\/3\/jornada-autisme-comll.jpeg","contentUrl":"https:\/\/www.comll.cat\/es\/wp-content\/uploads\/sites\/3\/jornada-autisme-comll.jpeg","width":4032,"height":3024},{"@type":"BreadcrumbList","@id":"https:\/\/www.comll.cat\/es\/el-psicoleg-rafel-martinez-leal-va-impartir-ahir-la-primera-sessio-del-curs-sobre-lautisme-organitzat-per-comll\/#breadcrumb","itemListElement":[{"@type":"ListItem","position":1,"name":"Portada","item":"https:\/\/www.comll.cat\/es\/"},{"@type":"ListItem","position":2,"name":"El psic\u00f2leg Rafel Mart\u00ednez Leal va impartir ahir la primera sessi\u00f3 del curs sobre l\u2019Autisme organitzat per COMLL"}]},{"@type":"WebSite","@id":"https:\/\/www.comll.cat\/es\/#website","url":"https:\/\/www.comll.cat\/es\/","name":"Col\u00b7legi Oficial de Metges de Lleida","description":"COMLL","potentialAction":[{"@type":"SearchAction","target":{"@type":"EntryPoint","urlTemplate":"https:\/\/www.comll.cat\/es\/?s={search_term_string}"},"query-input":{"@type":"PropertyValueSpecification","valueRequired":true,"valueName":"search_term_string"}}],"inLanguage":"es"},{"@type":"Person","@id":"https:\/\/www.comll.cat\/es\/#\/schema\/person\/1c7bc4d83b35a927d680cfe0ec9120e0","name":"Albert","image":{"@type":"ImageObject","inLanguage":"es","@id":"https:\/\/secure.gravatar.com\/avatar\/c1261138a5e7882394bd9001104fe7078a2d860997555a5353af4ef7bd38f6db?s=96&d=mm&r=g","url":"https:\/\/secure.gravatar.com\/avatar\/c1261138a5e7882394bd9001104fe7078a2d860997555a5353af4ef7bd38f6db?s=96&d=mm&r=g","contentUrl":"https:\/\/secure.gravatar.com\/avatar\/c1261138a5e7882394bd9001104fe7078a2d860997555a5353af4ef7bd38f6db?s=96&d=mm&r=g","caption":"Albert"},"sameAs":["https:\/\/www.comll.cat"]}]}},"publishpress_future_action":{"enabled":false,"date":"2026-04-30 03:18:41","action":"change-status","newStatus":"draft","terms":[],"taxonomy":"category","extraData":[]},"publishpress_future_workflow_manual_trigger":{"enabledWorkflows":[]},"_links":{"self":[{"href":"https:\/\/www.comll.cat\/es\/wp-json\/wp\/v2\/posts\/662","targetHints":{"allow":["GET"]}}],"collection":[{"href":"https:\/\/www.comll.cat\/es\/wp-json\/wp\/v2\/posts"}],"about":[{"href":"https:\/\/www.comll.cat\/es\/wp-json\/wp\/v2\/types\/post"}],"author":[{"embeddable":true,"href":"https:\/\/www.comll.cat\/es\/wp-json\/wp\/v2\/users\/1"}],"replies":[{"embeddable":true,"href":"https:\/\/www.comll.cat\/es\/wp-json\/wp\/v2\/comments?post=662"}],"version-history":[{"count":0,"href":"https:\/\/www.comll.cat\/es\/wp-json\/wp\/v2\/posts\/662\/revisions"}],"wp:featuredmedia":[{"embeddable":true,"href":"https:\/\/www.comll.cat\/es\/wp-json\/wp\/v2\/media\/663"}],"wp:attachment":[{"href":"https:\/\/www.comll.cat\/es\/wp-json\/wp\/v2\/media?parent=662"}],"wp:term":[{"taxonomy":"category","embeddable":true,"href":"https:\/\/www.comll.cat\/es\/wp-json\/wp\/v2\/categories?post=662"},{"taxonomy":"post_tag","embeddable":true,"href":"https:\/\/www.comll.cat\/es\/wp-json\/wp\/v2\/tags?post=662"}],"curies":[{"name":"wp","href":"https:\/\/api.w.org\/{rel}","templated":true}]}}