{"id":658,"date":"2019-05-02T18:54:56","date_gmt":"2019-05-02T16:54:56","guid":{"rendered":"https:\/\/www.comll.cat\/presentats-al-comll-dos-treballs-sobre-linfant-davant-la-mort-i-la-crianca-dels-nadons-i-dues-novelles-dintriga-policiaca\/"},"modified":"2019-05-02T18:54:56","modified_gmt":"2019-05-02T16:54:56","slug":"presentats-al-comll-dos-treballs-sobre-linfant-davant-la-mort-i-la-crianca-dels-nadons-i-dues-novelles-dintriga-policiaca","status":"publish","type":"post","link":"https:\/\/www.comll.cat\/es\/presentats-al-comll-dos-treballs-sobre-linfant-davant-la-mort-i-la-crianca-dels-nadons-i-dues-novelles-dintriga-policiaca\/","title":{"rendered":"Presentats al COMLL dos treballs sobre l\u2019infant davant la mort i la crian\u00e7a dels nadons i dues novel\u00b7les d\u2019intriga polic\u00edaca"},"content":{"rendered":"<p>El Col\u00b7legi Oficial de Metges de Lleida va convertir-se el passat dimarts en la caixa de resson\u00e0ncia de tres libres escrits per professional de la Sanitat. Montse Esquerda, pediatra i psic\u00f2loga, va presentar l\u2019estudi <em>El nen davant la mort<\/em>, del qual \u00e9s coautora amb Anna M. Agust\u00ed, mestra i psicopedagoga; la pediatra Carmen Gabarrell i la psic\u00f2loga Itziar Fern\u00e1ndez, van parlar de la seva obra <em>Els bra\u00e7os que no malcrien<\/em>, i la novel\u00b7la tamb\u00e9 hi va tenir el seu lloc amb la participaci\u00f3 de Llu\u00eds Maria Andreu, autor de <em>Todo Vale<\/em>i <em>Sin\u00e0psis<\/em>, dos llibres basat en una mateixa hist\u00f2ria.<\/p>\n<p>Els 15 anys d\u2019acompanyament d\u2019adults davant la mort d\u2019una persona estimada va posar damunt la taula la manca d\u2019una atenci\u00f3 espec\u00edfica per als infants. Aquesta evid\u00e8ncia \u00e9s l\u2019origen del llibre escrit per Esquerda i Agust\u00ed. L\u2019obra introdueix a la pedagogia de la mort, \u00e9s a dir a com construir el concepte del trasp\u00e0s en una societat que l\u2019ha convertit en un tema tab\u00fa, i a la pedagogia de l\u2019acompanyament del dol infantil. Esquerda va destacar la necessitat d\u2019un acompanyament social i, nom\u00e9s en els casos que sigui necessari, professional.<\/p>\n<p>La trobada entre una mare primerenca, Itziar Fern\u00e1ndez per resoldre un problema d\u2019alletament, i la pediatra Gabarrell \u00e9s el punt de partida per a una altra obra a dos mans. El seu llibre q\u00fcestiona mites com el d\u2019una maternitat on tot \u00e9s de color de rosa i ignora els canvis psicol\u00f2gics i les preocupacions que afecten la mare. Entre altres q\u00fcestions, les autores valoren el contacte pell a pell entre la mare i el beb\u00e8 per donar-li seguretat i adaptar-lo al m\u00f3n exterior.<\/p>\n<p>La novel\u00b7la, en dues parts, de Llu\u00eds Andreu utilitza el g\u00e8nere negre per explicar una hist\u00f2ria que, a trav\u00e9s del di\u00e0leg, obre diversos cap\u00edtols en <em>Todo vale<\/em>i tanca el desenlla\u00e7 a <em>Sin\u00e0psis<\/em>. A partir d\u2019una desgr\u00e0cia que li succeeix al protagonista, un home \u201cdesendre\u00e7at\u201d, el llibre obre una opci\u00f3 racional i una opci\u00f3 de fantasia. El m\u00f3n emocional hi \u00e9s sempre present, sobretot el patiment, va explicar Andreu.<\/p>\n","protected":false},"excerpt":{"rendered":"<p>El Col\u00b7legi Oficial de Metges de Lleida va convertir-se el passat dimarts en la caixa de resson\u00e0ncia de tres libres...<\/p>\n","protected":false},"author":1,"featured_media":659,"comment_status":"closed","ping_status":"closed","sticky":false,"template":"","format":"standard","meta":{"_acf_changed":false,"inline_featured_image":false,"footnotes":""},"categories":[18],"tags":[],"class_list":["post-658","post","type-post","status-publish","format-standard","has-post-thumbnail","hentry","category-noticias"],"acf":[],"yoast_head":"<!-- This site is optimized with the Yoast SEO plugin v27.5 - https:\/\/yoast.com\/product\/yoast-seo-wordpress\/ -->\n<title>Presentats al COMLL dos treballs sobre l\u2019infant davant la mort i la crian\u00e7a dels nadons i dues novel\u00b7les d\u2019intriga polic\u00edaca - Col\u00b7legi Oficial de Metges de Lleida<\/title>\n<meta name=\"robots\" content=\"index, follow, max-snippet:-1, max-image-preview:large, max-video-preview:-1\" \/>\n<link rel=\"canonical\" href=\"https:\/\/www.comll.cat\/es\/presentats-al-comll-dos-treballs-sobre-linfant-davant-la-mort-i-la-crianca-dels-nadons-i-dues-novelles-dintriga-policiaca\/\" \/>\n<meta property=\"og:locale\" content=\"es_ES\" \/>\n<meta property=\"og:type\" content=\"article\" \/>\n<meta property=\"og:title\" content=\"Presentats al COMLL dos treballs sobre l\u2019infant davant la mort i la crian\u00e7a dels nadons i dues novel\u00b7les d\u2019intriga polic\u00edaca - Col\u00b7legi Oficial de Metges de Lleida\" \/>\n<meta property=\"og:description\" content=\"El Col\u00b7legi Oficial de Metges de Lleida va convertir-se el passat dimarts en la caixa de resson\u00e0ncia de tres libres...\" \/>\n<meta property=\"og:url\" content=\"https:\/\/www.comll.cat\/es\/presentats-al-comll-dos-treballs-sobre-linfant-davant-la-mort-i-la-crianca-dels-nadons-i-dues-novelles-dintriga-policiaca\/\" \/>\n<meta property=\"og:site_name\" content=\"Col\u00b7legi Oficial de Metges de Lleida\" \/>\n<meta property=\"article:published_time\" content=\"2019-05-02T16:54:56+00:00\" \/>\n<meta property=\"og:image\" content=\"https:\/\/www.comll.cat\/es\/wp-content\/uploads\/sites\/3\/foto-presentacio-llibres-2019.jpg\" \/>\n\t<meta property=\"og:image:width\" content=\"1099\" \/>\n\t<meta property=\"og:image:height\" content=\"824\" \/>\n\t<meta property=\"og:image:type\" content=\"image\/jpeg\" \/>\n<meta name=\"author\" content=\"Albert\" \/>\n<meta name=\"twitter:card\" content=\"summary_large_image\" \/>\n<script type=\"application\/ld+json\" class=\"yoast-schema-graph\">{\"@context\":\"https:\\\/\\\/schema.org\",\"@graph\":[{\"@type\":\"Article\",\"@id\":\"https:\\\/\\\/www.comll.cat\\\/es\\\/presentats-al-comll-dos-treballs-sobre-linfant-davant-la-mort-i-la-crianca-dels-nadons-i-dues-novelles-dintriga-policiaca\\\/#article\",\"isPartOf\":{\"@id\":\"https:\\\/\\\/www.comll.cat\\\/es\\\/presentats-al-comll-dos-treballs-sobre-linfant-davant-la-mort-i-la-crianca-dels-nadons-i-dues-novelles-dintriga-policiaca\\\/\"},\"author\":{\"name\":\"Albert\",\"@id\":\"https:\\\/\\\/www.comll.cat\\\/es\\\/#\\\/schema\\\/person\\\/1c7bc4d83b35a927d680cfe0ec9120e0\"},\"headline\":\"Presentats al COMLL dos treballs sobre l\u2019infant davant la mort i la crian\u00e7a dels nadons i dues novel\u00b7les d\u2019intriga polic\u00edaca\",\"datePublished\":\"2019-05-02T16:54:56+00:00\",\"mainEntityOfPage\":{\"@id\":\"https:\\\/\\\/www.comll.cat\\\/es\\\/presentats-al-comll-dos-treballs-sobre-linfant-davant-la-mort-i-la-crianca-dels-nadons-i-dues-novelles-dintriga-policiaca\\\/\"},\"wordCount\":406,\"image\":{\"@id\":\"https:\\\/\\\/www.comll.cat\\\/es\\\/presentats-al-comll-dos-treballs-sobre-linfant-davant-la-mort-i-la-crianca-dels-nadons-i-dues-novelles-dintriga-policiaca\\\/#primaryimage\"},\"thumbnailUrl\":\"https:\\\/\\\/www.comll.cat\\\/es\\\/wp-content\\\/uploads\\\/sites\\\/3\\\/foto-presentacio-llibres-2019.jpg\",\"articleSection\":[\"Noticias\"],\"inLanguage\":\"es\"},{\"@type\":\"WebPage\",\"@id\":\"https:\\\/\\\/www.comll.cat\\\/es\\\/presentats-al-comll-dos-treballs-sobre-linfant-davant-la-mort-i-la-crianca-dels-nadons-i-dues-novelles-dintriga-policiaca\\\/\",\"url\":\"https:\\\/\\\/www.comll.cat\\\/es\\\/presentats-al-comll-dos-treballs-sobre-linfant-davant-la-mort-i-la-crianca-dels-nadons-i-dues-novelles-dintriga-policiaca\\\/\",\"name\":\"Presentats al COMLL dos treballs sobre l\u2019infant davant la mort i la crian\u00e7a dels nadons i dues novel\u00b7les d\u2019intriga polic\u00edaca - Col\u00b7legi Oficial de Metges de Lleida\",\"isPartOf\":{\"@id\":\"https:\\\/\\\/www.comll.cat\\\/es\\\/#website\"},\"primaryImageOfPage\":{\"@id\":\"https:\\\/\\\/www.comll.cat\\\/es\\\/presentats-al-comll-dos-treballs-sobre-linfant-davant-la-mort-i-la-crianca-dels-nadons-i-dues-novelles-dintriga-policiaca\\\/#primaryimage\"},\"image\":{\"@id\":\"https:\\\/\\\/www.comll.cat\\\/es\\\/presentats-al-comll-dos-treballs-sobre-linfant-davant-la-mort-i-la-crianca-dels-nadons-i-dues-novelles-dintriga-policiaca\\\/#primaryimage\"},\"thumbnailUrl\":\"https:\\\/\\\/www.comll.cat\\\/es\\\/wp-content\\\/uploads\\\/sites\\\/3\\\/foto-presentacio-llibres-2019.jpg\",\"datePublished\":\"2019-05-02T16:54:56+00:00\",\"author\":{\"@id\":\"https:\\\/\\\/www.comll.cat\\\/es\\\/#\\\/schema\\\/person\\\/1c7bc4d83b35a927d680cfe0ec9120e0\"},\"breadcrumb\":{\"@id\":\"https:\\\/\\\/www.comll.cat\\\/es\\\/presentats-al-comll-dos-treballs-sobre-linfant-davant-la-mort-i-la-crianca-dels-nadons-i-dues-novelles-dintriga-policiaca\\\/#breadcrumb\"},\"inLanguage\":\"es\",\"potentialAction\":[{\"@type\":\"ReadAction\",\"target\":[\"https:\\\/\\\/www.comll.cat\\\/es\\\/presentats-al-comll-dos-treballs-sobre-linfant-davant-la-mort-i-la-crianca-dels-nadons-i-dues-novelles-dintriga-policiaca\\\/\"]}]},{\"@type\":\"ImageObject\",\"inLanguage\":\"es\",\"@id\":\"https:\\\/\\\/www.comll.cat\\\/es\\\/presentats-al-comll-dos-treballs-sobre-linfant-davant-la-mort-i-la-crianca-dels-nadons-i-dues-novelles-dintriga-policiaca\\\/#primaryimage\",\"url\":\"https:\\\/\\\/www.comll.cat\\\/es\\\/wp-content\\\/uploads\\\/sites\\\/3\\\/foto-presentacio-llibres-2019.jpg\",\"contentUrl\":\"https:\\\/\\\/www.comll.cat\\\/es\\\/wp-content\\\/uploads\\\/sites\\\/3\\\/foto-presentacio-llibres-2019.jpg\",\"width\":1099,\"height\":824},{\"@type\":\"BreadcrumbList\",\"@id\":\"https:\\\/\\\/www.comll.cat\\\/es\\\/presentats-al-comll-dos-treballs-sobre-linfant-davant-la-mort-i-la-crianca-dels-nadons-i-dues-novelles-dintriga-policiaca\\\/#breadcrumb\",\"itemListElement\":[{\"@type\":\"ListItem\",\"position\":1,\"name\":\"Portada\",\"item\":\"https:\\\/\\\/www.comll.cat\\\/es\\\/\"},{\"@type\":\"ListItem\",\"position\":2,\"name\":\"Presentats al COMLL dos treballs sobre l\u2019infant davant la mort i la crian\u00e7a dels nadons i dues novel\u00b7les d\u2019intriga polic\u00edaca\"}]},{\"@type\":\"WebSite\",\"@id\":\"https:\\\/\\\/www.comll.cat\\\/es\\\/#website\",\"url\":\"https:\\\/\\\/www.comll.cat\\\/es\\\/\",\"name\":\"Col\u00b7legi Oficial de Metges de Lleida\",\"description\":\"COMLL\",\"potentialAction\":[{\"@type\":\"SearchAction\",\"target\":{\"@type\":\"EntryPoint\",\"urlTemplate\":\"https:\\\/\\\/www.comll.cat\\\/es\\\/?s={search_term_string}\"},\"query-input\":{\"@type\":\"PropertyValueSpecification\",\"valueRequired\":true,\"valueName\":\"search_term_string\"}}],\"inLanguage\":\"es\"},{\"@type\":\"Person\",\"@id\":\"https:\\\/\\\/www.comll.cat\\\/es\\\/#\\\/schema\\\/person\\\/1c7bc4d83b35a927d680cfe0ec9120e0\",\"name\":\"Albert\",\"image\":{\"@type\":\"ImageObject\",\"inLanguage\":\"es\",\"@id\":\"https:\\\/\\\/secure.gravatar.com\\\/avatar\\\/c1261138a5e7882394bd9001104fe7078a2d860997555a5353af4ef7bd38f6db?s=96&d=mm&r=g\",\"url\":\"https:\\\/\\\/secure.gravatar.com\\\/avatar\\\/c1261138a5e7882394bd9001104fe7078a2d860997555a5353af4ef7bd38f6db?s=96&d=mm&r=g\",\"contentUrl\":\"https:\\\/\\\/secure.gravatar.com\\\/avatar\\\/c1261138a5e7882394bd9001104fe7078a2d860997555a5353af4ef7bd38f6db?s=96&d=mm&r=g\",\"caption\":\"Albert\"},\"sameAs\":[\"https:\\\/\\\/www.comll.cat\"]}]}<\/script>\n<!-- \/ Yoast SEO plugin. -->","yoast_head_json":{"title":"Presentats al COMLL dos treballs sobre l\u2019infant davant la mort i la crian\u00e7a dels nadons i dues novel\u00b7les d\u2019intriga polic\u00edaca - Col\u00b7legi Oficial de Metges de Lleida","robots":{"index":"index","follow":"follow","max-snippet":"max-snippet:-1","max-image-preview":"max-image-preview:large","max-video-preview":"max-video-preview:-1"},"canonical":"https:\/\/www.comll.cat\/es\/presentats-al-comll-dos-treballs-sobre-linfant-davant-la-mort-i-la-crianca-dels-nadons-i-dues-novelles-dintriga-policiaca\/","og_locale":"es_ES","og_type":"article","og_title":"Presentats al COMLL dos treballs sobre l\u2019infant davant la mort i la crian\u00e7a dels nadons i dues novel\u00b7les d\u2019intriga polic\u00edaca - Col\u00b7legi Oficial de Metges de Lleida","og_description":"El Col\u00b7legi Oficial de Metges de Lleida va convertir-se el passat dimarts en la caixa de resson\u00e0ncia de tres libres...","og_url":"https:\/\/www.comll.cat\/es\/presentats-al-comll-dos-treballs-sobre-linfant-davant-la-mort-i-la-crianca-dels-nadons-i-dues-novelles-dintriga-policiaca\/","og_site_name":"Col\u00b7legi Oficial de Metges de Lleida","article_published_time":"2019-05-02T16:54:56+00:00","og_image":[{"width":1099,"height":824,"url":"https:\/\/www.comll.cat\/es\/wp-content\/uploads\/sites\/3\/foto-presentacio-llibres-2019.jpg","type":"image\/jpeg"}],"author":"Albert","twitter_card":"summary_large_image","schema":{"@context":"https:\/\/schema.org","@graph":[{"@type":"Article","@id":"https:\/\/www.comll.cat\/es\/presentats-al-comll-dos-treballs-sobre-linfant-davant-la-mort-i-la-crianca-dels-nadons-i-dues-novelles-dintriga-policiaca\/#article","isPartOf":{"@id":"https:\/\/www.comll.cat\/es\/presentats-al-comll-dos-treballs-sobre-linfant-davant-la-mort-i-la-crianca-dels-nadons-i-dues-novelles-dintriga-policiaca\/"},"author":{"name":"Albert","@id":"https:\/\/www.comll.cat\/es\/#\/schema\/person\/1c7bc4d83b35a927d680cfe0ec9120e0"},"headline":"Presentats al COMLL dos treballs sobre l\u2019infant davant la mort i la crian\u00e7a dels nadons i dues novel\u00b7les d\u2019intriga polic\u00edaca","datePublished":"2019-05-02T16:54:56+00:00","mainEntityOfPage":{"@id":"https:\/\/www.comll.cat\/es\/presentats-al-comll-dos-treballs-sobre-linfant-davant-la-mort-i-la-crianca-dels-nadons-i-dues-novelles-dintriga-policiaca\/"},"wordCount":406,"image":{"@id":"https:\/\/www.comll.cat\/es\/presentats-al-comll-dos-treballs-sobre-linfant-davant-la-mort-i-la-crianca-dels-nadons-i-dues-novelles-dintriga-policiaca\/#primaryimage"},"thumbnailUrl":"https:\/\/www.comll.cat\/es\/wp-content\/uploads\/sites\/3\/foto-presentacio-llibres-2019.jpg","articleSection":["Noticias"],"inLanguage":"es"},{"@type":"WebPage","@id":"https:\/\/www.comll.cat\/es\/presentats-al-comll-dos-treballs-sobre-linfant-davant-la-mort-i-la-crianca-dels-nadons-i-dues-novelles-dintriga-policiaca\/","url":"https:\/\/www.comll.cat\/es\/presentats-al-comll-dos-treballs-sobre-linfant-davant-la-mort-i-la-crianca-dels-nadons-i-dues-novelles-dintriga-policiaca\/","name":"Presentats al COMLL dos treballs sobre l\u2019infant davant la mort i la crian\u00e7a dels nadons i dues novel\u00b7les d\u2019intriga polic\u00edaca - Col\u00b7legi Oficial de Metges de Lleida","isPartOf":{"@id":"https:\/\/www.comll.cat\/es\/#website"},"primaryImageOfPage":{"@id":"https:\/\/www.comll.cat\/es\/presentats-al-comll-dos-treballs-sobre-linfant-davant-la-mort-i-la-crianca-dels-nadons-i-dues-novelles-dintriga-policiaca\/#primaryimage"},"image":{"@id":"https:\/\/www.comll.cat\/es\/presentats-al-comll-dos-treballs-sobre-linfant-davant-la-mort-i-la-crianca-dels-nadons-i-dues-novelles-dintriga-policiaca\/#primaryimage"},"thumbnailUrl":"https:\/\/www.comll.cat\/es\/wp-content\/uploads\/sites\/3\/foto-presentacio-llibres-2019.jpg","datePublished":"2019-05-02T16:54:56+00:00","author":{"@id":"https:\/\/www.comll.cat\/es\/#\/schema\/person\/1c7bc4d83b35a927d680cfe0ec9120e0"},"breadcrumb":{"@id":"https:\/\/www.comll.cat\/es\/presentats-al-comll-dos-treballs-sobre-linfant-davant-la-mort-i-la-crianca-dels-nadons-i-dues-novelles-dintriga-policiaca\/#breadcrumb"},"inLanguage":"es","potentialAction":[{"@type":"ReadAction","target":["https:\/\/www.comll.cat\/es\/presentats-al-comll-dos-treballs-sobre-linfant-davant-la-mort-i-la-crianca-dels-nadons-i-dues-novelles-dintriga-policiaca\/"]}]},{"@type":"ImageObject","inLanguage":"es","@id":"https:\/\/www.comll.cat\/es\/presentats-al-comll-dos-treballs-sobre-linfant-davant-la-mort-i-la-crianca-dels-nadons-i-dues-novelles-dintriga-policiaca\/#primaryimage","url":"https:\/\/www.comll.cat\/es\/wp-content\/uploads\/sites\/3\/foto-presentacio-llibres-2019.jpg","contentUrl":"https:\/\/www.comll.cat\/es\/wp-content\/uploads\/sites\/3\/foto-presentacio-llibres-2019.jpg","width":1099,"height":824},{"@type":"BreadcrumbList","@id":"https:\/\/www.comll.cat\/es\/presentats-al-comll-dos-treballs-sobre-linfant-davant-la-mort-i-la-crianca-dels-nadons-i-dues-novelles-dintriga-policiaca\/#breadcrumb","itemListElement":[{"@type":"ListItem","position":1,"name":"Portada","item":"https:\/\/www.comll.cat\/es\/"},{"@type":"ListItem","position":2,"name":"Presentats al COMLL dos treballs sobre l\u2019infant davant la mort i la crian\u00e7a dels nadons i dues novel\u00b7les d\u2019intriga polic\u00edaca"}]},{"@type":"WebSite","@id":"https:\/\/www.comll.cat\/es\/#website","url":"https:\/\/www.comll.cat\/es\/","name":"Col\u00b7legi Oficial de Metges de Lleida","description":"COMLL","potentialAction":[{"@type":"SearchAction","target":{"@type":"EntryPoint","urlTemplate":"https:\/\/www.comll.cat\/es\/?s={search_term_string}"},"query-input":{"@type":"PropertyValueSpecification","valueRequired":true,"valueName":"search_term_string"}}],"inLanguage":"es"},{"@type":"Person","@id":"https:\/\/www.comll.cat\/es\/#\/schema\/person\/1c7bc4d83b35a927d680cfe0ec9120e0","name":"Albert","image":{"@type":"ImageObject","inLanguage":"es","@id":"https:\/\/secure.gravatar.com\/avatar\/c1261138a5e7882394bd9001104fe7078a2d860997555a5353af4ef7bd38f6db?s=96&d=mm&r=g","url":"https:\/\/secure.gravatar.com\/avatar\/c1261138a5e7882394bd9001104fe7078a2d860997555a5353af4ef7bd38f6db?s=96&d=mm&r=g","contentUrl":"https:\/\/secure.gravatar.com\/avatar\/c1261138a5e7882394bd9001104fe7078a2d860997555a5353af4ef7bd38f6db?s=96&d=mm&r=g","caption":"Albert"},"sameAs":["https:\/\/www.comll.cat"]}]}},"publishpress_future_action":{"enabled":false,"date":"2026-05-01 04:33:06","action":"change-status","newStatus":"draft","terms":[],"taxonomy":"category","extraData":[]},"publishpress_future_workflow_manual_trigger":{"enabledWorkflows":[]},"_links":{"self":[{"href":"https:\/\/www.comll.cat\/es\/wp-json\/wp\/v2\/posts\/658","targetHints":{"allow":["GET"]}}],"collection":[{"href":"https:\/\/www.comll.cat\/es\/wp-json\/wp\/v2\/posts"}],"about":[{"href":"https:\/\/www.comll.cat\/es\/wp-json\/wp\/v2\/types\/post"}],"author":[{"embeddable":true,"href":"https:\/\/www.comll.cat\/es\/wp-json\/wp\/v2\/users\/1"}],"replies":[{"embeddable":true,"href":"https:\/\/www.comll.cat\/es\/wp-json\/wp\/v2\/comments?post=658"}],"version-history":[{"count":0,"href":"https:\/\/www.comll.cat\/es\/wp-json\/wp\/v2\/posts\/658\/revisions"}],"wp:featuredmedia":[{"embeddable":true,"href":"https:\/\/www.comll.cat\/es\/wp-json\/wp\/v2\/media\/659"}],"wp:attachment":[{"href":"https:\/\/www.comll.cat\/es\/wp-json\/wp\/v2\/media?parent=658"}],"wp:term":[{"taxonomy":"category","embeddable":true,"href":"https:\/\/www.comll.cat\/es\/wp-json\/wp\/v2\/categories?post=658"},{"taxonomy":"post_tag","embeddable":true,"href":"https:\/\/www.comll.cat\/es\/wp-json\/wp\/v2\/tags?post=658"}],"curies":[{"name":"wp","href":"https:\/\/api.w.org\/{rel}","templated":true}]}}