{"id":657,"date":"2019-04-30T18:27:46","date_gmt":"2019-04-30T16:27:46","guid":{"rendered":"https:\/\/www.comll.cat\/curs-actualitzacio-en-epoc-al-collegi-de-metges-dosca-el-6-de-maig\/"},"modified":"2019-04-30T18:27:46","modified_gmt":"2019-04-30T16:27:46","slug":"curs-actualitzacio-en-epoc-al-collegi-de-metges-dosca-el-6-de-maig","status":"publish","type":"post","link":"https:\/\/www.comll.cat\/es\/curs-actualitzacio-en-epoc-al-collegi-de-metges-dosca-el-6-de-maig\/","title":{"rendered":"Curs \u201cActualitzaci\u00f3 en EPOC\u201d al Col\u00b7legi de Metges d\u2019Osca el 6 de maig"},"content":{"rendered":"<p>El Col\u00b7legi Oficial de Metges d\u2019Osca organitza el curs <em>Actualitzaci\u00f3 en EPOC<\/em>, que es desenvolupar\u00e0 el 6 de maig, de les 16.00 a les 20.00 hores, a la seu col\u00b7legial (C. Zaragoza, 5 \u2013 baixos). A llarg de la sessi\u00f3, es tractar\u00e0 la definici\u00f3 actual de l\u2019EPOC segons les noves guies, els f\u00e0rmacs i el maneig de l\u2019EPOC estable, el maneig de les exacerbacions, l\u2019EPOC i les comorbilitats i la resoluci\u00f3 de casos cl\u00ednics.<\/p>\n<p>El ponent plantejar\u00e0 casos cl\u00ednics i els alumnes del curs l\u2019estudiaran en grup. Despr\u00e9s hi haur\u00e0 un per\u00edode de 20 minuts perqu\u00e8 els participants plantegin dubtes al ponent. El curs disposa de trenta places que s\u2019adjudicaran per ordre d\u2019inscripcions.<\/p>\n<p>M\u00e9s informaci\u00f3 i inscripcions, a <a href=\"https:\/\/comhuesca.es\/formacion\">https:\/\/comhuesca.es\/formacion<\/a>.<\/p>\n","protected":false},"excerpt":{"rendered":"<p>El Col\u00b7legi Oficial de Metges d\u2019Osca organitza el curs Actualitzaci\u00f3 en EPOC, que es desenvolupar\u00e0 el 6 de maig, de...<\/p>\n","protected":false},"author":1,"featured_media":421,"comment_status":"closed","ping_status":"closed","sticky":false,"template":"","format":"standard","meta":{"_acf_changed":false,"inline_featured_image":false,"footnotes":""},"categories":[18],"tags":[],"class_list":["post-657","post","type-post","status-publish","format-standard","has-post-thumbnail","hentry","category-noticias"],"acf":[],"yoast_head":"<!-- This site is optimized with the Yoast SEO plugin v27.5 - https:\/\/yoast.com\/product\/yoast-seo-wordpress\/ -->\n<title>Curs \u201cActualitzaci\u00f3 en EPOC\u201d al Col\u00b7legi de Metges d\u2019Osca el 6 de maig - Col\u00b7legi Oficial de Metges de Lleida<\/title>\n<meta name=\"robots\" content=\"index, follow, max-snippet:-1, max-image-preview:large, max-video-preview:-1\" \/>\n<link rel=\"canonical\" href=\"https:\/\/www.comll.cat\/es\/curs-actualitzacio-en-epoc-al-collegi-de-metges-dosca-el-6-de-maig\/\" \/>\n<meta property=\"og:locale\" content=\"es_ES\" \/>\n<meta property=\"og:type\" content=\"article\" \/>\n<meta property=\"og:title\" content=\"Curs \u201cActualitzaci\u00f3 en EPOC\u201d al Col\u00b7legi de Metges d\u2019Osca el 6 de maig - Col\u00b7legi Oficial de Metges de Lleida\" \/>\n<meta property=\"og:description\" content=\"El Col\u00b7legi Oficial de Metges d\u2019Osca organitza el curs Actualitzaci\u00f3 en EPOC, que es desenvolupar\u00e0 el 6 de maig, de...\" \/>\n<meta property=\"og:url\" content=\"https:\/\/www.comll.cat\/es\/curs-actualitzacio-en-epoc-al-collegi-de-metges-dosca-el-6-de-maig\/\" \/>\n<meta property=\"og:site_name\" content=\"Col\u00b7legi Oficial de Metges de Lleida\" \/>\n<meta property=\"article:published_time\" content=\"2019-04-30T16:27:46+00:00\" \/>\n<meta property=\"og:image\" content=\"https:\/\/www.comll.cat\/es\/wp-content\/uploads\/sites\/3\/news-form-comll.jpg\" \/>\n\t<meta property=\"og:image:width\" content=\"1280\" \/>\n\t<meta property=\"og:image:height\" content=\"900\" \/>\n\t<meta property=\"og:image:type\" content=\"image\/jpeg\" \/>\n<meta name=\"author\" content=\"Albert\" \/>\n<meta name=\"twitter:card\" content=\"summary_large_image\" \/>\n<script type=\"application\/ld+json\" class=\"yoast-schema-graph\">{\"@context\":\"https:\\\/\\\/schema.org\",\"@graph\":[{\"@type\":\"Article\",\"@id\":\"https:\\\/\\\/www.comll.cat\\\/es\\\/curs-actualitzacio-en-epoc-al-collegi-de-metges-dosca-el-6-de-maig\\\/#article\",\"isPartOf\":{\"@id\":\"https:\\\/\\\/www.comll.cat\\\/es\\\/curs-actualitzacio-en-epoc-al-collegi-de-metges-dosca-el-6-de-maig\\\/\"},\"author\":{\"name\":\"Albert\",\"@id\":\"https:\\\/\\\/www.comll.cat\\\/es\\\/#\\\/schema\\\/person\\\/1c7bc4d83b35a927d680cfe0ec9120e0\"},\"headline\":\"Curs \u201cActualitzaci\u00f3 en EPOC\u201d al Col\u00b7legi de Metges d\u2019Osca el 6 de maig\",\"datePublished\":\"2019-04-30T16:27:46+00:00\",\"mainEntityOfPage\":{\"@id\":\"https:\\\/\\\/www.comll.cat\\\/es\\\/curs-actualitzacio-en-epoc-al-collegi-de-metges-dosca-el-6-de-maig\\\/\"},\"wordCount\":145,\"image\":{\"@id\":\"https:\\\/\\\/www.comll.cat\\\/es\\\/curs-actualitzacio-en-epoc-al-collegi-de-metges-dosca-el-6-de-maig\\\/#primaryimage\"},\"thumbnailUrl\":\"https:\\\/\\\/www.comll.cat\\\/es\\\/wp-content\\\/uploads\\\/sites\\\/3\\\/news-form-comll.jpg\",\"articleSection\":[\"Noticias\"],\"inLanguage\":\"es\"},{\"@type\":\"WebPage\",\"@id\":\"https:\\\/\\\/www.comll.cat\\\/es\\\/curs-actualitzacio-en-epoc-al-collegi-de-metges-dosca-el-6-de-maig\\\/\",\"url\":\"https:\\\/\\\/www.comll.cat\\\/es\\\/curs-actualitzacio-en-epoc-al-collegi-de-metges-dosca-el-6-de-maig\\\/\",\"name\":\"Curs \u201cActualitzaci\u00f3 en EPOC\u201d al Col\u00b7legi de Metges d\u2019Osca el 6 de maig - Col\u00b7legi Oficial de Metges de Lleida\",\"isPartOf\":{\"@id\":\"https:\\\/\\\/www.comll.cat\\\/es\\\/#website\"},\"primaryImageOfPage\":{\"@id\":\"https:\\\/\\\/www.comll.cat\\\/es\\\/curs-actualitzacio-en-epoc-al-collegi-de-metges-dosca-el-6-de-maig\\\/#primaryimage\"},\"image\":{\"@id\":\"https:\\\/\\\/www.comll.cat\\\/es\\\/curs-actualitzacio-en-epoc-al-collegi-de-metges-dosca-el-6-de-maig\\\/#primaryimage\"},\"thumbnailUrl\":\"https:\\\/\\\/www.comll.cat\\\/es\\\/wp-content\\\/uploads\\\/sites\\\/3\\\/news-form-comll.jpg\",\"datePublished\":\"2019-04-30T16:27:46+00:00\",\"author\":{\"@id\":\"https:\\\/\\\/www.comll.cat\\\/es\\\/#\\\/schema\\\/person\\\/1c7bc4d83b35a927d680cfe0ec9120e0\"},\"breadcrumb\":{\"@id\":\"https:\\\/\\\/www.comll.cat\\\/es\\\/curs-actualitzacio-en-epoc-al-collegi-de-metges-dosca-el-6-de-maig\\\/#breadcrumb\"},\"inLanguage\":\"es\",\"potentialAction\":[{\"@type\":\"ReadAction\",\"target\":[\"https:\\\/\\\/www.comll.cat\\\/es\\\/curs-actualitzacio-en-epoc-al-collegi-de-metges-dosca-el-6-de-maig\\\/\"]}]},{\"@type\":\"ImageObject\",\"inLanguage\":\"es\",\"@id\":\"https:\\\/\\\/www.comll.cat\\\/es\\\/curs-actualitzacio-en-epoc-al-collegi-de-metges-dosca-el-6-de-maig\\\/#primaryimage\",\"url\":\"https:\\\/\\\/www.comll.cat\\\/es\\\/wp-content\\\/uploads\\\/sites\\\/3\\\/news-form-comll.jpg\",\"contentUrl\":\"https:\\\/\\\/www.comll.cat\\\/es\\\/wp-content\\\/uploads\\\/sites\\\/3\\\/news-form-comll.jpg\",\"width\":1280,\"height\":900},{\"@type\":\"BreadcrumbList\",\"@id\":\"https:\\\/\\\/www.comll.cat\\\/es\\\/curs-actualitzacio-en-epoc-al-collegi-de-metges-dosca-el-6-de-maig\\\/#breadcrumb\",\"itemListElement\":[{\"@type\":\"ListItem\",\"position\":1,\"name\":\"Portada\",\"item\":\"https:\\\/\\\/www.comll.cat\\\/es\\\/\"},{\"@type\":\"ListItem\",\"position\":2,\"name\":\"Curs \u201cActualitzaci\u00f3 en EPOC\u201d al Col\u00b7legi de Metges d\u2019Osca el 6 de maig\"}]},{\"@type\":\"WebSite\",\"@id\":\"https:\\\/\\\/www.comll.cat\\\/es\\\/#website\",\"url\":\"https:\\\/\\\/www.comll.cat\\\/es\\\/\",\"name\":\"Col\u00b7legi Oficial de Metges de Lleida\",\"description\":\"COMLL\",\"potentialAction\":[{\"@type\":\"SearchAction\",\"target\":{\"@type\":\"EntryPoint\",\"urlTemplate\":\"https:\\\/\\\/www.comll.cat\\\/es\\\/?s={search_term_string}\"},\"query-input\":{\"@type\":\"PropertyValueSpecification\",\"valueRequired\":true,\"valueName\":\"search_term_string\"}}],\"inLanguage\":\"es\"},{\"@type\":\"Person\",\"@id\":\"https:\\\/\\\/www.comll.cat\\\/es\\\/#\\\/schema\\\/person\\\/1c7bc4d83b35a927d680cfe0ec9120e0\",\"name\":\"Albert\",\"image\":{\"@type\":\"ImageObject\",\"inLanguage\":\"es\",\"@id\":\"https:\\\/\\\/secure.gravatar.com\\\/avatar\\\/c1261138a5e7882394bd9001104fe7078a2d860997555a5353af4ef7bd38f6db?s=96&d=mm&r=g\",\"url\":\"https:\\\/\\\/secure.gravatar.com\\\/avatar\\\/c1261138a5e7882394bd9001104fe7078a2d860997555a5353af4ef7bd38f6db?s=96&d=mm&r=g\",\"contentUrl\":\"https:\\\/\\\/secure.gravatar.com\\\/avatar\\\/c1261138a5e7882394bd9001104fe7078a2d860997555a5353af4ef7bd38f6db?s=96&d=mm&r=g\",\"caption\":\"Albert\"},\"sameAs\":[\"https:\\\/\\\/www.comll.cat\"]}]}<\/script>\n<!-- \/ Yoast SEO plugin. -->","yoast_head_json":{"title":"Curs \u201cActualitzaci\u00f3 en EPOC\u201d al Col\u00b7legi de Metges d\u2019Osca el 6 de maig - Col\u00b7legi Oficial de Metges de Lleida","robots":{"index":"index","follow":"follow","max-snippet":"max-snippet:-1","max-image-preview":"max-image-preview:large","max-video-preview":"max-video-preview:-1"},"canonical":"https:\/\/www.comll.cat\/es\/curs-actualitzacio-en-epoc-al-collegi-de-metges-dosca-el-6-de-maig\/","og_locale":"es_ES","og_type":"article","og_title":"Curs \u201cActualitzaci\u00f3 en EPOC\u201d al Col\u00b7legi de Metges d\u2019Osca el 6 de maig - Col\u00b7legi Oficial de Metges de Lleida","og_description":"El Col\u00b7legi Oficial de Metges d\u2019Osca organitza el curs Actualitzaci\u00f3 en EPOC, que es desenvolupar\u00e0 el 6 de maig, de...","og_url":"https:\/\/www.comll.cat\/es\/curs-actualitzacio-en-epoc-al-collegi-de-metges-dosca-el-6-de-maig\/","og_site_name":"Col\u00b7legi Oficial de Metges de Lleida","article_published_time":"2019-04-30T16:27:46+00:00","og_image":[{"width":1280,"height":900,"url":"https:\/\/www.comll.cat\/es\/wp-content\/uploads\/sites\/3\/news-form-comll.jpg","type":"image\/jpeg"}],"author":"Albert","twitter_card":"summary_large_image","schema":{"@context":"https:\/\/schema.org","@graph":[{"@type":"Article","@id":"https:\/\/www.comll.cat\/es\/curs-actualitzacio-en-epoc-al-collegi-de-metges-dosca-el-6-de-maig\/#article","isPartOf":{"@id":"https:\/\/www.comll.cat\/es\/curs-actualitzacio-en-epoc-al-collegi-de-metges-dosca-el-6-de-maig\/"},"author":{"name":"Albert","@id":"https:\/\/www.comll.cat\/es\/#\/schema\/person\/1c7bc4d83b35a927d680cfe0ec9120e0"},"headline":"Curs \u201cActualitzaci\u00f3 en EPOC\u201d al Col\u00b7legi de Metges d\u2019Osca el 6 de maig","datePublished":"2019-04-30T16:27:46+00:00","mainEntityOfPage":{"@id":"https:\/\/www.comll.cat\/es\/curs-actualitzacio-en-epoc-al-collegi-de-metges-dosca-el-6-de-maig\/"},"wordCount":145,"image":{"@id":"https:\/\/www.comll.cat\/es\/curs-actualitzacio-en-epoc-al-collegi-de-metges-dosca-el-6-de-maig\/#primaryimage"},"thumbnailUrl":"https:\/\/www.comll.cat\/es\/wp-content\/uploads\/sites\/3\/news-form-comll.jpg","articleSection":["Noticias"],"inLanguage":"es"},{"@type":"WebPage","@id":"https:\/\/www.comll.cat\/es\/curs-actualitzacio-en-epoc-al-collegi-de-metges-dosca-el-6-de-maig\/","url":"https:\/\/www.comll.cat\/es\/curs-actualitzacio-en-epoc-al-collegi-de-metges-dosca-el-6-de-maig\/","name":"Curs \u201cActualitzaci\u00f3 en EPOC\u201d al Col\u00b7legi de Metges d\u2019Osca el 6 de maig - Col\u00b7legi Oficial de Metges de Lleida","isPartOf":{"@id":"https:\/\/www.comll.cat\/es\/#website"},"primaryImageOfPage":{"@id":"https:\/\/www.comll.cat\/es\/curs-actualitzacio-en-epoc-al-collegi-de-metges-dosca-el-6-de-maig\/#primaryimage"},"image":{"@id":"https:\/\/www.comll.cat\/es\/curs-actualitzacio-en-epoc-al-collegi-de-metges-dosca-el-6-de-maig\/#primaryimage"},"thumbnailUrl":"https:\/\/www.comll.cat\/es\/wp-content\/uploads\/sites\/3\/news-form-comll.jpg","datePublished":"2019-04-30T16:27:46+00:00","author":{"@id":"https:\/\/www.comll.cat\/es\/#\/schema\/person\/1c7bc4d83b35a927d680cfe0ec9120e0"},"breadcrumb":{"@id":"https:\/\/www.comll.cat\/es\/curs-actualitzacio-en-epoc-al-collegi-de-metges-dosca-el-6-de-maig\/#breadcrumb"},"inLanguage":"es","potentialAction":[{"@type":"ReadAction","target":["https:\/\/www.comll.cat\/es\/curs-actualitzacio-en-epoc-al-collegi-de-metges-dosca-el-6-de-maig\/"]}]},{"@type":"ImageObject","inLanguage":"es","@id":"https:\/\/www.comll.cat\/es\/curs-actualitzacio-en-epoc-al-collegi-de-metges-dosca-el-6-de-maig\/#primaryimage","url":"https:\/\/www.comll.cat\/es\/wp-content\/uploads\/sites\/3\/news-form-comll.jpg","contentUrl":"https:\/\/www.comll.cat\/es\/wp-content\/uploads\/sites\/3\/news-form-comll.jpg","width":1280,"height":900},{"@type":"BreadcrumbList","@id":"https:\/\/www.comll.cat\/es\/curs-actualitzacio-en-epoc-al-collegi-de-metges-dosca-el-6-de-maig\/#breadcrumb","itemListElement":[{"@type":"ListItem","position":1,"name":"Portada","item":"https:\/\/www.comll.cat\/es\/"},{"@type":"ListItem","position":2,"name":"Curs \u201cActualitzaci\u00f3 en EPOC\u201d al Col\u00b7legi de Metges d\u2019Osca el 6 de maig"}]},{"@type":"WebSite","@id":"https:\/\/www.comll.cat\/es\/#website","url":"https:\/\/www.comll.cat\/es\/","name":"Col\u00b7legi Oficial de Metges de Lleida","description":"COMLL","potentialAction":[{"@type":"SearchAction","target":{"@type":"EntryPoint","urlTemplate":"https:\/\/www.comll.cat\/es\/?s={search_term_string}"},"query-input":{"@type":"PropertyValueSpecification","valueRequired":true,"valueName":"search_term_string"}}],"inLanguage":"es"},{"@type":"Person","@id":"https:\/\/www.comll.cat\/es\/#\/schema\/person\/1c7bc4d83b35a927d680cfe0ec9120e0","name":"Albert","image":{"@type":"ImageObject","inLanguage":"es","@id":"https:\/\/secure.gravatar.com\/avatar\/c1261138a5e7882394bd9001104fe7078a2d860997555a5353af4ef7bd38f6db?s=96&d=mm&r=g","url":"https:\/\/secure.gravatar.com\/avatar\/c1261138a5e7882394bd9001104fe7078a2d860997555a5353af4ef7bd38f6db?s=96&d=mm&r=g","contentUrl":"https:\/\/secure.gravatar.com\/avatar\/c1261138a5e7882394bd9001104fe7078a2d860997555a5353af4ef7bd38f6db?s=96&d=mm&r=g","caption":"Albert"},"sameAs":["https:\/\/www.comll.cat"]}]}},"publishpress_future_action":{"enabled":false,"date":"2026-05-01 23:05:19","action":"change-status","newStatus":"draft","terms":[],"taxonomy":"category","extraData":[]},"publishpress_future_workflow_manual_trigger":{"enabledWorkflows":[]},"_links":{"self":[{"href":"https:\/\/www.comll.cat\/es\/wp-json\/wp\/v2\/posts\/657","targetHints":{"allow":["GET"]}}],"collection":[{"href":"https:\/\/www.comll.cat\/es\/wp-json\/wp\/v2\/posts"}],"about":[{"href":"https:\/\/www.comll.cat\/es\/wp-json\/wp\/v2\/types\/post"}],"author":[{"embeddable":true,"href":"https:\/\/www.comll.cat\/es\/wp-json\/wp\/v2\/users\/1"}],"replies":[{"embeddable":true,"href":"https:\/\/www.comll.cat\/es\/wp-json\/wp\/v2\/comments?post=657"}],"version-history":[{"count":0,"href":"https:\/\/www.comll.cat\/es\/wp-json\/wp\/v2\/posts\/657\/revisions"}],"wp:featuredmedia":[{"embeddable":true,"href":"https:\/\/www.comll.cat\/es\/wp-json\/wp\/v2\/media\/421"}],"wp:attachment":[{"href":"https:\/\/www.comll.cat\/es\/wp-json\/wp\/v2\/media?parent=657"}],"wp:term":[{"taxonomy":"category","embeddable":true,"href":"https:\/\/www.comll.cat\/es\/wp-json\/wp\/v2\/categories?post=657"},{"taxonomy":"post_tag","embeddable":true,"href":"https:\/\/www.comll.cat\/es\/wp-json\/wp\/v2\/tags?post=657"}],"curies":[{"name":"wp","href":"https:\/\/api.w.org\/{rel}","templated":true}]}}