{"id":654,"date":"2019-04-30T07:10:17","date_gmt":"2019-04-30T05:10:17","guid":{"rendered":"https:\/\/www.comll.cat\/prevenir-el-maltractament-infantil-mitjancant-lacompanyament-dels-pares-principal-consell-de-la-taula-rodona-del-comll-sobre-com-evitar-les-sacsejades-als-nadons\/"},"modified":"2019-04-30T07:10:17","modified_gmt":"2019-04-30T05:10:17","slug":"prevenir-el-maltractament-infantil-mitjancant-lacompanyament-dels-pares-principal-consell-de-la-taula-rodona-del-comll-sobre-com-evitar-les-sacsejades-als-nadons","status":"publish","type":"post","link":"https:\/\/www.comll.cat\/es\/prevenir-el-maltractament-infantil-mitjancant-lacompanyament-dels-pares-principal-consell-de-la-taula-rodona-del-comll-sobre-com-evitar-les-sacsejades-als-nadons\/","title":{"rendered":"Prevenir el maltractament infantil mitjan\u00e7ant l\u2019acompanyament dels pares, principal consell de la taula rodona del COMLL sobre com evitar les sacsejades als nadons"},"content":{"rendered":"<p>El sacsejament dels nadons \u00e9s una forma de maltractament infantil poc abordat. Dos hospitals de refer\u00e8ncia, el de Vall Hebron i el de Sant Joan de D\u00e9u, registren un m\u00ednim de 3 o 4 casos a l\u2019any d\u2019aquest tipus d\u2019agressions. Aquesta constataci\u00f3 es va evidenciar ahir en la taula rodona <em>Com podem prevenir el maltractament infantil per sacsejades?<\/em>, que van organitzar la Secci\u00f3 Col\u00b7legial de Metges Pediatres del Col\u00b7legi de Metges de Lleida (COMLL) i l\u2019Associaci\u00f3 Catalana per la Inf\u00e0ncia Maltractada (ACIM).<\/p>\n<p>Els ponents van ser el Dr. Eduard Sol\u00e9, cap de la Unitat de Pediatria de l\u2019Hospital Universitari Arnau de Vilanova (HUAV); la Dra. Carme Tello, psic\u00f2loga cl\u00ednica i presidenta d\u2019ACIM; la Dra. Teresa Vallmanya, adjunta de Pediatria a l\u2019HUAV i membre d\u2019ACIM, i el Dr. Francesc Domingo, pediatra a l\u2019ABS Balaguer i membre d\u2019ACIM. Tots ells van recomanar la prevenci\u00f3 d\u2019aquestes actituds violentes mitjan\u00e7ant la informaci\u00f3 i l\u2019acompanyament dels pares com a mesura preventiva.<\/p>\n<p>El c\u00f2lic del primer trimestre, que provoca plors intensos i de llarga durada en els beb\u00e8s, pot ser un element desencadenant de la viol\u00e8ncia contra els nadons, sobretot quan els pares han estat v\u00edctimes de maltractament o omissi\u00f3 d\u2019atenci\u00f3 o hi ha una relaci\u00f3 conflictiva entre ells. Per aquest motiu, l\u2019Atenci\u00f3 Prim\u00e0ria \u00e9s l\u2019\u00e0mbit m\u00e9s adequat per aconsellar les fam\u00edlies fins i tot abans del naixement.<\/p>\n<p>La presidenta d\u2019ACIM va presentar en la trobada l\u2019informe de Save the Children <em>M\u00e9s mal em fa a mi<\/em>, que aporta una dada for\u00e7a preocupant: el 25% dels menors s\u00f3n v\u00edctimes de maltractaments a la llar, per\u00f2 nom\u00e9s el 10% dels casos es denuncien. Per aix\u00f2, va destacar la import\u00e0ncia de denunciar aquestes actuacions violentes contra els infants a banda d\u2019intentar prevenir-les.<\/p>\n","protected":false},"excerpt":{"rendered":"<p>El sacsejament dels nadons \u00e9s una forma de maltractament infantil poc abordat. Dos hospitals de refer\u00e8ncia, el de Vall Hebron...<\/p>\n","protected":false},"author":1,"featured_media":517,"comment_status":"closed","ping_status":"closed","sticky":false,"template":"","format":"standard","meta":{"_acf_changed":false,"inline_featured_image":false,"footnotes":""},"categories":[18],"tags":[],"class_list":["post-654","post","type-post","status-publish","format-standard","has-post-thumbnail","hentry","category-noticias"],"acf":[],"yoast_head":"<!-- This site is optimized with the Yoast SEO plugin v27.5 - https:\/\/yoast.com\/product\/yoast-seo-wordpress\/ -->\n<title>Prevenir el maltractament infantil mitjan\u00e7ant l\u2019acompanyament dels pares, principal consell de la taula rodona del COMLL sobre com evitar les sacsejades als nadons - Col\u00b7legi Oficial de Metges de Lleida<\/title>\n<meta name=\"robots\" content=\"index, follow, max-snippet:-1, max-image-preview:large, max-video-preview:-1\" \/>\n<link rel=\"canonical\" href=\"https:\/\/www.comll.cat\/es\/prevenir-el-maltractament-infantil-mitjancant-lacompanyament-dels-pares-principal-consell-de-la-taula-rodona-del-comll-sobre-com-evitar-les-sacsejades-als-nadons\/\" \/>\n<meta property=\"og:locale\" content=\"es_ES\" \/>\n<meta property=\"og:type\" content=\"article\" \/>\n<meta property=\"og:title\" content=\"Prevenir el maltractament infantil mitjan\u00e7ant l\u2019acompanyament dels pares, principal consell de la taula rodona del COMLL sobre com evitar les sacsejades als nadons - Col\u00b7legi Oficial de Metges de Lleida\" \/>\n<meta property=\"og:description\" content=\"El sacsejament dels nadons \u00e9s una forma de maltractament infantil poc abordat. Dos hospitals de refer\u00e8ncia, el de Vall Hebron...\" \/>\n<meta property=\"og:url\" content=\"https:\/\/www.comll.cat\/es\/prevenir-el-maltractament-infantil-mitjancant-lacompanyament-dels-pares-principal-consell-de-la-taula-rodona-del-comll-sobre-com-evitar-les-sacsejades-als-nadons\/\" \/>\n<meta property=\"og:site_name\" content=\"Col\u00b7legi Oficial de Metges de Lleida\" \/>\n<meta property=\"article:published_time\" content=\"2019-04-30T05:10:17+00:00\" \/>\n<meta property=\"og:image\" content=\"https:\/\/www.comll.cat\/es\/wp-content\/uploads\/sites\/3\/noticia-generada-per-comll-4.jpg\" \/>\n\t<meta property=\"og:image:width\" content=\"1123\" \/>\n\t<meta property=\"og:image:height\" content=\"714\" \/>\n\t<meta property=\"og:image:type\" content=\"image\/jpeg\" \/>\n<meta name=\"author\" content=\"Albert\" \/>\n<meta name=\"twitter:card\" content=\"summary_large_image\" \/>\n<script type=\"application\/ld+json\" class=\"yoast-schema-graph\">{\"@context\":\"https:\\\/\\\/schema.org\",\"@graph\":[{\"@type\":\"Article\",\"@id\":\"https:\\\/\\\/www.comll.cat\\\/es\\\/prevenir-el-maltractament-infantil-mitjancant-lacompanyament-dels-pares-principal-consell-de-la-taula-rodona-del-comll-sobre-com-evitar-les-sacsejades-als-nadons\\\/#article\",\"isPartOf\":{\"@id\":\"https:\\\/\\\/www.comll.cat\\\/es\\\/prevenir-el-maltractament-infantil-mitjancant-lacompanyament-dels-pares-principal-consell-de-la-taula-rodona-del-comll-sobre-com-evitar-les-sacsejades-als-nadons\\\/\"},\"author\":{\"name\":\"Albert\",\"@id\":\"https:\\\/\\\/www.comll.cat\\\/es\\\/#\\\/schema\\\/person\\\/1c7bc4d83b35a927d680cfe0ec9120e0\"},\"headline\":\"Prevenir el maltractament infantil mitjan\u00e7ant l\u2019acompanyament dels pares, principal consell de la taula rodona del COMLL sobre com evitar les sacsejades als nadons\",\"datePublished\":\"2019-04-30T05:10:17+00:00\",\"mainEntityOfPage\":{\"@id\":\"https:\\\/\\\/www.comll.cat\\\/es\\\/prevenir-el-maltractament-infantil-mitjancant-lacompanyament-dels-pares-principal-consell-de-la-taula-rodona-del-comll-sobre-com-evitar-les-sacsejades-als-nadons\\\/\"},\"wordCount\":345,\"image\":{\"@id\":\"https:\\\/\\\/www.comll.cat\\\/es\\\/prevenir-el-maltractament-infantil-mitjancant-lacompanyament-dels-pares-principal-consell-de-la-taula-rodona-del-comll-sobre-com-evitar-les-sacsejades-als-nadons\\\/#primaryimage\"},\"thumbnailUrl\":\"https:\\\/\\\/www.comll.cat\\\/es\\\/wp-content\\\/uploads\\\/sites\\\/3\\\/noticia-generada-per-comll-4.jpg\",\"articleSection\":[\"Noticias\"],\"inLanguage\":\"es\"},{\"@type\":\"WebPage\",\"@id\":\"https:\\\/\\\/www.comll.cat\\\/es\\\/prevenir-el-maltractament-infantil-mitjancant-lacompanyament-dels-pares-principal-consell-de-la-taula-rodona-del-comll-sobre-com-evitar-les-sacsejades-als-nadons\\\/\",\"url\":\"https:\\\/\\\/www.comll.cat\\\/es\\\/prevenir-el-maltractament-infantil-mitjancant-lacompanyament-dels-pares-principal-consell-de-la-taula-rodona-del-comll-sobre-com-evitar-les-sacsejades-als-nadons\\\/\",\"name\":\"Prevenir el maltractament infantil mitjan\u00e7ant l\u2019acompanyament dels pares, principal consell de la taula rodona del COMLL sobre com evitar les sacsejades als nadons - Col\u00b7legi Oficial de Metges de Lleida\",\"isPartOf\":{\"@id\":\"https:\\\/\\\/www.comll.cat\\\/es\\\/#website\"},\"primaryImageOfPage\":{\"@id\":\"https:\\\/\\\/www.comll.cat\\\/es\\\/prevenir-el-maltractament-infantil-mitjancant-lacompanyament-dels-pares-principal-consell-de-la-taula-rodona-del-comll-sobre-com-evitar-les-sacsejades-als-nadons\\\/#primaryimage\"},\"image\":{\"@id\":\"https:\\\/\\\/www.comll.cat\\\/es\\\/prevenir-el-maltractament-infantil-mitjancant-lacompanyament-dels-pares-principal-consell-de-la-taula-rodona-del-comll-sobre-com-evitar-les-sacsejades-als-nadons\\\/#primaryimage\"},\"thumbnailUrl\":\"https:\\\/\\\/www.comll.cat\\\/es\\\/wp-content\\\/uploads\\\/sites\\\/3\\\/noticia-generada-per-comll-4.jpg\",\"datePublished\":\"2019-04-30T05:10:17+00:00\",\"author\":{\"@id\":\"https:\\\/\\\/www.comll.cat\\\/es\\\/#\\\/schema\\\/person\\\/1c7bc4d83b35a927d680cfe0ec9120e0\"},\"breadcrumb\":{\"@id\":\"https:\\\/\\\/www.comll.cat\\\/es\\\/prevenir-el-maltractament-infantil-mitjancant-lacompanyament-dels-pares-principal-consell-de-la-taula-rodona-del-comll-sobre-com-evitar-les-sacsejades-als-nadons\\\/#breadcrumb\"},\"inLanguage\":\"es\",\"potentialAction\":[{\"@type\":\"ReadAction\",\"target\":[\"https:\\\/\\\/www.comll.cat\\\/es\\\/prevenir-el-maltractament-infantil-mitjancant-lacompanyament-dels-pares-principal-consell-de-la-taula-rodona-del-comll-sobre-com-evitar-les-sacsejades-als-nadons\\\/\"]}]},{\"@type\":\"ImageObject\",\"inLanguage\":\"es\",\"@id\":\"https:\\\/\\\/www.comll.cat\\\/es\\\/prevenir-el-maltractament-infantil-mitjancant-lacompanyament-dels-pares-principal-consell-de-la-taula-rodona-del-comll-sobre-com-evitar-les-sacsejades-als-nadons\\\/#primaryimage\",\"url\":\"https:\\\/\\\/www.comll.cat\\\/es\\\/wp-content\\\/uploads\\\/sites\\\/3\\\/noticia-generada-per-comll-4.jpg\",\"contentUrl\":\"https:\\\/\\\/www.comll.cat\\\/es\\\/wp-content\\\/uploads\\\/sites\\\/3\\\/noticia-generada-per-comll-4.jpg\",\"width\":1123,\"height\":714},{\"@type\":\"BreadcrumbList\",\"@id\":\"https:\\\/\\\/www.comll.cat\\\/es\\\/prevenir-el-maltractament-infantil-mitjancant-lacompanyament-dels-pares-principal-consell-de-la-taula-rodona-del-comll-sobre-com-evitar-les-sacsejades-als-nadons\\\/#breadcrumb\",\"itemListElement\":[{\"@type\":\"ListItem\",\"position\":1,\"name\":\"Portada\",\"item\":\"https:\\\/\\\/www.comll.cat\\\/es\\\/\"},{\"@type\":\"ListItem\",\"position\":2,\"name\":\"Prevenir el maltractament infantil mitjan\u00e7ant l\u2019acompanyament dels pares, principal consell de la taula rodona del COMLL sobre com evitar les sacsejades als nadons\"}]},{\"@type\":\"WebSite\",\"@id\":\"https:\\\/\\\/www.comll.cat\\\/es\\\/#website\",\"url\":\"https:\\\/\\\/www.comll.cat\\\/es\\\/\",\"name\":\"Col\u00b7legi Oficial de Metges de Lleida\",\"description\":\"COMLL\",\"potentialAction\":[{\"@type\":\"SearchAction\",\"target\":{\"@type\":\"EntryPoint\",\"urlTemplate\":\"https:\\\/\\\/www.comll.cat\\\/es\\\/?s={search_term_string}\"},\"query-input\":{\"@type\":\"PropertyValueSpecification\",\"valueRequired\":true,\"valueName\":\"search_term_string\"}}],\"inLanguage\":\"es\"},{\"@type\":\"Person\",\"@id\":\"https:\\\/\\\/www.comll.cat\\\/es\\\/#\\\/schema\\\/person\\\/1c7bc4d83b35a927d680cfe0ec9120e0\",\"name\":\"Albert\",\"image\":{\"@type\":\"ImageObject\",\"inLanguage\":\"es\",\"@id\":\"https:\\\/\\\/secure.gravatar.com\\\/avatar\\\/c1261138a5e7882394bd9001104fe7078a2d860997555a5353af4ef7bd38f6db?s=96&d=mm&r=g\",\"url\":\"https:\\\/\\\/secure.gravatar.com\\\/avatar\\\/c1261138a5e7882394bd9001104fe7078a2d860997555a5353af4ef7bd38f6db?s=96&d=mm&r=g\",\"contentUrl\":\"https:\\\/\\\/secure.gravatar.com\\\/avatar\\\/c1261138a5e7882394bd9001104fe7078a2d860997555a5353af4ef7bd38f6db?s=96&d=mm&r=g\",\"caption\":\"Albert\"},\"sameAs\":[\"https:\\\/\\\/www.comll.cat\"]}]}<\/script>\n<!-- \/ Yoast SEO plugin. -->","yoast_head_json":{"title":"Prevenir el maltractament infantil mitjan\u00e7ant l\u2019acompanyament dels pares, principal consell de la taula rodona del COMLL sobre com evitar les sacsejades als nadons - Col\u00b7legi Oficial de Metges de Lleida","robots":{"index":"index","follow":"follow","max-snippet":"max-snippet:-1","max-image-preview":"max-image-preview:large","max-video-preview":"max-video-preview:-1"},"canonical":"https:\/\/www.comll.cat\/es\/prevenir-el-maltractament-infantil-mitjancant-lacompanyament-dels-pares-principal-consell-de-la-taula-rodona-del-comll-sobre-com-evitar-les-sacsejades-als-nadons\/","og_locale":"es_ES","og_type":"article","og_title":"Prevenir el maltractament infantil mitjan\u00e7ant l\u2019acompanyament dels pares, principal consell de la taula rodona del COMLL sobre com evitar les sacsejades als nadons - Col\u00b7legi Oficial de Metges de Lleida","og_description":"El sacsejament dels nadons \u00e9s una forma de maltractament infantil poc abordat. Dos hospitals de refer\u00e8ncia, el de Vall Hebron...","og_url":"https:\/\/www.comll.cat\/es\/prevenir-el-maltractament-infantil-mitjancant-lacompanyament-dels-pares-principal-consell-de-la-taula-rodona-del-comll-sobre-com-evitar-les-sacsejades-als-nadons\/","og_site_name":"Col\u00b7legi Oficial de Metges de Lleida","article_published_time":"2019-04-30T05:10:17+00:00","og_image":[{"width":1123,"height":714,"url":"https:\/\/www.comll.cat\/es\/wp-content\/uploads\/sites\/3\/noticia-generada-per-comll-4.jpg","type":"image\/jpeg"}],"author":"Albert","twitter_card":"summary_large_image","schema":{"@context":"https:\/\/schema.org","@graph":[{"@type":"Article","@id":"https:\/\/www.comll.cat\/es\/prevenir-el-maltractament-infantil-mitjancant-lacompanyament-dels-pares-principal-consell-de-la-taula-rodona-del-comll-sobre-com-evitar-les-sacsejades-als-nadons\/#article","isPartOf":{"@id":"https:\/\/www.comll.cat\/es\/prevenir-el-maltractament-infantil-mitjancant-lacompanyament-dels-pares-principal-consell-de-la-taula-rodona-del-comll-sobre-com-evitar-les-sacsejades-als-nadons\/"},"author":{"name":"Albert","@id":"https:\/\/www.comll.cat\/es\/#\/schema\/person\/1c7bc4d83b35a927d680cfe0ec9120e0"},"headline":"Prevenir el maltractament infantil mitjan\u00e7ant l\u2019acompanyament dels pares, principal consell de la taula rodona del COMLL sobre com evitar les sacsejades als nadons","datePublished":"2019-04-30T05:10:17+00:00","mainEntityOfPage":{"@id":"https:\/\/www.comll.cat\/es\/prevenir-el-maltractament-infantil-mitjancant-lacompanyament-dels-pares-principal-consell-de-la-taula-rodona-del-comll-sobre-com-evitar-les-sacsejades-als-nadons\/"},"wordCount":345,"image":{"@id":"https:\/\/www.comll.cat\/es\/prevenir-el-maltractament-infantil-mitjancant-lacompanyament-dels-pares-principal-consell-de-la-taula-rodona-del-comll-sobre-com-evitar-les-sacsejades-als-nadons\/#primaryimage"},"thumbnailUrl":"https:\/\/www.comll.cat\/es\/wp-content\/uploads\/sites\/3\/noticia-generada-per-comll-4.jpg","articleSection":["Noticias"],"inLanguage":"es"},{"@type":"WebPage","@id":"https:\/\/www.comll.cat\/es\/prevenir-el-maltractament-infantil-mitjancant-lacompanyament-dels-pares-principal-consell-de-la-taula-rodona-del-comll-sobre-com-evitar-les-sacsejades-als-nadons\/","url":"https:\/\/www.comll.cat\/es\/prevenir-el-maltractament-infantil-mitjancant-lacompanyament-dels-pares-principal-consell-de-la-taula-rodona-del-comll-sobre-com-evitar-les-sacsejades-als-nadons\/","name":"Prevenir el maltractament infantil mitjan\u00e7ant l\u2019acompanyament dels pares, principal consell de la taula rodona del COMLL sobre com evitar les sacsejades als nadons - Col\u00b7legi Oficial de Metges de Lleida","isPartOf":{"@id":"https:\/\/www.comll.cat\/es\/#website"},"primaryImageOfPage":{"@id":"https:\/\/www.comll.cat\/es\/prevenir-el-maltractament-infantil-mitjancant-lacompanyament-dels-pares-principal-consell-de-la-taula-rodona-del-comll-sobre-com-evitar-les-sacsejades-als-nadons\/#primaryimage"},"image":{"@id":"https:\/\/www.comll.cat\/es\/prevenir-el-maltractament-infantil-mitjancant-lacompanyament-dels-pares-principal-consell-de-la-taula-rodona-del-comll-sobre-com-evitar-les-sacsejades-als-nadons\/#primaryimage"},"thumbnailUrl":"https:\/\/www.comll.cat\/es\/wp-content\/uploads\/sites\/3\/noticia-generada-per-comll-4.jpg","datePublished":"2019-04-30T05:10:17+00:00","author":{"@id":"https:\/\/www.comll.cat\/es\/#\/schema\/person\/1c7bc4d83b35a927d680cfe0ec9120e0"},"breadcrumb":{"@id":"https:\/\/www.comll.cat\/es\/prevenir-el-maltractament-infantil-mitjancant-lacompanyament-dels-pares-principal-consell-de-la-taula-rodona-del-comll-sobre-com-evitar-les-sacsejades-als-nadons\/#breadcrumb"},"inLanguage":"es","potentialAction":[{"@type":"ReadAction","target":["https:\/\/www.comll.cat\/es\/prevenir-el-maltractament-infantil-mitjancant-lacompanyament-dels-pares-principal-consell-de-la-taula-rodona-del-comll-sobre-com-evitar-les-sacsejades-als-nadons\/"]}]},{"@type":"ImageObject","inLanguage":"es","@id":"https:\/\/www.comll.cat\/es\/prevenir-el-maltractament-infantil-mitjancant-lacompanyament-dels-pares-principal-consell-de-la-taula-rodona-del-comll-sobre-com-evitar-les-sacsejades-als-nadons\/#primaryimage","url":"https:\/\/www.comll.cat\/es\/wp-content\/uploads\/sites\/3\/noticia-generada-per-comll-4.jpg","contentUrl":"https:\/\/www.comll.cat\/es\/wp-content\/uploads\/sites\/3\/noticia-generada-per-comll-4.jpg","width":1123,"height":714},{"@type":"BreadcrumbList","@id":"https:\/\/www.comll.cat\/es\/prevenir-el-maltractament-infantil-mitjancant-lacompanyament-dels-pares-principal-consell-de-la-taula-rodona-del-comll-sobre-com-evitar-les-sacsejades-als-nadons\/#breadcrumb","itemListElement":[{"@type":"ListItem","position":1,"name":"Portada","item":"https:\/\/www.comll.cat\/es\/"},{"@type":"ListItem","position":2,"name":"Prevenir el maltractament infantil mitjan\u00e7ant l\u2019acompanyament dels pares, principal consell de la taula rodona del COMLL sobre com evitar les sacsejades als nadons"}]},{"@type":"WebSite","@id":"https:\/\/www.comll.cat\/es\/#website","url":"https:\/\/www.comll.cat\/es\/","name":"Col\u00b7legi Oficial de Metges de Lleida","description":"COMLL","potentialAction":[{"@type":"SearchAction","target":{"@type":"EntryPoint","urlTemplate":"https:\/\/www.comll.cat\/es\/?s={search_term_string}"},"query-input":{"@type":"PropertyValueSpecification","valueRequired":true,"valueName":"search_term_string"}}],"inLanguage":"es"},{"@type":"Person","@id":"https:\/\/www.comll.cat\/es\/#\/schema\/person\/1c7bc4d83b35a927d680cfe0ec9120e0","name":"Albert","image":{"@type":"ImageObject","inLanguage":"es","@id":"https:\/\/secure.gravatar.com\/avatar\/c1261138a5e7882394bd9001104fe7078a2d860997555a5353af4ef7bd38f6db?s=96&d=mm&r=g","url":"https:\/\/secure.gravatar.com\/avatar\/c1261138a5e7882394bd9001104fe7078a2d860997555a5353af4ef7bd38f6db?s=96&d=mm&r=g","contentUrl":"https:\/\/secure.gravatar.com\/avatar\/c1261138a5e7882394bd9001104fe7078a2d860997555a5353af4ef7bd38f6db?s=96&d=mm&r=g","caption":"Albert"},"sameAs":["https:\/\/www.comll.cat"]}]}},"publishpress_future_action":{"enabled":false,"date":"2026-05-03 12:07:47","action":"change-status","newStatus":"draft","terms":[],"taxonomy":"category","extraData":[]},"publishpress_future_workflow_manual_trigger":{"enabledWorkflows":[]},"_links":{"self":[{"href":"https:\/\/www.comll.cat\/es\/wp-json\/wp\/v2\/posts\/654","targetHints":{"allow":["GET"]}}],"collection":[{"href":"https:\/\/www.comll.cat\/es\/wp-json\/wp\/v2\/posts"}],"about":[{"href":"https:\/\/www.comll.cat\/es\/wp-json\/wp\/v2\/types\/post"}],"author":[{"embeddable":true,"href":"https:\/\/www.comll.cat\/es\/wp-json\/wp\/v2\/users\/1"}],"replies":[{"embeddable":true,"href":"https:\/\/www.comll.cat\/es\/wp-json\/wp\/v2\/comments?post=654"}],"version-history":[{"count":0,"href":"https:\/\/www.comll.cat\/es\/wp-json\/wp\/v2\/posts\/654\/revisions"}],"wp:featuredmedia":[{"embeddable":true,"href":"https:\/\/www.comll.cat\/es\/wp-json\/wp\/v2\/media\/517"}],"wp:attachment":[{"href":"https:\/\/www.comll.cat\/es\/wp-json\/wp\/v2\/media?parent=654"}],"wp:term":[{"taxonomy":"category","embeddable":true,"href":"https:\/\/www.comll.cat\/es\/wp-json\/wp\/v2\/categories?post=654"},{"taxonomy":"post_tag","embeddable":true,"href":"https:\/\/www.comll.cat\/es\/wp-json\/wp\/v2\/tags?post=654"}],"curies":[{"name":"wp","href":"https:\/\/api.w.org\/{rel}","templated":true}]}}