{"id":651,"date":"2019-04-25T17:43:01","date_gmt":"2019-04-25T15:43:01","guid":{"rendered":"https:\/\/www.comll.cat\/la-viii-jornada-de-salut-mental-perinatal-organitzada-per-mares-i-la-international-marce-society-for-perinatal-health-a-barcelona-es-podra-seguir-per-streaming\/"},"modified":"2019-04-25T17:43:01","modified_gmt":"2019-04-25T15:43:01","slug":"la-viii-jornada-de-salut-mental-perinatal-organitzada-per-mares-i-la-international-marce-society-for-perinatal-health-a-barcelona-es-podra-seguir-per-streaming","status":"publish","type":"post","link":"https:\/\/www.comll.cat\/es\/la-viii-jornada-de-salut-mental-perinatal-organitzada-per-mares-i-la-international-marce-society-for-perinatal-health-a-barcelona-es-podra-seguir-per-streaming\/","title":{"rendered":"La VIII Jornada de Salut Mental Perinatal, organitzada per MARES i la International Marc\u00e9 Society for Perinatal Health a Barcelona, es podr\u00e0 seguir per \u201cstreaming\u201d"},"content":{"rendered":"<p>La Societat Marc\u00e9 Espanyola de Salut Mental Perinatal (MARES) i la International Marc\u00e9 Society for Perinatal Mental Health patrocinen la VIII Jornada de Salut Mental Perinatal. Aquesta trobada cient\u00edfica tindr\u00e0 lloc el 17 de maig, a partir de les 9.30 hores, a l\u2019Auditori del CCBB de Barcelona. La jornada es podr\u00e0 seguir presencialment o per <em>streaming<\/em>.<\/p>\n<p>Entre els ponents, destaca el professor Ian Brockingto, psiquiatre brit\u00e0nic fundador de la Marc\u00e9 Society i un dels referents internacionals en maternitat i salut mental. El Dr. Borckingto pronunciar\u00e0 la confer\u00e8ncia <em>Maternal Mental Health and postpartum bonding disorders,<\/em>que comptar\u00e0 amb servei de traducci\u00f3 simult\u00e0nia.<\/p>\n<p>M\u00e9s informaci\u00f3, a <a href=\"http:\/\/www.sociedadmarce.org\/\">http:\/\/www.sociedadmarce.org\/<\/a><\/p>\n<p>Inscripcions, a <a href=\"http:\/\/www.sociedadmarce.org\/inscripcion-jornadas-perinatal.cfm?ID=11512\">http:\/\/www.sociedadmarce.org\/inscripcion-jornadas-perinatal.cfm?ID=11512<\/a><\/p>\n<p>&nbsp;<\/p>\n","protected":false},"excerpt":{"rendered":"<p>La Societat Marc\u00e9 Espanyola de Salut Mental Perinatal (MARES) i la International Marc\u00e9 Society for Perinatal Mental Health patrocinen la...<\/p>\n","protected":false},"author":1,"featured_media":430,"comment_status":"closed","ping_status":"closed","sticky":false,"template":"","format":"standard","meta":{"_acf_changed":false,"inline_featured_image":false,"footnotes":""},"categories":[18],"tags":[],"class_list":["post-651","post","type-post","status-publish","format-standard","has-post-thumbnail","hentry","category-noticias"],"acf":[],"yoast_head":"<!-- This site is optimized with the Yoast SEO plugin v27.5 - https:\/\/yoast.com\/product\/yoast-seo-wordpress\/ -->\n<title>La VIII Jornada de Salut Mental Perinatal, organitzada per MARES i la International Marc\u00e9 Society for Perinatal Health a Barcelona, es podr\u00e0 seguir per \u201cstreaming\u201d - Col\u00b7legi Oficial de Metges de Lleida<\/title>\n<meta name=\"robots\" content=\"index, follow, max-snippet:-1, max-image-preview:large, max-video-preview:-1\" \/>\n<link rel=\"canonical\" href=\"https:\/\/www.comll.cat\/es\/la-viii-jornada-de-salut-mental-perinatal-organitzada-per-mares-i-la-international-marce-society-for-perinatal-health-a-barcelona-es-podra-seguir-per-streaming\/\" \/>\n<meta property=\"og:locale\" content=\"es_ES\" \/>\n<meta property=\"og:type\" content=\"article\" \/>\n<meta property=\"og:title\" content=\"La VIII Jornada de Salut Mental Perinatal, organitzada per MARES i la International Marc\u00e9 Society for Perinatal Health a Barcelona, es podr\u00e0 seguir per \u201cstreaming\u201d - Col\u00b7legi Oficial de Metges de Lleida\" \/>\n<meta property=\"og:description\" content=\"La Societat Marc\u00e9 Espanyola de Salut Mental Perinatal (MARES) i la International Marc\u00e9 Society for Perinatal Mental Health patrocinen la...\" \/>\n<meta property=\"og:url\" content=\"https:\/\/www.comll.cat\/es\/la-viii-jornada-de-salut-mental-perinatal-organitzada-per-mares-i-la-international-marce-society-for-perinatal-health-a-barcelona-es-podra-seguir-per-streaming\/\" \/>\n<meta property=\"og:site_name\" content=\"Col\u00b7legi Oficial de Metges de Lleida\" \/>\n<meta property=\"article:published_time\" content=\"2019-04-25T15:43:01+00:00\" \/>\n<meta property=\"og:image\" content=\"https:\/\/www.comll.cat\/es\/wp-content\/uploads\/sites\/3\/noticia-comll.jpg\" \/>\n\t<meta property=\"og:image:width\" content=\"1280\" \/>\n\t<meta property=\"og:image:height\" content=\"900\" \/>\n\t<meta property=\"og:image:type\" content=\"image\/jpeg\" \/>\n<meta name=\"author\" content=\"Albert\" \/>\n<meta name=\"twitter:card\" content=\"summary_large_image\" \/>\n<script type=\"application\/ld+json\" class=\"yoast-schema-graph\">{\"@context\":\"https:\\\/\\\/schema.org\",\"@graph\":[{\"@type\":\"Article\",\"@id\":\"https:\\\/\\\/www.comll.cat\\\/es\\\/la-viii-jornada-de-salut-mental-perinatal-organitzada-per-mares-i-la-international-marce-society-for-perinatal-health-a-barcelona-es-podra-seguir-per-streaming\\\/#article\",\"isPartOf\":{\"@id\":\"https:\\\/\\\/www.comll.cat\\\/es\\\/la-viii-jornada-de-salut-mental-perinatal-organitzada-per-mares-i-la-international-marce-society-for-perinatal-health-a-barcelona-es-podra-seguir-per-streaming\\\/\"},\"author\":{\"name\":\"Albert\",\"@id\":\"https:\\\/\\\/www.comll.cat\\\/es\\\/#\\\/schema\\\/person\\\/1c7bc4d83b35a927d680cfe0ec9120e0\"},\"headline\":\"La VIII Jornada de Salut Mental Perinatal, organitzada per MARES i la International Marc\u00e9 Society for Perinatal Health a Barcelona, es podr\u00e0 seguir per \u201cstreaming\u201d\",\"datePublished\":\"2019-04-25T15:43:01+00:00\",\"mainEntityOfPage\":{\"@id\":\"https:\\\/\\\/www.comll.cat\\\/es\\\/la-viii-jornada-de-salut-mental-perinatal-organitzada-per-mares-i-la-international-marce-society-for-perinatal-health-a-barcelona-es-podra-seguir-per-streaming\\\/\"},\"wordCount\":147,\"image\":{\"@id\":\"https:\\\/\\\/www.comll.cat\\\/es\\\/la-viii-jornada-de-salut-mental-perinatal-organitzada-per-mares-i-la-international-marce-society-for-perinatal-health-a-barcelona-es-podra-seguir-per-streaming\\\/#primaryimage\"},\"thumbnailUrl\":\"https:\\\/\\\/www.comll.cat\\\/es\\\/wp-content\\\/uploads\\\/sites\\\/3\\\/noticia-comll.jpg\",\"articleSection\":[\"Noticias\"],\"inLanguage\":\"es\"},{\"@type\":\"WebPage\",\"@id\":\"https:\\\/\\\/www.comll.cat\\\/es\\\/la-viii-jornada-de-salut-mental-perinatal-organitzada-per-mares-i-la-international-marce-society-for-perinatal-health-a-barcelona-es-podra-seguir-per-streaming\\\/\",\"url\":\"https:\\\/\\\/www.comll.cat\\\/es\\\/la-viii-jornada-de-salut-mental-perinatal-organitzada-per-mares-i-la-international-marce-society-for-perinatal-health-a-barcelona-es-podra-seguir-per-streaming\\\/\",\"name\":\"La VIII Jornada de Salut Mental Perinatal, organitzada per MARES i la International Marc\u00e9 Society for Perinatal Health a Barcelona, es podr\u00e0 seguir per \u201cstreaming\u201d - Col\u00b7legi Oficial de Metges de Lleida\",\"isPartOf\":{\"@id\":\"https:\\\/\\\/www.comll.cat\\\/es\\\/#website\"},\"primaryImageOfPage\":{\"@id\":\"https:\\\/\\\/www.comll.cat\\\/es\\\/la-viii-jornada-de-salut-mental-perinatal-organitzada-per-mares-i-la-international-marce-society-for-perinatal-health-a-barcelona-es-podra-seguir-per-streaming\\\/#primaryimage\"},\"image\":{\"@id\":\"https:\\\/\\\/www.comll.cat\\\/es\\\/la-viii-jornada-de-salut-mental-perinatal-organitzada-per-mares-i-la-international-marce-society-for-perinatal-health-a-barcelona-es-podra-seguir-per-streaming\\\/#primaryimage\"},\"thumbnailUrl\":\"https:\\\/\\\/www.comll.cat\\\/es\\\/wp-content\\\/uploads\\\/sites\\\/3\\\/noticia-comll.jpg\",\"datePublished\":\"2019-04-25T15:43:01+00:00\",\"author\":{\"@id\":\"https:\\\/\\\/www.comll.cat\\\/es\\\/#\\\/schema\\\/person\\\/1c7bc4d83b35a927d680cfe0ec9120e0\"},\"breadcrumb\":{\"@id\":\"https:\\\/\\\/www.comll.cat\\\/es\\\/la-viii-jornada-de-salut-mental-perinatal-organitzada-per-mares-i-la-international-marce-society-for-perinatal-health-a-barcelona-es-podra-seguir-per-streaming\\\/#breadcrumb\"},\"inLanguage\":\"es\",\"potentialAction\":[{\"@type\":\"ReadAction\",\"target\":[\"https:\\\/\\\/www.comll.cat\\\/es\\\/la-viii-jornada-de-salut-mental-perinatal-organitzada-per-mares-i-la-international-marce-society-for-perinatal-health-a-barcelona-es-podra-seguir-per-streaming\\\/\"]}]},{\"@type\":\"ImageObject\",\"inLanguage\":\"es\",\"@id\":\"https:\\\/\\\/www.comll.cat\\\/es\\\/la-viii-jornada-de-salut-mental-perinatal-organitzada-per-mares-i-la-international-marce-society-for-perinatal-health-a-barcelona-es-podra-seguir-per-streaming\\\/#primaryimage\",\"url\":\"https:\\\/\\\/www.comll.cat\\\/es\\\/wp-content\\\/uploads\\\/sites\\\/3\\\/noticia-comll.jpg\",\"contentUrl\":\"https:\\\/\\\/www.comll.cat\\\/es\\\/wp-content\\\/uploads\\\/sites\\\/3\\\/noticia-comll.jpg\",\"width\":1280,\"height\":900},{\"@type\":\"BreadcrumbList\",\"@id\":\"https:\\\/\\\/www.comll.cat\\\/es\\\/la-viii-jornada-de-salut-mental-perinatal-organitzada-per-mares-i-la-international-marce-society-for-perinatal-health-a-barcelona-es-podra-seguir-per-streaming\\\/#breadcrumb\",\"itemListElement\":[{\"@type\":\"ListItem\",\"position\":1,\"name\":\"Portada\",\"item\":\"https:\\\/\\\/www.comll.cat\\\/es\\\/\"},{\"@type\":\"ListItem\",\"position\":2,\"name\":\"La VIII Jornada de Salut Mental Perinatal, organitzada per MARES i la International Marc\u00e9 Society for Perinatal Health a Barcelona, es podr\u00e0 seguir per \u201cstreaming\u201d\"}]},{\"@type\":\"WebSite\",\"@id\":\"https:\\\/\\\/www.comll.cat\\\/es\\\/#website\",\"url\":\"https:\\\/\\\/www.comll.cat\\\/es\\\/\",\"name\":\"Col\u00b7legi Oficial de Metges de Lleida\",\"description\":\"COMLL\",\"potentialAction\":[{\"@type\":\"SearchAction\",\"target\":{\"@type\":\"EntryPoint\",\"urlTemplate\":\"https:\\\/\\\/www.comll.cat\\\/es\\\/?s={search_term_string}\"},\"query-input\":{\"@type\":\"PropertyValueSpecification\",\"valueRequired\":true,\"valueName\":\"search_term_string\"}}],\"inLanguage\":\"es\"},{\"@type\":\"Person\",\"@id\":\"https:\\\/\\\/www.comll.cat\\\/es\\\/#\\\/schema\\\/person\\\/1c7bc4d83b35a927d680cfe0ec9120e0\",\"name\":\"Albert\",\"image\":{\"@type\":\"ImageObject\",\"inLanguage\":\"es\",\"@id\":\"https:\\\/\\\/secure.gravatar.com\\\/avatar\\\/c1261138a5e7882394bd9001104fe7078a2d860997555a5353af4ef7bd38f6db?s=96&d=mm&r=g\",\"url\":\"https:\\\/\\\/secure.gravatar.com\\\/avatar\\\/c1261138a5e7882394bd9001104fe7078a2d860997555a5353af4ef7bd38f6db?s=96&d=mm&r=g\",\"contentUrl\":\"https:\\\/\\\/secure.gravatar.com\\\/avatar\\\/c1261138a5e7882394bd9001104fe7078a2d860997555a5353af4ef7bd38f6db?s=96&d=mm&r=g\",\"caption\":\"Albert\"},\"sameAs\":[\"https:\\\/\\\/www.comll.cat\"]}]}<\/script>\n<!-- \/ Yoast SEO plugin. -->","yoast_head_json":{"title":"La VIII Jornada de Salut Mental Perinatal, organitzada per MARES i la International Marc\u00e9 Society for Perinatal Health a Barcelona, es podr\u00e0 seguir per \u201cstreaming\u201d - Col\u00b7legi Oficial de Metges de Lleida","robots":{"index":"index","follow":"follow","max-snippet":"max-snippet:-1","max-image-preview":"max-image-preview:large","max-video-preview":"max-video-preview:-1"},"canonical":"https:\/\/www.comll.cat\/es\/la-viii-jornada-de-salut-mental-perinatal-organitzada-per-mares-i-la-international-marce-society-for-perinatal-health-a-barcelona-es-podra-seguir-per-streaming\/","og_locale":"es_ES","og_type":"article","og_title":"La VIII Jornada de Salut Mental Perinatal, organitzada per MARES i la International Marc\u00e9 Society for Perinatal Health a Barcelona, es podr\u00e0 seguir per \u201cstreaming\u201d - Col\u00b7legi Oficial de Metges de Lleida","og_description":"La Societat Marc\u00e9 Espanyola de Salut Mental Perinatal (MARES) i la International Marc\u00e9 Society for Perinatal Mental Health patrocinen la...","og_url":"https:\/\/www.comll.cat\/es\/la-viii-jornada-de-salut-mental-perinatal-organitzada-per-mares-i-la-international-marce-society-for-perinatal-health-a-barcelona-es-podra-seguir-per-streaming\/","og_site_name":"Col\u00b7legi Oficial de Metges de Lleida","article_published_time":"2019-04-25T15:43:01+00:00","og_image":[{"width":1280,"height":900,"url":"https:\/\/www.comll.cat\/es\/wp-content\/uploads\/sites\/3\/noticia-comll.jpg","type":"image\/jpeg"}],"author":"Albert","twitter_card":"summary_large_image","schema":{"@context":"https:\/\/schema.org","@graph":[{"@type":"Article","@id":"https:\/\/www.comll.cat\/es\/la-viii-jornada-de-salut-mental-perinatal-organitzada-per-mares-i-la-international-marce-society-for-perinatal-health-a-barcelona-es-podra-seguir-per-streaming\/#article","isPartOf":{"@id":"https:\/\/www.comll.cat\/es\/la-viii-jornada-de-salut-mental-perinatal-organitzada-per-mares-i-la-international-marce-society-for-perinatal-health-a-barcelona-es-podra-seguir-per-streaming\/"},"author":{"name":"Albert","@id":"https:\/\/www.comll.cat\/es\/#\/schema\/person\/1c7bc4d83b35a927d680cfe0ec9120e0"},"headline":"La VIII Jornada de Salut Mental Perinatal, organitzada per MARES i la International Marc\u00e9 Society for Perinatal Health a Barcelona, es podr\u00e0 seguir per \u201cstreaming\u201d","datePublished":"2019-04-25T15:43:01+00:00","mainEntityOfPage":{"@id":"https:\/\/www.comll.cat\/es\/la-viii-jornada-de-salut-mental-perinatal-organitzada-per-mares-i-la-international-marce-society-for-perinatal-health-a-barcelona-es-podra-seguir-per-streaming\/"},"wordCount":147,"image":{"@id":"https:\/\/www.comll.cat\/es\/la-viii-jornada-de-salut-mental-perinatal-organitzada-per-mares-i-la-international-marce-society-for-perinatal-health-a-barcelona-es-podra-seguir-per-streaming\/#primaryimage"},"thumbnailUrl":"https:\/\/www.comll.cat\/es\/wp-content\/uploads\/sites\/3\/noticia-comll.jpg","articleSection":["Noticias"],"inLanguage":"es"},{"@type":"WebPage","@id":"https:\/\/www.comll.cat\/es\/la-viii-jornada-de-salut-mental-perinatal-organitzada-per-mares-i-la-international-marce-society-for-perinatal-health-a-barcelona-es-podra-seguir-per-streaming\/","url":"https:\/\/www.comll.cat\/es\/la-viii-jornada-de-salut-mental-perinatal-organitzada-per-mares-i-la-international-marce-society-for-perinatal-health-a-barcelona-es-podra-seguir-per-streaming\/","name":"La VIII Jornada de Salut Mental Perinatal, organitzada per MARES i la International Marc\u00e9 Society for Perinatal Health a Barcelona, es podr\u00e0 seguir per \u201cstreaming\u201d - Col\u00b7legi Oficial de Metges de Lleida","isPartOf":{"@id":"https:\/\/www.comll.cat\/es\/#website"},"primaryImageOfPage":{"@id":"https:\/\/www.comll.cat\/es\/la-viii-jornada-de-salut-mental-perinatal-organitzada-per-mares-i-la-international-marce-society-for-perinatal-health-a-barcelona-es-podra-seguir-per-streaming\/#primaryimage"},"image":{"@id":"https:\/\/www.comll.cat\/es\/la-viii-jornada-de-salut-mental-perinatal-organitzada-per-mares-i-la-international-marce-society-for-perinatal-health-a-barcelona-es-podra-seguir-per-streaming\/#primaryimage"},"thumbnailUrl":"https:\/\/www.comll.cat\/es\/wp-content\/uploads\/sites\/3\/noticia-comll.jpg","datePublished":"2019-04-25T15:43:01+00:00","author":{"@id":"https:\/\/www.comll.cat\/es\/#\/schema\/person\/1c7bc4d83b35a927d680cfe0ec9120e0"},"breadcrumb":{"@id":"https:\/\/www.comll.cat\/es\/la-viii-jornada-de-salut-mental-perinatal-organitzada-per-mares-i-la-international-marce-society-for-perinatal-health-a-barcelona-es-podra-seguir-per-streaming\/#breadcrumb"},"inLanguage":"es","potentialAction":[{"@type":"ReadAction","target":["https:\/\/www.comll.cat\/es\/la-viii-jornada-de-salut-mental-perinatal-organitzada-per-mares-i-la-international-marce-society-for-perinatal-health-a-barcelona-es-podra-seguir-per-streaming\/"]}]},{"@type":"ImageObject","inLanguage":"es","@id":"https:\/\/www.comll.cat\/es\/la-viii-jornada-de-salut-mental-perinatal-organitzada-per-mares-i-la-international-marce-society-for-perinatal-health-a-barcelona-es-podra-seguir-per-streaming\/#primaryimage","url":"https:\/\/www.comll.cat\/es\/wp-content\/uploads\/sites\/3\/noticia-comll.jpg","contentUrl":"https:\/\/www.comll.cat\/es\/wp-content\/uploads\/sites\/3\/noticia-comll.jpg","width":1280,"height":900},{"@type":"BreadcrumbList","@id":"https:\/\/www.comll.cat\/es\/la-viii-jornada-de-salut-mental-perinatal-organitzada-per-mares-i-la-international-marce-society-for-perinatal-health-a-barcelona-es-podra-seguir-per-streaming\/#breadcrumb","itemListElement":[{"@type":"ListItem","position":1,"name":"Portada","item":"https:\/\/www.comll.cat\/es\/"},{"@type":"ListItem","position":2,"name":"La VIII Jornada de Salut Mental Perinatal, organitzada per MARES i la International Marc\u00e9 Society for Perinatal Health a Barcelona, es podr\u00e0 seguir per \u201cstreaming\u201d"}]},{"@type":"WebSite","@id":"https:\/\/www.comll.cat\/es\/#website","url":"https:\/\/www.comll.cat\/es\/","name":"Col\u00b7legi Oficial de Metges de Lleida","description":"COMLL","potentialAction":[{"@type":"SearchAction","target":{"@type":"EntryPoint","urlTemplate":"https:\/\/www.comll.cat\/es\/?s={search_term_string}"},"query-input":{"@type":"PropertyValueSpecification","valueRequired":true,"valueName":"search_term_string"}}],"inLanguage":"es"},{"@type":"Person","@id":"https:\/\/www.comll.cat\/es\/#\/schema\/person\/1c7bc4d83b35a927d680cfe0ec9120e0","name":"Albert","image":{"@type":"ImageObject","inLanguage":"es","@id":"https:\/\/secure.gravatar.com\/avatar\/c1261138a5e7882394bd9001104fe7078a2d860997555a5353af4ef7bd38f6db?s=96&d=mm&r=g","url":"https:\/\/secure.gravatar.com\/avatar\/c1261138a5e7882394bd9001104fe7078a2d860997555a5353af4ef7bd38f6db?s=96&d=mm&r=g","contentUrl":"https:\/\/secure.gravatar.com\/avatar\/c1261138a5e7882394bd9001104fe7078a2d860997555a5353af4ef7bd38f6db?s=96&d=mm&r=g","caption":"Albert"},"sameAs":["https:\/\/www.comll.cat"]}]}},"publishpress_future_action":{"enabled":false,"date":"2026-05-03 12:07:06","action":"change-status","newStatus":"draft","terms":[],"taxonomy":"category","extraData":[]},"publishpress_future_workflow_manual_trigger":{"enabledWorkflows":[]},"_links":{"self":[{"href":"https:\/\/www.comll.cat\/es\/wp-json\/wp\/v2\/posts\/651","targetHints":{"allow":["GET"]}}],"collection":[{"href":"https:\/\/www.comll.cat\/es\/wp-json\/wp\/v2\/posts"}],"about":[{"href":"https:\/\/www.comll.cat\/es\/wp-json\/wp\/v2\/types\/post"}],"author":[{"embeddable":true,"href":"https:\/\/www.comll.cat\/es\/wp-json\/wp\/v2\/users\/1"}],"replies":[{"embeddable":true,"href":"https:\/\/www.comll.cat\/es\/wp-json\/wp\/v2\/comments?post=651"}],"version-history":[{"count":0,"href":"https:\/\/www.comll.cat\/es\/wp-json\/wp\/v2\/posts\/651\/revisions"}],"wp:featuredmedia":[{"embeddable":true,"href":"https:\/\/www.comll.cat\/es\/wp-json\/wp\/v2\/media\/430"}],"wp:attachment":[{"href":"https:\/\/www.comll.cat\/es\/wp-json\/wp\/v2\/media?parent=651"}],"wp:term":[{"taxonomy":"category","embeddable":true,"href":"https:\/\/www.comll.cat\/es\/wp-json\/wp\/v2\/categories?post=651"},{"taxonomy":"post_tag","embeddable":true,"href":"https:\/\/www.comll.cat\/es\/wp-json\/wp\/v2\/tags?post=651"}],"curies":[{"name":"wp","href":"https:\/\/api.w.org\/{rel}","templated":true}]}}