{"id":644,"date":"2019-04-17T11:44:49","date_gmt":"2019-04-17T09:44:49","guid":{"rendered":"https:\/\/www.comll.cat\/celebracio-el-13-de-juny-de-la-xxi-jornada-de-la-societat-catalana-de-qualitat-assistencial-a-lleida\/"},"modified":"2019-04-17T11:44:49","modified_gmt":"2019-04-17T09:44:49","slug":"celebracio-el-13-de-juny-de-la-xxi-jornada-de-la-societat-catalana-de-qualitat-assistencial-a-lleida","status":"publish","type":"post","link":"https:\/\/www.comll.cat\/es\/celebracio-el-13-de-juny-de-la-xxi-jornada-de-la-societat-catalana-de-qualitat-assistencial-a-lleida\/","title":{"rendered":"Celebraci\u00f3 el 13 de juny de la XXI Jornada de la Societat Catalana de Qualitat Assistencial a Lleida"},"content":{"rendered":"<p>La Societat Catalana de Qualitat Assistencial, en col\u00b7laboraci\u00f3 amb la Universitat de Lleida (UdL), organitza la seva XXI jornada, que en aquesta edici\u00f3 se centrar\u00e0 en el tema <em>Implicant la ciutadania en la millora de la qualitat assistencial<\/em>. La trobada es realitzar\u00e0 el 13 de juny, de les 9.00 a les 18.30 hores, a l\u2019Auditori Centre de Cultures i Cooperaci\u00f3 Transfronterera del Campus de Cappont de la UdL.<\/p>\n<p>Joan Carles March pronunciar\u00e0 a les 9.15 hores la confer\u00e8ncia inaugural <em>El pacient com a clau per a la millora de la qualitat<\/em>. A les 10.00 hores, s\u2019iniciar\u00e0 la taula rodona <em>Com ens involucrem? Com ens podem involucrar?<\/em>, que moderar\u00e0 Fernando Barcenilla, amb la participaci\u00f3 de Francisca Torribo, un representant de Salut Mental-Sant Joan de D\u00e9u, Ignacio Garc\u00eda i Jos\u00e9 Luis Baquero. Una segona taula rodona, moderada per Xavier Cabr\u00e9, debatr\u00e0 sobre <em>Humanitzant l\u2019assist\u00e8ncia: integrant el ciutad\u00e0 <\/em>amb Jes\u00fas Caballero, Mois\u00e9s Mira, Estrella M\u00aa Lalueza, David Nadal i un representant del programa Horitz\u00f3 2020 de la Uni\u00f3 Europea.<\/p>\n<p>Per la tarda, a les 15.30 hores, hi haur\u00e0 un espai de treball creatiu, moderat per M\u00aa Jos\u00e9 Bueno, amb aportacions de Giovanna Gabriele. Despr\u00e9s de la presentaci\u00f3 de les comunicacions a la jornada, se celebrar\u00e0 la cloenda i el lliurament de premis amb les intervencions del pacient expert Fernando Canalejo i l\u2019exposici\u00f3 de les conclusions cient\u00edfiques dels debats.<\/p>\n<p>M\u00e9s informaci\u00f3, a\u00a0<a href=\"http:\/\/jornadascqalleida.com\/\">http:\/\/jornadascqalleida.com\/<\/a>.<\/p>\n","protected":false},"excerpt":{"rendered":"<p>La Societat Catalana de Qualitat Assistencial, en col\u00b7laboraci\u00f3 amb la Universitat de Lleida (UdL), organitza la seva XXI jornada, que...<\/p>\n","protected":false},"author":1,"featured_media":430,"comment_status":"closed","ping_status":"closed","sticky":false,"template":"","format":"standard","meta":{"_acf_changed":false,"inline_featured_image":false,"footnotes":""},"categories":[18],"tags":[],"class_list":["post-644","post","type-post","status-publish","format-standard","has-post-thumbnail","hentry","category-noticias"],"acf":[],"yoast_head":"<!-- This site is optimized with the Yoast SEO plugin v27.5 - https:\/\/yoast.com\/product\/yoast-seo-wordpress\/ -->\n<title>Celebraci\u00f3 el 13 de juny de la XXI Jornada de la Societat Catalana de Qualitat Assistencial a Lleida - Col\u00b7legi Oficial de Metges de Lleida<\/title>\n<meta name=\"robots\" content=\"index, follow, max-snippet:-1, max-image-preview:large, max-video-preview:-1\" \/>\n<link rel=\"canonical\" href=\"https:\/\/www.comll.cat\/es\/celebracio-el-13-de-juny-de-la-xxi-jornada-de-la-societat-catalana-de-qualitat-assistencial-a-lleida\/\" \/>\n<meta property=\"og:locale\" content=\"es_ES\" \/>\n<meta property=\"og:type\" content=\"article\" \/>\n<meta property=\"og:title\" content=\"Celebraci\u00f3 el 13 de juny de la XXI Jornada de la Societat Catalana de Qualitat Assistencial a Lleida - Col\u00b7legi Oficial de Metges de Lleida\" \/>\n<meta property=\"og:description\" content=\"La Societat Catalana de Qualitat Assistencial, en col\u00b7laboraci\u00f3 amb la Universitat de Lleida (UdL), organitza la seva XXI jornada, que...\" \/>\n<meta property=\"og:url\" content=\"https:\/\/www.comll.cat\/es\/celebracio-el-13-de-juny-de-la-xxi-jornada-de-la-societat-catalana-de-qualitat-assistencial-a-lleida\/\" \/>\n<meta property=\"og:site_name\" content=\"Col\u00b7legi Oficial de Metges de Lleida\" \/>\n<meta property=\"article:published_time\" content=\"2019-04-17T09:44:49+00:00\" \/>\n<meta property=\"og:image\" content=\"https:\/\/www.comll.cat\/es\/wp-content\/uploads\/sites\/3\/noticia-comll.jpg\" \/>\n\t<meta property=\"og:image:width\" content=\"1280\" \/>\n\t<meta property=\"og:image:height\" content=\"900\" \/>\n\t<meta property=\"og:image:type\" content=\"image\/jpeg\" \/>\n<meta name=\"author\" content=\"Albert\" \/>\n<meta name=\"twitter:card\" content=\"summary_large_image\" \/>\n<script type=\"application\/ld+json\" class=\"yoast-schema-graph\">{\"@context\":\"https:\\\/\\\/schema.org\",\"@graph\":[{\"@type\":\"Article\",\"@id\":\"https:\\\/\\\/www.comll.cat\\\/es\\\/celebracio-el-13-de-juny-de-la-xxi-jornada-de-la-societat-catalana-de-qualitat-assistencial-a-lleida\\\/#article\",\"isPartOf\":{\"@id\":\"https:\\\/\\\/www.comll.cat\\\/es\\\/celebracio-el-13-de-juny-de-la-xxi-jornada-de-la-societat-catalana-de-qualitat-assistencial-a-lleida\\\/\"},\"author\":{\"name\":\"Albert\",\"@id\":\"https:\\\/\\\/www.comll.cat\\\/es\\\/#\\\/schema\\\/person\\\/1c7bc4d83b35a927d680cfe0ec9120e0\"},\"headline\":\"Celebraci\u00f3 el 13 de juny de la XXI Jornada de la Societat Catalana de Qualitat Assistencial a Lleida\",\"datePublished\":\"2019-04-17T09:44:49+00:00\",\"mainEntityOfPage\":{\"@id\":\"https:\\\/\\\/www.comll.cat\\\/es\\\/celebracio-el-13-de-juny-de-la-xxi-jornada-de-la-societat-catalana-de-qualitat-assistencial-a-lleida\\\/\"},\"wordCount\":255,\"image\":{\"@id\":\"https:\\\/\\\/www.comll.cat\\\/es\\\/celebracio-el-13-de-juny-de-la-xxi-jornada-de-la-societat-catalana-de-qualitat-assistencial-a-lleida\\\/#primaryimage\"},\"thumbnailUrl\":\"https:\\\/\\\/www.comll.cat\\\/es\\\/wp-content\\\/uploads\\\/sites\\\/3\\\/noticia-comll.jpg\",\"articleSection\":[\"Noticias\"],\"inLanguage\":\"es\"},{\"@type\":\"WebPage\",\"@id\":\"https:\\\/\\\/www.comll.cat\\\/es\\\/celebracio-el-13-de-juny-de-la-xxi-jornada-de-la-societat-catalana-de-qualitat-assistencial-a-lleida\\\/\",\"url\":\"https:\\\/\\\/www.comll.cat\\\/es\\\/celebracio-el-13-de-juny-de-la-xxi-jornada-de-la-societat-catalana-de-qualitat-assistencial-a-lleida\\\/\",\"name\":\"Celebraci\u00f3 el 13 de juny de la XXI Jornada de la Societat Catalana de Qualitat Assistencial a Lleida - Col\u00b7legi Oficial de Metges de Lleida\",\"isPartOf\":{\"@id\":\"https:\\\/\\\/www.comll.cat\\\/es\\\/#website\"},\"primaryImageOfPage\":{\"@id\":\"https:\\\/\\\/www.comll.cat\\\/es\\\/celebracio-el-13-de-juny-de-la-xxi-jornada-de-la-societat-catalana-de-qualitat-assistencial-a-lleida\\\/#primaryimage\"},\"image\":{\"@id\":\"https:\\\/\\\/www.comll.cat\\\/es\\\/celebracio-el-13-de-juny-de-la-xxi-jornada-de-la-societat-catalana-de-qualitat-assistencial-a-lleida\\\/#primaryimage\"},\"thumbnailUrl\":\"https:\\\/\\\/www.comll.cat\\\/es\\\/wp-content\\\/uploads\\\/sites\\\/3\\\/noticia-comll.jpg\",\"datePublished\":\"2019-04-17T09:44:49+00:00\",\"author\":{\"@id\":\"https:\\\/\\\/www.comll.cat\\\/es\\\/#\\\/schema\\\/person\\\/1c7bc4d83b35a927d680cfe0ec9120e0\"},\"breadcrumb\":{\"@id\":\"https:\\\/\\\/www.comll.cat\\\/es\\\/celebracio-el-13-de-juny-de-la-xxi-jornada-de-la-societat-catalana-de-qualitat-assistencial-a-lleida\\\/#breadcrumb\"},\"inLanguage\":\"es\",\"potentialAction\":[{\"@type\":\"ReadAction\",\"target\":[\"https:\\\/\\\/www.comll.cat\\\/es\\\/celebracio-el-13-de-juny-de-la-xxi-jornada-de-la-societat-catalana-de-qualitat-assistencial-a-lleida\\\/\"]}]},{\"@type\":\"ImageObject\",\"inLanguage\":\"es\",\"@id\":\"https:\\\/\\\/www.comll.cat\\\/es\\\/celebracio-el-13-de-juny-de-la-xxi-jornada-de-la-societat-catalana-de-qualitat-assistencial-a-lleida\\\/#primaryimage\",\"url\":\"https:\\\/\\\/www.comll.cat\\\/es\\\/wp-content\\\/uploads\\\/sites\\\/3\\\/noticia-comll.jpg\",\"contentUrl\":\"https:\\\/\\\/www.comll.cat\\\/es\\\/wp-content\\\/uploads\\\/sites\\\/3\\\/noticia-comll.jpg\",\"width\":1280,\"height\":900},{\"@type\":\"BreadcrumbList\",\"@id\":\"https:\\\/\\\/www.comll.cat\\\/es\\\/celebracio-el-13-de-juny-de-la-xxi-jornada-de-la-societat-catalana-de-qualitat-assistencial-a-lleida\\\/#breadcrumb\",\"itemListElement\":[{\"@type\":\"ListItem\",\"position\":1,\"name\":\"Portada\",\"item\":\"https:\\\/\\\/www.comll.cat\\\/es\\\/\"},{\"@type\":\"ListItem\",\"position\":2,\"name\":\"Celebraci\u00f3 el 13 de juny de la XXI Jornada de la Societat Catalana de Qualitat Assistencial a Lleida\"}]},{\"@type\":\"WebSite\",\"@id\":\"https:\\\/\\\/www.comll.cat\\\/es\\\/#website\",\"url\":\"https:\\\/\\\/www.comll.cat\\\/es\\\/\",\"name\":\"Col\u00b7legi Oficial de Metges de Lleida\",\"description\":\"COMLL\",\"potentialAction\":[{\"@type\":\"SearchAction\",\"target\":{\"@type\":\"EntryPoint\",\"urlTemplate\":\"https:\\\/\\\/www.comll.cat\\\/es\\\/?s={search_term_string}\"},\"query-input\":{\"@type\":\"PropertyValueSpecification\",\"valueRequired\":true,\"valueName\":\"search_term_string\"}}],\"inLanguage\":\"es\"},{\"@type\":\"Person\",\"@id\":\"https:\\\/\\\/www.comll.cat\\\/es\\\/#\\\/schema\\\/person\\\/1c7bc4d83b35a927d680cfe0ec9120e0\",\"name\":\"Albert\",\"image\":{\"@type\":\"ImageObject\",\"inLanguage\":\"es\",\"@id\":\"https:\\\/\\\/secure.gravatar.com\\\/avatar\\\/c1261138a5e7882394bd9001104fe7078a2d860997555a5353af4ef7bd38f6db?s=96&d=mm&r=g\",\"url\":\"https:\\\/\\\/secure.gravatar.com\\\/avatar\\\/c1261138a5e7882394bd9001104fe7078a2d860997555a5353af4ef7bd38f6db?s=96&d=mm&r=g\",\"contentUrl\":\"https:\\\/\\\/secure.gravatar.com\\\/avatar\\\/c1261138a5e7882394bd9001104fe7078a2d860997555a5353af4ef7bd38f6db?s=96&d=mm&r=g\",\"caption\":\"Albert\"},\"sameAs\":[\"https:\\\/\\\/www.comll.cat\"]}]}<\/script>\n<!-- \/ Yoast SEO plugin. -->","yoast_head_json":{"title":"Celebraci\u00f3 el 13 de juny de la XXI Jornada de la Societat Catalana de Qualitat Assistencial a Lleida - Col\u00b7legi Oficial de Metges de Lleida","robots":{"index":"index","follow":"follow","max-snippet":"max-snippet:-1","max-image-preview":"max-image-preview:large","max-video-preview":"max-video-preview:-1"},"canonical":"https:\/\/www.comll.cat\/es\/celebracio-el-13-de-juny-de-la-xxi-jornada-de-la-societat-catalana-de-qualitat-assistencial-a-lleida\/","og_locale":"es_ES","og_type":"article","og_title":"Celebraci\u00f3 el 13 de juny de la XXI Jornada de la Societat Catalana de Qualitat Assistencial a Lleida - Col\u00b7legi Oficial de Metges de Lleida","og_description":"La Societat Catalana de Qualitat Assistencial, en col\u00b7laboraci\u00f3 amb la Universitat de Lleida (UdL), organitza la seva XXI jornada, que...","og_url":"https:\/\/www.comll.cat\/es\/celebracio-el-13-de-juny-de-la-xxi-jornada-de-la-societat-catalana-de-qualitat-assistencial-a-lleida\/","og_site_name":"Col\u00b7legi Oficial de Metges de Lleida","article_published_time":"2019-04-17T09:44:49+00:00","og_image":[{"width":1280,"height":900,"url":"https:\/\/www.comll.cat\/es\/wp-content\/uploads\/sites\/3\/noticia-comll.jpg","type":"image\/jpeg"}],"author":"Albert","twitter_card":"summary_large_image","schema":{"@context":"https:\/\/schema.org","@graph":[{"@type":"Article","@id":"https:\/\/www.comll.cat\/es\/celebracio-el-13-de-juny-de-la-xxi-jornada-de-la-societat-catalana-de-qualitat-assistencial-a-lleida\/#article","isPartOf":{"@id":"https:\/\/www.comll.cat\/es\/celebracio-el-13-de-juny-de-la-xxi-jornada-de-la-societat-catalana-de-qualitat-assistencial-a-lleida\/"},"author":{"name":"Albert","@id":"https:\/\/www.comll.cat\/es\/#\/schema\/person\/1c7bc4d83b35a927d680cfe0ec9120e0"},"headline":"Celebraci\u00f3 el 13 de juny de la XXI Jornada de la Societat Catalana de Qualitat Assistencial a Lleida","datePublished":"2019-04-17T09:44:49+00:00","mainEntityOfPage":{"@id":"https:\/\/www.comll.cat\/es\/celebracio-el-13-de-juny-de-la-xxi-jornada-de-la-societat-catalana-de-qualitat-assistencial-a-lleida\/"},"wordCount":255,"image":{"@id":"https:\/\/www.comll.cat\/es\/celebracio-el-13-de-juny-de-la-xxi-jornada-de-la-societat-catalana-de-qualitat-assistencial-a-lleida\/#primaryimage"},"thumbnailUrl":"https:\/\/www.comll.cat\/es\/wp-content\/uploads\/sites\/3\/noticia-comll.jpg","articleSection":["Noticias"],"inLanguage":"es"},{"@type":"WebPage","@id":"https:\/\/www.comll.cat\/es\/celebracio-el-13-de-juny-de-la-xxi-jornada-de-la-societat-catalana-de-qualitat-assistencial-a-lleida\/","url":"https:\/\/www.comll.cat\/es\/celebracio-el-13-de-juny-de-la-xxi-jornada-de-la-societat-catalana-de-qualitat-assistencial-a-lleida\/","name":"Celebraci\u00f3 el 13 de juny de la XXI Jornada de la Societat Catalana de Qualitat Assistencial a Lleida - Col\u00b7legi Oficial de Metges de Lleida","isPartOf":{"@id":"https:\/\/www.comll.cat\/es\/#website"},"primaryImageOfPage":{"@id":"https:\/\/www.comll.cat\/es\/celebracio-el-13-de-juny-de-la-xxi-jornada-de-la-societat-catalana-de-qualitat-assistencial-a-lleida\/#primaryimage"},"image":{"@id":"https:\/\/www.comll.cat\/es\/celebracio-el-13-de-juny-de-la-xxi-jornada-de-la-societat-catalana-de-qualitat-assistencial-a-lleida\/#primaryimage"},"thumbnailUrl":"https:\/\/www.comll.cat\/es\/wp-content\/uploads\/sites\/3\/noticia-comll.jpg","datePublished":"2019-04-17T09:44:49+00:00","author":{"@id":"https:\/\/www.comll.cat\/es\/#\/schema\/person\/1c7bc4d83b35a927d680cfe0ec9120e0"},"breadcrumb":{"@id":"https:\/\/www.comll.cat\/es\/celebracio-el-13-de-juny-de-la-xxi-jornada-de-la-societat-catalana-de-qualitat-assistencial-a-lleida\/#breadcrumb"},"inLanguage":"es","potentialAction":[{"@type":"ReadAction","target":["https:\/\/www.comll.cat\/es\/celebracio-el-13-de-juny-de-la-xxi-jornada-de-la-societat-catalana-de-qualitat-assistencial-a-lleida\/"]}]},{"@type":"ImageObject","inLanguage":"es","@id":"https:\/\/www.comll.cat\/es\/celebracio-el-13-de-juny-de-la-xxi-jornada-de-la-societat-catalana-de-qualitat-assistencial-a-lleida\/#primaryimage","url":"https:\/\/www.comll.cat\/es\/wp-content\/uploads\/sites\/3\/noticia-comll.jpg","contentUrl":"https:\/\/www.comll.cat\/es\/wp-content\/uploads\/sites\/3\/noticia-comll.jpg","width":1280,"height":900},{"@type":"BreadcrumbList","@id":"https:\/\/www.comll.cat\/es\/celebracio-el-13-de-juny-de-la-xxi-jornada-de-la-societat-catalana-de-qualitat-assistencial-a-lleida\/#breadcrumb","itemListElement":[{"@type":"ListItem","position":1,"name":"Portada","item":"https:\/\/www.comll.cat\/es\/"},{"@type":"ListItem","position":2,"name":"Celebraci\u00f3 el 13 de juny de la XXI Jornada de la Societat Catalana de Qualitat Assistencial a Lleida"}]},{"@type":"WebSite","@id":"https:\/\/www.comll.cat\/es\/#website","url":"https:\/\/www.comll.cat\/es\/","name":"Col\u00b7legi Oficial de Metges de Lleida","description":"COMLL","potentialAction":[{"@type":"SearchAction","target":{"@type":"EntryPoint","urlTemplate":"https:\/\/www.comll.cat\/es\/?s={search_term_string}"},"query-input":{"@type":"PropertyValueSpecification","valueRequired":true,"valueName":"search_term_string"}}],"inLanguage":"es"},{"@type":"Person","@id":"https:\/\/www.comll.cat\/es\/#\/schema\/person\/1c7bc4d83b35a927d680cfe0ec9120e0","name":"Albert","image":{"@type":"ImageObject","inLanguage":"es","@id":"https:\/\/secure.gravatar.com\/avatar\/c1261138a5e7882394bd9001104fe7078a2d860997555a5353af4ef7bd38f6db?s=96&d=mm&r=g","url":"https:\/\/secure.gravatar.com\/avatar\/c1261138a5e7882394bd9001104fe7078a2d860997555a5353af4ef7bd38f6db?s=96&d=mm&r=g","contentUrl":"https:\/\/secure.gravatar.com\/avatar\/c1261138a5e7882394bd9001104fe7078a2d860997555a5353af4ef7bd38f6db?s=96&d=mm&r=g","caption":"Albert"},"sameAs":["https:\/\/www.comll.cat"]}]}},"publishpress_future_action":{"enabled":false,"date":"2026-05-01 04:35:40","action":"change-status","newStatus":"draft","terms":[],"taxonomy":"category","extraData":[]},"publishpress_future_workflow_manual_trigger":{"enabledWorkflows":[]},"_links":{"self":[{"href":"https:\/\/www.comll.cat\/es\/wp-json\/wp\/v2\/posts\/644","targetHints":{"allow":["GET"]}}],"collection":[{"href":"https:\/\/www.comll.cat\/es\/wp-json\/wp\/v2\/posts"}],"about":[{"href":"https:\/\/www.comll.cat\/es\/wp-json\/wp\/v2\/types\/post"}],"author":[{"embeddable":true,"href":"https:\/\/www.comll.cat\/es\/wp-json\/wp\/v2\/users\/1"}],"replies":[{"embeddable":true,"href":"https:\/\/www.comll.cat\/es\/wp-json\/wp\/v2\/comments?post=644"}],"version-history":[{"count":0,"href":"https:\/\/www.comll.cat\/es\/wp-json\/wp\/v2\/posts\/644\/revisions"}],"wp:featuredmedia":[{"embeddable":true,"href":"https:\/\/www.comll.cat\/es\/wp-json\/wp\/v2\/media\/430"}],"wp:attachment":[{"href":"https:\/\/www.comll.cat\/es\/wp-json\/wp\/v2\/media?parent=644"}],"wp:term":[{"taxonomy":"category","embeddable":true,"href":"https:\/\/www.comll.cat\/es\/wp-json\/wp\/v2\/categories?post=644"},{"taxonomy":"post_tag","embeddable":true,"href":"https:\/\/www.comll.cat\/es\/wp-json\/wp\/v2\/tags?post=644"}],"curies":[{"name":"wp","href":"https:\/\/api.w.org\/{rel}","templated":true}]}}