{"id":6439,"date":"2022-12-14T12:38:47","date_gmt":"2022-12-14T11:38:47","guid":{"rendered":"https:\/\/www.comll.cat\/es\/?p=6439"},"modified":"2022-12-14T12:39:57","modified_gmt":"2022-12-14T11:39:57","slug":"ii-premis-comll-2022-a-la-recerca-en-latencio-primaria-de-salut","status":"publish","type":"post","link":"https:\/\/www.comll.cat\/es\/ii-premis-comll-2022-a-la-recerca-en-latencio-primaria-de-salut\/","title":{"rendered":"II Premios COMLL 2022 a la investigaci\u00f3n en la atenci\u00f3n primaria de salud"},"content":{"rendered":"\n<p>El Colegio Oficial de M\u00e9dicos de Lleida (COMLL), con la colaboraci\u00f3n de IDIAPJGol\u00a0y el Institut Catal\u00e0 de la Salut Atenci\u00f3 Prim\u00e0ria Lleida, ha otorgado hoy sus II Premios\u00a0COMLL\u00a0a proyectos de investigaci\u00f3n en la Atenci\u00f3n Primaria de Salud 2022. El objetivo es incentivar la investigaci\u00f3n en el \u00e1mbito de la Atenci\u00f3n Primaria de Salud en Lleida.<\/p>\n\n\n\n<p><br>Tanto por parte de IDIAP\u00a0JGol\u00a0como por parte del\u00a0COMLL\u00a0se ha valorado con mucha ilusi\u00f3n estas ayudas por la Atenci\u00f3n Primaria, puesto que la mayor\u00eda de los premios se dirigen principalmente a m\u00e9dicos especialistas.<br>Han sido 10 los trabajos de investigaci\u00f3n presentados en esta convocatoria, en los que se han valorado sobre todo la aplicabilidad de las conclusiones. El jurado ha destacado los estudios realizados en la atenci\u00f3n primaria rural presentados y la importante presencia de residentes entre los participantes.<\/p>\n\n\n\n<p>Los dos premios, dotados cada uno con 1.500 \u20ac y la certificaci\u00f3n del logro del premio, han sido concedidos a la <strong>Dra. M. Dolors Rodrigo Claverol<\/strong>, por su \"<em>Estudio de eficacia de la terapia asistida con perros en poblaci\u00f3n infantil durante la extracci\u00f3n sangu\u00ednea o dental: Proyecto EXTRA-CAN<\/em>\", y al m\u00e9dico residente <strong>Dr. Pablo Gallego Nicol\u00e1s<\/strong>, por su trabajo \"<em>El grosor de la fascia plantar es un predictor de mal control de la diabetes mellitus tipo 2<\/em>\".<br><\/p>\n\n\n\n<p><\/p>\n","protected":false},"excerpt":{"rendered":"<p>El Colegio Oficial de M\u00e9dicos de Lleida (COMLL), con la colaboraci\u00f3n de IDIAPJGol\u00a0y el Institut Catal\u00e0 de la Salut Atenci\u00f3...<\/p>\n","protected":false},"author":4,"featured_media":6440,"comment_status":"closed","ping_status":"closed","sticky":false,"template":"","format":"standard","meta":{"_acf_changed":false,"inline_featured_image":false,"footnotes":""},"categories":[18],"tags":[260],"class_list":["post-6439","post","type-post","status-publish","format-standard","has-post-thumbnail","hentry","category-noticias","tag-premios-comll"],"acf":[],"yoast_head":"<!-- This site is optimized with the Yoast SEO plugin v27.5 - https:\/\/yoast.com\/product\/yoast-seo-wordpress\/ -->\n<title>II Premios COMLL 2022 a la investigaci\u00f3n en la atenci\u00f3n primaria de salud - Col\u00b7legi Oficial de Metges de Lleida<\/title>\n<meta name=\"robots\" content=\"index, follow, max-snippet:-1, max-image-preview:large, max-video-preview:-1\" \/>\n<link rel=\"canonical\" href=\"https:\/\/www.comll.cat\/es\/ii-premis-comll-2022-a-la-recerca-en-latencio-primaria-de-salut\/\" \/>\n<meta property=\"og:locale\" content=\"es_ES\" \/>\n<meta property=\"og:type\" content=\"article\" \/>\n<meta property=\"og:title\" content=\"II Premios COMLL 2022 a la investigaci\u00f3n en la atenci\u00f3n primaria de salud - Col\u00b7legi Oficial de Metges de Lleida\" \/>\n<meta property=\"og:description\" content=\"El Colegio Oficial de M\u00e9dicos de Lleida (COMLL), con la colaboraci\u00f3n de IDIAPJGol\u00a0y el Institut Catal\u00e0 de la Salut Atenci\u00f3...\" \/>\n<meta property=\"og:url\" content=\"https:\/\/www.comll.cat\/es\/ii-premis-comll-2022-a-la-recerca-en-latencio-primaria-de-salut\/\" \/>\n<meta property=\"og:site_name\" content=\"Col\u00b7legi Oficial de Metges de Lleida\" \/>\n<meta property=\"article:published_time\" content=\"2022-12-14T11:38:47+00:00\" \/>\n<meta property=\"article:modified_time\" content=\"2022-12-14T11:39:57+00:00\" \/>\n<meta property=\"og:image\" content=\"https:\/\/www.comll.cat\/es\/wp-content\/uploads\/sites\/3\/dscn0403web-e1671017357395.jpg\" \/>\n\t<meta property=\"og:image:width\" content=\"1541\" \/>\n\t<meta property=\"og:image:height\" content=\"1048\" \/>\n\t<meta property=\"og:image:type\" content=\"image\/jpeg\" \/>\n<meta name=\"author\" content=\"comll\" \/>\n<meta name=\"twitter:card\" content=\"summary_large_image\" \/>\n<script type=\"application\/ld+json\" class=\"yoast-schema-graph\">{\"@context\":\"https:\\\/\\\/schema.org\",\"@graph\":[{\"@type\":\"Article\",\"@id\":\"https:\\\/\\\/www.comll.cat\\\/es\\\/ii-premis-comll-2022-a-la-recerca-en-latencio-primaria-de-salut\\\/#article\",\"isPartOf\":{\"@id\":\"https:\\\/\\\/www.comll.cat\\\/es\\\/ii-premis-comll-2022-a-la-recerca-en-latencio-primaria-de-salut\\\/\"},\"author\":{\"name\":\"comll\",\"@id\":\"https:\\\/\\\/www.comll.cat\\\/es\\\/#\\\/schema\\\/person\\\/4013951a5e98fc334e3cbb7aea9bdf48\"},\"headline\":\"II Premios COMLL 2022 a la investigaci\u00f3n en la atenci\u00f3n primaria de salud\",\"datePublished\":\"2022-12-14T11:38:47+00:00\",\"dateModified\":\"2022-12-14T11:39:57+00:00\",\"mainEntityOfPage\":{\"@id\":\"https:\\\/\\\/www.comll.cat\\\/es\\\/ii-premis-comll-2022-a-la-recerca-en-latencio-primaria-de-salut\\\/\"},\"wordCount\":245,\"image\":{\"@id\":\"https:\\\/\\\/www.comll.cat\\\/es\\\/ii-premis-comll-2022-a-la-recerca-en-latencio-primaria-de-salut\\\/#primaryimage\"},\"thumbnailUrl\":\"https:\\\/\\\/www.comll.cat\\\/es\\\/wp-content\\\/uploads\\\/sites\\\/3\\\/dscn0403web-e1671017357395.jpg\",\"keywords\":[\"premios comll\"],\"articleSection\":[\"Noticias\"],\"inLanguage\":\"es\"},{\"@type\":\"WebPage\",\"@id\":\"https:\\\/\\\/www.comll.cat\\\/es\\\/ii-premis-comll-2022-a-la-recerca-en-latencio-primaria-de-salut\\\/\",\"url\":\"https:\\\/\\\/www.comll.cat\\\/es\\\/ii-premis-comll-2022-a-la-recerca-en-latencio-primaria-de-salut\\\/\",\"name\":\"II Premios COMLL 2022 a la investigaci\u00f3n en la atenci\u00f3n primaria de salud - Col\u00b7legi Oficial de Metges de Lleida\",\"isPartOf\":{\"@id\":\"https:\\\/\\\/www.comll.cat\\\/es\\\/#website\"},\"primaryImageOfPage\":{\"@id\":\"https:\\\/\\\/www.comll.cat\\\/es\\\/ii-premis-comll-2022-a-la-recerca-en-latencio-primaria-de-salut\\\/#primaryimage\"},\"image\":{\"@id\":\"https:\\\/\\\/www.comll.cat\\\/es\\\/ii-premis-comll-2022-a-la-recerca-en-latencio-primaria-de-salut\\\/#primaryimage\"},\"thumbnailUrl\":\"https:\\\/\\\/www.comll.cat\\\/es\\\/wp-content\\\/uploads\\\/sites\\\/3\\\/dscn0403web-e1671017357395.jpg\",\"datePublished\":\"2022-12-14T11:38:47+00:00\",\"dateModified\":\"2022-12-14T11:39:57+00:00\",\"author\":{\"@id\":\"https:\\\/\\\/www.comll.cat\\\/es\\\/#\\\/schema\\\/person\\\/4013951a5e98fc334e3cbb7aea9bdf48\"},\"breadcrumb\":{\"@id\":\"https:\\\/\\\/www.comll.cat\\\/es\\\/ii-premis-comll-2022-a-la-recerca-en-latencio-primaria-de-salut\\\/#breadcrumb\"},\"inLanguage\":\"es\",\"potentialAction\":[{\"@type\":\"ReadAction\",\"target\":[\"https:\\\/\\\/www.comll.cat\\\/es\\\/ii-premis-comll-2022-a-la-recerca-en-latencio-primaria-de-salut\\\/\"]}]},{\"@type\":\"ImageObject\",\"inLanguage\":\"es\",\"@id\":\"https:\\\/\\\/www.comll.cat\\\/es\\\/ii-premis-comll-2022-a-la-recerca-en-latencio-primaria-de-salut\\\/#primaryimage\",\"url\":\"https:\\\/\\\/www.comll.cat\\\/es\\\/wp-content\\\/uploads\\\/sites\\\/3\\\/dscn0403web-e1671017357395.jpg\",\"contentUrl\":\"https:\\\/\\\/www.comll.cat\\\/es\\\/wp-content\\\/uploads\\\/sites\\\/3\\\/dscn0403web-e1671017357395.jpg\",\"width\":1541,\"height\":1048},{\"@type\":\"BreadcrumbList\",\"@id\":\"https:\\\/\\\/www.comll.cat\\\/es\\\/ii-premis-comll-2022-a-la-recerca-en-latencio-primaria-de-salut\\\/#breadcrumb\",\"itemListElement\":[{\"@type\":\"ListItem\",\"position\":1,\"name\":\"Portada\",\"item\":\"https:\\\/\\\/www.comll.cat\\\/es\\\/\"},{\"@type\":\"ListItem\",\"position\":2,\"name\":\"II Premios COMLL 2022 a la investigaci\u00f3n en la atenci\u00f3n primaria de salud\"}]},{\"@type\":\"WebSite\",\"@id\":\"https:\\\/\\\/www.comll.cat\\\/es\\\/#website\",\"url\":\"https:\\\/\\\/www.comll.cat\\\/es\\\/\",\"name\":\"Col\u00b7legi Oficial de Metges de Lleida\",\"description\":\"COMLL\",\"potentialAction\":[{\"@type\":\"SearchAction\",\"target\":{\"@type\":\"EntryPoint\",\"urlTemplate\":\"https:\\\/\\\/www.comll.cat\\\/es\\\/?s={search_term_string}\"},\"query-input\":{\"@type\":\"PropertyValueSpecification\",\"valueRequired\":true,\"valueName\":\"search_term_string\"}}],\"inLanguage\":\"es\"},{\"@type\":\"Person\",\"@id\":\"https:\\\/\\\/www.comll.cat\\\/es\\\/#\\\/schema\\\/person\\\/4013951a5e98fc334e3cbb7aea9bdf48\",\"name\":\"comll\",\"image\":{\"@type\":\"ImageObject\",\"inLanguage\":\"es\",\"@id\":\"https:\\\/\\\/secure.gravatar.com\\\/avatar\\\/7d9c56d88c214c8f2f1e594a299566f5bebc17cb9d23743059ec64bf40926d5e?s=96&d=mm&r=g\",\"url\":\"https:\\\/\\\/secure.gravatar.com\\\/avatar\\\/7d9c56d88c214c8f2f1e594a299566f5bebc17cb9d23743059ec64bf40926d5e?s=96&d=mm&r=g\",\"contentUrl\":\"https:\\\/\\\/secure.gravatar.com\\\/avatar\\\/7d9c56d88c214c8f2f1e594a299566f5bebc17cb9d23743059ec64bf40926d5e?s=96&d=mm&r=g\",\"caption\":\"comll\"}}]}<\/script>\n<!-- \/ Yoast SEO plugin. -->","yoast_head_json":{"title":"II Premios COMLL 2022 a la investigaci\u00f3n en la atenci\u00f3n primaria de salud - Col\u00b7legi Oficial de Metges de Lleida","robots":{"index":"index","follow":"follow","max-snippet":"max-snippet:-1","max-image-preview":"max-image-preview:large","max-video-preview":"max-video-preview:-1"},"canonical":"https:\/\/www.comll.cat\/es\/ii-premis-comll-2022-a-la-recerca-en-latencio-primaria-de-salut\/","og_locale":"es_ES","og_type":"article","og_title":"II Premios COMLL 2022 a la investigaci\u00f3n en la atenci\u00f3n primaria de salud - Col\u00b7legi Oficial de Metges de Lleida","og_description":"El Colegio Oficial de M\u00e9dicos de Lleida (COMLL), con la colaboraci\u00f3n de IDIAPJGol\u00a0y el Institut Catal\u00e0 de la Salut Atenci\u00f3...","og_url":"https:\/\/www.comll.cat\/es\/ii-premis-comll-2022-a-la-recerca-en-latencio-primaria-de-salut\/","og_site_name":"Col\u00b7legi Oficial de Metges de Lleida","article_published_time":"2022-12-14T11:38:47+00:00","article_modified_time":"2022-12-14T11:39:57+00:00","og_image":[{"width":1541,"height":1048,"url":"https:\/\/www.comll.cat\/es\/wp-content\/uploads\/sites\/3\/dscn0403web-e1671017357395.jpg","type":"image\/jpeg"}],"author":"comll","twitter_card":"summary_large_image","schema":{"@context":"https:\/\/schema.org","@graph":[{"@type":"Article","@id":"https:\/\/www.comll.cat\/es\/ii-premis-comll-2022-a-la-recerca-en-latencio-primaria-de-salut\/#article","isPartOf":{"@id":"https:\/\/www.comll.cat\/es\/ii-premis-comll-2022-a-la-recerca-en-latencio-primaria-de-salut\/"},"author":{"name":"comll","@id":"https:\/\/www.comll.cat\/es\/#\/schema\/person\/4013951a5e98fc334e3cbb7aea9bdf48"},"headline":"II Premios COMLL 2022 a la investigaci\u00f3n en la atenci\u00f3n primaria de salud","datePublished":"2022-12-14T11:38:47+00:00","dateModified":"2022-12-14T11:39:57+00:00","mainEntityOfPage":{"@id":"https:\/\/www.comll.cat\/es\/ii-premis-comll-2022-a-la-recerca-en-latencio-primaria-de-salut\/"},"wordCount":245,"image":{"@id":"https:\/\/www.comll.cat\/es\/ii-premis-comll-2022-a-la-recerca-en-latencio-primaria-de-salut\/#primaryimage"},"thumbnailUrl":"https:\/\/www.comll.cat\/es\/wp-content\/uploads\/sites\/3\/dscn0403web-e1671017357395.jpg","keywords":["premios comll"],"articleSection":["Noticias"],"inLanguage":"es"},{"@type":"WebPage","@id":"https:\/\/www.comll.cat\/es\/ii-premis-comll-2022-a-la-recerca-en-latencio-primaria-de-salut\/","url":"https:\/\/www.comll.cat\/es\/ii-premis-comll-2022-a-la-recerca-en-latencio-primaria-de-salut\/","name":"II Premios COMLL 2022 a la investigaci\u00f3n en la atenci\u00f3n primaria de salud - Col\u00b7legi Oficial de Metges de Lleida","isPartOf":{"@id":"https:\/\/www.comll.cat\/es\/#website"},"primaryImageOfPage":{"@id":"https:\/\/www.comll.cat\/es\/ii-premis-comll-2022-a-la-recerca-en-latencio-primaria-de-salut\/#primaryimage"},"image":{"@id":"https:\/\/www.comll.cat\/es\/ii-premis-comll-2022-a-la-recerca-en-latencio-primaria-de-salut\/#primaryimage"},"thumbnailUrl":"https:\/\/www.comll.cat\/es\/wp-content\/uploads\/sites\/3\/dscn0403web-e1671017357395.jpg","datePublished":"2022-12-14T11:38:47+00:00","dateModified":"2022-12-14T11:39:57+00:00","author":{"@id":"https:\/\/www.comll.cat\/es\/#\/schema\/person\/4013951a5e98fc334e3cbb7aea9bdf48"},"breadcrumb":{"@id":"https:\/\/www.comll.cat\/es\/ii-premis-comll-2022-a-la-recerca-en-latencio-primaria-de-salut\/#breadcrumb"},"inLanguage":"es","potentialAction":[{"@type":"ReadAction","target":["https:\/\/www.comll.cat\/es\/ii-premis-comll-2022-a-la-recerca-en-latencio-primaria-de-salut\/"]}]},{"@type":"ImageObject","inLanguage":"es","@id":"https:\/\/www.comll.cat\/es\/ii-premis-comll-2022-a-la-recerca-en-latencio-primaria-de-salut\/#primaryimage","url":"https:\/\/www.comll.cat\/es\/wp-content\/uploads\/sites\/3\/dscn0403web-e1671017357395.jpg","contentUrl":"https:\/\/www.comll.cat\/es\/wp-content\/uploads\/sites\/3\/dscn0403web-e1671017357395.jpg","width":1541,"height":1048},{"@type":"BreadcrumbList","@id":"https:\/\/www.comll.cat\/es\/ii-premis-comll-2022-a-la-recerca-en-latencio-primaria-de-salut\/#breadcrumb","itemListElement":[{"@type":"ListItem","position":1,"name":"Portada","item":"https:\/\/www.comll.cat\/es\/"},{"@type":"ListItem","position":2,"name":"II Premios COMLL 2022 a la investigaci\u00f3n en la atenci\u00f3n primaria de salud"}]},{"@type":"WebSite","@id":"https:\/\/www.comll.cat\/es\/#website","url":"https:\/\/www.comll.cat\/es\/","name":"Col\u00b7legi Oficial de Metges de Lleida","description":"COMLL","potentialAction":[{"@type":"SearchAction","target":{"@type":"EntryPoint","urlTemplate":"https:\/\/www.comll.cat\/es\/?s={search_term_string}"},"query-input":{"@type":"PropertyValueSpecification","valueRequired":true,"valueName":"search_term_string"}}],"inLanguage":"es"},{"@type":"Person","@id":"https:\/\/www.comll.cat\/es\/#\/schema\/person\/4013951a5e98fc334e3cbb7aea9bdf48","name":"comll","image":{"@type":"ImageObject","inLanguage":"es","@id":"https:\/\/secure.gravatar.com\/avatar\/7d9c56d88c214c8f2f1e594a299566f5bebc17cb9d23743059ec64bf40926d5e?s=96&d=mm&r=g","url":"https:\/\/secure.gravatar.com\/avatar\/7d9c56d88c214c8f2f1e594a299566f5bebc17cb9d23743059ec64bf40926d5e?s=96&d=mm&r=g","contentUrl":"https:\/\/secure.gravatar.com\/avatar\/7d9c56d88c214c8f2f1e594a299566f5bebc17cb9d23743059ec64bf40926d5e?s=96&d=mm&r=g","caption":"comll"}}]}},"publishpress_future_action":{"enabled":false,"date":"2026-05-02 13:37:52","action":"change-status","newStatus":"draft","terms":[],"taxonomy":"category","extraData":[]},"publishpress_future_workflow_manual_trigger":{"enabledWorkflows":[]},"_links":{"self":[{"href":"https:\/\/www.comll.cat\/es\/wp-json\/wp\/v2\/posts\/6439","targetHints":{"allow":["GET"]}}],"collection":[{"href":"https:\/\/www.comll.cat\/es\/wp-json\/wp\/v2\/posts"}],"about":[{"href":"https:\/\/www.comll.cat\/es\/wp-json\/wp\/v2\/types\/post"}],"author":[{"embeddable":true,"href":"https:\/\/www.comll.cat\/es\/wp-json\/wp\/v2\/users\/4"}],"replies":[{"embeddable":true,"href":"https:\/\/www.comll.cat\/es\/wp-json\/wp\/v2\/comments?post=6439"}],"version-history":[{"count":3,"href":"https:\/\/www.comll.cat\/es\/wp-json\/wp\/v2\/posts\/6439\/revisions"}],"predecessor-version":[{"id":6443,"href":"https:\/\/www.comll.cat\/es\/wp-json\/wp\/v2\/posts\/6439\/revisions\/6443"}],"wp:featuredmedia":[{"embeddable":true,"href":"https:\/\/www.comll.cat\/es\/wp-json\/wp\/v2\/media\/6440"}],"wp:attachment":[{"href":"https:\/\/www.comll.cat\/es\/wp-json\/wp\/v2\/media?parent=6439"}],"wp:term":[{"taxonomy":"category","embeddable":true,"href":"https:\/\/www.comll.cat\/es\/wp-json\/wp\/v2\/categories?post=6439"},{"taxonomy":"post_tag","embeddable":true,"href":"https:\/\/www.comll.cat\/es\/wp-json\/wp\/v2\/tags?post=6439"}],"curies":[{"name":"wp","href":"https:\/\/api.w.org\/{rel}","templated":true}]}}