{"id":641,"date":"2019-04-17T11:24:39","date_gmt":"2019-04-17T09:24:39","guid":{"rendered":"https:\/\/www.comll.cat\/la-separ-alerta-que-hi-ha-una-manca-de-proveiment-en-els-darrers-mesos-dels-farmacs-utilitzats-en-el-tractament-de-la-tuberculosi\/"},"modified":"2019-04-17T11:24:39","modified_gmt":"2019-04-17T09:24:39","slug":"la-separ-alerta-que-hi-ha-una-manca-de-proveiment-en-els-darrers-mesos-dels-farmacs-utilitzats-en-el-tractament-de-la-tuberculosi","status":"publish","type":"post","link":"https:\/\/www.comll.cat\/es\/la-separ-alerta-que-hi-ha-una-manca-de-proveiment-en-els-darrers-mesos-dels-farmacs-utilitzats-en-el-tractament-de-la-tuberculosi\/","title":{"rendered":"La SEPAR alerta que hi ha una manca de prove\u00efment en els darrers mesos dels f\u00e0rmacs utilitzats en el tractament de la tuberculosi"},"content":{"rendered":"<p>La Societat Espanyola de Pneumologia i Cirurgia Tor\u00e0cica (SEPAR) alerta que es produeix una manca de prove\u00efment en els \u00faltims mesos dels f\u00e0rmacs utilitzats en el tractament habitual de la tuberculosi a Espanya. El desprove\u00efment pot provocar conseq\u00fc\u00e8ncies en els pacients, el seu entorn i en la salut p\u00fablica si es perllonga.<\/p>\n<p>D\u2019acord amb la recomanaci\u00f3 de les guies cl\u00edniques, el tractament actual i est\u00e0ndard de la tuberculosi es basa en la combinaci\u00f3 de quatre medicament durant dos mesos i en la combinaci\u00f3 de dos d\u2019ells al llarg de quatre mesos m\u00e9s. La interrupci\u00f3 prematura del tractament pot suposar que la malaltia derivi cap a una tuberculosi resistent.<\/p>\n<p>La tuberculosi resistent \u00e9s molt m\u00e9s dif\u00edcil de tractar i curar, ja que els pacients han de seguir un tractament m\u00e9s llarg, amb medicaments m\u00e9s cars i menys efectius. Per aquest motiu, la SEPAR reclama que es restableixi el prove\u00efment dels f\u00e0rmacs i que s\u2019adoptin les mesures necess\u00e0ries perqu\u00e8 no es repeteixi aquesta situaci\u00f3.<\/p>\n<p>M\u00e9s informaci\u00f3, a\u00a0<a href=\"http:\/\/medicosypacientes.com\"><em>medicosypacientes.com\u00a0<\/em><\/a><\/p>\n","protected":false},"excerpt":{"rendered":"<p>La Societat Espanyola de Pneumologia i Cirurgia Tor\u00e0cica (SEPAR) alerta que es produeix una manca de prove\u00efment en els \u00faltims...<\/p>\n","protected":false},"author":1,"featured_media":421,"comment_status":"closed","ping_status":"closed","sticky":false,"template":"","format":"standard","meta":{"_acf_changed":false,"inline_featured_image":false,"footnotes":""},"categories":[18],"tags":[],"class_list":["post-641","post","type-post","status-publish","format-standard","has-post-thumbnail","hentry","category-noticias"],"acf":[],"yoast_head":"<!-- This site is optimized with the Yoast SEO plugin v27.5 - https:\/\/yoast.com\/product\/yoast-seo-wordpress\/ -->\n<title>La SEPAR alerta que hi ha una manca de prove\u00efment en els darrers mesos dels f\u00e0rmacs utilitzats en el tractament de la tuberculosi - Col\u00b7legi Oficial de Metges de Lleida<\/title>\n<meta name=\"robots\" content=\"index, follow, max-snippet:-1, max-image-preview:large, max-video-preview:-1\" \/>\n<link rel=\"canonical\" href=\"https:\/\/www.comll.cat\/es\/la-separ-alerta-que-hi-ha-una-manca-de-proveiment-en-els-darrers-mesos-dels-farmacs-utilitzats-en-el-tractament-de-la-tuberculosi\/\" \/>\n<meta property=\"og:locale\" content=\"es_ES\" \/>\n<meta property=\"og:type\" content=\"article\" \/>\n<meta property=\"og:title\" content=\"La SEPAR alerta que hi ha una manca de prove\u00efment en els darrers mesos dels f\u00e0rmacs utilitzats en el tractament de la tuberculosi - Col\u00b7legi Oficial de Metges de Lleida\" \/>\n<meta property=\"og:description\" content=\"La Societat Espanyola de Pneumologia i Cirurgia Tor\u00e0cica (SEPAR) alerta que es produeix una manca de prove\u00efment en els \u00faltims...\" \/>\n<meta property=\"og:url\" content=\"https:\/\/www.comll.cat\/es\/la-separ-alerta-que-hi-ha-una-manca-de-proveiment-en-els-darrers-mesos-dels-farmacs-utilitzats-en-el-tractament-de-la-tuberculosi\/\" \/>\n<meta property=\"og:site_name\" content=\"Col\u00b7legi Oficial de Metges de Lleida\" \/>\n<meta property=\"article:published_time\" content=\"2019-04-17T09:24:39+00:00\" \/>\n<meta property=\"og:image\" content=\"https:\/\/www.comll.cat\/es\/wp-content\/uploads\/sites\/3\/news-form-comll.jpg\" \/>\n\t<meta property=\"og:image:width\" content=\"1280\" \/>\n\t<meta property=\"og:image:height\" content=\"900\" \/>\n\t<meta property=\"og:image:type\" content=\"image\/jpeg\" \/>\n<meta name=\"author\" content=\"Albert\" \/>\n<meta name=\"twitter:card\" content=\"summary_large_image\" \/>\n<script type=\"application\/ld+json\" class=\"yoast-schema-graph\">{\"@context\":\"https:\\\/\\\/schema.org\",\"@graph\":[{\"@type\":\"Article\",\"@id\":\"https:\\\/\\\/www.comll.cat\\\/es\\\/la-separ-alerta-que-hi-ha-una-manca-de-proveiment-en-els-darrers-mesos-dels-farmacs-utilitzats-en-el-tractament-de-la-tuberculosi\\\/#article\",\"isPartOf\":{\"@id\":\"https:\\\/\\\/www.comll.cat\\\/es\\\/la-separ-alerta-que-hi-ha-una-manca-de-proveiment-en-els-darrers-mesos-dels-farmacs-utilitzats-en-el-tractament-de-la-tuberculosi\\\/\"},\"author\":{\"name\":\"Albert\",\"@id\":\"https:\\\/\\\/www.comll.cat\\\/es\\\/#\\\/schema\\\/person\\\/1c7bc4d83b35a927d680cfe0ec9120e0\"},\"headline\":\"La SEPAR alerta que hi ha una manca de prove\u00efment en els darrers mesos dels f\u00e0rmacs utilitzats en el tractament de la tuberculosi\",\"datePublished\":\"2019-04-17T09:24:39+00:00\",\"mainEntityOfPage\":{\"@id\":\"https:\\\/\\\/www.comll.cat\\\/es\\\/la-separ-alerta-que-hi-ha-una-manca-de-proveiment-en-els-darrers-mesos-dels-farmacs-utilitzats-en-el-tractament-de-la-tuberculosi\\\/\"},\"wordCount\":212,\"image\":{\"@id\":\"https:\\\/\\\/www.comll.cat\\\/es\\\/la-separ-alerta-que-hi-ha-una-manca-de-proveiment-en-els-darrers-mesos-dels-farmacs-utilitzats-en-el-tractament-de-la-tuberculosi\\\/#primaryimage\"},\"thumbnailUrl\":\"https:\\\/\\\/www.comll.cat\\\/es\\\/wp-content\\\/uploads\\\/sites\\\/3\\\/news-form-comll.jpg\",\"articleSection\":[\"Noticias\"],\"inLanguage\":\"es\"},{\"@type\":\"WebPage\",\"@id\":\"https:\\\/\\\/www.comll.cat\\\/es\\\/la-separ-alerta-que-hi-ha-una-manca-de-proveiment-en-els-darrers-mesos-dels-farmacs-utilitzats-en-el-tractament-de-la-tuberculosi\\\/\",\"url\":\"https:\\\/\\\/www.comll.cat\\\/es\\\/la-separ-alerta-que-hi-ha-una-manca-de-proveiment-en-els-darrers-mesos-dels-farmacs-utilitzats-en-el-tractament-de-la-tuberculosi\\\/\",\"name\":\"La SEPAR alerta que hi ha una manca de prove\u00efment en els darrers mesos dels f\u00e0rmacs utilitzats en el tractament de la tuberculosi - Col\u00b7legi Oficial de Metges de Lleida\",\"isPartOf\":{\"@id\":\"https:\\\/\\\/www.comll.cat\\\/es\\\/#website\"},\"primaryImageOfPage\":{\"@id\":\"https:\\\/\\\/www.comll.cat\\\/es\\\/la-separ-alerta-que-hi-ha-una-manca-de-proveiment-en-els-darrers-mesos-dels-farmacs-utilitzats-en-el-tractament-de-la-tuberculosi\\\/#primaryimage\"},\"image\":{\"@id\":\"https:\\\/\\\/www.comll.cat\\\/es\\\/la-separ-alerta-que-hi-ha-una-manca-de-proveiment-en-els-darrers-mesos-dels-farmacs-utilitzats-en-el-tractament-de-la-tuberculosi\\\/#primaryimage\"},\"thumbnailUrl\":\"https:\\\/\\\/www.comll.cat\\\/es\\\/wp-content\\\/uploads\\\/sites\\\/3\\\/news-form-comll.jpg\",\"datePublished\":\"2019-04-17T09:24:39+00:00\",\"author\":{\"@id\":\"https:\\\/\\\/www.comll.cat\\\/es\\\/#\\\/schema\\\/person\\\/1c7bc4d83b35a927d680cfe0ec9120e0\"},\"breadcrumb\":{\"@id\":\"https:\\\/\\\/www.comll.cat\\\/es\\\/la-separ-alerta-que-hi-ha-una-manca-de-proveiment-en-els-darrers-mesos-dels-farmacs-utilitzats-en-el-tractament-de-la-tuberculosi\\\/#breadcrumb\"},\"inLanguage\":\"es\",\"potentialAction\":[{\"@type\":\"ReadAction\",\"target\":[\"https:\\\/\\\/www.comll.cat\\\/es\\\/la-separ-alerta-que-hi-ha-una-manca-de-proveiment-en-els-darrers-mesos-dels-farmacs-utilitzats-en-el-tractament-de-la-tuberculosi\\\/\"]}]},{\"@type\":\"ImageObject\",\"inLanguage\":\"es\",\"@id\":\"https:\\\/\\\/www.comll.cat\\\/es\\\/la-separ-alerta-que-hi-ha-una-manca-de-proveiment-en-els-darrers-mesos-dels-farmacs-utilitzats-en-el-tractament-de-la-tuberculosi\\\/#primaryimage\",\"url\":\"https:\\\/\\\/www.comll.cat\\\/es\\\/wp-content\\\/uploads\\\/sites\\\/3\\\/news-form-comll.jpg\",\"contentUrl\":\"https:\\\/\\\/www.comll.cat\\\/es\\\/wp-content\\\/uploads\\\/sites\\\/3\\\/news-form-comll.jpg\",\"width\":1280,\"height\":900},{\"@type\":\"BreadcrumbList\",\"@id\":\"https:\\\/\\\/www.comll.cat\\\/es\\\/la-separ-alerta-que-hi-ha-una-manca-de-proveiment-en-els-darrers-mesos-dels-farmacs-utilitzats-en-el-tractament-de-la-tuberculosi\\\/#breadcrumb\",\"itemListElement\":[{\"@type\":\"ListItem\",\"position\":1,\"name\":\"Portada\",\"item\":\"https:\\\/\\\/www.comll.cat\\\/es\\\/\"},{\"@type\":\"ListItem\",\"position\":2,\"name\":\"La SEPAR alerta que hi ha una manca de prove\u00efment en els darrers mesos dels f\u00e0rmacs utilitzats en el tractament de la tuberculosi\"}]},{\"@type\":\"WebSite\",\"@id\":\"https:\\\/\\\/www.comll.cat\\\/es\\\/#website\",\"url\":\"https:\\\/\\\/www.comll.cat\\\/es\\\/\",\"name\":\"Col\u00b7legi Oficial de Metges de Lleida\",\"description\":\"COMLL\",\"potentialAction\":[{\"@type\":\"SearchAction\",\"target\":{\"@type\":\"EntryPoint\",\"urlTemplate\":\"https:\\\/\\\/www.comll.cat\\\/es\\\/?s={search_term_string}\"},\"query-input\":{\"@type\":\"PropertyValueSpecification\",\"valueRequired\":true,\"valueName\":\"search_term_string\"}}],\"inLanguage\":\"es\"},{\"@type\":\"Person\",\"@id\":\"https:\\\/\\\/www.comll.cat\\\/es\\\/#\\\/schema\\\/person\\\/1c7bc4d83b35a927d680cfe0ec9120e0\",\"name\":\"Albert\",\"image\":{\"@type\":\"ImageObject\",\"inLanguage\":\"es\",\"@id\":\"https:\\\/\\\/secure.gravatar.com\\\/avatar\\\/c1261138a5e7882394bd9001104fe7078a2d860997555a5353af4ef7bd38f6db?s=96&d=mm&r=g\",\"url\":\"https:\\\/\\\/secure.gravatar.com\\\/avatar\\\/c1261138a5e7882394bd9001104fe7078a2d860997555a5353af4ef7bd38f6db?s=96&d=mm&r=g\",\"contentUrl\":\"https:\\\/\\\/secure.gravatar.com\\\/avatar\\\/c1261138a5e7882394bd9001104fe7078a2d860997555a5353af4ef7bd38f6db?s=96&d=mm&r=g\",\"caption\":\"Albert\"},\"sameAs\":[\"https:\\\/\\\/www.comll.cat\"]}]}<\/script>\n<!-- \/ Yoast SEO plugin. -->","yoast_head_json":{"title":"La SEPAR alerta que hi ha una manca de prove\u00efment en els darrers mesos dels f\u00e0rmacs utilitzats en el tractament de la tuberculosi - Col\u00b7legi Oficial de Metges de Lleida","robots":{"index":"index","follow":"follow","max-snippet":"max-snippet:-1","max-image-preview":"max-image-preview:large","max-video-preview":"max-video-preview:-1"},"canonical":"https:\/\/www.comll.cat\/es\/la-separ-alerta-que-hi-ha-una-manca-de-proveiment-en-els-darrers-mesos-dels-farmacs-utilitzats-en-el-tractament-de-la-tuberculosi\/","og_locale":"es_ES","og_type":"article","og_title":"La SEPAR alerta que hi ha una manca de prove\u00efment en els darrers mesos dels f\u00e0rmacs utilitzats en el tractament de la tuberculosi - Col\u00b7legi Oficial de Metges de Lleida","og_description":"La Societat Espanyola de Pneumologia i Cirurgia Tor\u00e0cica (SEPAR) alerta que es produeix una manca de prove\u00efment en els \u00faltims...","og_url":"https:\/\/www.comll.cat\/es\/la-separ-alerta-que-hi-ha-una-manca-de-proveiment-en-els-darrers-mesos-dels-farmacs-utilitzats-en-el-tractament-de-la-tuberculosi\/","og_site_name":"Col\u00b7legi Oficial de Metges de Lleida","article_published_time":"2019-04-17T09:24:39+00:00","og_image":[{"width":1280,"height":900,"url":"https:\/\/www.comll.cat\/es\/wp-content\/uploads\/sites\/3\/news-form-comll.jpg","type":"image\/jpeg"}],"author":"Albert","twitter_card":"summary_large_image","schema":{"@context":"https:\/\/schema.org","@graph":[{"@type":"Article","@id":"https:\/\/www.comll.cat\/es\/la-separ-alerta-que-hi-ha-una-manca-de-proveiment-en-els-darrers-mesos-dels-farmacs-utilitzats-en-el-tractament-de-la-tuberculosi\/#article","isPartOf":{"@id":"https:\/\/www.comll.cat\/es\/la-separ-alerta-que-hi-ha-una-manca-de-proveiment-en-els-darrers-mesos-dels-farmacs-utilitzats-en-el-tractament-de-la-tuberculosi\/"},"author":{"name":"Albert","@id":"https:\/\/www.comll.cat\/es\/#\/schema\/person\/1c7bc4d83b35a927d680cfe0ec9120e0"},"headline":"La SEPAR alerta que hi ha una manca de prove\u00efment en els darrers mesos dels f\u00e0rmacs utilitzats en el tractament de la tuberculosi","datePublished":"2019-04-17T09:24:39+00:00","mainEntityOfPage":{"@id":"https:\/\/www.comll.cat\/es\/la-separ-alerta-que-hi-ha-una-manca-de-proveiment-en-els-darrers-mesos-dels-farmacs-utilitzats-en-el-tractament-de-la-tuberculosi\/"},"wordCount":212,"image":{"@id":"https:\/\/www.comll.cat\/es\/la-separ-alerta-que-hi-ha-una-manca-de-proveiment-en-els-darrers-mesos-dels-farmacs-utilitzats-en-el-tractament-de-la-tuberculosi\/#primaryimage"},"thumbnailUrl":"https:\/\/www.comll.cat\/es\/wp-content\/uploads\/sites\/3\/news-form-comll.jpg","articleSection":["Noticias"],"inLanguage":"es"},{"@type":"WebPage","@id":"https:\/\/www.comll.cat\/es\/la-separ-alerta-que-hi-ha-una-manca-de-proveiment-en-els-darrers-mesos-dels-farmacs-utilitzats-en-el-tractament-de-la-tuberculosi\/","url":"https:\/\/www.comll.cat\/es\/la-separ-alerta-que-hi-ha-una-manca-de-proveiment-en-els-darrers-mesos-dels-farmacs-utilitzats-en-el-tractament-de-la-tuberculosi\/","name":"La SEPAR alerta que hi ha una manca de prove\u00efment en els darrers mesos dels f\u00e0rmacs utilitzats en el tractament de la tuberculosi - Col\u00b7legi Oficial de Metges de Lleida","isPartOf":{"@id":"https:\/\/www.comll.cat\/es\/#website"},"primaryImageOfPage":{"@id":"https:\/\/www.comll.cat\/es\/la-separ-alerta-que-hi-ha-una-manca-de-proveiment-en-els-darrers-mesos-dels-farmacs-utilitzats-en-el-tractament-de-la-tuberculosi\/#primaryimage"},"image":{"@id":"https:\/\/www.comll.cat\/es\/la-separ-alerta-que-hi-ha-una-manca-de-proveiment-en-els-darrers-mesos-dels-farmacs-utilitzats-en-el-tractament-de-la-tuberculosi\/#primaryimage"},"thumbnailUrl":"https:\/\/www.comll.cat\/es\/wp-content\/uploads\/sites\/3\/news-form-comll.jpg","datePublished":"2019-04-17T09:24:39+00:00","author":{"@id":"https:\/\/www.comll.cat\/es\/#\/schema\/person\/1c7bc4d83b35a927d680cfe0ec9120e0"},"breadcrumb":{"@id":"https:\/\/www.comll.cat\/es\/la-separ-alerta-que-hi-ha-una-manca-de-proveiment-en-els-darrers-mesos-dels-farmacs-utilitzats-en-el-tractament-de-la-tuberculosi\/#breadcrumb"},"inLanguage":"es","potentialAction":[{"@type":"ReadAction","target":["https:\/\/www.comll.cat\/es\/la-separ-alerta-que-hi-ha-una-manca-de-proveiment-en-els-darrers-mesos-dels-farmacs-utilitzats-en-el-tractament-de-la-tuberculosi\/"]}]},{"@type":"ImageObject","inLanguage":"es","@id":"https:\/\/www.comll.cat\/es\/la-separ-alerta-que-hi-ha-una-manca-de-proveiment-en-els-darrers-mesos-dels-farmacs-utilitzats-en-el-tractament-de-la-tuberculosi\/#primaryimage","url":"https:\/\/www.comll.cat\/es\/wp-content\/uploads\/sites\/3\/news-form-comll.jpg","contentUrl":"https:\/\/www.comll.cat\/es\/wp-content\/uploads\/sites\/3\/news-form-comll.jpg","width":1280,"height":900},{"@type":"BreadcrumbList","@id":"https:\/\/www.comll.cat\/es\/la-separ-alerta-que-hi-ha-una-manca-de-proveiment-en-els-darrers-mesos-dels-farmacs-utilitzats-en-el-tractament-de-la-tuberculosi\/#breadcrumb","itemListElement":[{"@type":"ListItem","position":1,"name":"Portada","item":"https:\/\/www.comll.cat\/es\/"},{"@type":"ListItem","position":2,"name":"La SEPAR alerta que hi ha una manca de prove\u00efment en els darrers mesos dels f\u00e0rmacs utilitzats en el tractament de la tuberculosi"}]},{"@type":"WebSite","@id":"https:\/\/www.comll.cat\/es\/#website","url":"https:\/\/www.comll.cat\/es\/","name":"Col\u00b7legi Oficial de Metges de Lleida","description":"COMLL","potentialAction":[{"@type":"SearchAction","target":{"@type":"EntryPoint","urlTemplate":"https:\/\/www.comll.cat\/es\/?s={search_term_string}"},"query-input":{"@type":"PropertyValueSpecification","valueRequired":true,"valueName":"search_term_string"}}],"inLanguage":"es"},{"@type":"Person","@id":"https:\/\/www.comll.cat\/es\/#\/schema\/person\/1c7bc4d83b35a927d680cfe0ec9120e0","name":"Albert","image":{"@type":"ImageObject","inLanguage":"es","@id":"https:\/\/secure.gravatar.com\/avatar\/c1261138a5e7882394bd9001104fe7078a2d860997555a5353af4ef7bd38f6db?s=96&d=mm&r=g","url":"https:\/\/secure.gravatar.com\/avatar\/c1261138a5e7882394bd9001104fe7078a2d860997555a5353af4ef7bd38f6db?s=96&d=mm&r=g","contentUrl":"https:\/\/secure.gravatar.com\/avatar\/c1261138a5e7882394bd9001104fe7078a2d860997555a5353af4ef7bd38f6db?s=96&d=mm&r=g","caption":"Albert"},"sameAs":["https:\/\/www.comll.cat"]}]}},"publishpress_future_action":{"enabled":false,"date":"2026-04-30 20:31:44","action":"change-status","newStatus":"draft","terms":[],"taxonomy":"category","extraData":[]},"publishpress_future_workflow_manual_trigger":{"enabledWorkflows":[]},"_links":{"self":[{"href":"https:\/\/www.comll.cat\/es\/wp-json\/wp\/v2\/posts\/641","targetHints":{"allow":["GET"]}}],"collection":[{"href":"https:\/\/www.comll.cat\/es\/wp-json\/wp\/v2\/posts"}],"about":[{"href":"https:\/\/www.comll.cat\/es\/wp-json\/wp\/v2\/types\/post"}],"author":[{"embeddable":true,"href":"https:\/\/www.comll.cat\/es\/wp-json\/wp\/v2\/users\/1"}],"replies":[{"embeddable":true,"href":"https:\/\/www.comll.cat\/es\/wp-json\/wp\/v2\/comments?post=641"}],"version-history":[{"count":0,"href":"https:\/\/www.comll.cat\/es\/wp-json\/wp\/v2\/posts\/641\/revisions"}],"wp:featuredmedia":[{"embeddable":true,"href":"https:\/\/www.comll.cat\/es\/wp-json\/wp\/v2\/media\/421"}],"wp:attachment":[{"href":"https:\/\/www.comll.cat\/es\/wp-json\/wp\/v2\/media?parent=641"}],"wp:term":[{"taxonomy":"category","embeddable":true,"href":"https:\/\/www.comll.cat\/es\/wp-json\/wp\/v2\/categories?post=641"},{"taxonomy":"post_tag","embeddable":true,"href":"https:\/\/www.comll.cat\/es\/wp-json\/wp\/v2\/tags?post=641"}],"curies":[{"name":"wp","href":"https:\/\/api.w.org\/{rel}","templated":true}]}}