{"id":630,"date":"2019-04-11T19:30:43","date_gmt":"2019-04-11T17:30:43","guid":{"rendered":"https:\/\/www.comll.cat\/el-collegi-de-metges-de-lleida-posa-en-marxa-el-servei-de-finestreta-unica-per-a-la-collegiacio-i-la-ciutadania\/"},"modified":"2019-04-11T19:30:43","modified_gmt":"2019-04-11T17:30:43","slug":"el-collegi-de-metges-de-lleida-posa-en-marxa-el-servei-de-finestreta-unica-per-a-la-collegiacio-i-la-ciutadania","status":"publish","type":"post","link":"https:\/\/www.comll.cat\/es\/el-collegi-de-metges-de-lleida-posa-en-marxa-el-servei-de-finestreta-unica-per-a-la-collegiacio-i-la-ciutadania\/","title":{"rendered":"El Col\u00b7legi de Metges de Lleida posa en marxa el servei de finestreta \u00fanica per a la col\u00b7legiaci\u00f3 i la ciutadania"},"content":{"rendered":"<p>El Col\u00b7legi Oficial de Metges de Lleida (COMLL) ha posat en marxa a la web el nou servei de finestreta \u00fanica per a la col\u00b7legiaci\u00f3 i la ciutadania. La web col\u00b7legial ofereix dues opcions en funci\u00f3 dels usuaris: una de privada per als col\u00b7legiats i una de p\u00fablica per als ciutadans. Tamb\u00e9 hi ha un cercador de membres del COMLL.<\/p>\n<p>Mitjan\u00e7ant aquest nou servei, les col\u00b7legiades i els col\u00b7legiats poden realitzar els tr\u00e0mits en un \u00fanic punt, per via electr\u00f2nica i a dist\u00e0ncia. Aix\u00ed, accedeixen a modificar les seves dades, plantejar queixes i reclamacions, sol\u00b7licitar certificats i la recuperaci\u00f3 de receptes, demanar informaci\u00f3 i fer suggeriments, descarregar-se el certificat de la declaraci\u00f3 de Renda i donar-se de baixa del Col\u00b7legi, entre d\u2019altres.<\/p>\n<p>Per als usuaris no col\u00b7legiats, la finestreta \u00fanica els d\u00f3na l\u2019oportunitat de fer queixes i reclamacions, demanar informaci\u00f3 i proposar suggeriments, con\u00e8ixer l\u2019estat dels seus tr\u00e0mits i col\u00b7legiar-se en el cas dels llicenciats en Medicina.<\/p>\n","protected":false},"excerpt":{"rendered":"<p>El Col\u00b7legi Oficial de Metges de Lleida (COMLL) ha posat en marxa a la web el nou servei de finestreta...<\/p>\n","protected":false},"author":1,"featured_media":631,"comment_status":"closed","ping_status":"closed","sticky":false,"template":"","format":"standard","meta":{"_acf_changed":false,"inline_featured_image":false,"footnotes":""},"categories":[18],"tags":[],"class_list":["post-630","post","type-post","status-publish","format-standard","has-post-thumbnail","hentry","category-noticias"],"acf":[],"yoast_head":"<!-- This site is optimized with the Yoast SEO plugin v27.5 - https:\/\/yoast.com\/product\/yoast-seo-wordpress\/ -->\n<title>El Col\u00b7legi de Metges de Lleida posa en marxa el servei de finestreta \u00fanica per a la col\u00b7legiaci\u00f3 i la ciutadania - Col\u00b7legi Oficial de Metges de Lleida<\/title>\n<meta name=\"robots\" content=\"index, follow, max-snippet:-1, max-image-preview:large, max-video-preview:-1\" \/>\n<link rel=\"canonical\" href=\"https:\/\/www.comll.cat\/es\/el-collegi-de-metges-de-lleida-posa-en-marxa-el-servei-de-finestreta-unica-per-a-la-collegiacio-i-la-ciutadania\/\" \/>\n<meta property=\"og:locale\" content=\"es_ES\" \/>\n<meta property=\"og:type\" content=\"article\" \/>\n<meta property=\"og:title\" content=\"El Col\u00b7legi de Metges de Lleida posa en marxa el servei de finestreta \u00fanica per a la col\u00b7legiaci\u00f3 i la ciutadania - Col\u00b7legi Oficial de Metges de Lleida\" \/>\n<meta property=\"og:description\" content=\"El Col\u00b7legi Oficial de Metges de Lleida (COMLL) ha posat en marxa a la web el nou servei de finestreta...\" \/>\n<meta property=\"og:url\" content=\"https:\/\/www.comll.cat\/es\/el-collegi-de-metges-de-lleida-posa-en-marxa-el-servei-de-finestreta-unica-per-a-la-collegiacio-i-la-ciutadania\/\" \/>\n<meta property=\"og:site_name\" content=\"Col\u00b7legi Oficial de Metges de Lleida\" \/>\n<meta property=\"article:published_time\" content=\"2019-04-11T17:30:43+00:00\" \/>\n<meta property=\"og:image\" content=\"https:\/\/www.comll.cat\/es\/wp-content\/uploads\/sites\/3\/finstreta-unica.jpg\" \/>\n\t<meta property=\"og:image:width\" content=\"641\" \/>\n\t<meta property=\"og:image:height\" content=\"427\" \/>\n\t<meta property=\"og:image:type\" content=\"image\/jpeg\" \/>\n<meta name=\"author\" content=\"Albert\" \/>\n<meta name=\"twitter:card\" content=\"summary_large_image\" \/>\n<script type=\"application\/ld+json\" class=\"yoast-schema-graph\">{\"@context\":\"https:\\\/\\\/schema.org\",\"@graph\":[{\"@type\":\"Article\",\"@id\":\"https:\\\/\\\/www.comll.cat\\\/es\\\/el-collegi-de-metges-de-lleida-posa-en-marxa-el-servei-de-finestreta-unica-per-a-la-collegiacio-i-la-ciutadania\\\/#article\",\"isPartOf\":{\"@id\":\"https:\\\/\\\/www.comll.cat\\\/es\\\/el-collegi-de-metges-de-lleida-posa-en-marxa-el-servei-de-finestreta-unica-per-a-la-collegiacio-i-la-ciutadania\\\/\"},\"author\":{\"name\":\"Albert\",\"@id\":\"https:\\\/\\\/www.comll.cat\\\/es\\\/#\\\/schema\\\/person\\\/1c7bc4d83b35a927d680cfe0ec9120e0\"},\"headline\":\"El Col\u00b7legi de Metges de Lleida posa en marxa el servei de finestreta \u00fanica per a la col\u00b7legiaci\u00f3 i la ciutadania\",\"datePublished\":\"2019-04-11T17:30:43+00:00\",\"mainEntityOfPage\":{\"@id\":\"https:\\\/\\\/www.comll.cat\\\/es\\\/el-collegi-de-metges-de-lleida-posa-en-marxa-el-servei-de-finestreta-unica-per-a-la-collegiacio-i-la-ciutadania\\\/\"},\"wordCount\":201,\"image\":{\"@id\":\"https:\\\/\\\/www.comll.cat\\\/es\\\/el-collegi-de-metges-de-lleida-posa-en-marxa-el-servei-de-finestreta-unica-per-a-la-collegiacio-i-la-ciutadania\\\/#primaryimage\"},\"thumbnailUrl\":\"https:\\\/\\\/www.comll.cat\\\/es\\\/wp-content\\\/uploads\\\/sites\\\/3\\\/finstreta-unica.jpg\",\"articleSection\":[\"Noticias\"],\"inLanguage\":\"es\"},{\"@type\":\"WebPage\",\"@id\":\"https:\\\/\\\/www.comll.cat\\\/es\\\/el-collegi-de-metges-de-lleida-posa-en-marxa-el-servei-de-finestreta-unica-per-a-la-collegiacio-i-la-ciutadania\\\/\",\"url\":\"https:\\\/\\\/www.comll.cat\\\/es\\\/el-collegi-de-metges-de-lleida-posa-en-marxa-el-servei-de-finestreta-unica-per-a-la-collegiacio-i-la-ciutadania\\\/\",\"name\":\"El Col\u00b7legi de Metges de Lleida posa en marxa el servei de finestreta \u00fanica per a la col\u00b7legiaci\u00f3 i la ciutadania - Col\u00b7legi Oficial de Metges de Lleida\",\"isPartOf\":{\"@id\":\"https:\\\/\\\/www.comll.cat\\\/es\\\/#website\"},\"primaryImageOfPage\":{\"@id\":\"https:\\\/\\\/www.comll.cat\\\/es\\\/el-collegi-de-metges-de-lleida-posa-en-marxa-el-servei-de-finestreta-unica-per-a-la-collegiacio-i-la-ciutadania\\\/#primaryimage\"},\"image\":{\"@id\":\"https:\\\/\\\/www.comll.cat\\\/es\\\/el-collegi-de-metges-de-lleida-posa-en-marxa-el-servei-de-finestreta-unica-per-a-la-collegiacio-i-la-ciutadania\\\/#primaryimage\"},\"thumbnailUrl\":\"https:\\\/\\\/www.comll.cat\\\/es\\\/wp-content\\\/uploads\\\/sites\\\/3\\\/finstreta-unica.jpg\",\"datePublished\":\"2019-04-11T17:30:43+00:00\",\"author\":{\"@id\":\"https:\\\/\\\/www.comll.cat\\\/es\\\/#\\\/schema\\\/person\\\/1c7bc4d83b35a927d680cfe0ec9120e0\"},\"breadcrumb\":{\"@id\":\"https:\\\/\\\/www.comll.cat\\\/es\\\/el-collegi-de-metges-de-lleida-posa-en-marxa-el-servei-de-finestreta-unica-per-a-la-collegiacio-i-la-ciutadania\\\/#breadcrumb\"},\"inLanguage\":\"es\",\"potentialAction\":[{\"@type\":\"ReadAction\",\"target\":[\"https:\\\/\\\/www.comll.cat\\\/es\\\/el-collegi-de-metges-de-lleida-posa-en-marxa-el-servei-de-finestreta-unica-per-a-la-collegiacio-i-la-ciutadania\\\/\"]}]},{\"@type\":\"ImageObject\",\"inLanguage\":\"es\",\"@id\":\"https:\\\/\\\/www.comll.cat\\\/es\\\/el-collegi-de-metges-de-lleida-posa-en-marxa-el-servei-de-finestreta-unica-per-a-la-collegiacio-i-la-ciutadania\\\/#primaryimage\",\"url\":\"https:\\\/\\\/www.comll.cat\\\/es\\\/wp-content\\\/uploads\\\/sites\\\/3\\\/finstreta-unica.jpg\",\"contentUrl\":\"https:\\\/\\\/www.comll.cat\\\/es\\\/wp-content\\\/uploads\\\/sites\\\/3\\\/finstreta-unica.jpg\",\"width\":641,\"height\":427},{\"@type\":\"BreadcrumbList\",\"@id\":\"https:\\\/\\\/www.comll.cat\\\/es\\\/el-collegi-de-metges-de-lleida-posa-en-marxa-el-servei-de-finestreta-unica-per-a-la-collegiacio-i-la-ciutadania\\\/#breadcrumb\",\"itemListElement\":[{\"@type\":\"ListItem\",\"position\":1,\"name\":\"Portada\",\"item\":\"https:\\\/\\\/www.comll.cat\\\/es\\\/\"},{\"@type\":\"ListItem\",\"position\":2,\"name\":\"El Col\u00b7legi de Metges de Lleida posa en marxa el servei de finestreta \u00fanica per a la col\u00b7legiaci\u00f3 i la ciutadania\"}]},{\"@type\":\"WebSite\",\"@id\":\"https:\\\/\\\/www.comll.cat\\\/es\\\/#website\",\"url\":\"https:\\\/\\\/www.comll.cat\\\/es\\\/\",\"name\":\"Col\u00b7legi Oficial de Metges de Lleida\",\"description\":\"COMLL\",\"potentialAction\":[{\"@type\":\"SearchAction\",\"target\":{\"@type\":\"EntryPoint\",\"urlTemplate\":\"https:\\\/\\\/www.comll.cat\\\/es\\\/?s={search_term_string}\"},\"query-input\":{\"@type\":\"PropertyValueSpecification\",\"valueRequired\":true,\"valueName\":\"search_term_string\"}}],\"inLanguage\":\"es\"},{\"@type\":\"Person\",\"@id\":\"https:\\\/\\\/www.comll.cat\\\/es\\\/#\\\/schema\\\/person\\\/1c7bc4d83b35a927d680cfe0ec9120e0\",\"name\":\"Albert\",\"image\":{\"@type\":\"ImageObject\",\"inLanguage\":\"es\",\"@id\":\"https:\\\/\\\/secure.gravatar.com\\\/avatar\\\/c1261138a5e7882394bd9001104fe7078a2d860997555a5353af4ef7bd38f6db?s=96&d=mm&r=g\",\"url\":\"https:\\\/\\\/secure.gravatar.com\\\/avatar\\\/c1261138a5e7882394bd9001104fe7078a2d860997555a5353af4ef7bd38f6db?s=96&d=mm&r=g\",\"contentUrl\":\"https:\\\/\\\/secure.gravatar.com\\\/avatar\\\/c1261138a5e7882394bd9001104fe7078a2d860997555a5353af4ef7bd38f6db?s=96&d=mm&r=g\",\"caption\":\"Albert\"},\"sameAs\":[\"https:\\\/\\\/www.comll.cat\"]}]}<\/script>\n<!-- \/ Yoast SEO plugin. -->","yoast_head_json":{"title":"El Col\u00b7legi de Metges de Lleida posa en marxa el servei de finestreta \u00fanica per a la col\u00b7legiaci\u00f3 i la ciutadania - Col\u00b7legi Oficial de Metges de Lleida","robots":{"index":"index","follow":"follow","max-snippet":"max-snippet:-1","max-image-preview":"max-image-preview:large","max-video-preview":"max-video-preview:-1"},"canonical":"https:\/\/www.comll.cat\/es\/el-collegi-de-metges-de-lleida-posa-en-marxa-el-servei-de-finestreta-unica-per-a-la-collegiacio-i-la-ciutadania\/","og_locale":"es_ES","og_type":"article","og_title":"El Col\u00b7legi de Metges de Lleida posa en marxa el servei de finestreta \u00fanica per a la col\u00b7legiaci\u00f3 i la ciutadania - Col\u00b7legi Oficial de Metges de Lleida","og_description":"El Col\u00b7legi Oficial de Metges de Lleida (COMLL) ha posat en marxa a la web el nou servei de finestreta...","og_url":"https:\/\/www.comll.cat\/es\/el-collegi-de-metges-de-lleida-posa-en-marxa-el-servei-de-finestreta-unica-per-a-la-collegiacio-i-la-ciutadania\/","og_site_name":"Col\u00b7legi Oficial de Metges de Lleida","article_published_time":"2019-04-11T17:30:43+00:00","og_image":[{"width":641,"height":427,"url":"https:\/\/www.comll.cat\/es\/wp-content\/uploads\/sites\/3\/finstreta-unica.jpg","type":"image\/jpeg"}],"author":"Albert","twitter_card":"summary_large_image","schema":{"@context":"https:\/\/schema.org","@graph":[{"@type":"Article","@id":"https:\/\/www.comll.cat\/es\/el-collegi-de-metges-de-lleida-posa-en-marxa-el-servei-de-finestreta-unica-per-a-la-collegiacio-i-la-ciutadania\/#article","isPartOf":{"@id":"https:\/\/www.comll.cat\/es\/el-collegi-de-metges-de-lleida-posa-en-marxa-el-servei-de-finestreta-unica-per-a-la-collegiacio-i-la-ciutadania\/"},"author":{"name":"Albert","@id":"https:\/\/www.comll.cat\/es\/#\/schema\/person\/1c7bc4d83b35a927d680cfe0ec9120e0"},"headline":"El Col\u00b7legi de Metges de Lleida posa en marxa el servei de finestreta \u00fanica per a la col\u00b7legiaci\u00f3 i la ciutadania","datePublished":"2019-04-11T17:30:43+00:00","mainEntityOfPage":{"@id":"https:\/\/www.comll.cat\/es\/el-collegi-de-metges-de-lleida-posa-en-marxa-el-servei-de-finestreta-unica-per-a-la-collegiacio-i-la-ciutadania\/"},"wordCount":201,"image":{"@id":"https:\/\/www.comll.cat\/es\/el-collegi-de-metges-de-lleida-posa-en-marxa-el-servei-de-finestreta-unica-per-a-la-collegiacio-i-la-ciutadania\/#primaryimage"},"thumbnailUrl":"https:\/\/www.comll.cat\/es\/wp-content\/uploads\/sites\/3\/finstreta-unica.jpg","articleSection":["Noticias"],"inLanguage":"es"},{"@type":"WebPage","@id":"https:\/\/www.comll.cat\/es\/el-collegi-de-metges-de-lleida-posa-en-marxa-el-servei-de-finestreta-unica-per-a-la-collegiacio-i-la-ciutadania\/","url":"https:\/\/www.comll.cat\/es\/el-collegi-de-metges-de-lleida-posa-en-marxa-el-servei-de-finestreta-unica-per-a-la-collegiacio-i-la-ciutadania\/","name":"El Col\u00b7legi de Metges de Lleida posa en marxa el servei de finestreta \u00fanica per a la col\u00b7legiaci\u00f3 i la ciutadania - Col\u00b7legi Oficial de Metges de Lleida","isPartOf":{"@id":"https:\/\/www.comll.cat\/es\/#website"},"primaryImageOfPage":{"@id":"https:\/\/www.comll.cat\/es\/el-collegi-de-metges-de-lleida-posa-en-marxa-el-servei-de-finestreta-unica-per-a-la-collegiacio-i-la-ciutadania\/#primaryimage"},"image":{"@id":"https:\/\/www.comll.cat\/es\/el-collegi-de-metges-de-lleida-posa-en-marxa-el-servei-de-finestreta-unica-per-a-la-collegiacio-i-la-ciutadania\/#primaryimage"},"thumbnailUrl":"https:\/\/www.comll.cat\/es\/wp-content\/uploads\/sites\/3\/finstreta-unica.jpg","datePublished":"2019-04-11T17:30:43+00:00","author":{"@id":"https:\/\/www.comll.cat\/es\/#\/schema\/person\/1c7bc4d83b35a927d680cfe0ec9120e0"},"breadcrumb":{"@id":"https:\/\/www.comll.cat\/es\/el-collegi-de-metges-de-lleida-posa-en-marxa-el-servei-de-finestreta-unica-per-a-la-collegiacio-i-la-ciutadania\/#breadcrumb"},"inLanguage":"es","potentialAction":[{"@type":"ReadAction","target":["https:\/\/www.comll.cat\/es\/el-collegi-de-metges-de-lleida-posa-en-marxa-el-servei-de-finestreta-unica-per-a-la-collegiacio-i-la-ciutadania\/"]}]},{"@type":"ImageObject","inLanguage":"es","@id":"https:\/\/www.comll.cat\/es\/el-collegi-de-metges-de-lleida-posa-en-marxa-el-servei-de-finestreta-unica-per-a-la-collegiacio-i-la-ciutadania\/#primaryimage","url":"https:\/\/www.comll.cat\/es\/wp-content\/uploads\/sites\/3\/finstreta-unica.jpg","contentUrl":"https:\/\/www.comll.cat\/es\/wp-content\/uploads\/sites\/3\/finstreta-unica.jpg","width":641,"height":427},{"@type":"BreadcrumbList","@id":"https:\/\/www.comll.cat\/es\/el-collegi-de-metges-de-lleida-posa-en-marxa-el-servei-de-finestreta-unica-per-a-la-collegiacio-i-la-ciutadania\/#breadcrumb","itemListElement":[{"@type":"ListItem","position":1,"name":"Portada","item":"https:\/\/www.comll.cat\/es\/"},{"@type":"ListItem","position":2,"name":"El Col\u00b7legi de Metges de Lleida posa en marxa el servei de finestreta \u00fanica per a la col\u00b7legiaci\u00f3 i la ciutadania"}]},{"@type":"WebSite","@id":"https:\/\/www.comll.cat\/es\/#website","url":"https:\/\/www.comll.cat\/es\/","name":"Col\u00b7legi Oficial de Metges de Lleida","description":"COMLL","potentialAction":[{"@type":"SearchAction","target":{"@type":"EntryPoint","urlTemplate":"https:\/\/www.comll.cat\/es\/?s={search_term_string}"},"query-input":{"@type":"PropertyValueSpecification","valueRequired":true,"valueName":"search_term_string"}}],"inLanguage":"es"},{"@type":"Person","@id":"https:\/\/www.comll.cat\/es\/#\/schema\/person\/1c7bc4d83b35a927d680cfe0ec9120e0","name":"Albert","image":{"@type":"ImageObject","inLanguage":"es","@id":"https:\/\/secure.gravatar.com\/avatar\/c1261138a5e7882394bd9001104fe7078a2d860997555a5353af4ef7bd38f6db?s=96&d=mm&r=g","url":"https:\/\/secure.gravatar.com\/avatar\/c1261138a5e7882394bd9001104fe7078a2d860997555a5353af4ef7bd38f6db?s=96&d=mm&r=g","contentUrl":"https:\/\/secure.gravatar.com\/avatar\/c1261138a5e7882394bd9001104fe7078a2d860997555a5353af4ef7bd38f6db?s=96&d=mm&r=g","caption":"Albert"},"sameAs":["https:\/\/www.comll.cat"]}]}},"publishpress_future_action":{"enabled":false,"date":"2026-04-30 05:41:04","action":"change-status","newStatus":"draft","terms":[],"taxonomy":"category","extraData":[]},"publishpress_future_workflow_manual_trigger":{"enabledWorkflows":[]},"_links":{"self":[{"href":"https:\/\/www.comll.cat\/es\/wp-json\/wp\/v2\/posts\/630","targetHints":{"allow":["GET"]}}],"collection":[{"href":"https:\/\/www.comll.cat\/es\/wp-json\/wp\/v2\/posts"}],"about":[{"href":"https:\/\/www.comll.cat\/es\/wp-json\/wp\/v2\/types\/post"}],"author":[{"embeddable":true,"href":"https:\/\/www.comll.cat\/es\/wp-json\/wp\/v2\/users\/1"}],"replies":[{"embeddable":true,"href":"https:\/\/www.comll.cat\/es\/wp-json\/wp\/v2\/comments?post=630"}],"version-history":[{"count":0,"href":"https:\/\/www.comll.cat\/es\/wp-json\/wp\/v2\/posts\/630\/revisions"}],"wp:featuredmedia":[{"embeddable":true,"href":"https:\/\/www.comll.cat\/es\/wp-json\/wp\/v2\/media\/631"}],"wp:attachment":[{"href":"https:\/\/www.comll.cat\/es\/wp-json\/wp\/v2\/media?parent=630"}],"wp:term":[{"taxonomy":"category","embeddable":true,"href":"https:\/\/www.comll.cat\/es\/wp-json\/wp\/v2\/categories?post=630"},{"taxonomy":"post_tag","embeddable":true,"href":"https:\/\/www.comll.cat\/es\/wp-json\/wp\/v2\/tags?post=630"}],"curies":[{"name":"wp","href":"https:\/\/api.w.org\/{rel}","templated":true}]}}