{"id":618,"date":"2019-04-09T07:31:54","date_gmt":"2019-04-09T05:31:54","guid":{"rendered":"https:\/\/www.comll.cat\/laemps-no-requereix-ara-com-ara-la-retirada-del-mercat-dels-implants-mamaris-per-falta-devidencia-cientifica\/"},"modified":"2019-04-09T07:31:54","modified_gmt":"2019-04-09T05:31:54","slug":"laemps-no-requereix-ara-com-ara-la-retirada-del-mercat-dels-implants-mamaris-per-falta-devidencia-cientifica","status":"publish","type":"post","link":"https:\/\/www.comll.cat\/es\/laemps-no-requereix-ara-com-ara-la-retirada-del-mercat-dels-implants-mamaris-per-falta-devidencia-cientifica\/","title":{"rendered":"L\u2019AEMPS no requereix ara com ara la retirada del mercat dels implants mamaris per falta d\u2019evid\u00e8ncia cient\u00edfica"},"content":{"rendered":"<p>L\u2019Ag\u00e8ncia Espanyola de Medicaments i Productes Sanitaris (AEMPS) no requereix en aquest moment la retirada del mercat dels implants mamaris. L\u2019autoritat competent de Fran\u00e7a ha fet retirar els implants amb cobertura macrotexturada, similar als implants mamaris d\u2019Allergan amb cobertura Biocell\u00ae i amb cobertura de poliuret\u00e0 de determinats fabricants, com a mesura de precauci\u00f3 davant una suposada associaci\u00f3 amb el limfoma anapl\u00e0sic de c\u00e8l\u00b7lules grans (LACG).<\/p>\n<p>L\u2019AEMPS, en l\u00ednia amb la resta de pa\u00efsos membres de la UE a excepci\u00f3 feta de Fran\u00e7a, no ordena als fabricants dels esmentats implants que els retirin del mercat davant la falta d\u2019evid\u00e8ncia cient\u00edfica disponible. L\u2019ag\u00e8ncia afirma que actualment es desconeix el mecanisme pel qual es desenvolupa el LACG i els seus factors poden ser el tipus d\u2019implants, la base gen\u00e8tica i la contaminaci\u00f3, que s\u2019afegeixen a les limitacions metodol\u00f2giques i a la molt baixa incid\u00e8ncia del limfoma.<\/p>\n<p>Segons l\u2019ag\u00e8ncia, les persones portadores d\u2019implants mamaris han de continuar les seves revisions peri\u00f2diques habituals i consultar el metge en el cas d\u2019experimentar problemes de salut que creguin que poden ser deguts als implants. Aix\u00ed mateix, recomana als professionals de Medicina que en cas de sospita de LACG segueixin els protocols per detectar-lo i, si s\u2019ha produ\u00eft un primer diagn\u00f2stic positiu en persones portadores d\u2019implants, ho notifiquin d\u2019acord amb les instruccions del punt 3 del protocol cl\u00ednic del LACG.<\/p>\n<p>L\u2019ag\u00e8ncia espanyola realitza, des de fa anys i junt amb les societats m\u00e8diques i la resta de pa\u00efsos de la UE, un seguiment sobre el limfoma associat a implants mamaris.<\/p>\n","protected":false},"excerpt":{"rendered":"<p>L\u2019Ag\u00e8ncia Espanyola de Medicaments i Productes Sanitaris (AEMPS) no requereix en aquest moment la retirada del mercat dels implants mamaris....<\/p>\n","protected":false},"author":1,"featured_media":421,"comment_status":"closed","ping_status":"closed","sticky":false,"template":"","format":"standard","meta":{"_acf_changed":false,"inline_featured_image":false,"footnotes":""},"categories":[18],"tags":[],"class_list":["post-618","post","type-post","status-publish","format-standard","has-post-thumbnail","hentry","category-noticias"],"acf":[],"yoast_head":"<!-- This site is optimized with the Yoast SEO plugin v27.5 - https:\/\/yoast.com\/product\/yoast-seo-wordpress\/ -->\n<title>L\u2019AEMPS no requereix ara com ara la retirada del mercat dels implants mamaris per falta d\u2019evid\u00e8ncia cient\u00edfica - Col\u00b7legi Oficial de Metges de Lleida<\/title>\n<meta name=\"robots\" content=\"index, follow, max-snippet:-1, max-image-preview:large, max-video-preview:-1\" \/>\n<link rel=\"canonical\" href=\"https:\/\/www.comll.cat\/es\/laemps-no-requereix-ara-com-ara-la-retirada-del-mercat-dels-implants-mamaris-per-falta-devidencia-cientifica\/\" \/>\n<meta property=\"og:locale\" content=\"es_ES\" \/>\n<meta property=\"og:type\" content=\"article\" \/>\n<meta property=\"og:title\" content=\"L\u2019AEMPS no requereix ara com ara la retirada del mercat dels implants mamaris per falta d\u2019evid\u00e8ncia cient\u00edfica - Col\u00b7legi Oficial de Metges de Lleida\" \/>\n<meta property=\"og:description\" content=\"L\u2019Ag\u00e8ncia Espanyola de Medicaments i Productes Sanitaris (AEMPS) no requereix en aquest moment la retirada del mercat dels implants mamaris....\" \/>\n<meta property=\"og:url\" content=\"https:\/\/www.comll.cat\/es\/laemps-no-requereix-ara-com-ara-la-retirada-del-mercat-dels-implants-mamaris-per-falta-devidencia-cientifica\/\" \/>\n<meta property=\"og:site_name\" content=\"Col\u00b7legi Oficial de Metges de Lleida\" \/>\n<meta property=\"article:published_time\" content=\"2019-04-09T05:31:54+00:00\" \/>\n<meta property=\"og:image\" content=\"https:\/\/www.comll.cat\/es\/wp-content\/uploads\/sites\/3\/news-form-comll.jpg\" \/>\n\t<meta property=\"og:image:width\" content=\"1280\" \/>\n\t<meta property=\"og:image:height\" content=\"900\" \/>\n\t<meta property=\"og:image:type\" content=\"image\/jpeg\" \/>\n<meta name=\"author\" content=\"Albert\" \/>\n<meta name=\"twitter:card\" content=\"summary_large_image\" \/>\n<script type=\"application\/ld+json\" class=\"yoast-schema-graph\">{\"@context\":\"https:\\\/\\\/schema.org\",\"@graph\":[{\"@type\":\"Article\",\"@id\":\"https:\\\/\\\/www.comll.cat\\\/es\\\/laemps-no-requereix-ara-com-ara-la-retirada-del-mercat-dels-implants-mamaris-per-falta-devidencia-cientifica\\\/#article\",\"isPartOf\":{\"@id\":\"https:\\\/\\\/www.comll.cat\\\/es\\\/laemps-no-requereix-ara-com-ara-la-retirada-del-mercat-dels-implants-mamaris-per-falta-devidencia-cientifica\\\/\"},\"author\":{\"name\":\"Albert\",\"@id\":\"https:\\\/\\\/www.comll.cat\\\/es\\\/#\\\/schema\\\/person\\\/1c7bc4d83b35a927d680cfe0ec9120e0\"},\"headline\":\"L\u2019AEMPS no requereix ara com ara la retirada del mercat dels implants mamaris per falta d\u2019evid\u00e8ncia cient\u00edfica\",\"datePublished\":\"2019-04-09T05:31:54+00:00\",\"mainEntityOfPage\":{\"@id\":\"https:\\\/\\\/www.comll.cat\\\/es\\\/laemps-no-requereix-ara-com-ara-la-retirada-del-mercat-dels-implants-mamaris-per-falta-devidencia-cientifica\\\/\"},\"wordCount\":309,\"image\":{\"@id\":\"https:\\\/\\\/www.comll.cat\\\/es\\\/laemps-no-requereix-ara-com-ara-la-retirada-del-mercat-dels-implants-mamaris-per-falta-devidencia-cientifica\\\/#primaryimage\"},\"thumbnailUrl\":\"https:\\\/\\\/www.comll.cat\\\/es\\\/wp-content\\\/uploads\\\/sites\\\/3\\\/news-form-comll.jpg\",\"articleSection\":[\"Noticias\"],\"inLanguage\":\"es\"},{\"@type\":\"WebPage\",\"@id\":\"https:\\\/\\\/www.comll.cat\\\/es\\\/laemps-no-requereix-ara-com-ara-la-retirada-del-mercat-dels-implants-mamaris-per-falta-devidencia-cientifica\\\/\",\"url\":\"https:\\\/\\\/www.comll.cat\\\/es\\\/laemps-no-requereix-ara-com-ara-la-retirada-del-mercat-dels-implants-mamaris-per-falta-devidencia-cientifica\\\/\",\"name\":\"L\u2019AEMPS no requereix ara com ara la retirada del mercat dels implants mamaris per falta d\u2019evid\u00e8ncia cient\u00edfica - Col\u00b7legi Oficial de Metges de Lleida\",\"isPartOf\":{\"@id\":\"https:\\\/\\\/www.comll.cat\\\/es\\\/#website\"},\"primaryImageOfPage\":{\"@id\":\"https:\\\/\\\/www.comll.cat\\\/es\\\/laemps-no-requereix-ara-com-ara-la-retirada-del-mercat-dels-implants-mamaris-per-falta-devidencia-cientifica\\\/#primaryimage\"},\"image\":{\"@id\":\"https:\\\/\\\/www.comll.cat\\\/es\\\/laemps-no-requereix-ara-com-ara-la-retirada-del-mercat-dels-implants-mamaris-per-falta-devidencia-cientifica\\\/#primaryimage\"},\"thumbnailUrl\":\"https:\\\/\\\/www.comll.cat\\\/es\\\/wp-content\\\/uploads\\\/sites\\\/3\\\/news-form-comll.jpg\",\"datePublished\":\"2019-04-09T05:31:54+00:00\",\"author\":{\"@id\":\"https:\\\/\\\/www.comll.cat\\\/es\\\/#\\\/schema\\\/person\\\/1c7bc4d83b35a927d680cfe0ec9120e0\"},\"breadcrumb\":{\"@id\":\"https:\\\/\\\/www.comll.cat\\\/es\\\/laemps-no-requereix-ara-com-ara-la-retirada-del-mercat-dels-implants-mamaris-per-falta-devidencia-cientifica\\\/#breadcrumb\"},\"inLanguage\":\"es\",\"potentialAction\":[{\"@type\":\"ReadAction\",\"target\":[\"https:\\\/\\\/www.comll.cat\\\/es\\\/laemps-no-requereix-ara-com-ara-la-retirada-del-mercat-dels-implants-mamaris-per-falta-devidencia-cientifica\\\/\"]}]},{\"@type\":\"ImageObject\",\"inLanguage\":\"es\",\"@id\":\"https:\\\/\\\/www.comll.cat\\\/es\\\/laemps-no-requereix-ara-com-ara-la-retirada-del-mercat-dels-implants-mamaris-per-falta-devidencia-cientifica\\\/#primaryimage\",\"url\":\"https:\\\/\\\/www.comll.cat\\\/es\\\/wp-content\\\/uploads\\\/sites\\\/3\\\/news-form-comll.jpg\",\"contentUrl\":\"https:\\\/\\\/www.comll.cat\\\/es\\\/wp-content\\\/uploads\\\/sites\\\/3\\\/news-form-comll.jpg\",\"width\":1280,\"height\":900},{\"@type\":\"BreadcrumbList\",\"@id\":\"https:\\\/\\\/www.comll.cat\\\/es\\\/laemps-no-requereix-ara-com-ara-la-retirada-del-mercat-dels-implants-mamaris-per-falta-devidencia-cientifica\\\/#breadcrumb\",\"itemListElement\":[{\"@type\":\"ListItem\",\"position\":1,\"name\":\"Portada\",\"item\":\"https:\\\/\\\/www.comll.cat\\\/es\\\/\"},{\"@type\":\"ListItem\",\"position\":2,\"name\":\"L\u2019AEMPS no requereix ara com ara la retirada del mercat dels implants mamaris per falta d\u2019evid\u00e8ncia cient\u00edfica\"}]},{\"@type\":\"WebSite\",\"@id\":\"https:\\\/\\\/www.comll.cat\\\/es\\\/#website\",\"url\":\"https:\\\/\\\/www.comll.cat\\\/es\\\/\",\"name\":\"Col\u00b7legi Oficial de Metges de Lleida\",\"description\":\"COMLL\",\"potentialAction\":[{\"@type\":\"SearchAction\",\"target\":{\"@type\":\"EntryPoint\",\"urlTemplate\":\"https:\\\/\\\/www.comll.cat\\\/es\\\/?s={search_term_string}\"},\"query-input\":{\"@type\":\"PropertyValueSpecification\",\"valueRequired\":true,\"valueName\":\"search_term_string\"}}],\"inLanguage\":\"es\"},{\"@type\":\"Person\",\"@id\":\"https:\\\/\\\/www.comll.cat\\\/es\\\/#\\\/schema\\\/person\\\/1c7bc4d83b35a927d680cfe0ec9120e0\",\"name\":\"Albert\",\"image\":{\"@type\":\"ImageObject\",\"inLanguage\":\"es\",\"@id\":\"https:\\\/\\\/secure.gravatar.com\\\/avatar\\\/c1261138a5e7882394bd9001104fe7078a2d860997555a5353af4ef7bd38f6db?s=96&d=mm&r=g\",\"url\":\"https:\\\/\\\/secure.gravatar.com\\\/avatar\\\/c1261138a5e7882394bd9001104fe7078a2d860997555a5353af4ef7bd38f6db?s=96&d=mm&r=g\",\"contentUrl\":\"https:\\\/\\\/secure.gravatar.com\\\/avatar\\\/c1261138a5e7882394bd9001104fe7078a2d860997555a5353af4ef7bd38f6db?s=96&d=mm&r=g\",\"caption\":\"Albert\"},\"sameAs\":[\"https:\\\/\\\/www.comll.cat\"]}]}<\/script>\n<!-- \/ Yoast SEO plugin. -->","yoast_head_json":{"title":"L\u2019AEMPS no requereix ara com ara la retirada del mercat dels implants mamaris per falta d\u2019evid\u00e8ncia cient\u00edfica - Col\u00b7legi Oficial de Metges de Lleida","robots":{"index":"index","follow":"follow","max-snippet":"max-snippet:-1","max-image-preview":"max-image-preview:large","max-video-preview":"max-video-preview:-1"},"canonical":"https:\/\/www.comll.cat\/es\/laemps-no-requereix-ara-com-ara-la-retirada-del-mercat-dels-implants-mamaris-per-falta-devidencia-cientifica\/","og_locale":"es_ES","og_type":"article","og_title":"L\u2019AEMPS no requereix ara com ara la retirada del mercat dels implants mamaris per falta d\u2019evid\u00e8ncia cient\u00edfica - Col\u00b7legi Oficial de Metges de Lleida","og_description":"L\u2019Ag\u00e8ncia Espanyola de Medicaments i Productes Sanitaris (AEMPS) no requereix en aquest moment la retirada del mercat dels implants mamaris....","og_url":"https:\/\/www.comll.cat\/es\/laemps-no-requereix-ara-com-ara-la-retirada-del-mercat-dels-implants-mamaris-per-falta-devidencia-cientifica\/","og_site_name":"Col\u00b7legi Oficial de Metges de Lleida","article_published_time":"2019-04-09T05:31:54+00:00","og_image":[{"width":1280,"height":900,"url":"https:\/\/www.comll.cat\/es\/wp-content\/uploads\/sites\/3\/news-form-comll.jpg","type":"image\/jpeg"}],"author":"Albert","twitter_card":"summary_large_image","schema":{"@context":"https:\/\/schema.org","@graph":[{"@type":"Article","@id":"https:\/\/www.comll.cat\/es\/laemps-no-requereix-ara-com-ara-la-retirada-del-mercat-dels-implants-mamaris-per-falta-devidencia-cientifica\/#article","isPartOf":{"@id":"https:\/\/www.comll.cat\/es\/laemps-no-requereix-ara-com-ara-la-retirada-del-mercat-dels-implants-mamaris-per-falta-devidencia-cientifica\/"},"author":{"name":"Albert","@id":"https:\/\/www.comll.cat\/es\/#\/schema\/person\/1c7bc4d83b35a927d680cfe0ec9120e0"},"headline":"L\u2019AEMPS no requereix ara com ara la retirada del mercat dels implants mamaris per falta d\u2019evid\u00e8ncia cient\u00edfica","datePublished":"2019-04-09T05:31:54+00:00","mainEntityOfPage":{"@id":"https:\/\/www.comll.cat\/es\/laemps-no-requereix-ara-com-ara-la-retirada-del-mercat-dels-implants-mamaris-per-falta-devidencia-cientifica\/"},"wordCount":309,"image":{"@id":"https:\/\/www.comll.cat\/es\/laemps-no-requereix-ara-com-ara-la-retirada-del-mercat-dels-implants-mamaris-per-falta-devidencia-cientifica\/#primaryimage"},"thumbnailUrl":"https:\/\/www.comll.cat\/es\/wp-content\/uploads\/sites\/3\/news-form-comll.jpg","articleSection":["Noticias"],"inLanguage":"es"},{"@type":"WebPage","@id":"https:\/\/www.comll.cat\/es\/laemps-no-requereix-ara-com-ara-la-retirada-del-mercat-dels-implants-mamaris-per-falta-devidencia-cientifica\/","url":"https:\/\/www.comll.cat\/es\/laemps-no-requereix-ara-com-ara-la-retirada-del-mercat-dels-implants-mamaris-per-falta-devidencia-cientifica\/","name":"L\u2019AEMPS no requereix ara com ara la retirada del mercat dels implants mamaris per falta d\u2019evid\u00e8ncia cient\u00edfica - Col\u00b7legi Oficial de Metges de Lleida","isPartOf":{"@id":"https:\/\/www.comll.cat\/es\/#website"},"primaryImageOfPage":{"@id":"https:\/\/www.comll.cat\/es\/laemps-no-requereix-ara-com-ara-la-retirada-del-mercat-dels-implants-mamaris-per-falta-devidencia-cientifica\/#primaryimage"},"image":{"@id":"https:\/\/www.comll.cat\/es\/laemps-no-requereix-ara-com-ara-la-retirada-del-mercat-dels-implants-mamaris-per-falta-devidencia-cientifica\/#primaryimage"},"thumbnailUrl":"https:\/\/www.comll.cat\/es\/wp-content\/uploads\/sites\/3\/news-form-comll.jpg","datePublished":"2019-04-09T05:31:54+00:00","author":{"@id":"https:\/\/www.comll.cat\/es\/#\/schema\/person\/1c7bc4d83b35a927d680cfe0ec9120e0"},"breadcrumb":{"@id":"https:\/\/www.comll.cat\/es\/laemps-no-requereix-ara-com-ara-la-retirada-del-mercat-dels-implants-mamaris-per-falta-devidencia-cientifica\/#breadcrumb"},"inLanguage":"es","potentialAction":[{"@type":"ReadAction","target":["https:\/\/www.comll.cat\/es\/laemps-no-requereix-ara-com-ara-la-retirada-del-mercat-dels-implants-mamaris-per-falta-devidencia-cientifica\/"]}]},{"@type":"ImageObject","inLanguage":"es","@id":"https:\/\/www.comll.cat\/es\/laemps-no-requereix-ara-com-ara-la-retirada-del-mercat-dels-implants-mamaris-per-falta-devidencia-cientifica\/#primaryimage","url":"https:\/\/www.comll.cat\/es\/wp-content\/uploads\/sites\/3\/news-form-comll.jpg","contentUrl":"https:\/\/www.comll.cat\/es\/wp-content\/uploads\/sites\/3\/news-form-comll.jpg","width":1280,"height":900},{"@type":"BreadcrumbList","@id":"https:\/\/www.comll.cat\/es\/laemps-no-requereix-ara-com-ara-la-retirada-del-mercat-dels-implants-mamaris-per-falta-devidencia-cientifica\/#breadcrumb","itemListElement":[{"@type":"ListItem","position":1,"name":"Portada","item":"https:\/\/www.comll.cat\/es\/"},{"@type":"ListItem","position":2,"name":"L\u2019AEMPS no requereix ara com ara la retirada del mercat dels implants mamaris per falta d\u2019evid\u00e8ncia cient\u00edfica"}]},{"@type":"WebSite","@id":"https:\/\/www.comll.cat\/es\/#website","url":"https:\/\/www.comll.cat\/es\/","name":"Col\u00b7legi Oficial de Metges de Lleida","description":"COMLL","potentialAction":[{"@type":"SearchAction","target":{"@type":"EntryPoint","urlTemplate":"https:\/\/www.comll.cat\/es\/?s={search_term_string}"},"query-input":{"@type":"PropertyValueSpecification","valueRequired":true,"valueName":"search_term_string"}}],"inLanguage":"es"},{"@type":"Person","@id":"https:\/\/www.comll.cat\/es\/#\/schema\/person\/1c7bc4d83b35a927d680cfe0ec9120e0","name":"Albert","image":{"@type":"ImageObject","inLanguage":"es","@id":"https:\/\/secure.gravatar.com\/avatar\/c1261138a5e7882394bd9001104fe7078a2d860997555a5353af4ef7bd38f6db?s=96&d=mm&r=g","url":"https:\/\/secure.gravatar.com\/avatar\/c1261138a5e7882394bd9001104fe7078a2d860997555a5353af4ef7bd38f6db?s=96&d=mm&r=g","contentUrl":"https:\/\/secure.gravatar.com\/avatar\/c1261138a5e7882394bd9001104fe7078a2d860997555a5353af4ef7bd38f6db?s=96&d=mm&r=g","caption":"Albert"},"sameAs":["https:\/\/www.comll.cat"]}]}},"publishpress_future_action":{"enabled":false,"date":"2026-04-30 00:47:22","action":"change-status","newStatus":"draft","terms":[],"taxonomy":"category","extraData":[]},"publishpress_future_workflow_manual_trigger":{"enabledWorkflows":[]},"_links":{"self":[{"href":"https:\/\/www.comll.cat\/es\/wp-json\/wp\/v2\/posts\/618","targetHints":{"allow":["GET"]}}],"collection":[{"href":"https:\/\/www.comll.cat\/es\/wp-json\/wp\/v2\/posts"}],"about":[{"href":"https:\/\/www.comll.cat\/es\/wp-json\/wp\/v2\/types\/post"}],"author":[{"embeddable":true,"href":"https:\/\/www.comll.cat\/es\/wp-json\/wp\/v2\/users\/1"}],"replies":[{"embeddable":true,"href":"https:\/\/www.comll.cat\/es\/wp-json\/wp\/v2\/comments?post=618"}],"version-history":[{"count":0,"href":"https:\/\/www.comll.cat\/es\/wp-json\/wp\/v2\/posts\/618\/revisions"}],"wp:featuredmedia":[{"embeddable":true,"href":"https:\/\/www.comll.cat\/es\/wp-json\/wp\/v2\/media\/421"}],"wp:attachment":[{"href":"https:\/\/www.comll.cat\/es\/wp-json\/wp\/v2\/media?parent=618"}],"wp:term":[{"taxonomy":"category","embeddable":true,"href":"https:\/\/www.comll.cat\/es\/wp-json\/wp\/v2\/categories?post=618"},{"taxonomy":"post_tag","embeddable":true,"href":"https:\/\/www.comll.cat\/es\/wp-json\/wp\/v2\/tags?post=618"}],"curies":[{"name":"wp","href":"https:\/\/api.w.org\/{rel}","templated":true}]}}