{"id":617,"date":"2019-04-09T07:05:25","date_gmt":"2019-04-09T05:05:25","guid":{"rendered":"https:\/\/www.comll.cat\/el-comb-endega-la-campanya-salutsensetrampes-per-combatre-les-fake-news-a-les-xarxes\/"},"modified":"2019-04-09T07:05:25","modified_gmt":"2019-04-09T05:05:25","slug":"el-comb-endega-la-campanya-salutsensetrampes-per-combatre-les-fake-news-a-les-xarxes","status":"publish","type":"post","link":"https:\/\/www.comll.cat\/es\/el-comb-endega-la-campanya-salutsensetrampes-per-combatre-les-fake-news-a-les-xarxes\/","title":{"rendered":"EL COMB endega la campanya #salutsensetrampes per combatre les \u201cfake news\u201d a les xarxes"},"content":{"rendered":"<p>El Col\u00b7legi Oficial de Metges de Barcelona (COMB) ha presentat la campanya #salutsensetrampes per combatre la desinformaci\u00f3 i les <em>fake news<\/em>de salut que hi ha a les xarxes socials. El COMB ha produ\u00eft un v\u00eddeo que anima els ciutadans a ser cr\u00edtics amb les informacions sanit\u00e0ries obtingudes a trav\u00e9s d\u2019Internet i a contrastar-les.<\/p>\n<p>Un 75% dels v\u00eddeos penjats a YouTube sobre el c\u00e0ncer contenen dades falses i perilloses, segons l\u2019audiovisual del COMB. Professionals de la Medicina, personalitats reconegudes del m\u00f3n de la cultura, l\u2019esport i la comunicaci\u00f3 participen en el v\u00eddeo. Aix\u00ed, per exemple, hi intervenen la pediatra lleidatana Dra. Montse Esquerda, Gerard Piqu\u00e9, Ona Carbonell, el Gran Wyoming i Germma Nierga, entre d\u2019altres.<\/p>\n<p>Podeu ampliar la informaci\u00f3 i visionar el v\u00eddeo a l\u2019enlla\u00e7 <a href=\"https:\/\/www.comb.cat\/cat\/actualitat\/noticies\/noticies_fitxa.aspx?Id=CZJ1KEjs54ZTLGgZI1kfGw%3d%3d\">https:\/\/www.comb.cat\/cat\/actualitat\/noticies\/noticies_fitxa.aspx?Id=CZJ1KEjs54ZTLGgZI1kfGw%3d%3d<\/a><\/p>\n<p>&nbsp;<\/p>\n","protected":false},"excerpt":{"rendered":"<p>El Col\u00b7legi Oficial de Metges de Barcelona (COMB) ha presentat la campanya #salutsensetrampes per combatre la desinformaci\u00f3 i les fake...<\/p>\n","protected":false},"author":1,"featured_media":430,"comment_status":"closed","ping_status":"closed","sticky":false,"template":"","format":"standard","meta":{"_acf_changed":false,"inline_featured_image":false,"footnotes":""},"categories":[18],"tags":[],"class_list":["post-617","post","type-post","status-publish","format-standard","has-post-thumbnail","hentry","category-noticias"],"acf":[],"yoast_head":"<!-- This site is optimized with the Yoast SEO plugin v27.5 - https:\/\/yoast.com\/product\/yoast-seo-wordpress\/ -->\n<title>EL COMB endega la campanya #salutsensetrampes per combatre les \u201cfake news\u201d a les xarxes - Col\u00b7legi Oficial de Metges de Lleida<\/title>\n<meta name=\"robots\" content=\"index, follow, max-snippet:-1, max-image-preview:large, max-video-preview:-1\" \/>\n<link rel=\"canonical\" href=\"https:\/\/www.comll.cat\/es\/el-comb-endega-la-campanya-salutsensetrampes-per-combatre-les-fake-news-a-les-xarxes\/\" \/>\n<meta property=\"og:locale\" content=\"es_ES\" \/>\n<meta property=\"og:type\" content=\"article\" \/>\n<meta property=\"og:title\" content=\"EL COMB endega la campanya #salutsensetrampes per combatre les \u201cfake news\u201d a les xarxes - Col\u00b7legi Oficial de Metges de Lleida\" \/>\n<meta property=\"og:description\" content=\"El Col\u00b7legi Oficial de Metges de Barcelona (COMB) ha presentat la campanya #salutsensetrampes per combatre la desinformaci\u00f3 i les fake...\" \/>\n<meta property=\"og:url\" content=\"https:\/\/www.comll.cat\/es\/el-comb-endega-la-campanya-salutsensetrampes-per-combatre-les-fake-news-a-les-xarxes\/\" \/>\n<meta property=\"og:site_name\" content=\"Col\u00b7legi Oficial de Metges de Lleida\" \/>\n<meta property=\"article:published_time\" content=\"2019-04-09T05:05:25+00:00\" \/>\n<meta property=\"og:image\" content=\"https:\/\/www.comll.cat\/es\/wp-content\/uploads\/sites\/3\/noticia-comll.jpg\" \/>\n\t<meta property=\"og:image:width\" content=\"1280\" \/>\n\t<meta property=\"og:image:height\" content=\"900\" \/>\n\t<meta property=\"og:image:type\" content=\"image\/jpeg\" \/>\n<meta name=\"author\" content=\"Albert\" \/>\n<meta name=\"twitter:card\" content=\"summary_large_image\" \/>\n<script type=\"application\/ld+json\" class=\"yoast-schema-graph\">{\"@context\":\"https:\\\/\\\/schema.org\",\"@graph\":[{\"@type\":\"Article\",\"@id\":\"https:\\\/\\\/www.comll.cat\\\/es\\\/el-comb-endega-la-campanya-salutsensetrampes-per-combatre-les-fake-news-a-les-xarxes\\\/#article\",\"isPartOf\":{\"@id\":\"https:\\\/\\\/www.comll.cat\\\/es\\\/el-comb-endega-la-campanya-salutsensetrampes-per-combatre-les-fake-news-a-les-xarxes\\\/\"},\"author\":{\"name\":\"Albert\",\"@id\":\"https:\\\/\\\/www.comll.cat\\\/es\\\/#\\\/schema\\\/person\\\/1c7bc4d83b35a927d680cfe0ec9120e0\"},\"headline\":\"EL COMB endega la campanya #salutsensetrampes per combatre les \u201cfake news\u201d a les xarxes\",\"datePublished\":\"2019-04-09T05:05:25+00:00\",\"mainEntityOfPage\":{\"@id\":\"https:\\\/\\\/www.comll.cat\\\/es\\\/el-comb-endega-la-campanya-salutsensetrampes-per-combatre-les-fake-news-a-les-xarxes\\\/\"},\"wordCount\":171,\"image\":{\"@id\":\"https:\\\/\\\/www.comll.cat\\\/es\\\/el-comb-endega-la-campanya-salutsensetrampes-per-combatre-les-fake-news-a-les-xarxes\\\/#primaryimage\"},\"thumbnailUrl\":\"https:\\\/\\\/www.comll.cat\\\/es\\\/wp-content\\\/uploads\\\/sites\\\/3\\\/noticia-comll.jpg\",\"articleSection\":[\"Noticias\"],\"inLanguage\":\"es\"},{\"@type\":\"WebPage\",\"@id\":\"https:\\\/\\\/www.comll.cat\\\/es\\\/el-comb-endega-la-campanya-salutsensetrampes-per-combatre-les-fake-news-a-les-xarxes\\\/\",\"url\":\"https:\\\/\\\/www.comll.cat\\\/es\\\/el-comb-endega-la-campanya-salutsensetrampes-per-combatre-les-fake-news-a-les-xarxes\\\/\",\"name\":\"EL COMB endega la campanya #salutsensetrampes per combatre les \u201cfake news\u201d a les xarxes - Col\u00b7legi Oficial de Metges de Lleida\",\"isPartOf\":{\"@id\":\"https:\\\/\\\/www.comll.cat\\\/es\\\/#website\"},\"primaryImageOfPage\":{\"@id\":\"https:\\\/\\\/www.comll.cat\\\/es\\\/el-comb-endega-la-campanya-salutsensetrampes-per-combatre-les-fake-news-a-les-xarxes\\\/#primaryimage\"},\"image\":{\"@id\":\"https:\\\/\\\/www.comll.cat\\\/es\\\/el-comb-endega-la-campanya-salutsensetrampes-per-combatre-les-fake-news-a-les-xarxes\\\/#primaryimage\"},\"thumbnailUrl\":\"https:\\\/\\\/www.comll.cat\\\/es\\\/wp-content\\\/uploads\\\/sites\\\/3\\\/noticia-comll.jpg\",\"datePublished\":\"2019-04-09T05:05:25+00:00\",\"author\":{\"@id\":\"https:\\\/\\\/www.comll.cat\\\/es\\\/#\\\/schema\\\/person\\\/1c7bc4d83b35a927d680cfe0ec9120e0\"},\"breadcrumb\":{\"@id\":\"https:\\\/\\\/www.comll.cat\\\/es\\\/el-comb-endega-la-campanya-salutsensetrampes-per-combatre-les-fake-news-a-les-xarxes\\\/#breadcrumb\"},\"inLanguage\":\"es\",\"potentialAction\":[{\"@type\":\"ReadAction\",\"target\":[\"https:\\\/\\\/www.comll.cat\\\/es\\\/el-comb-endega-la-campanya-salutsensetrampes-per-combatre-les-fake-news-a-les-xarxes\\\/\"]}]},{\"@type\":\"ImageObject\",\"inLanguage\":\"es\",\"@id\":\"https:\\\/\\\/www.comll.cat\\\/es\\\/el-comb-endega-la-campanya-salutsensetrampes-per-combatre-les-fake-news-a-les-xarxes\\\/#primaryimage\",\"url\":\"https:\\\/\\\/www.comll.cat\\\/es\\\/wp-content\\\/uploads\\\/sites\\\/3\\\/noticia-comll.jpg\",\"contentUrl\":\"https:\\\/\\\/www.comll.cat\\\/es\\\/wp-content\\\/uploads\\\/sites\\\/3\\\/noticia-comll.jpg\",\"width\":1280,\"height\":900},{\"@type\":\"BreadcrumbList\",\"@id\":\"https:\\\/\\\/www.comll.cat\\\/es\\\/el-comb-endega-la-campanya-salutsensetrampes-per-combatre-les-fake-news-a-les-xarxes\\\/#breadcrumb\",\"itemListElement\":[{\"@type\":\"ListItem\",\"position\":1,\"name\":\"Portada\",\"item\":\"https:\\\/\\\/www.comll.cat\\\/es\\\/\"},{\"@type\":\"ListItem\",\"position\":2,\"name\":\"EL COMB endega la campanya #salutsensetrampes per combatre les \u201cfake news\u201d a les xarxes\"}]},{\"@type\":\"WebSite\",\"@id\":\"https:\\\/\\\/www.comll.cat\\\/es\\\/#website\",\"url\":\"https:\\\/\\\/www.comll.cat\\\/es\\\/\",\"name\":\"Col\u00b7legi Oficial de Metges de Lleida\",\"description\":\"COMLL\",\"potentialAction\":[{\"@type\":\"SearchAction\",\"target\":{\"@type\":\"EntryPoint\",\"urlTemplate\":\"https:\\\/\\\/www.comll.cat\\\/es\\\/?s={search_term_string}\"},\"query-input\":{\"@type\":\"PropertyValueSpecification\",\"valueRequired\":true,\"valueName\":\"search_term_string\"}}],\"inLanguage\":\"es\"},{\"@type\":\"Person\",\"@id\":\"https:\\\/\\\/www.comll.cat\\\/es\\\/#\\\/schema\\\/person\\\/1c7bc4d83b35a927d680cfe0ec9120e0\",\"name\":\"Albert\",\"image\":{\"@type\":\"ImageObject\",\"inLanguage\":\"es\",\"@id\":\"https:\\\/\\\/secure.gravatar.com\\\/avatar\\\/c1261138a5e7882394bd9001104fe7078a2d860997555a5353af4ef7bd38f6db?s=96&d=mm&r=g\",\"url\":\"https:\\\/\\\/secure.gravatar.com\\\/avatar\\\/c1261138a5e7882394bd9001104fe7078a2d860997555a5353af4ef7bd38f6db?s=96&d=mm&r=g\",\"contentUrl\":\"https:\\\/\\\/secure.gravatar.com\\\/avatar\\\/c1261138a5e7882394bd9001104fe7078a2d860997555a5353af4ef7bd38f6db?s=96&d=mm&r=g\",\"caption\":\"Albert\"},\"sameAs\":[\"https:\\\/\\\/www.comll.cat\"]}]}<\/script>\n<!-- \/ Yoast SEO plugin. -->","yoast_head_json":{"title":"EL COMB endega la campanya #salutsensetrampes per combatre les \u201cfake news\u201d a les xarxes - Col\u00b7legi Oficial de Metges de Lleida","robots":{"index":"index","follow":"follow","max-snippet":"max-snippet:-1","max-image-preview":"max-image-preview:large","max-video-preview":"max-video-preview:-1"},"canonical":"https:\/\/www.comll.cat\/es\/el-comb-endega-la-campanya-salutsensetrampes-per-combatre-les-fake-news-a-les-xarxes\/","og_locale":"es_ES","og_type":"article","og_title":"EL COMB endega la campanya #salutsensetrampes per combatre les \u201cfake news\u201d a les xarxes - Col\u00b7legi Oficial de Metges de Lleida","og_description":"El Col\u00b7legi Oficial de Metges de Barcelona (COMB) ha presentat la campanya #salutsensetrampes per combatre la desinformaci\u00f3 i les fake...","og_url":"https:\/\/www.comll.cat\/es\/el-comb-endega-la-campanya-salutsensetrampes-per-combatre-les-fake-news-a-les-xarxes\/","og_site_name":"Col\u00b7legi Oficial de Metges de Lleida","article_published_time":"2019-04-09T05:05:25+00:00","og_image":[{"width":1280,"height":900,"url":"https:\/\/www.comll.cat\/es\/wp-content\/uploads\/sites\/3\/noticia-comll.jpg","type":"image\/jpeg"}],"author":"Albert","twitter_card":"summary_large_image","schema":{"@context":"https:\/\/schema.org","@graph":[{"@type":"Article","@id":"https:\/\/www.comll.cat\/es\/el-comb-endega-la-campanya-salutsensetrampes-per-combatre-les-fake-news-a-les-xarxes\/#article","isPartOf":{"@id":"https:\/\/www.comll.cat\/es\/el-comb-endega-la-campanya-salutsensetrampes-per-combatre-les-fake-news-a-les-xarxes\/"},"author":{"name":"Albert","@id":"https:\/\/www.comll.cat\/es\/#\/schema\/person\/1c7bc4d83b35a927d680cfe0ec9120e0"},"headline":"EL COMB endega la campanya #salutsensetrampes per combatre les \u201cfake news\u201d a les xarxes","datePublished":"2019-04-09T05:05:25+00:00","mainEntityOfPage":{"@id":"https:\/\/www.comll.cat\/es\/el-comb-endega-la-campanya-salutsensetrampes-per-combatre-les-fake-news-a-les-xarxes\/"},"wordCount":171,"image":{"@id":"https:\/\/www.comll.cat\/es\/el-comb-endega-la-campanya-salutsensetrampes-per-combatre-les-fake-news-a-les-xarxes\/#primaryimage"},"thumbnailUrl":"https:\/\/www.comll.cat\/es\/wp-content\/uploads\/sites\/3\/noticia-comll.jpg","articleSection":["Noticias"],"inLanguage":"es"},{"@type":"WebPage","@id":"https:\/\/www.comll.cat\/es\/el-comb-endega-la-campanya-salutsensetrampes-per-combatre-les-fake-news-a-les-xarxes\/","url":"https:\/\/www.comll.cat\/es\/el-comb-endega-la-campanya-salutsensetrampes-per-combatre-les-fake-news-a-les-xarxes\/","name":"EL COMB endega la campanya #salutsensetrampes per combatre les \u201cfake news\u201d a les xarxes - Col\u00b7legi Oficial de Metges de Lleida","isPartOf":{"@id":"https:\/\/www.comll.cat\/es\/#website"},"primaryImageOfPage":{"@id":"https:\/\/www.comll.cat\/es\/el-comb-endega-la-campanya-salutsensetrampes-per-combatre-les-fake-news-a-les-xarxes\/#primaryimage"},"image":{"@id":"https:\/\/www.comll.cat\/es\/el-comb-endega-la-campanya-salutsensetrampes-per-combatre-les-fake-news-a-les-xarxes\/#primaryimage"},"thumbnailUrl":"https:\/\/www.comll.cat\/es\/wp-content\/uploads\/sites\/3\/noticia-comll.jpg","datePublished":"2019-04-09T05:05:25+00:00","author":{"@id":"https:\/\/www.comll.cat\/es\/#\/schema\/person\/1c7bc4d83b35a927d680cfe0ec9120e0"},"breadcrumb":{"@id":"https:\/\/www.comll.cat\/es\/el-comb-endega-la-campanya-salutsensetrampes-per-combatre-les-fake-news-a-les-xarxes\/#breadcrumb"},"inLanguage":"es","potentialAction":[{"@type":"ReadAction","target":["https:\/\/www.comll.cat\/es\/el-comb-endega-la-campanya-salutsensetrampes-per-combatre-les-fake-news-a-les-xarxes\/"]}]},{"@type":"ImageObject","inLanguage":"es","@id":"https:\/\/www.comll.cat\/es\/el-comb-endega-la-campanya-salutsensetrampes-per-combatre-les-fake-news-a-les-xarxes\/#primaryimage","url":"https:\/\/www.comll.cat\/es\/wp-content\/uploads\/sites\/3\/noticia-comll.jpg","contentUrl":"https:\/\/www.comll.cat\/es\/wp-content\/uploads\/sites\/3\/noticia-comll.jpg","width":1280,"height":900},{"@type":"BreadcrumbList","@id":"https:\/\/www.comll.cat\/es\/el-comb-endega-la-campanya-salutsensetrampes-per-combatre-les-fake-news-a-les-xarxes\/#breadcrumb","itemListElement":[{"@type":"ListItem","position":1,"name":"Portada","item":"https:\/\/www.comll.cat\/es\/"},{"@type":"ListItem","position":2,"name":"EL COMB endega la campanya #salutsensetrampes per combatre les \u201cfake news\u201d a les xarxes"}]},{"@type":"WebSite","@id":"https:\/\/www.comll.cat\/es\/#website","url":"https:\/\/www.comll.cat\/es\/","name":"Col\u00b7legi Oficial de Metges de Lleida","description":"COMLL","potentialAction":[{"@type":"SearchAction","target":{"@type":"EntryPoint","urlTemplate":"https:\/\/www.comll.cat\/es\/?s={search_term_string}"},"query-input":{"@type":"PropertyValueSpecification","valueRequired":true,"valueName":"search_term_string"}}],"inLanguage":"es"},{"@type":"Person","@id":"https:\/\/www.comll.cat\/es\/#\/schema\/person\/1c7bc4d83b35a927d680cfe0ec9120e0","name":"Albert","image":{"@type":"ImageObject","inLanguage":"es","@id":"https:\/\/secure.gravatar.com\/avatar\/c1261138a5e7882394bd9001104fe7078a2d860997555a5353af4ef7bd38f6db?s=96&d=mm&r=g","url":"https:\/\/secure.gravatar.com\/avatar\/c1261138a5e7882394bd9001104fe7078a2d860997555a5353af4ef7bd38f6db?s=96&d=mm&r=g","contentUrl":"https:\/\/secure.gravatar.com\/avatar\/c1261138a5e7882394bd9001104fe7078a2d860997555a5353af4ef7bd38f6db?s=96&d=mm&r=g","caption":"Albert"},"sameAs":["https:\/\/www.comll.cat"]}]}},"publishpress_future_action":{"enabled":false,"date":"2026-04-30 17:50:41","action":"change-status","newStatus":"draft","terms":[],"taxonomy":"category","extraData":[]},"publishpress_future_workflow_manual_trigger":{"enabledWorkflows":[]},"_links":{"self":[{"href":"https:\/\/www.comll.cat\/es\/wp-json\/wp\/v2\/posts\/617","targetHints":{"allow":["GET"]}}],"collection":[{"href":"https:\/\/www.comll.cat\/es\/wp-json\/wp\/v2\/posts"}],"about":[{"href":"https:\/\/www.comll.cat\/es\/wp-json\/wp\/v2\/types\/post"}],"author":[{"embeddable":true,"href":"https:\/\/www.comll.cat\/es\/wp-json\/wp\/v2\/users\/1"}],"replies":[{"embeddable":true,"href":"https:\/\/www.comll.cat\/es\/wp-json\/wp\/v2\/comments?post=617"}],"version-history":[{"count":0,"href":"https:\/\/www.comll.cat\/es\/wp-json\/wp\/v2\/posts\/617\/revisions"}],"wp:featuredmedia":[{"embeddable":true,"href":"https:\/\/www.comll.cat\/es\/wp-json\/wp\/v2\/media\/430"}],"wp:attachment":[{"href":"https:\/\/www.comll.cat\/es\/wp-json\/wp\/v2\/media?parent=617"}],"wp:term":[{"taxonomy":"category","embeddable":true,"href":"https:\/\/www.comll.cat\/es\/wp-json\/wp\/v2\/categories?post=617"},{"taxonomy":"post_tag","embeddable":true,"href":"https:\/\/www.comll.cat\/es\/wp-json\/wp\/v2\/tags?post=617"}],"curies":[{"name":"wp","href":"https:\/\/api.w.org\/{rel}","templated":true}]}}