{"id":565,"date":"2019-03-07T20:15:03","date_gmt":"2019-03-07T19:15:03","guid":{"rendered":"https:\/\/www.comll.cat\/els-collegis-de-metges-de-catalunya-defensen-un-decaleg-per-lequitat-de-genere\/"},"modified":"2019-03-07T20:15:03","modified_gmt":"2019-03-07T19:15:03","slug":"els-collegis-de-metges-de-catalunya-defensen-un-decaleg-per-lequitat-de-genere","status":"publish","type":"post","link":"https:\/\/www.comll.cat\/es\/els-collegis-de-metges-de-catalunya-defensen-un-decaleg-per-lequitat-de-genere\/","title":{"rendered":"Els col\u00b7legis de metges de Catalunya defensen un dec\u00e0leg per l\u2019equitat de g\u00e8nere"},"content":{"rendered":"<p>El Consell de Col\u00b7legis de Metges de Catalunya, juntament amb els col\u00b7legis de metges catalans, ha signat a favor del <em>Dec\u00e0leg per l\u2019Equitat de G\u00e8nere en l\u2019\u00c0mbit dels Col\u00b7legis Professionals de Catalunya<\/em>, que ha promogut\u00a0 la Comissi\u00f3 de Dones i Igualtat de la Comissi\u00f3 Intercol\u00b7legial. El document inclou els punts seg\u00fcents:<\/p>\n<ol>\n<li>Equitat en l\u2019organitzaci\u00f3: es promour\u00e0 activament la pres\u00e8ncia de les dones en els \u00f2rgans de govern del col\u00b7legi i en els llocs de responsabilitat de la seva estructura laboral..<\/li>\n<li>Equitat laboral: el col\u00b7legi ha de vetllar per eliminar qualsevol tipus de discriminaci\u00f3 salarial i de condicions laborals.<\/li>\n<li>Formaci\u00f3 en equitat: el m\u00f3n professional ha de superar la divisi\u00f3 de rols entre dones i homes.<\/li>\n<li>Educaci\u00f3 en equitat: es fomentar\u00e0 la sensibilitzaci\u00f3 en equitat a la societat des de la responsabilitat professional de les i els col\u00b7legiats, tot reconeixent que \u00e9s la societat en el seu conjunt la que forma i educa.<\/li>\n<li>Corresponsabilitat familiar: la conciliaci\u00f3 entre la vida personal, familiar i professional es avui un afer social, que cal assumir de forma corresponsable entre homes i dones. Est\u00e0 demostrat que la coresponsabilitat millora la qualitat de vida, afavoreix un bon ambient laboral i facilita un millor rendiment professionals.<\/li>\n<li>No discriminaci\u00f3 per ra\u00f3 de g\u00e8nere: el fet de ser dona ha implicat discriminacions en l\u2019exercici professional i en l\u2019acc\u00e9s a un lloc de treball. La discriminaci\u00f3 m\u00e9s destacada \u00e9s la que va lligada a la maternitat i a la cura, que encara avui \u00e9s un handicap per a moltes dones.<\/li>\n<li>Visibilitat col\u00b7legial i professional: la imatge p\u00fablica del col\u00b7legi ha de implementar parit\u00e0riament la visibilitzaci\u00f3 de les dones al m\u00f3n professional.<\/li>\n<li>Comunicaci\u00f3 i g\u00e8nere: l\u2019\u00fas de llenguatges no sexistes \u00e9s indispensable en el cam\u00ed cap a la igualtat.<\/li>\n<li>Actuaci\u00f3 davant la viol\u00e8ncia de g\u00e8nere: la societat i, en conseq\u00fc\u00e8ncia, el m\u00f3n professional t\u00e9 consci\u00e8ncia de la xacra social que suposa la viol\u00e8ncia de g\u00e8nere.<\/li>\n<li>Comprom\u00eds professional amb perspectiva de g\u00e8nere: comprom\u00eds en les nostres actuacions com a element transformador.<\/li>\n<\/ol>\n","protected":false},"excerpt":{"rendered":"<p>El Consell de Col\u00b7legis de Metges de Catalunya, juntament amb els col\u00b7legis de metges catalans, ha signat a favor del...<\/p>\n","protected":false},"author":1,"featured_media":517,"comment_status":"closed","ping_status":"closed","sticky":false,"template":"","format":"standard","meta":{"_acf_changed":false,"inline_featured_image":false,"footnotes":""},"categories":[18],"tags":[],"class_list":["post-565","post","type-post","status-publish","format-standard","has-post-thumbnail","hentry","category-noticias"],"acf":[],"yoast_head":"<!-- This site is optimized with the Yoast SEO plugin v27.5 - https:\/\/yoast.com\/product\/yoast-seo-wordpress\/ -->\n<title>Els col\u00b7legis de metges de Catalunya defensen un dec\u00e0leg per l\u2019equitat de g\u00e8nere - Col\u00b7legi Oficial de Metges de Lleida<\/title>\n<meta name=\"robots\" content=\"index, follow, max-snippet:-1, max-image-preview:large, max-video-preview:-1\" \/>\n<link rel=\"canonical\" href=\"https:\/\/www.comll.cat\/es\/els-collegis-de-metges-de-catalunya-defensen-un-decaleg-per-lequitat-de-genere\/\" \/>\n<meta property=\"og:locale\" content=\"es_ES\" \/>\n<meta property=\"og:type\" content=\"article\" \/>\n<meta property=\"og:title\" content=\"Els col\u00b7legis de metges de Catalunya defensen un dec\u00e0leg per l\u2019equitat de g\u00e8nere - Col\u00b7legi Oficial de Metges de Lleida\" \/>\n<meta property=\"og:description\" content=\"El Consell de Col\u00b7legis de Metges de Catalunya, juntament amb els col\u00b7legis de metges catalans, ha signat a favor del...\" \/>\n<meta property=\"og:url\" content=\"https:\/\/www.comll.cat\/es\/els-collegis-de-metges-de-catalunya-defensen-un-decaleg-per-lequitat-de-genere\/\" \/>\n<meta property=\"og:site_name\" content=\"Col\u00b7legi Oficial de Metges de Lleida\" \/>\n<meta property=\"article:published_time\" content=\"2019-03-07T19:15:03+00:00\" \/>\n<meta property=\"og:image\" content=\"https:\/\/www.comll.cat\/es\/wp-content\/uploads\/sites\/3\/noticia-generada-per-comll-4.jpg\" \/>\n\t<meta property=\"og:image:width\" content=\"1123\" \/>\n\t<meta property=\"og:image:height\" content=\"714\" \/>\n\t<meta property=\"og:image:type\" content=\"image\/jpeg\" \/>\n<meta name=\"author\" content=\"Albert\" \/>\n<meta name=\"twitter:card\" content=\"summary_large_image\" \/>\n<script type=\"application\/ld+json\" class=\"yoast-schema-graph\">{\"@context\":\"https:\\\/\\\/schema.org\",\"@graph\":[{\"@type\":\"Article\",\"@id\":\"https:\\\/\\\/www.comll.cat\\\/es\\\/els-collegis-de-metges-de-catalunya-defensen-un-decaleg-per-lequitat-de-genere\\\/#article\",\"isPartOf\":{\"@id\":\"https:\\\/\\\/www.comll.cat\\\/es\\\/els-collegis-de-metges-de-catalunya-defensen-un-decaleg-per-lequitat-de-genere\\\/\"},\"author\":{\"name\":\"Albert\",\"@id\":\"https:\\\/\\\/www.comll.cat\\\/es\\\/#\\\/schema\\\/person\\\/1c7bc4d83b35a927d680cfe0ec9120e0\"},\"headline\":\"Els col\u00b7legis de metges de Catalunya defensen un dec\u00e0leg per l\u2019equitat de g\u00e8nere\",\"datePublished\":\"2019-03-07T19:15:03+00:00\",\"mainEntityOfPage\":{\"@id\":\"https:\\\/\\\/www.comll.cat\\\/es\\\/els-collegis-de-metges-de-catalunya-defensen-un-decaleg-per-lequitat-de-genere\\\/\"},\"wordCount\":383,\"image\":{\"@id\":\"https:\\\/\\\/www.comll.cat\\\/es\\\/els-collegis-de-metges-de-catalunya-defensen-un-decaleg-per-lequitat-de-genere\\\/#primaryimage\"},\"thumbnailUrl\":\"https:\\\/\\\/www.comll.cat\\\/es\\\/wp-content\\\/uploads\\\/sites\\\/3\\\/noticia-generada-per-comll-4.jpg\",\"articleSection\":[\"Noticias\"],\"inLanguage\":\"es\"},{\"@type\":\"WebPage\",\"@id\":\"https:\\\/\\\/www.comll.cat\\\/es\\\/els-collegis-de-metges-de-catalunya-defensen-un-decaleg-per-lequitat-de-genere\\\/\",\"url\":\"https:\\\/\\\/www.comll.cat\\\/es\\\/els-collegis-de-metges-de-catalunya-defensen-un-decaleg-per-lequitat-de-genere\\\/\",\"name\":\"Els col\u00b7legis de metges de Catalunya defensen un dec\u00e0leg per l\u2019equitat de g\u00e8nere - Col\u00b7legi Oficial de Metges de Lleida\",\"isPartOf\":{\"@id\":\"https:\\\/\\\/www.comll.cat\\\/es\\\/#website\"},\"primaryImageOfPage\":{\"@id\":\"https:\\\/\\\/www.comll.cat\\\/es\\\/els-collegis-de-metges-de-catalunya-defensen-un-decaleg-per-lequitat-de-genere\\\/#primaryimage\"},\"image\":{\"@id\":\"https:\\\/\\\/www.comll.cat\\\/es\\\/els-collegis-de-metges-de-catalunya-defensen-un-decaleg-per-lequitat-de-genere\\\/#primaryimage\"},\"thumbnailUrl\":\"https:\\\/\\\/www.comll.cat\\\/es\\\/wp-content\\\/uploads\\\/sites\\\/3\\\/noticia-generada-per-comll-4.jpg\",\"datePublished\":\"2019-03-07T19:15:03+00:00\",\"author\":{\"@id\":\"https:\\\/\\\/www.comll.cat\\\/es\\\/#\\\/schema\\\/person\\\/1c7bc4d83b35a927d680cfe0ec9120e0\"},\"breadcrumb\":{\"@id\":\"https:\\\/\\\/www.comll.cat\\\/es\\\/els-collegis-de-metges-de-catalunya-defensen-un-decaleg-per-lequitat-de-genere\\\/#breadcrumb\"},\"inLanguage\":\"es\",\"potentialAction\":[{\"@type\":\"ReadAction\",\"target\":[\"https:\\\/\\\/www.comll.cat\\\/es\\\/els-collegis-de-metges-de-catalunya-defensen-un-decaleg-per-lequitat-de-genere\\\/\"]}]},{\"@type\":\"ImageObject\",\"inLanguage\":\"es\",\"@id\":\"https:\\\/\\\/www.comll.cat\\\/es\\\/els-collegis-de-metges-de-catalunya-defensen-un-decaleg-per-lequitat-de-genere\\\/#primaryimage\",\"url\":\"https:\\\/\\\/www.comll.cat\\\/es\\\/wp-content\\\/uploads\\\/sites\\\/3\\\/noticia-generada-per-comll-4.jpg\",\"contentUrl\":\"https:\\\/\\\/www.comll.cat\\\/es\\\/wp-content\\\/uploads\\\/sites\\\/3\\\/noticia-generada-per-comll-4.jpg\",\"width\":1123,\"height\":714},{\"@type\":\"BreadcrumbList\",\"@id\":\"https:\\\/\\\/www.comll.cat\\\/es\\\/els-collegis-de-metges-de-catalunya-defensen-un-decaleg-per-lequitat-de-genere\\\/#breadcrumb\",\"itemListElement\":[{\"@type\":\"ListItem\",\"position\":1,\"name\":\"Portada\",\"item\":\"https:\\\/\\\/www.comll.cat\\\/es\\\/\"},{\"@type\":\"ListItem\",\"position\":2,\"name\":\"Els col\u00b7legis de metges de Catalunya defensen un dec\u00e0leg per l\u2019equitat de g\u00e8nere\"}]},{\"@type\":\"WebSite\",\"@id\":\"https:\\\/\\\/www.comll.cat\\\/es\\\/#website\",\"url\":\"https:\\\/\\\/www.comll.cat\\\/es\\\/\",\"name\":\"Col\u00b7legi Oficial de Metges de Lleida\",\"description\":\"COMLL\",\"potentialAction\":[{\"@type\":\"SearchAction\",\"target\":{\"@type\":\"EntryPoint\",\"urlTemplate\":\"https:\\\/\\\/www.comll.cat\\\/es\\\/?s={search_term_string}\"},\"query-input\":{\"@type\":\"PropertyValueSpecification\",\"valueRequired\":true,\"valueName\":\"search_term_string\"}}],\"inLanguage\":\"es\"},{\"@type\":\"Person\",\"@id\":\"https:\\\/\\\/www.comll.cat\\\/es\\\/#\\\/schema\\\/person\\\/1c7bc4d83b35a927d680cfe0ec9120e0\",\"name\":\"Albert\",\"image\":{\"@type\":\"ImageObject\",\"inLanguage\":\"es\",\"@id\":\"https:\\\/\\\/secure.gravatar.com\\\/avatar\\\/c1261138a5e7882394bd9001104fe7078a2d860997555a5353af4ef7bd38f6db?s=96&d=mm&r=g\",\"url\":\"https:\\\/\\\/secure.gravatar.com\\\/avatar\\\/c1261138a5e7882394bd9001104fe7078a2d860997555a5353af4ef7bd38f6db?s=96&d=mm&r=g\",\"contentUrl\":\"https:\\\/\\\/secure.gravatar.com\\\/avatar\\\/c1261138a5e7882394bd9001104fe7078a2d860997555a5353af4ef7bd38f6db?s=96&d=mm&r=g\",\"caption\":\"Albert\"},\"sameAs\":[\"https:\\\/\\\/www.comll.cat\"]}]}<\/script>\n<!-- \/ Yoast SEO plugin. -->","yoast_head_json":{"title":"Els col\u00b7legis de metges de Catalunya defensen un dec\u00e0leg per l\u2019equitat de g\u00e8nere - Col\u00b7legi Oficial de Metges de Lleida","robots":{"index":"index","follow":"follow","max-snippet":"max-snippet:-1","max-image-preview":"max-image-preview:large","max-video-preview":"max-video-preview:-1"},"canonical":"https:\/\/www.comll.cat\/es\/els-collegis-de-metges-de-catalunya-defensen-un-decaleg-per-lequitat-de-genere\/","og_locale":"es_ES","og_type":"article","og_title":"Els col\u00b7legis de metges de Catalunya defensen un dec\u00e0leg per l\u2019equitat de g\u00e8nere - Col\u00b7legi Oficial de Metges de Lleida","og_description":"El Consell de Col\u00b7legis de Metges de Catalunya, juntament amb els col\u00b7legis de metges catalans, ha signat a favor del...","og_url":"https:\/\/www.comll.cat\/es\/els-collegis-de-metges-de-catalunya-defensen-un-decaleg-per-lequitat-de-genere\/","og_site_name":"Col\u00b7legi Oficial de Metges de Lleida","article_published_time":"2019-03-07T19:15:03+00:00","og_image":[{"width":1123,"height":714,"url":"https:\/\/www.comll.cat\/es\/wp-content\/uploads\/sites\/3\/noticia-generada-per-comll-4.jpg","type":"image\/jpeg"}],"author":"Albert","twitter_card":"summary_large_image","schema":{"@context":"https:\/\/schema.org","@graph":[{"@type":"Article","@id":"https:\/\/www.comll.cat\/es\/els-collegis-de-metges-de-catalunya-defensen-un-decaleg-per-lequitat-de-genere\/#article","isPartOf":{"@id":"https:\/\/www.comll.cat\/es\/els-collegis-de-metges-de-catalunya-defensen-un-decaleg-per-lequitat-de-genere\/"},"author":{"name":"Albert","@id":"https:\/\/www.comll.cat\/es\/#\/schema\/person\/1c7bc4d83b35a927d680cfe0ec9120e0"},"headline":"Els col\u00b7legis de metges de Catalunya defensen un dec\u00e0leg per l\u2019equitat de g\u00e8nere","datePublished":"2019-03-07T19:15:03+00:00","mainEntityOfPage":{"@id":"https:\/\/www.comll.cat\/es\/els-collegis-de-metges-de-catalunya-defensen-un-decaleg-per-lequitat-de-genere\/"},"wordCount":383,"image":{"@id":"https:\/\/www.comll.cat\/es\/els-collegis-de-metges-de-catalunya-defensen-un-decaleg-per-lequitat-de-genere\/#primaryimage"},"thumbnailUrl":"https:\/\/www.comll.cat\/es\/wp-content\/uploads\/sites\/3\/noticia-generada-per-comll-4.jpg","articleSection":["Noticias"],"inLanguage":"es"},{"@type":"WebPage","@id":"https:\/\/www.comll.cat\/es\/els-collegis-de-metges-de-catalunya-defensen-un-decaleg-per-lequitat-de-genere\/","url":"https:\/\/www.comll.cat\/es\/els-collegis-de-metges-de-catalunya-defensen-un-decaleg-per-lequitat-de-genere\/","name":"Els col\u00b7legis de metges de Catalunya defensen un dec\u00e0leg per l\u2019equitat de g\u00e8nere - Col\u00b7legi Oficial de Metges de Lleida","isPartOf":{"@id":"https:\/\/www.comll.cat\/es\/#website"},"primaryImageOfPage":{"@id":"https:\/\/www.comll.cat\/es\/els-collegis-de-metges-de-catalunya-defensen-un-decaleg-per-lequitat-de-genere\/#primaryimage"},"image":{"@id":"https:\/\/www.comll.cat\/es\/els-collegis-de-metges-de-catalunya-defensen-un-decaleg-per-lequitat-de-genere\/#primaryimage"},"thumbnailUrl":"https:\/\/www.comll.cat\/es\/wp-content\/uploads\/sites\/3\/noticia-generada-per-comll-4.jpg","datePublished":"2019-03-07T19:15:03+00:00","author":{"@id":"https:\/\/www.comll.cat\/es\/#\/schema\/person\/1c7bc4d83b35a927d680cfe0ec9120e0"},"breadcrumb":{"@id":"https:\/\/www.comll.cat\/es\/els-collegis-de-metges-de-catalunya-defensen-un-decaleg-per-lequitat-de-genere\/#breadcrumb"},"inLanguage":"es","potentialAction":[{"@type":"ReadAction","target":["https:\/\/www.comll.cat\/es\/els-collegis-de-metges-de-catalunya-defensen-un-decaleg-per-lequitat-de-genere\/"]}]},{"@type":"ImageObject","inLanguage":"es","@id":"https:\/\/www.comll.cat\/es\/els-collegis-de-metges-de-catalunya-defensen-un-decaleg-per-lequitat-de-genere\/#primaryimage","url":"https:\/\/www.comll.cat\/es\/wp-content\/uploads\/sites\/3\/noticia-generada-per-comll-4.jpg","contentUrl":"https:\/\/www.comll.cat\/es\/wp-content\/uploads\/sites\/3\/noticia-generada-per-comll-4.jpg","width":1123,"height":714},{"@type":"BreadcrumbList","@id":"https:\/\/www.comll.cat\/es\/els-collegis-de-metges-de-catalunya-defensen-un-decaleg-per-lequitat-de-genere\/#breadcrumb","itemListElement":[{"@type":"ListItem","position":1,"name":"Portada","item":"https:\/\/www.comll.cat\/es\/"},{"@type":"ListItem","position":2,"name":"Els col\u00b7legis de metges de Catalunya defensen un dec\u00e0leg per l\u2019equitat de g\u00e8nere"}]},{"@type":"WebSite","@id":"https:\/\/www.comll.cat\/es\/#website","url":"https:\/\/www.comll.cat\/es\/","name":"Col\u00b7legi Oficial de Metges de Lleida","description":"COMLL","potentialAction":[{"@type":"SearchAction","target":{"@type":"EntryPoint","urlTemplate":"https:\/\/www.comll.cat\/es\/?s={search_term_string}"},"query-input":{"@type":"PropertyValueSpecification","valueRequired":true,"valueName":"search_term_string"}}],"inLanguage":"es"},{"@type":"Person","@id":"https:\/\/www.comll.cat\/es\/#\/schema\/person\/1c7bc4d83b35a927d680cfe0ec9120e0","name":"Albert","image":{"@type":"ImageObject","inLanguage":"es","@id":"https:\/\/secure.gravatar.com\/avatar\/c1261138a5e7882394bd9001104fe7078a2d860997555a5353af4ef7bd38f6db?s=96&d=mm&r=g","url":"https:\/\/secure.gravatar.com\/avatar\/c1261138a5e7882394bd9001104fe7078a2d860997555a5353af4ef7bd38f6db?s=96&d=mm&r=g","contentUrl":"https:\/\/secure.gravatar.com\/avatar\/c1261138a5e7882394bd9001104fe7078a2d860997555a5353af4ef7bd38f6db?s=96&d=mm&r=g","caption":"Albert"},"sameAs":["https:\/\/www.comll.cat"]}]}},"publishpress_future_action":{"enabled":false,"date":"2026-05-02 02:35:31","action":"change-status","newStatus":"draft","terms":[],"taxonomy":"category","extraData":[]},"publishpress_future_workflow_manual_trigger":{"enabledWorkflows":[]},"_links":{"self":[{"href":"https:\/\/www.comll.cat\/es\/wp-json\/wp\/v2\/posts\/565","targetHints":{"allow":["GET"]}}],"collection":[{"href":"https:\/\/www.comll.cat\/es\/wp-json\/wp\/v2\/posts"}],"about":[{"href":"https:\/\/www.comll.cat\/es\/wp-json\/wp\/v2\/types\/post"}],"author":[{"embeddable":true,"href":"https:\/\/www.comll.cat\/es\/wp-json\/wp\/v2\/users\/1"}],"replies":[{"embeddable":true,"href":"https:\/\/www.comll.cat\/es\/wp-json\/wp\/v2\/comments?post=565"}],"version-history":[{"count":0,"href":"https:\/\/www.comll.cat\/es\/wp-json\/wp\/v2\/posts\/565\/revisions"}],"wp:featuredmedia":[{"embeddable":true,"href":"https:\/\/www.comll.cat\/es\/wp-json\/wp\/v2\/media\/517"}],"wp:attachment":[{"href":"https:\/\/www.comll.cat\/es\/wp-json\/wp\/v2\/media?parent=565"}],"wp:term":[{"taxonomy":"category","embeddable":true,"href":"https:\/\/www.comll.cat\/es\/wp-json\/wp\/v2\/categories?post=565"},{"taxonomy":"post_tag","embeddable":true,"href":"https:\/\/www.comll.cat\/es\/wp-json\/wp\/v2\/tags?post=565"}],"curies":[{"name":"wp","href":"https:\/\/api.w.org\/{rel}","templated":true}]}}