{"id":557,"date":"2019-03-05T16:20:26","date_gmt":"2019-03-05T15:20:26","guid":{"rendered":"https:\/\/www.comll.cat\/dimarts-vinent-comenca-al-comll-el-curs-iniciacio-a-la-recerca-amb-30-inscrits\/"},"modified":"2019-03-05T16:20:26","modified_gmt":"2019-03-05T15:20:26","slug":"dimarts-vinent-comenca-al-comll-el-curs-iniciacio-a-la-recerca-amb-30-inscrits","status":"publish","type":"post","link":"https:\/\/www.comll.cat\/es\/dimarts-vinent-comenca-al-comll-el-curs-iniciacio-a-la-recerca-amb-30-inscrits\/","title":{"rendered":"Dimarts vinent comen\u00e7a al COMLL el curs \u201cIniciaci\u00f3 a la recerca\u201d amb 30 inscrits"},"content":{"rendered":"<p>El curs <em>Iniciaci\u00f3 a la recerca<\/em>comen\u00e7ar\u00e0 dimarts vinent, dia 5, a la seu del Col\u00b7legi Oficial de Metges de Lleida, i l\u2019impartiran la Dra Silvia Bielsa Mart\u00edn, adjunta al Servei de Medicina Interna de l\u2019HUAV i professora associada de la Facultat de Medicina de Lleida, i el Dr. Jos\u00e9 Manuel Porcel P\u00e9rez, cap del Servei de Medicina Interna de l\u2019HUAV, investigador principal del grup de biomarcadors en c\u00e0ncer de l\u2019IRBLleida, professor titular de la Facultat de Medicina de Lleida i editor d\u2019<em>European Respiratory Journal<\/em>. Un total de 30 professionals s\u2019han inscrit al curs.<\/p>\n<p>En la primera sessi\u00f3, la Dra. Bielsa parlar\u00e0 sobre les bases bibliogr\u00e0fiques i la lectura cr\u00edtica d\u2019articles. Aix\u00ed mateix, presentar\u00e0 diferents articles perqu\u00e8 els participants els revisin i els comentin.<\/p>\n<p>La segona sessi\u00f3 tindr\u00e0 lloc el 7 de mar\u00e7. La Dra. Bielsa dirigir\u00e0 la posada en com\u00fa d\u2019articles i la resoluci\u00f3 de dubtes i informar\u00e0 sobre la preparaci\u00f3 de bases de dades estad\u00edstiques. A continuaci\u00f3, el Dr. Porcel donar\u00e0 una xerrada sobre com parlar en p\u00fablic.<\/p>\n<p>Totes les sessions del curs s\u2019iniciaran a les 17.00 hores i finalitzaran a les 20.00 hores.<\/p>\n<p>Clica\u00a0<a href=\"https:\/\/www.comll.cat\/?page_id=15605&amp;preview=true\">AQU\u00cd<\/a> per veure tot el programa.<\/p>\n","protected":false},"excerpt":{"rendered":"<p>El curs Iniciaci\u00f3 a la recercacomen\u00e7ar\u00e0 dimarts vinent, dia 5, a la seu del Col\u00b7legi Oficial de Metges de Lleida,...<\/p>\n","protected":false},"author":1,"featured_media":421,"comment_status":"closed","ping_status":"closed","sticky":false,"template":"","format":"standard","meta":{"_acf_changed":false,"inline_featured_image":false,"footnotes":""},"categories":[18],"tags":[],"class_list":["post-557","post","type-post","status-publish","format-standard","has-post-thumbnail","hentry","category-noticias"],"acf":[],"yoast_head":"<!-- This site is optimized with the Yoast SEO plugin v27.5 - https:\/\/yoast.com\/product\/yoast-seo-wordpress\/ -->\n<title>Dimarts vinent comen\u00e7a al COMLL el curs \u201cIniciaci\u00f3 a la recerca\u201d amb 30 inscrits - Col\u00b7legi Oficial de Metges de Lleida<\/title>\n<meta name=\"robots\" content=\"index, follow, max-snippet:-1, max-image-preview:large, max-video-preview:-1\" \/>\n<link rel=\"canonical\" href=\"https:\/\/www.comll.cat\/es\/dimarts-vinent-comenca-al-comll-el-curs-iniciacio-a-la-recerca-amb-30-inscrits\/\" \/>\n<meta property=\"og:locale\" content=\"es_ES\" \/>\n<meta property=\"og:type\" content=\"article\" \/>\n<meta property=\"og:title\" content=\"Dimarts vinent comen\u00e7a al COMLL el curs \u201cIniciaci\u00f3 a la recerca\u201d amb 30 inscrits - Col\u00b7legi Oficial de Metges de Lleida\" \/>\n<meta property=\"og:description\" content=\"El curs Iniciaci\u00f3 a la recercacomen\u00e7ar\u00e0 dimarts vinent, dia 5, a la seu del Col\u00b7legi Oficial de Metges de Lleida,...\" \/>\n<meta property=\"og:url\" content=\"https:\/\/www.comll.cat\/es\/dimarts-vinent-comenca-al-comll-el-curs-iniciacio-a-la-recerca-amb-30-inscrits\/\" \/>\n<meta property=\"og:site_name\" content=\"Col\u00b7legi Oficial de Metges de Lleida\" \/>\n<meta property=\"article:published_time\" content=\"2019-03-05T15:20:26+00:00\" \/>\n<meta property=\"og:image\" content=\"https:\/\/www.comll.cat\/es\/wp-content\/uploads\/sites\/3\/news-form-comll.jpg\" \/>\n\t<meta property=\"og:image:width\" content=\"1280\" \/>\n\t<meta property=\"og:image:height\" content=\"900\" \/>\n\t<meta property=\"og:image:type\" content=\"image\/jpeg\" \/>\n<meta name=\"author\" content=\"Albert\" \/>\n<meta name=\"twitter:card\" content=\"summary_large_image\" \/>\n<script type=\"application\/ld+json\" class=\"yoast-schema-graph\">{\"@context\":\"https:\\\/\\\/schema.org\",\"@graph\":[{\"@type\":\"Article\",\"@id\":\"https:\\\/\\\/www.comll.cat\\\/es\\\/dimarts-vinent-comenca-al-comll-el-curs-iniciacio-a-la-recerca-amb-30-inscrits\\\/#article\",\"isPartOf\":{\"@id\":\"https:\\\/\\\/www.comll.cat\\\/es\\\/dimarts-vinent-comenca-al-comll-el-curs-iniciacio-a-la-recerca-amb-30-inscrits\\\/\"},\"author\":{\"name\":\"Albert\",\"@id\":\"https:\\\/\\\/www.comll.cat\\\/es\\\/#\\\/schema\\\/person\\\/1c7bc4d83b35a927d680cfe0ec9120e0\"},\"headline\":\"Dimarts vinent comen\u00e7a al COMLL el curs \u201cIniciaci\u00f3 a la recerca\u201d amb 30 inscrits\",\"datePublished\":\"2019-03-05T15:20:26+00:00\",\"mainEntityOfPage\":{\"@id\":\"https:\\\/\\\/www.comll.cat\\\/es\\\/dimarts-vinent-comenca-al-comll-el-curs-iniciacio-a-la-recerca-amb-30-inscrits\\\/\"},\"wordCount\":219,\"image\":{\"@id\":\"https:\\\/\\\/www.comll.cat\\\/es\\\/dimarts-vinent-comenca-al-comll-el-curs-iniciacio-a-la-recerca-amb-30-inscrits\\\/#primaryimage\"},\"thumbnailUrl\":\"https:\\\/\\\/www.comll.cat\\\/es\\\/wp-content\\\/uploads\\\/sites\\\/3\\\/news-form-comll.jpg\",\"articleSection\":[\"Noticias\"],\"inLanguage\":\"es\"},{\"@type\":\"WebPage\",\"@id\":\"https:\\\/\\\/www.comll.cat\\\/es\\\/dimarts-vinent-comenca-al-comll-el-curs-iniciacio-a-la-recerca-amb-30-inscrits\\\/\",\"url\":\"https:\\\/\\\/www.comll.cat\\\/es\\\/dimarts-vinent-comenca-al-comll-el-curs-iniciacio-a-la-recerca-amb-30-inscrits\\\/\",\"name\":\"Dimarts vinent comen\u00e7a al COMLL el curs \u201cIniciaci\u00f3 a la recerca\u201d amb 30 inscrits - Col\u00b7legi Oficial de Metges de Lleida\",\"isPartOf\":{\"@id\":\"https:\\\/\\\/www.comll.cat\\\/es\\\/#website\"},\"primaryImageOfPage\":{\"@id\":\"https:\\\/\\\/www.comll.cat\\\/es\\\/dimarts-vinent-comenca-al-comll-el-curs-iniciacio-a-la-recerca-amb-30-inscrits\\\/#primaryimage\"},\"image\":{\"@id\":\"https:\\\/\\\/www.comll.cat\\\/es\\\/dimarts-vinent-comenca-al-comll-el-curs-iniciacio-a-la-recerca-amb-30-inscrits\\\/#primaryimage\"},\"thumbnailUrl\":\"https:\\\/\\\/www.comll.cat\\\/es\\\/wp-content\\\/uploads\\\/sites\\\/3\\\/news-form-comll.jpg\",\"datePublished\":\"2019-03-05T15:20:26+00:00\",\"author\":{\"@id\":\"https:\\\/\\\/www.comll.cat\\\/es\\\/#\\\/schema\\\/person\\\/1c7bc4d83b35a927d680cfe0ec9120e0\"},\"breadcrumb\":{\"@id\":\"https:\\\/\\\/www.comll.cat\\\/es\\\/dimarts-vinent-comenca-al-comll-el-curs-iniciacio-a-la-recerca-amb-30-inscrits\\\/#breadcrumb\"},\"inLanguage\":\"es\",\"potentialAction\":[{\"@type\":\"ReadAction\",\"target\":[\"https:\\\/\\\/www.comll.cat\\\/es\\\/dimarts-vinent-comenca-al-comll-el-curs-iniciacio-a-la-recerca-amb-30-inscrits\\\/\"]}]},{\"@type\":\"ImageObject\",\"inLanguage\":\"es\",\"@id\":\"https:\\\/\\\/www.comll.cat\\\/es\\\/dimarts-vinent-comenca-al-comll-el-curs-iniciacio-a-la-recerca-amb-30-inscrits\\\/#primaryimage\",\"url\":\"https:\\\/\\\/www.comll.cat\\\/es\\\/wp-content\\\/uploads\\\/sites\\\/3\\\/news-form-comll.jpg\",\"contentUrl\":\"https:\\\/\\\/www.comll.cat\\\/es\\\/wp-content\\\/uploads\\\/sites\\\/3\\\/news-form-comll.jpg\",\"width\":1280,\"height\":900},{\"@type\":\"BreadcrumbList\",\"@id\":\"https:\\\/\\\/www.comll.cat\\\/es\\\/dimarts-vinent-comenca-al-comll-el-curs-iniciacio-a-la-recerca-amb-30-inscrits\\\/#breadcrumb\",\"itemListElement\":[{\"@type\":\"ListItem\",\"position\":1,\"name\":\"Portada\",\"item\":\"https:\\\/\\\/www.comll.cat\\\/es\\\/\"},{\"@type\":\"ListItem\",\"position\":2,\"name\":\"Dimarts vinent comen\u00e7a al COMLL el curs \u201cIniciaci\u00f3 a la recerca\u201d amb 30 inscrits\"}]},{\"@type\":\"WebSite\",\"@id\":\"https:\\\/\\\/www.comll.cat\\\/es\\\/#website\",\"url\":\"https:\\\/\\\/www.comll.cat\\\/es\\\/\",\"name\":\"Col\u00b7legi Oficial de Metges de Lleida\",\"description\":\"COMLL\",\"potentialAction\":[{\"@type\":\"SearchAction\",\"target\":{\"@type\":\"EntryPoint\",\"urlTemplate\":\"https:\\\/\\\/www.comll.cat\\\/es\\\/?s={search_term_string}\"},\"query-input\":{\"@type\":\"PropertyValueSpecification\",\"valueRequired\":true,\"valueName\":\"search_term_string\"}}],\"inLanguage\":\"es\"},{\"@type\":\"Person\",\"@id\":\"https:\\\/\\\/www.comll.cat\\\/es\\\/#\\\/schema\\\/person\\\/1c7bc4d83b35a927d680cfe0ec9120e0\",\"name\":\"Albert\",\"image\":{\"@type\":\"ImageObject\",\"inLanguage\":\"es\",\"@id\":\"https:\\\/\\\/secure.gravatar.com\\\/avatar\\\/c1261138a5e7882394bd9001104fe7078a2d860997555a5353af4ef7bd38f6db?s=96&d=mm&r=g\",\"url\":\"https:\\\/\\\/secure.gravatar.com\\\/avatar\\\/c1261138a5e7882394bd9001104fe7078a2d860997555a5353af4ef7bd38f6db?s=96&d=mm&r=g\",\"contentUrl\":\"https:\\\/\\\/secure.gravatar.com\\\/avatar\\\/c1261138a5e7882394bd9001104fe7078a2d860997555a5353af4ef7bd38f6db?s=96&d=mm&r=g\",\"caption\":\"Albert\"},\"sameAs\":[\"https:\\\/\\\/www.comll.cat\"]}]}<\/script>\n<!-- \/ Yoast SEO plugin. -->","yoast_head_json":{"title":"Dimarts vinent comen\u00e7a al COMLL el curs \u201cIniciaci\u00f3 a la recerca\u201d amb 30 inscrits - Col\u00b7legi Oficial de Metges de Lleida","robots":{"index":"index","follow":"follow","max-snippet":"max-snippet:-1","max-image-preview":"max-image-preview:large","max-video-preview":"max-video-preview:-1"},"canonical":"https:\/\/www.comll.cat\/es\/dimarts-vinent-comenca-al-comll-el-curs-iniciacio-a-la-recerca-amb-30-inscrits\/","og_locale":"es_ES","og_type":"article","og_title":"Dimarts vinent comen\u00e7a al COMLL el curs \u201cIniciaci\u00f3 a la recerca\u201d amb 30 inscrits - Col\u00b7legi Oficial de Metges de Lleida","og_description":"El curs Iniciaci\u00f3 a la recercacomen\u00e7ar\u00e0 dimarts vinent, dia 5, a la seu del Col\u00b7legi Oficial de Metges de Lleida,...","og_url":"https:\/\/www.comll.cat\/es\/dimarts-vinent-comenca-al-comll-el-curs-iniciacio-a-la-recerca-amb-30-inscrits\/","og_site_name":"Col\u00b7legi Oficial de Metges de Lleida","article_published_time":"2019-03-05T15:20:26+00:00","og_image":[{"width":1280,"height":900,"url":"https:\/\/www.comll.cat\/es\/wp-content\/uploads\/sites\/3\/news-form-comll.jpg","type":"image\/jpeg"}],"author":"Albert","twitter_card":"summary_large_image","schema":{"@context":"https:\/\/schema.org","@graph":[{"@type":"Article","@id":"https:\/\/www.comll.cat\/es\/dimarts-vinent-comenca-al-comll-el-curs-iniciacio-a-la-recerca-amb-30-inscrits\/#article","isPartOf":{"@id":"https:\/\/www.comll.cat\/es\/dimarts-vinent-comenca-al-comll-el-curs-iniciacio-a-la-recerca-amb-30-inscrits\/"},"author":{"name":"Albert","@id":"https:\/\/www.comll.cat\/es\/#\/schema\/person\/1c7bc4d83b35a927d680cfe0ec9120e0"},"headline":"Dimarts vinent comen\u00e7a al COMLL el curs \u201cIniciaci\u00f3 a la recerca\u201d amb 30 inscrits","datePublished":"2019-03-05T15:20:26+00:00","mainEntityOfPage":{"@id":"https:\/\/www.comll.cat\/es\/dimarts-vinent-comenca-al-comll-el-curs-iniciacio-a-la-recerca-amb-30-inscrits\/"},"wordCount":219,"image":{"@id":"https:\/\/www.comll.cat\/es\/dimarts-vinent-comenca-al-comll-el-curs-iniciacio-a-la-recerca-amb-30-inscrits\/#primaryimage"},"thumbnailUrl":"https:\/\/www.comll.cat\/es\/wp-content\/uploads\/sites\/3\/news-form-comll.jpg","articleSection":["Noticias"],"inLanguage":"es"},{"@type":"WebPage","@id":"https:\/\/www.comll.cat\/es\/dimarts-vinent-comenca-al-comll-el-curs-iniciacio-a-la-recerca-amb-30-inscrits\/","url":"https:\/\/www.comll.cat\/es\/dimarts-vinent-comenca-al-comll-el-curs-iniciacio-a-la-recerca-amb-30-inscrits\/","name":"Dimarts vinent comen\u00e7a al COMLL el curs \u201cIniciaci\u00f3 a la recerca\u201d amb 30 inscrits - Col\u00b7legi Oficial de Metges de Lleida","isPartOf":{"@id":"https:\/\/www.comll.cat\/es\/#website"},"primaryImageOfPage":{"@id":"https:\/\/www.comll.cat\/es\/dimarts-vinent-comenca-al-comll-el-curs-iniciacio-a-la-recerca-amb-30-inscrits\/#primaryimage"},"image":{"@id":"https:\/\/www.comll.cat\/es\/dimarts-vinent-comenca-al-comll-el-curs-iniciacio-a-la-recerca-amb-30-inscrits\/#primaryimage"},"thumbnailUrl":"https:\/\/www.comll.cat\/es\/wp-content\/uploads\/sites\/3\/news-form-comll.jpg","datePublished":"2019-03-05T15:20:26+00:00","author":{"@id":"https:\/\/www.comll.cat\/es\/#\/schema\/person\/1c7bc4d83b35a927d680cfe0ec9120e0"},"breadcrumb":{"@id":"https:\/\/www.comll.cat\/es\/dimarts-vinent-comenca-al-comll-el-curs-iniciacio-a-la-recerca-amb-30-inscrits\/#breadcrumb"},"inLanguage":"es","potentialAction":[{"@type":"ReadAction","target":["https:\/\/www.comll.cat\/es\/dimarts-vinent-comenca-al-comll-el-curs-iniciacio-a-la-recerca-amb-30-inscrits\/"]}]},{"@type":"ImageObject","inLanguage":"es","@id":"https:\/\/www.comll.cat\/es\/dimarts-vinent-comenca-al-comll-el-curs-iniciacio-a-la-recerca-amb-30-inscrits\/#primaryimage","url":"https:\/\/www.comll.cat\/es\/wp-content\/uploads\/sites\/3\/news-form-comll.jpg","contentUrl":"https:\/\/www.comll.cat\/es\/wp-content\/uploads\/sites\/3\/news-form-comll.jpg","width":1280,"height":900},{"@type":"BreadcrumbList","@id":"https:\/\/www.comll.cat\/es\/dimarts-vinent-comenca-al-comll-el-curs-iniciacio-a-la-recerca-amb-30-inscrits\/#breadcrumb","itemListElement":[{"@type":"ListItem","position":1,"name":"Portada","item":"https:\/\/www.comll.cat\/es\/"},{"@type":"ListItem","position":2,"name":"Dimarts vinent comen\u00e7a al COMLL el curs \u201cIniciaci\u00f3 a la recerca\u201d amb 30 inscrits"}]},{"@type":"WebSite","@id":"https:\/\/www.comll.cat\/es\/#website","url":"https:\/\/www.comll.cat\/es\/","name":"Col\u00b7legi Oficial de Metges de Lleida","description":"COMLL","potentialAction":[{"@type":"SearchAction","target":{"@type":"EntryPoint","urlTemplate":"https:\/\/www.comll.cat\/es\/?s={search_term_string}"},"query-input":{"@type":"PropertyValueSpecification","valueRequired":true,"valueName":"search_term_string"}}],"inLanguage":"es"},{"@type":"Person","@id":"https:\/\/www.comll.cat\/es\/#\/schema\/person\/1c7bc4d83b35a927d680cfe0ec9120e0","name":"Albert","image":{"@type":"ImageObject","inLanguage":"es","@id":"https:\/\/secure.gravatar.com\/avatar\/c1261138a5e7882394bd9001104fe7078a2d860997555a5353af4ef7bd38f6db?s=96&d=mm&r=g","url":"https:\/\/secure.gravatar.com\/avatar\/c1261138a5e7882394bd9001104fe7078a2d860997555a5353af4ef7bd38f6db?s=96&d=mm&r=g","contentUrl":"https:\/\/secure.gravatar.com\/avatar\/c1261138a5e7882394bd9001104fe7078a2d860997555a5353af4ef7bd38f6db?s=96&d=mm&r=g","caption":"Albert"},"sameAs":["https:\/\/www.comll.cat"]}]}},"publishpress_future_action":{"enabled":false,"date":"2026-04-30 21:24:46","action":"change-status","newStatus":"draft","terms":[],"taxonomy":"category","extraData":[]},"publishpress_future_workflow_manual_trigger":{"enabledWorkflows":[]},"_links":{"self":[{"href":"https:\/\/www.comll.cat\/es\/wp-json\/wp\/v2\/posts\/557","targetHints":{"allow":["GET"]}}],"collection":[{"href":"https:\/\/www.comll.cat\/es\/wp-json\/wp\/v2\/posts"}],"about":[{"href":"https:\/\/www.comll.cat\/es\/wp-json\/wp\/v2\/types\/post"}],"author":[{"embeddable":true,"href":"https:\/\/www.comll.cat\/es\/wp-json\/wp\/v2\/users\/1"}],"replies":[{"embeddable":true,"href":"https:\/\/www.comll.cat\/es\/wp-json\/wp\/v2\/comments?post=557"}],"version-history":[{"count":0,"href":"https:\/\/www.comll.cat\/es\/wp-json\/wp\/v2\/posts\/557\/revisions"}],"wp:featuredmedia":[{"embeddable":true,"href":"https:\/\/www.comll.cat\/es\/wp-json\/wp\/v2\/media\/421"}],"wp:attachment":[{"href":"https:\/\/www.comll.cat\/es\/wp-json\/wp\/v2\/media?parent=557"}],"wp:term":[{"taxonomy":"category","embeddable":true,"href":"https:\/\/www.comll.cat\/es\/wp-json\/wp\/v2\/categories?post=557"},{"taxonomy":"post_tag","embeddable":true,"href":"https:\/\/www.comll.cat\/es\/wp-json\/wp\/v2\/tags?post=557"}],"curies":[{"name":"wp","href":"https:\/\/api.w.org\/{rel}","templated":true}]}}