{"id":547,"date":"2019-02-25T15:14:02","date_gmt":"2019-02-25T14:14:02","guid":{"rendered":"https:\/\/www.comll.cat\/curs-suport-vital-avancat-en-pediatria-rcp-a-a-la-universitat-rovira-i-virgili\/"},"modified":"2019-02-25T15:14:02","modified_gmt":"2019-02-25T14:14:02","slug":"curs-suport-vital-avancat-en-pediatria-rcp-a-a-la-universitat-rovira-i-virgili","status":"publish","type":"post","link":"https:\/\/www.comll.cat\/es\/curs-suport-vital-avancat-en-pediatria-rcp-a-a-la-universitat-rovira-i-virgili\/","title":{"rendered":"Curs \u201cSuport Vital Avan\u00e7at en Pediatria (RCP-A)\u201d a la Universitat Rovira i Virgili"},"content":{"rendered":"<p>La Universitat Rovira i Virgili (URV) de Tarragona, organitza el curs Suport Vital Avan\u00e7at en Pediatria (RCP-A), que es desenvolupar\u00e0 del 27 de febrer al 29 de mar\u00e7 a les aules del Laboratori de la seva Facultat d\u2019Infermeria (Campus Catalunya). El curs \u00e9s semipresencial amb treball previ a dist\u00e0ncia mitjan\u00e7ant una plataforma virtual.<\/p>\n<p>El temari del curs inclou un m\u00f2dul de RCP b\u00e0sica, el suport avan\u00e7at de via a\u00e8ria, l\u2019administraci\u00f3 de drogues i canalitzaci\u00f3 de vies, el diagn\u00f2stic i tractament d\u2019ar\u00edtmies i desfibril\u00b7laci\u00f3, la reanimaci\u00f3 neonatal, la reanimaci\u00f3 politrauma i el nen greu i la pr\u00e0ctica final integrada de totes les habilitats. La durada del curs \u00e9s de 30 hores i est\u00e0 acreditat pel Consell Catal\u00e0 de la Formaci\u00f3 Continuada de les Professions Sanit\u00e0ries amb 10,2 cr\u00e8dits.<\/p>\n<p>M\u00e9s informaci\u00f3, a <a href=\"http:\/\/www.fundacio.urv.cat\/suport_vital_avancat_en_pediatria\/of\/CAT\/CSVAPS-A1-2019-1\">http:\/\/www.fundacio.urv.cat\/suport_vital_avancat_en_pediatria\/of\/CAT\/CSVAPS-A1-2019-1<\/a><\/p>\n","protected":false},"excerpt":{"rendered":"<p>La Universitat Rovira i Virgili (URV) de Tarragona, organitza el curs Suport Vital Avan\u00e7at en Pediatria (RCP-A), que es desenvolupar\u00e0...<\/p>\n","protected":false},"author":1,"featured_media":430,"comment_status":"closed","ping_status":"closed","sticky":false,"template":"","format":"standard","meta":{"_acf_changed":false,"inline_featured_image":false,"footnotes":""},"categories":[18],"tags":[],"class_list":["post-547","post","type-post","status-publish","format-standard","has-post-thumbnail","hentry","category-noticias"],"acf":[],"yoast_head":"<!-- This site is optimized with the Yoast SEO plugin v27.5 - https:\/\/yoast.com\/product\/yoast-seo-wordpress\/ -->\n<title>Curs \u201cSuport Vital Avan\u00e7at en Pediatria (RCP-A)\u201d a la Universitat Rovira i Virgili - Col\u00b7legi Oficial de Metges de Lleida<\/title>\n<meta name=\"robots\" content=\"index, follow, max-snippet:-1, max-image-preview:large, max-video-preview:-1\" \/>\n<link rel=\"canonical\" href=\"https:\/\/www.comll.cat\/es\/curs-suport-vital-avancat-en-pediatria-rcp-a-a-la-universitat-rovira-i-virgili\/\" \/>\n<meta property=\"og:locale\" content=\"es_ES\" \/>\n<meta property=\"og:type\" content=\"article\" \/>\n<meta property=\"og:title\" content=\"Curs \u201cSuport Vital Avan\u00e7at en Pediatria (RCP-A)\u201d a la Universitat Rovira i Virgili - Col\u00b7legi Oficial de Metges de Lleida\" \/>\n<meta property=\"og:description\" content=\"La Universitat Rovira i Virgili (URV) de Tarragona, organitza el curs Suport Vital Avan\u00e7at en Pediatria (RCP-A), que es desenvolupar\u00e0...\" \/>\n<meta property=\"og:url\" content=\"https:\/\/www.comll.cat\/es\/curs-suport-vital-avancat-en-pediatria-rcp-a-a-la-universitat-rovira-i-virgili\/\" \/>\n<meta property=\"og:site_name\" content=\"Col\u00b7legi Oficial de Metges de Lleida\" \/>\n<meta property=\"article:published_time\" content=\"2019-02-25T14:14:02+00:00\" \/>\n<meta property=\"og:image\" content=\"https:\/\/www.comll.cat\/es\/wp-content\/uploads\/sites\/3\/noticia-comll.jpg\" \/>\n\t<meta property=\"og:image:width\" content=\"1280\" \/>\n\t<meta property=\"og:image:height\" content=\"900\" \/>\n\t<meta property=\"og:image:type\" content=\"image\/jpeg\" \/>\n<meta name=\"author\" content=\"Albert\" \/>\n<meta name=\"twitter:card\" content=\"summary_large_image\" \/>\n<script type=\"application\/ld+json\" class=\"yoast-schema-graph\">{\"@context\":\"https:\\\/\\\/schema.org\",\"@graph\":[{\"@type\":\"Article\",\"@id\":\"https:\\\/\\\/www.comll.cat\\\/es\\\/curs-suport-vital-avancat-en-pediatria-rcp-a-a-la-universitat-rovira-i-virgili\\\/#article\",\"isPartOf\":{\"@id\":\"https:\\\/\\\/www.comll.cat\\\/es\\\/curs-suport-vital-avancat-en-pediatria-rcp-a-a-la-universitat-rovira-i-virgili\\\/\"},\"author\":{\"name\":\"Albert\",\"@id\":\"https:\\\/\\\/www.comll.cat\\\/es\\\/#\\\/schema\\\/person\\\/1c7bc4d83b35a927d680cfe0ec9120e0\"},\"headline\":\"Curs \u201cSuport Vital Avan\u00e7at en Pediatria (RCP-A)\u201d a la Universitat Rovira i Virgili\",\"datePublished\":\"2019-02-25T14:14:02+00:00\",\"mainEntityOfPage\":{\"@id\":\"https:\\\/\\\/www.comll.cat\\\/es\\\/curs-suport-vital-avancat-en-pediatria-rcp-a-a-la-universitat-rovira-i-virgili\\\/\"},\"wordCount\":172,\"image\":{\"@id\":\"https:\\\/\\\/www.comll.cat\\\/es\\\/curs-suport-vital-avancat-en-pediatria-rcp-a-a-la-universitat-rovira-i-virgili\\\/#primaryimage\"},\"thumbnailUrl\":\"https:\\\/\\\/www.comll.cat\\\/es\\\/wp-content\\\/uploads\\\/sites\\\/3\\\/noticia-comll.jpg\",\"articleSection\":[\"Noticias\"],\"inLanguage\":\"es\"},{\"@type\":\"WebPage\",\"@id\":\"https:\\\/\\\/www.comll.cat\\\/es\\\/curs-suport-vital-avancat-en-pediatria-rcp-a-a-la-universitat-rovira-i-virgili\\\/\",\"url\":\"https:\\\/\\\/www.comll.cat\\\/es\\\/curs-suport-vital-avancat-en-pediatria-rcp-a-a-la-universitat-rovira-i-virgili\\\/\",\"name\":\"Curs \u201cSuport Vital Avan\u00e7at en Pediatria (RCP-A)\u201d a la Universitat Rovira i Virgili - Col\u00b7legi Oficial de Metges de Lleida\",\"isPartOf\":{\"@id\":\"https:\\\/\\\/www.comll.cat\\\/es\\\/#website\"},\"primaryImageOfPage\":{\"@id\":\"https:\\\/\\\/www.comll.cat\\\/es\\\/curs-suport-vital-avancat-en-pediatria-rcp-a-a-la-universitat-rovira-i-virgili\\\/#primaryimage\"},\"image\":{\"@id\":\"https:\\\/\\\/www.comll.cat\\\/es\\\/curs-suport-vital-avancat-en-pediatria-rcp-a-a-la-universitat-rovira-i-virgili\\\/#primaryimage\"},\"thumbnailUrl\":\"https:\\\/\\\/www.comll.cat\\\/es\\\/wp-content\\\/uploads\\\/sites\\\/3\\\/noticia-comll.jpg\",\"datePublished\":\"2019-02-25T14:14:02+00:00\",\"author\":{\"@id\":\"https:\\\/\\\/www.comll.cat\\\/es\\\/#\\\/schema\\\/person\\\/1c7bc4d83b35a927d680cfe0ec9120e0\"},\"breadcrumb\":{\"@id\":\"https:\\\/\\\/www.comll.cat\\\/es\\\/curs-suport-vital-avancat-en-pediatria-rcp-a-a-la-universitat-rovira-i-virgili\\\/#breadcrumb\"},\"inLanguage\":\"es\",\"potentialAction\":[{\"@type\":\"ReadAction\",\"target\":[\"https:\\\/\\\/www.comll.cat\\\/es\\\/curs-suport-vital-avancat-en-pediatria-rcp-a-a-la-universitat-rovira-i-virgili\\\/\"]}]},{\"@type\":\"ImageObject\",\"inLanguage\":\"es\",\"@id\":\"https:\\\/\\\/www.comll.cat\\\/es\\\/curs-suport-vital-avancat-en-pediatria-rcp-a-a-la-universitat-rovira-i-virgili\\\/#primaryimage\",\"url\":\"https:\\\/\\\/www.comll.cat\\\/es\\\/wp-content\\\/uploads\\\/sites\\\/3\\\/noticia-comll.jpg\",\"contentUrl\":\"https:\\\/\\\/www.comll.cat\\\/es\\\/wp-content\\\/uploads\\\/sites\\\/3\\\/noticia-comll.jpg\",\"width\":1280,\"height\":900},{\"@type\":\"BreadcrumbList\",\"@id\":\"https:\\\/\\\/www.comll.cat\\\/es\\\/curs-suport-vital-avancat-en-pediatria-rcp-a-a-la-universitat-rovira-i-virgili\\\/#breadcrumb\",\"itemListElement\":[{\"@type\":\"ListItem\",\"position\":1,\"name\":\"Portada\",\"item\":\"https:\\\/\\\/www.comll.cat\\\/es\\\/\"},{\"@type\":\"ListItem\",\"position\":2,\"name\":\"Curs \u201cSuport Vital Avan\u00e7at en Pediatria (RCP-A)\u201d a la Universitat Rovira i Virgili\"}]},{\"@type\":\"WebSite\",\"@id\":\"https:\\\/\\\/www.comll.cat\\\/es\\\/#website\",\"url\":\"https:\\\/\\\/www.comll.cat\\\/es\\\/\",\"name\":\"Col\u00b7legi Oficial de Metges de Lleida\",\"description\":\"COMLL\",\"potentialAction\":[{\"@type\":\"SearchAction\",\"target\":{\"@type\":\"EntryPoint\",\"urlTemplate\":\"https:\\\/\\\/www.comll.cat\\\/es\\\/?s={search_term_string}\"},\"query-input\":{\"@type\":\"PropertyValueSpecification\",\"valueRequired\":true,\"valueName\":\"search_term_string\"}}],\"inLanguage\":\"es\"},{\"@type\":\"Person\",\"@id\":\"https:\\\/\\\/www.comll.cat\\\/es\\\/#\\\/schema\\\/person\\\/1c7bc4d83b35a927d680cfe0ec9120e0\",\"name\":\"Albert\",\"image\":{\"@type\":\"ImageObject\",\"inLanguage\":\"es\",\"@id\":\"https:\\\/\\\/secure.gravatar.com\\\/avatar\\\/c1261138a5e7882394bd9001104fe7078a2d860997555a5353af4ef7bd38f6db?s=96&d=mm&r=g\",\"url\":\"https:\\\/\\\/secure.gravatar.com\\\/avatar\\\/c1261138a5e7882394bd9001104fe7078a2d860997555a5353af4ef7bd38f6db?s=96&d=mm&r=g\",\"contentUrl\":\"https:\\\/\\\/secure.gravatar.com\\\/avatar\\\/c1261138a5e7882394bd9001104fe7078a2d860997555a5353af4ef7bd38f6db?s=96&d=mm&r=g\",\"caption\":\"Albert\"},\"sameAs\":[\"https:\\\/\\\/www.comll.cat\"]}]}<\/script>\n<!-- \/ Yoast SEO plugin. -->","yoast_head_json":{"title":"Curs \u201cSuport Vital Avan\u00e7at en Pediatria (RCP-A)\u201d a la Universitat Rovira i Virgili - Col\u00b7legi Oficial de Metges de Lleida","robots":{"index":"index","follow":"follow","max-snippet":"max-snippet:-1","max-image-preview":"max-image-preview:large","max-video-preview":"max-video-preview:-1"},"canonical":"https:\/\/www.comll.cat\/es\/curs-suport-vital-avancat-en-pediatria-rcp-a-a-la-universitat-rovira-i-virgili\/","og_locale":"es_ES","og_type":"article","og_title":"Curs \u201cSuport Vital Avan\u00e7at en Pediatria (RCP-A)\u201d a la Universitat Rovira i Virgili - Col\u00b7legi Oficial de Metges de Lleida","og_description":"La Universitat Rovira i Virgili (URV) de Tarragona, organitza el curs Suport Vital Avan\u00e7at en Pediatria (RCP-A), que es desenvolupar\u00e0...","og_url":"https:\/\/www.comll.cat\/es\/curs-suport-vital-avancat-en-pediatria-rcp-a-a-la-universitat-rovira-i-virgili\/","og_site_name":"Col\u00b7legi Oficial de Metges de Lleida","article_published_time":"2019-02-25T14:14:02+00:00","og_image":[{"width":1280,"height":900,"url":"https:\/\/www.comll.cat\/es\/wp-content\/uploads\/sites\/3\/noticia-comll.jpg","type":"image\/jpeg"}],"author":"Albert","twitter_card":"summary_large_image","schema":{"@context":"https:\/\/schema.org","@graph":[{"@type":"Article","@id":"https:\/\/www.comll.cat\/es\/curs-suport-vital-avancat-en-pediatria-rcp-a-a-la-universitat-rovira-i-virgili\/#article","isPartOf":{"@id":"https:\/\/www.comll.cat\/es\/curs-suport-vital-avancat-en-pediatria-rcp-a-a-la-universitat-rovira-i-virgili\/"},"author":{"name":"Albert","@id":"https:\/\/www.comll.cat\/es\/#\/schema\/person\/1c7bc4d83b35a927d680cfe0ec9120e0"},"headline":"Curs \u201cSuport Vital Avan\u00e7at en Pediatria (RCP-A)\u201d a la Universitat Rovira i Virgili","datePublished":"2019-02-25T14:14:02+00:00","mainEntityOfPage":{"@id":"https:\/\/www.comll.cat\/es\/curs-suport-vital-avancat-en-pediatria-rcp-a-a-la-universitat-rovira-i-virgili\/"},"wordCount":172,"image":{"@id":"https:\/\/www.comll.cat\/es\/curs-suport-vital-avancat-en-pediatria-rcp-a-a-la-universitat-rovira-i-virgili\/#primaryimage"},"thumbnailUrl":"https:\/\/www.comll.cat\/es\/wp-content\/uploads\/sites\/3\/noticia-comll.jpg","articleSection":["Noticias"],"inLanguage":"es"},{"@type":"WebPage","@id":"https:\/\/www.comll.cat\/es\/curs-suport-vital-avancat-en-pediatria-rcp-a-a-la-universitat-rovira-i-virgili\/","url":"https:\/\/www.comll.cat\/es\/curs-suport-vital-avancat-en-pediatria-rcp-a-a-la-universitat-rovira-i-virgili\/","name":"Curs \u201cSuport Vital Avan\u00e7at en Pediatria (RCP-A)\u201d a la Universitat Rovira i Virgili - Col\u00b7legi Oficial de Metges de Lleida","isPartOf":{"@id":"https:\/\/www.comll.cat\/es\/#website"},"primaryImageOfPage":{"@id":"https:\/\/www.comll.cat\/es\/curs-suport-vital-avancat-en-pediatria-rcp-a-a-la-universitat-rovira-i-virgili\/#primaryimage"},"image":{"@id":"https:\/\/www.comll.cat\/es\/curs-suport-vital-avancat-en-pediatria-rcp-a-a-la-universitat-rovira-i-virgili\/#primaryimage"},"thumbnailUrl":"https:\/\/www.comll.cat\/es\/wp-content\/uploads\/sites\/3\/noticia-comll.jpg","datePublished":"2019-02-25T14:14:02+00:00","author":{"@id":"https:\/\/www.comll.cat\/es\/#\/schema\/person\/1c7bc4d83b35a927d680cfe0ec9120e0"},"breadcrumb":{"@id":"https:\/\/www.comll.cat\/es\/curs-suport-vital-avancat-en-pediatria-rcp-a-a-la-universitat-rovira-i-virgili\/#breadcrumb"},"inLanguage":"es","potentialAction":[{"@type":"ReadAction","target":["https:\/\/www.comll.cat\/es\/curs-suport-vital-avancat-en-pediatria-rcp-a-a-la-universitat-rovira-i-virgili\/"]}]},{"@type":"ImageObject","inLanguage":"es","@id":"https:\/\/www.comll.cat\/es\/curs-suport-vital-avancat-en-pediatria-rcp-a-a-la-universitat-rovira-i-virgili\/#primaryimage","url":"https:\/\/www.comll.cat\/es\/wp-content\/uploads\/sites\/3\/noticia-comll.jpg","contentUrl":"https:\/\/www.comll.cat\/es\/wp-content\/uploads\/sites\/3\/noticia-comll.jpg","width":1280,"height":900},{"@type":"BreadcrumbList","@id":"https:\/\/www.comll.cat\/es\/curs-suport-vital-avancat-en-pediatria-rcp-a-a-la-universitat-rovira-i-virgili\/#breadcrumb","itemListElement":[{"@type":"ListItem","position":1,"name":"Portada","item":"https:\/\/www.comll.cat\/es\/"},{"@type":"ListItem","position":2,"name":"Curs \u201cSuport Vital Avan\u00e7at en Pediatria (RCP-A)\u201d a la Universitat Rovira i Virgili"}]},{"@type":"WebSite","@id":"https:\/\/www.comll.cat\/es\/#website","url":"https:\/\/www.comll.cat\/es\/","name":"Col\u00b7legi Oficial de Metges de Lleida","description":"COMLL","potentialAction":[{"@type":"SearchAction","target":{"@type":"EntryPoint","urlTemplate":"https:\/\/www.comll.cat\/es\/?s={search_term_string}"},"query-input":{"@type":"PropertyValueSpecification","valueRequired":true,"valueName":"search_term_string"}}],"inLanguage":"es"},{"@type":"Person","@id":"https:\/\/www.comll.cat\/es\/#\/schema\/person\/1c7bc4d83b35a927d680cfe0ec9120e0","name":"Albert","image":{"@type":"ImageObject","inLanguage":"es","@id":"https:\/\/secure.gravatar.com\/avatar\/c1261138a5e7882394bd9001104fe7078a2d860997555a5353af4ef7bd38f6db?s=96&d=mm&r=g","url":"https:\/\/secure.gravatar.com\/avatar\/c1261138a5e7882394bd9001104fe7078a2d860997555a5353af4ef7bd38f6db?s=96&d=mm&r=g","contentUrl":"https:\/\/secure.gravatar.com\/avatar\/c1261138a5e7882394bd9001104fe7078a2d860997555a5353af4ef7bd38f6db?s=96&d=mm&r=g","caption":"Albert"},"sameAs":["https:\/\/www.comll.cat"]}]}},"publishpress_future_action":{"enabled":false,"date":"2026-04-30 14:40:11","action":"change-status","newStatus":"draft","terms":[],"taxonomy":"category","extraData":[]},"publishpress_future_workflow_manual_trigger":{"enabledWorkflows":[]},"_links":{"self":[{"href":"https:\/\/www.comll.cat\/es\/wp-json\/wp\/v2\/posts\/547","targetHints":{"allow":["GET"]}}],"collection":[{"href":"https:\/\/www.comll.cat\/es\/wp-json\/wp\/v2\/posts"}],"about":[{"href":"https:\/\/www.comll.cat\/es\/wp-json\/wp\/v2\/types\/post"}],"author":[{"embeddable":true,"href":"https:\/\/www.comll.cat\/es\/wp-json\/wp\/v2\/users\/1"}],"replies":[{"embeddable":true,"href":"https:\/\/www.comll.cat\/es\/wp-json\/wp\/v2\/comments?post=547"}],"version-history":[{"count":0,"href":"https:\/\/www.comll.cat\/es\/wp-json\/wp\/v2\/posts\/547\/revisions"}],"wp:featuredmedia":[{"embeddable":true,"href":"https:\/\/www.comll.cat\/es\/wp-json\/wp\/v2\/media\/430"}],"wp:attachment":[{"href":"https:\/\/www.comll.cat\/es\/wp-json\/wp\/v2\/media?parent=547"}],"wp:term":[{"taxonomy":"category","embeddable":true,"href":"https:\/\/www.comll.cat\/es\/wp-json\/wp\/v2\/categories?post=547"},{"taxonomy":"post_tag","embeddable":true,"href":"https:\/\/www.comll.cat\/es\/wp-json\/wp\/v2\/tags?post=547"}],"curies":[{"name":"wp","href":"https:\/\/api.w.org\/{rel}","templated":true}]}}