{"id":536,"date":"2019-02-15T10:14:38","date_gmt":"2019-02-15T09:14:38","guid":{"rendered":"https:\/\/www.comll.cat\/els-impostos-sobre-successions-donacions-i-patrimoni-nou-modul-formatiu-de-forum-empresa\/"},"modified":"2019-02-15T10:14:38","modified_gmt":"2019-02-15T09:14:38","slug":"els-impostos-sobre-successions-donacions-i-patrimoni-nou-modul-formatiu-de-forum-empresa","status":"publish","type":"post","link":"https:\/\/www.comll.cat\/es\/els-impostos-sobre-successions-donacions-i-patrimoni-nou-modul-formatiu-de-forum-empresa\/","title":{"rendered":"Els impostos sobre successions, donacions i patrimoni, nou m\u00f2dul formatiu de Forum Empresa"},"content":{"rendered":"<p>Forum Empresa organitza el m\u00f2dul formatiu <em>Impost sobre successions i donacions. Impost sobre el patrimoni, <\/em>que se celebrar\u00e0 els propers dies 21 i 26, de les 16.00 a les 20.00 hores, a la seva seu (Av. Blondel, 21, 4t). F\u00e8lix Gonz\u00e1lez, inspector de Finances (exc.) i assessor d\u2019empreses, impartir\u00e0 el m\u00f2dul.<\/p>\n<p>Gonz\u00e1lez parlar\u00e0 de l\u2019evoluci\u00f3 del marc normatiu, l\u2019esquema de liquidaci\u00f3, la gesti\u00f3 de l\u2019impost i dels propis impostos de successions i donacions. Pel que fa al patrimoni, exposar\u00e0 la legislaci\u00f3 aplicable, els aspectes generals, l\u2019esquema de liquidaci\u00f3, les bases imposable i liquidable, el deute tributari i les persones obligades a presentar declaraci\u00f3.<\/p>\n<p>El m\u00f2dul forma part del Curs d\u2019Especialitzaci\u00f3 en Fiscalitat de l\u2019Empresa. M\u00e9s informaci\u00f3, a forum2001.es<\/p>\n","protected":false},"excerpt":{"rendered":"<p>Forum Empresa organitza el m\u00f2dul formatiu Impost sobre successions i donacions. Impost sobre el patrimoni, que se celebrar\u00e0 els propers...<\/p>\n","protected":false},"author":1,"featured_media":421,"comment_status":"closed","ping_status":"closed","sticky":false,"template":"","format":"standard","meta":{"_acf_changed":false,"inline_featured_image":false,"footnotes":""},"categories":[18],"tags":[],"class_list":["post-536","post","type-post","status-publish","format-standard","has-post-thumbnail","hentry","category-noticias"],"acf":[],"yoast_head":"<!-- This site is optimized with the Yoast SEO plugin v27.5 - https:\/\/yoast.com\/product\/yoast-seo-wordpress\/ -->\n<title>Els impostos sobre successions, donacions i patrimoni, nou m\u00f2dul formatiu de Forum Empresa - Col\u00b7legi Oficial de Metges de Lleida<\/title>\n<meta name=\"robots\" content=\"index, follow, max-snippet:-1, max-image-preview:large, max-video-preview:-1\" \/>\n<link rel=\"canonical\" href=\"https:\/\/www.comll.cat\/es\/els-impostos-sobre-successions-donacions-i-patrimoni-nou-modul-formatiu-de-forum-empresa\/\" \/>\n<meta property=\"og:locale\" content=\"es_ES\" \/>\n<meta property=\"og:type\" content=\"article\" \/>\n<meta property=\"og:title\" content=\"Els impostos sobre successions, donacions i patrimoni, nou m\u00f2dul formatiu de Forum Empresa - Col\u00b7legi Oficial de Metges de Lleida\" \/>\n<meta property=\"og:description\" content=\"Forum Empresa organitza el m\u00f2dul formatiu Impost sobre successions i donacions. Impost sobre el patrimoni, que se celebrar\u00e0 els propers...\" \/>\n<meta property=\"og:url\" content=\"https:\/\/www.comll.cat\/es\/els-impostos-sobre-successions-donacions-i-patrimoni-nou-modul-formatiu-de-forum-empresa\/\" \/>\n<meta property=\"og:site_name\" content=\"Col\u00b7legi Oficial de Metges de Lleida\" \/>\n<meta property=\"article:published_time\" content=\"2019-02-15T09:14:38+00:00\" \/>\n<meta property=\"og:image\" content=\"https:\/\/www.comll.cat\/es\/wp-content\/uploads\/sites\/3\/news-form-comll.jpg\" \/>\n\t<meta property=\"og:image:width\" content=\"1280\" \/>\n\t<meta property=\"og:image:height\" content=\"900\" \/>\n\t<meta property=\"og:image:type\" content=\"image\/jpeg\" \/>\n<meta name=\"author\" content=\"Albert\" \/>\n<meta name=\"twitter:card\" content=\"summary_large_image\" \/>\n<script type=\"application\/ld+json\" class=\"yoast-schema-graph\">{\"@context\":\"https:\\\/\\\/schema.org\",\"@graph\":[{\"@type\":\"Article\",\"@id\":\"https:\\\/\\\/www.comll.cat\\\/es\\\/els-impostos-sobre-successions-donacions-i-patrimoni-nou-modul-formatiu-de-forum-empresa\\\/#article\",\"isPartOf\":{\"@id\":\"https:\\\/\\\/www.comll.cat\\\/es\\\/els-impostos-sobre-successions-donacions-i-patrimoni-nou-modul-formatiu-de-forum-empresa\\\/\"},\"author\":{\"name\":\"Albert\",\"@id\":\"https:\\\/\\\/www.comll.cat\\\/es\\\/#\\\/schema\\\/person\\\/1c7bc4d83b35a927d680cfe0ec9120e0\"},\"headline\":\"Els impostos sobre successions, donacions i patrimoni, nou m\u00f2dul formatiu de Forum Empresa\",\"datePublished\":\"2019-02-15T09:14:38+00:00\",\"mainEntityOfPage\":{\"@id\":\"https:\\\/\\\/www.comll.cat\\\/es\\\/els-impostos-sobre-successions-donacions-i-patrimoni-nou-modul-formatiu-de-forum-empresa\\\/\"},\"wordCount\":142,\"image\":{\"@id\":\"https:\\\/\\\/www.comll.cat\\\/es\\\/els-impostos-sobre-successions-donacions-i-patrimoni-nou-modul-formatiu-de-forum-empresa\\\/#primaryimage\"},\"thumbnailUrl\":\"https:\\\/\\\/www.comll.cat\\\/es\\\/wp-content\\\/uploads\\\/sites\\\/3\\\/news-form-comll.jpg\",\"articleSection\":[\"Noticias\"],\"inLanguage\":\"es\"},{\"@type\":\"WebPage\",\"@id\":\"https:\\\/\\\/www.comll.cat\\\/es\\\/els-impostos-sobre-successions-donacions-i-patrimoni-nou-modul-formatiu-de-forum-empresa\\\/\",\"url\":\"https:\\\/\\\/www.comll.cat\\\/es\\\/els-impostos-sobre-successions-donacions-i-patrimoni-nou-modul-formatiu-de-forum-empresa\\\/\",\"name\":\"Els impostos sobre successions, donacions i patrimoni, nou m\u00f2dul formatiu de Forum Empresa - Col\u00b7legi Oficial de Metges de Lleida\",\"isPartOf\":{\"@id\":\"https:\\\/\\\/www.comll.cat\\\/es\\\/#website\"},\"primaryImageOfPage\":{\"@id\":\"https:\\\/\\\/www.comll.cat\\\/es\\\/els-impostos-sobre-successions-donacions-i-patrimoni-nou-modul-formatiu-de-forum-empresa\\\/#primaryimage\"},\"image\":{\"@id\":\"https:\\\/\\\/www.comll.cat\\\/es\\\/els-impostos-sobre-successions-donacions-i-patrimoni-nou-modul-formatiu-de-forum-empresa\\\/#primaryimage\"},\"thumbnailUrl\":\"https:\\\/\\\/www.comll.cat\\\/es\\\/wp-content\\\/uploads\\\/sites\\\/3\\\/news-form-comll.jpg\",\"datePublished\":\"2019-02-15T09:14:38+00:00\",\"author\":{\"@id\":\"https:\\\/\\\/www.comll.cat\\\/es\\\/#\\\/schema\\\/person\\\/1c7bc4d83b35a927d680cfe0ec9120e0\"},\"breadcrumb\":{\"@id\":\"https:\\\/\\\/www.comll.cat\\\/es\\\/els-impostos-sobre-successions-donacions-i-patrimoni-nou-modul-formatiu-de-forum-empresa\\\/#breadcrumb\"},\"inLanguage\":\"es\",\"potentialAction\":[{\"@type\":\"ReadAction\",\"target\":[\"https:\\\/\\\/www.comll.cat\\\/es\\\/els-impostos-sobre-successions-donacions-i-patrimoni-nou-modul-formatiu-de-forum-empresa\\\/\"]}]},{\"@type\":\"ImageObject\",\"inLanguage\":\"es\",\"@id\":\"https:\\\/\\\/www.comll.cat\\\/es\\\/els-impostos-sobre-successions-donacions-i-patrimoni-nou-modul-formatiu-de-forum-empresa\\\/#primaryimage\",\"url\":\"https:\\\/\\\/www.comll.cat\\\/es\\\/wp-content\\\/uploads\\\/sites\\\/3\\\/news-form-comll.jpg\",\"contentUrl\":\"https:\\\/\\\/www.comll.cat\\\/es\\\/wp-content\\\/uploads\\\/sites\\\/3\\\/news-form-comll.jpg\",\"width\":1280,\"height\":900},{\"@type\":\"BreadcrumbList\",\"@id\":\"https:\\\/\\\/www.comll.cat\\\/es\\\/els-impostos-sobre-successions-donacions-i-patrimoni-nou-modul-formatiu-de-forum-empresa\\\/#breadcrumb\",\"itemListElement\":[{\"@type\":\"ListItem\",\"position\":1,\"name\":\"Portada\",\"item\":\"https:\\\/\\\/www.comll.cat\\\/es\\\/\"},{\"@type\":\"ListItem\",\"position\":2,\"name\":\"Els impostos sobre successions, donacions i patrimoni, nou m\u00f2dul formatiu de Forum Empresa\"}]},{\"@type\":\"WebSite\",\"@id\":\"https:\\\/\\\/www.comll.cat\\\/es\\\/#website\",\"url\":\"https:\\\/\\\/www.comll.cat\\\/es\\\/\",\"name\":\"Col\u00b7legi Oficial de Metges de Lleida\",\"description\":\"COMLL\",\"potentialAction\":[{\"@type\":\"SearchAction\",\"target\":{\"@type\":\"EntryPoint\",\"urlTemplate\":\"https:\\\/\\\/www.comll.cat\\\/es\\\/?s={search_term_string}\"},\"query-input\":{\"@type\":\"PropertyValueSpecification\",\"valueRequired\":true,\"valueName\":\"search_term_string\"}}],\"inLanguage\":\"es\"},{\"@type\":\"Person\",\"@id\":\"https:\\\/\\\/www.comll.cat\\\/es\\\/#\\\/schema\\\/person\\\/1c7bc4d83b35a927d680cfe0ec9120e0\",\"name\":\"Albert\",\"image\":{\"@type\":\"ImageObject\",\"inLanguage\":\"es\",\"@id\":\"https:\\\/\\\/secure.gravatar.com\\\/avatar\\\/c1261138a5e7882394bd9001104fe7078a2d860997555a5353af4ef7bd38f6db?s=96&d=mm&r=g\",\"url\":\"https:\\\/\\\/secure.gravatar.com\\\/avatar\\\/c1261138a5e7882394bd9001104fe7078a2d860997555a5353af4ef7bd38f6db?s=96&d=mm&r=g\",\"contentUrl\":\"https:\\\/\\\/secure.gravatar.com\\\/avatar\\\/c1261138a5e7882394bd9001104fe7078a2d860997555a5353af4ef7bd38f6db?s=96&d=mm&r=g\",\"caption\":\"Albert\"},\"sameAs\":[\"https:\\\/\\\/www.comll.cat\"]}]}<\/script>\n<!-- \/ Yoast SEO plugin. -->","yoast_head_json":{"title":"Els impostos sobre successions, donacions i patrimoni, nou m\u00f2dul formatiu de Forum Empresa - Col\u00b7legi Oficial de Metges de Lleida","robots":{"index":"index","follow":"follow","max-snippet":"max-snippet:-1","max-image-preview":"max-image-preview:large","max-video-preview":"max-video-preview:-1"},"canonical":"https:\/\/www.comll.cat\/es\/els-impostos-sobre-successions-donacions-i-patrimoni-nou-modul-formatiu-de-forum-empresa\/","og_locale":"es_ES","og_type":"article","og_title":"Els impostos sobre successions, donacions i patrimoni, nou m\u00f2dul formatiu de Forum Empresa - Col\u00b7legi Oficial de Metges de Lleida","og_description":"Forum Empresa organitza el m\u00f2dul formatiu Impost sobre successions i donacions. Impost sobre el patrimoni, que se celebrar\u00e0 els propers...","og_url":"https:\/\/www.comll.cat\/es\/els-impostos-sobre-successions-donacions-i-patrimoni-nou-modul-formatiu-de-forum-empresa\/","og_site_name":"Col\u00b7legi Oficial de Metges de Lleida","article_published_time":"2019-02-15T09:14:38+00:00","og_image":[{"width":1280,"height":900,"url":"https:\/\/www.comll.cat\/es\/wp-content\/uploads\/sites\/3\/news-form-comll.jpg","type":"image\/jpeg"}],"author":"Albert","twitter_card":"summary_large_image","schema":{"@context":"https:\/\/schema.org","@graph":[{"@type":"Article","@id":"https:\/\/www.comll.cat\/es\/els-impostos-sobre-successions-donacions-i-patrimoni-nou-modul-formatiu-de-forum-empresa\/#article","isPartOf":{"@id":"https:\/\/www.comll.cat\/es\/els-impostos-sobre-successions-donacions-i-patrimoni-nou-modul-formatiu-de-forum-empresa\/"},"author":{"name":"Albert","@id":"https:\/\/www.comll.cat\/es\/#\/schema\/person\/1c7bc4d83b35a927d680cfe0ec9120e0"},"headline":"Els impostos sobre successions, donacions i patrimoni, nou m\u00f2dul formatiu de Forum Empresa","datePublished":"2019-02-15T09:14:38+00:00","mainEntityOfPage":{"@id":"https:\/\/www.comll.cat\/es\/els-impostos-sobre-successions-donacions-i-patrimoni-nou-modul-formatiu-de-forum-empresa\/"},"wordCount":142,"image":{"@id":"https:\/\/www.comll.cat\/es\/els-impostos-sobre-successions-donacions-i-patrimoni-nou-modul-formatiu-de-forum-empresa\/#primaryimage"},"thumbnailUrl":"https:\/\/www.comll.cat\/es\/wp-content\/uploads\/sites\/3\/news-form-comll.jpg","articleSection":["Noticias"],"inLanguage":"es"},{"@type":"WebPage","@id":"https:\/\/www.comll.cat\/es\/els-impostos-sobre-successions-donacions-i-patrimoni-nou-modul-formatiu-de-forum-empresa\/","url":"https:\/\/www.comll.cat\/es\/els-impostos-sobre-successions-donacions-i-patrimoni-nou-modul-formatiu-de-forum-empresa\/","name":"Els impostos sobre successions, donacions i patrimoni, nou m\u00f2dul formatiu de Forum Empresa - Col\u00b7legi Oficial de Metges de Lleida","isPartOf":{"@id":"https:\/\/www.comll.cat\/es\/#website"},"primaryImageOfPage":{"@id":"https:\/\/www.comll.cat\/es\/els-impostos-sobre-successions-donacions-i-patrimoni-nou-modul-formatiu-de-forum-empresa\/#primaryimage"},"image":{"@id":"https:\/\/www.comll.cat\/es\/els-impostos-sobre-successions-donacions-i-patrimoni-nou-modul-formatiu-de-forum-empresa\/#primaryimage"},"thumbnailUrl":"https:\/\/www.comll.cat\/es\/wp-content\/uploads\/sites\/3\/news-form-comll.jpg","datePublished":"2019-02-15T09:14:38+00:00","author":{"@id":"https:\/\/www.comll.cat\/es\/#\/schema\/person\/1c7bc4d83b35a927d680cfe0ec9120e0"},"breadcrumb":{"@id":"https:\/\/www.comll.cat\/es\/els-impostos-sobre-successions-donacions-i-patrimoni-nou-modul-formatiu-de-forum-empresa\/#breadcrumb"},"inLanguage":"es","potentialAction":[{"@type":"ReadAction","target":["https:\/\/www.comll.cat\/es\/els-impostos-sobre-successions-donacions-i-patrimoni-nou-modul-formatiu-de-forum-empresa\/"]}]},{"@type":"ImageObject","inLanguage":"es","@id":"https:\/\/www.comll.cat\/es\/els-impostos-sobre-successions-donacions-i-patrimoni-nou-modul-formatiu-de-forum-empresa\/#primaryimage","url":"https:\/\/www.comll.cat\/es\/wp-content\/uploads\/sites\/3\/news-form-comll.jpg","contentUrl":"https:\/\/www.comll.cat\/es\/wp-content\/uploads\/sites\/3\/news-form-comll.jpg","width":1280,"height":900},{"@type":"BreadcrumbList","@id":"https:\/\/www.comll.cat\/es\/els-impostos-sobre-successions-donacions-i-patrimoni-nou-modul-formatiu-de-forum-empresa\/#breadcrumb","itemListElement":[{"@type":"ListItem","position":1,"name":"Portada","item":"https:\/\/www.comll.cat\/es\/"},{"@type":"ListItem","position":2,"name":"Els impostos sobre successions, donacions i patrimoni, nou m\u00f2dul formatiu de Forum Empresa"}]},{"@type":"WebSite","@id":"https:\/\/www.comll.cat\/es\/#website","url":"https:\/\/www.comll.cat\/es\/","name":"Col\u00b7legi Oficial de Metges de Lleida","description":"COMLL","potentialAction":[{"@type":"SearchAction","target":{"@type":"EntryPoint","urlTemplate":"https:\/\/www.comll.cat\/es\/?s={search_term_string}"},"query-input":{"@type":"PropertyValueSpecification","valueRequired":true,"valueName":"search_term_string"}}],"inLanguage":"es"},{"@type":"Person","@id":"https:\/\/www.comll.cat\/es\/#\/schema\/person\/1c7bc4d83b35a927d680cfe0ec9120e0","name":"Albert","image":{"@type":"ImageObject","inLanguage":"es","@id":"https:\/\/secure.gravatar.com\/avatar\/c1261138a5e7882394bd9001104fe7078a2d860997555a5353af4ef7bd38f6db?s=96&d=mm&r=g","url":"https:\/\/secure.gravatar.com\/avatar\/c1261138a5e7882394bd9001104fe7078a2d860997555a5353af4ef7bd38f6db?s=96&d=mm&r=g","contentUrl":"https:\/\/secure.gravatar.com\/avatar\/c1261138a5e7882394bd9001104fe7078a2d860997555a5353af4ef7bd38f6db?s=96&d=mm&r=g","caption":"Albert"},"sameAs":["https:\/\/www.comll.cat"]}]}},"publishpress_future_action":{"enabled":false,"date":"2026-05-01 11:42:14","action":"change-status","newStatus":"draft","terms":[],"taxonomy":"category","extraData":[]},"publishpress_future_workflow_manual_trigger":{"enabledWorkflows":[]},"_links":{"self":[{"href":"https:\/\/www.comll.cat\/es\/wp-json\/wp\/v2\/posts\/536","targetHints":{"allow":["GET"]}}],"collection":[{"href":"https:\/\/www.comll.cat\/es\/wp-json\/wp\/v2\/posts"}],"about":[{"href":"https:\/\/www.comll.cat\/es\/wp-json\/wp\/v2\/types\/post"}],"author":[{"embeddable":true,"href":"https:\/\/www.comll.cat\/es\/wp-json\/wp\/v2\/users\/1"}],"replies":[{"embeddable":true,"href":"https:\/\/www.comll.cat\/es\/wp-json\/wp\/v2\/comments?post=536"}],"version-history":[{"count":0,"href":"https:\/\/www.comll.cat\/es\/wp-json\/wp\/v2\/posts\/536\/revisions"}],"wp:featuredmedia":[{"embeddable":true,"href":"https:\/\/www.comll.cat\/es\/wp-json\/wp\/v2\/media\/421"}],"wp:attachment":[{"href":"https:\/\/www.comll.cat\/es\/wp-json\/wp\/v2\/media?parent=536"}],"wp:term":[{"taxonomy":"category","embeddable":true,"href":"https:\/\/www.comll.cat\/es\/wp-json\/wp\/v2\/categories?post=536"},{"taxonomy":"post_tag","embeddable":true,"href":"https:\/\/www.comll.cat\/es\/wp-json\/wp\/v2\/tags?post=536"}],"curies":[{"name":"wp","href":"https:\/\/api.w.org\/{rel}","templated":true}]}}