{"id":518,"date":"2019-02-07T11:21:41","date_gmt":"2019-02-07T10:21:41","guid":{"rendered":"https:\/\/www.comll.cat\/celebracio-de-la-iv-jornada-de-psicopatia-a-lleida-el-proper-1-de-marc\/"},"modified":"2019-02-07T11:21:41","modified_gmt":"2019-02-07T10:21:41","slug":"celebracio-de-la-iv-jornada-de-psicopatia-a-lleida-el-proper-1-de-marc","status":"publish","type":"post","link":"https:\/\/www.comll.cat\/es\/celebracio-de-la-iv-jornada-de-psicopatia-a-lleida-el-proper-1-de-marc\/","title":{"rendered":"Celebraci\u00f3 de la IV Jornada de Psicopatia a Lleida el proper 1 de mar\u00e7"},"content":{"rendered":"<p><img loading=\"lazy\" decoding=\"async\" class=\"alignnone  wp-image-15589\" src=\"https:\/\/www.comll.cat\/wp-content\/uploads\/sites\/3\/captura-de-pantalla-2019-02-07-a-les-12-23-00-300x93.png\" alt=\"Captura de pantalla 2019-02-07 a les 12.23.00\" width=\"371\" height=\"115\" \/><\/p>\n<p>El proper dia 1 de mar\u00e7 tindr\u00e0 lloc a Lleida la IV Jornada de Psicopatia, de les 8.30 a les 16.00 hores, al Centre de Cultures i Cooperaci\u00f3 Transfronterer de la UdL. L\u2019organitzen el Servei de Psiquiatria, Salut Mental, Addicions i Formaci\u00f3 de GSS Hospital Universitari de Santa Maria; Formaci\u00f3, Doc\u00e8ncia e Innovaci\u00f3 de Sant Joan de D\u00e9u Terres de Lleida; el Departament de Psiquiatria i de Medicina Legal i l\u2019Institut de Neuroci\u00e8ncies de la UAB, i l\u2019Institut de Medicina Forense i Ci\u00e8ncies Forenses de Catalunya.<\/p>\n<p>Despr\u00e9s de la inauguraci\u00f3, la jornada tractar\u00e0, de les 9.30 a les 11 hores, els temes actualitzacions en Psicopatia, caracteritzaci\u00f3 del trastorn psicop\u00e0tic de la personalitat, l\u2019avaluaci\u00f3 de l\u2019especificador \u201camb emocions socials limitades\u201d del trastorn de conducta a trav\u00e9s del <em>Clinical Assessment of Prosocial Emotions<\/em>(CAPE) i els trets psicop\u00e0tics en els primers anys de la inf\u00e0ncia. Els ponents seran la Dra. Vanessa Pera, de Sant Joan de D\u00e9u; la Dra. Beatriz Molinuevo, de la UAB, i la Dra. Laura L\u00f3pez-Romero, de la Universitat de Santiago. Moderar\u00e0 la Dra. Iolanda Batalla, de l\u2019Hospital de Santa Maria.<\/p>\n<p>A les 11.30 hores, s\u2019iniciar\u00e0 una <em>masterclass<\/em>a c\u00e0rrec del Dr. Javier Moto, de la Universitat Jaume I, i moderar\u00e0 el Dr. Rafael Torrubia, de la UAB. A les 14.00 hores, comen\u00e7ar\u00e0 el debat <em>Abordatge de la Psicopatia des de diferents disciplines. A prop\u00f2sit d\u2019un cas<\/em>, amb Roderic Moreno, de la Sala Regional de Comandament de Ponent-Pirineu Occidental; la Dra. Rosa P\u00e9rez, de l\u2019Institut de Medicina Legal de Lleida; Al\u00edcia Loste, de l\u2019Institut de Medicina Legal de Lleida, i el Dr. Miquel Marrufo, del Centre Penitenciari Quatre Camins. Posteriorment, se celebrar\u00e0 la cloenda.<\/p>\n<p>(<em>Vegeu programa adjunt)<\/em><\/p>\n","protected":false},"excerpt":{"rendered":"<p>El proper dia 1 de mar\u00e7 tindr\u00e0 lloc a Lleida la IV Jornada de Psicopatia, de les 8.30 a les...<\/p>\n","protected":false},"author":1,"featured_media":517,"comment_status":"closed","ping_status":"closed","sticky":false,"template":"","format":"standard","meta":{"_acf_changed":false,"inline_featured_image":false,"footnotes":""},"categories":[18],"tags":[],"class_list":["post-518","post","type-post","status-publish","format-standard","has-post-thumbnail","hentry","category-noticias"],"acf":[],"yoast_head":"<!-- This site is optimized with the Yoast SEO plugin v27.5 - https:\/\/yoast.com\/product\/yoast-seo-wordpress\/ -->\n<title>Celebraci\u00f3 de la IV Jornada de Psicopatia a Lleida el proper 1 de mar\u00e7 - Col\u00b7legi Oficial de Metges de Lleida<\/title>\n<meta name=\"robots\" content=\"index, follow, max-snippet:-1, max-image-preview:large, max-video-preview:-1\" \/>\n<link rel=\"canonical\" href=\"https:\/\/www.comll.cat\/es\/celebracio-de-la-iv-jornada-de-psicopatia-a-lleida-el-proper-1-de-marc\/\" \/>\n<meta property=\"og:locale\" content=\"es_ES\" \/>\n<meta property=\"og:type\" content=\"article\" \/>\n<meta property=\"og:title\" content=\"Celebraci\u00f3 de la IV Jornada de Psicopatia a Lleida el proper 1 de mar\u00e7 - Col\u00b7legi Oficial de Metges de Lleida\" \/>\n<meta property=\"og:description\" content=\"El proper dia 1 de mar\u00e7 tindr\u00e0 lloc a Lleida la IV Jornada de Psicopatia, de les 8.30 a les...\" \/>\n<meta property=\"og:url\" content=\"https:\/\/www.comll.cat\/es\/celebracio-de-la-iv-jornada-de-psicopatia-a-lleida-el-proper-1-de-marc\/\" \/>\n<meta property=\"og:site_name\" content=\"Col\u00b7legi Oficial de Metges de Lleida\" \/>\n<meta property=\"article:published_time\" content=\"2019-02-07T10:21:41+00:00\" \/>\n<meta property=\"og:image\" content=\"https:\/\/www.comll.cat\/es\/wp-content\/uploads\/sites\/3\/noticia-generada-per-comll-4.jpg\" \/>\n\t<meta property=\"og:image:width\" content=\"1123\" \/>\n\t<meta property=\"og:image:height\" content=\"714\" \/>\n\t<meta property=\"og:image:type\" content=\"image\/jpeg\" \/>\n<meta name=\"author\" content=\"Albert\" \/>\n<meta name=\"twitter:card\" content=\"summary_large_image\" \/>\n<script type=\"application\/ld+json\" class=\"yoast-schema-graph\">{\"@context\":\"https:\\\/\\\/schema.org\",\"@graph\":[{\"@type\":\"Article\",\"@id\":\"https:\\\/\\\/www.comll.cat\\\/es\\\/celebracio-de-la-iv-jornada-de-psicopatia-a-lleida-el-proper-1-de-marc\\\/#article\",\"isPartOf\":{\"@id\":\"https:\\\/\\\/www.comll.cat\\\/es\\\/celebracio-de-la-iv-jornada-de-psicopatia-a-lleida-el-proper-1-de-marc\\\/\"},\"author\":{\"name\":\"Albert\",\"@id\":\"https:\\\/\\\/www.comll.cat\\\/es\\\/#\\\/schema\\\/person\\\/1c7bc4d83b35a927d680cfe0ec9120e0\"},\"headline\":\"Celebraci\u00f3 de la IV Jornada de Psicopatia a Lleida el proper 1 de mar\u00e7\",\"datePublished\":\"2019-02-07T10:21:41+00:00\",\"mainEntityOfPage\":{\"@id\":\"https:\\\/\\\/www.comll.cat\\\/es\\\/celebracio-de-la-iv-jornada-de-psicopatia-a-lleida-el-proper-1-de-marc\\\/\"},\"wordCount\":309,\"image\":{\"@id\":\"https:\\\/\\\/www.comll.cat\\\/es\\\/celebracio-de-la-iv-jornada-de-psicopatia-a-lleida-el-proper-1-de-marc\\\/#primaryimage\"},\"thumbnailUrl\":\"https:\\\/\\\/www.comll.cat\\\/es\\\/wp-content\\\/uploads\\\/sites\\\/3\\\/noticia-generada-per-comll-4.jpg\",\"articleSection\":[\"Noticias\"],\"inLanguage\":\"es\"},{\"@type\":\"WebPage\",\"@id\":\"https:\\\/\\\/www.comll.cat\\\/es\\\/celebracio-de-la-iv-jornada-de-psicopatia-a-lleida-el-proper-1-de-marc\\\/\",\"url\":\"https:\\\/\\\/www.comll.cat\\\/es\\\/celebracio-de-la-iv-jornada-de-psicopatia-a-lleida-el-proper-1-de-marc\\\/\",\"name\":\"Celebraci\u00f3 de la IV Jornada de Psicopatia a Lleida el proper 1 de mar\u00e7 - Col\u00b7legi Oficial de Metges de Lleida\",\"isPartOf\":{\"@id\":\"https:\\\/\\\/www.comll.cat\\\/es\\\/#website\"},\"primaryImageOfPage\":{\"@id\":\"https:\\\/\\\/www.comll.cat\\\/es\\\/celebracio-de-la-iv-jornada-de-psicopatia-a-lleida-el-proper-1-de-marc\\\/#primaryimage\"},\"image\":{\"@id\":\"https:\\\/\\\/www.comll.cat\\\/es\\\/celebracio-de-la-iv-jornada-de-psicopatia-a-lleida-el-proper-1-de-marc\\\/#primaryimage\"},\"thumbnailUrl\":\"https:\\\/\\\/www.comll.cat\\\/es\\\/wp-content\\\/uploads\\\/sites\\\/3\\\/noticia-generada-per-comll-4.jpg\",\"datePublished\":\"2019-02-07T10:21:41+00:00\",\"author\":{\"@id\":\"https:\\\/\\\/www.comll.cat\\\/es\\\/#\\\/schema\\\/person\\\/1c7bc4d83b35a927d680cfe0ec9120e0\"},\"breadcrumb\":{\"@id\":\"https:\\\/\\\/www.comll.cat\\\/es\\\/celebracio-de-la-iv-jornada-de-psicopatia-a-lleida-el-proper-1-de-marc\\\/#breadcrumb\"},\"inLanguage\":\"es\",\"potentialAction\":[{\"@type\":\"ReadAction\",\"target\":[\"https:\\\/\\\/www.comll.cat\\\/es\\\/celebracio-de-la-iv-jornada-de-psicopatia-a-lleida-el-proper-1-de-marc\\\/\"]}]},{\"@type\":\"ImageObject\",\"inLanguage\":\"es\",\"@id\":\"https:\\\/\\\/www.comll.cat\\\/es\\\/celebracio-de-la-iv-jornada-de-psicopatia-a-lleida-el-proper-1-de-marc\\\/#primaryimage\",\"url\":\"https:\\\/\\\/www.comll.cat\\\/es\\\/wp-content\\\/uploads\\\/sites\\\/3\\\/noticia-generada-per-comll-4.jpg\",\"contentUrl\":\"https:\\\/\\\/www.comll.cat\\\/es\\\/wp-content\\\/uploads\\\/sites\\\/3\\\/noticia-generada-per-comll-4.jpg\",\"width\":1123,\"height\":714},{\"@type\":\"BreadcrumbList\",\"@id\":\"https:\\\/\\\/www.comll.cat\\\/es\\\/celebracio-de-la-iv-jornada-de-psicopatia-a-lleida-el-proper-1-de-marc\\\/#breadcrumb\",\"itemListElement\":[{\"@type\":\"ListItem\",\"position\":1,\"name\":\"Portada\",\"item\":\"https:\\\/\\\/www.comll.cat\\\/es\\\/\"},{\"@type\":\"ListItem\",\"position\":2,\"name\":\"Celebraci\u00f3 de la IV Jornada de Psicopatia a Lleida el proper 1 de mar\u00e7\"}]},{\"@type\":\"WebSite\",\"@id\":\"https:\\\/\\\/www.comll.cat\\\/es\\\/#website\",\"url\":\"https:\\\/\\\/www.comll.cat\\\/es\\\/\",\"name\":\"Col\u00b7legi Oficial de Metges de Lleida\",\"description\":\"COMLL\",\"potentialAction\":[{\"@type\":\"SearchAction\",\"target\":{\"@type\":\"EntryPoint\",\"urlTemplate\":\"https:\\\/\\\/www.comll.cat\\\/es\\\/?s={search_term_string}\"},\"query-input\":{\"@type\":\"PropertyValueSpecification\",\"valueRequired\":true,\"valueName\":\"search_term_string\"}}],\"inLanguage\":\"es\"},{\"@type\":\"Person\",\"@id\":\"https:\\\/\\\/www.comll.cat\\\/es\\\/#\\\/schema\\\/person\\\/1c7bc4d83b35a927d680cfe0ec9120e0\",\"name\":\"Albert\",\"image\":{\"@type\":\"ImageObject\",\"inLanguage\":\"es\",\"@id\":\"https:\\\/\\\/secure.gravatar.com\\\/avatar\\\/c1261138a5e7882394bd9001104fe7078a2d860997555a5353af4ef7bd38f6db?s=96&d=mm&r=g\",\"url\":\"https:\\\/\\\/secure.gravatar.com\\\/avatar\\\/c1261138a5e7882394bd9001104fe7078a2d860997555a5353af4ef7bd38f6db?s=96&d=mm&r=g\",\"contentUrl\":\"https:\\\/\\\/secure.gravatar.com\\\/avatar\\\/c1261138a5e7882394bd9001104fe7078a2d860997555a5353af4ef7bd38f6db?s=96&d=mm&r=g\",\"caption\":\"Albert\"},\"sameAs\":[\"https:\\\/\\\/www.comll.cat\"]}]}<\/script>\n<!-- \/ Yoast SEO plugin. -->","yoast_head_json":{"title":"Celebraci\u00f3 de la IV Jornada de Psicopatia a Lleida el proper 1 de mar\u00e7 - Col\u00b7legi Oficial de Metges de Lleida","robots":{"index":"index","follow":"follow","max-snippet":"max-snippet:-1","max-image-preview":"max-image-preview:large","max-video-preview":"max-video-preview:-1"},"canonical":"https:\/\/www.comll.cat\/es\/celebracio-de-la-iv-jornada-de-psicopatia-a-lleida-el-proper-1-de-marc\/","og_locale":"es_ES","og_type":"article","og_title":"Celebraci\u00f3 de la IV Jornada de Psicopatia a Lleida el proper 1 de mar\u00e7 - Col\u00b7legi Oficial de Metges de Lleida","og_description":"El proper dia 1 de mar\u00e7 tindr\u00e0 lloc a Lleida la IV Jornada de Psicopatia, de les 8.30 a les...","og_url":"https:\/\/www.comll.cat\/es\/celebracio-de-la-iv-jornada-de-psicopatia-a-lleida-el-proper-1-de-marc\/","og_site_name":"Col\u00b7legi Oficial de Metges de Lleida","article_published_time":"2019-02-07T10:21:41+00:00","og_image":[{"width":1123,"height":714,"url":"https:\/\/www.comll.cat\/es\/wp-content\/uploads\/sites\/3\/noticia-generada-per-comll-4.jpg","type":"image\/jpeg"}],"author":"Albert","twitter_card":"summary_large_image","schema":{"@context":"https:\/\/schema.org","@graph":[{"@type":"Article","@id":"https:\/\/www.comll.cat\/es\/celebracio-de-la-iv-jornada-de-psicopatia-a-lleida-el-proper-1-de-marc\/#article","isPartOf":{"@id":"https:\/\/www.comll.cat\/es\/celebracio-de-la-iv-jornada-de-psicopatia-a-lleida-el-proper-1-de-marc\/"},"author":{"name":"Albert","@id":"https:\/\/www.comll.cat\/es\/#\/schema\/person\/1c7bc4d83b35a927d680cfe0ec9120e0"},"headline":"Celebraci\u00f3 de la IV Jornada de Psicopatia a Lleida el proper 1 de mar\u00e7","datePublished":"2019-02-07T10:21:41+00:00","mainEntityOfPage":{"@id":"https:\/\/www.comll.cat\/es\/celebracio-de-la-iv-jornada-de-psicopatia-a-lleida-el-proper-1-de-marc\/"},"wordCount":309,"image":{"@id":"https:\/\/www.comll.cat\/es\/celebracio-de-la-iv-jornada-de-psicopatia-a-lleida-el-proper-1-de-marc\/#primaryimage"},"thumbnailUrl":"https:\/\/www.comll.cat\/es\/wp-content\/uploads\/sites\/3\/noticia-generada-per-comll-4.jpg","articleSection":["Noticias"],"inLanguage":"es"},{"@type":"WebPage","@id":"https:\/\/www.comll.cat\/es\/celebracio-de-la-iv-jornada-de-psicopatia-a-lleida-el-proper-1-de-marc\/","url":"https:\/\/www.comll.cat\/es\/celebracio-de-la-iv-jornada-de-psicopatia-a-lleida-el-proper-1-de-marc\/","name":"Celebraci\u00f3 de la IV Jornada de Psicopatia a Lleida el proper 1 de mar\u00e7 - Col\u00b7legi Oficial de Metges de Lleida","isPartOf":{"@id":"https:\/\/www.comll.cat\/es\/#website"},"primaryImageOfPage":{"@id":"https:\/\/www.comll.cat\/es\/celebracio-de-la-iv-jornada-de-psicopatia-a-lleida-el-proper-1-de-marc\/#primaryimage"},"image":{"@id":"https:\/\/www.comll.cat\/es\/celebracio-de-la-iv-jornada-de-psicopatia-a-lleida-el-proper-1-de-marc\/#primaryimage"},"thumbnailUrl":"https:\/\/www.comll.cat\/es\/wp-content\/uploads\/sites\/3\/noticia-generada-per-comll-4.jpg","datePublished":"2019-02-07T10:21:41+00:00","author":{"@id":"https:\/\/www.comll.cat\/es\/#\/schema\/person\/1c7bc4d83b35a927d680cfe0ec9120e0"},"breadcrumb":{"@id":"https:\/\/www.comll.cat\/es\/celebracio-de-la-iv-jornada-de-psicopatia-a-lleida-el-proper-1-de-marc\/#breadcrumb"},"inLanguage":"es","potentialAction":[{"@type":"ReadAction","target":["https:\/\/www.comll.cat\/es\/celebracio-de-la-iv-jornada-de-psicopatia-a-lleida-el-proper-1-de-marc\/"]}]},{"@type":"ImageObject","inLanguage":"es","@id":"https:\/\/www.comll.cat\/es\/celebracio-de-la-iv-jornada-de-psicopatia-a-lleida-el-proper-1-de-marc\/#primaryimage","url":"https:\/\/www.comll.cat\/es\/wp-content\/uploads\/sites\/3\/noticia-generada-per-comll-4.jpg","contentUrl":"https:\/\/www.comll.cat\/es\/wp-content\/uploads\/sites\/3\/noticia-generada-per-comll-4.jpg","width":1123,"height":714},{"@type":"BreadcrumbList","@id":"https:\/\/www.comll.cat\/es\/celebracio-de-la-iv-jornada-de-psicopatia-a-lleida-el-proper-1-de-marc\/#breadcrumb","itemListElement":[{"@type":"ListItem","position":1,"name":"Portada","item":"https:\/\/www.comll.cat\/es\/"},{"@type":"ListItem","position":2,"name":"Celebraci\u00f3 de la IV Jornada de Psicopatia a Lleida el proper 1 de mar\u00e7"}]},{"@type":"WebSite","@id":"https:\/\/www.comll.cat\/es\/#website","url":"https:\/\/www.comll.cat\/es\/","name":"Col\u00b7legi Oficial de Metges de Lleida","description":"COMLL","potentialAction":[{"@type":"SearchAction","target":{"@type":"EntryPoint","urlTemplate":"https:\/\/www.comll.cat\/es\/?s={search_term_string}"},"query-input":{"@type":"PropertyValueSpecification","valueRequired":true,"valueName":"search_term_string"}}],"inLanguage":"es"},{"@type":"Person","@id":"https:\/\/www.comll.cat\/es\/#\/schema\/person\/1c7bc4d83b35a927d680cfe0ec9120e0","name":"Albert","image":{"@type":"ImageObject","inLanguage":"es","@id":"https:\/\/secure.gravatar.com\/avatar\/c1261138a5e7882394bd9001104fe7078a2d860997555a5353af4ef7bd38f6db?s=96&d=mm&r=g","url":"https:\/\/secure.gravatar.com\/avatar\/c1261138a5e7882394bd9001104fe7078a2d860997555a5353af4ef7bd38f6db?s=96&d=mm&r=g","contentUrl":"https:\/\/secure.gravatar.com\/avatar\/c1261138a5e7882394bd9001104fe7078a2d860997555a5353af4ef7bd38f6db?s=96&d=mm&r=g","caption":"Albert"},"sameAs":["https:\/\/www.comll.cat"]}]}},"publishpress_future_action":{"enabled":false,"date":"2026-05-01 06:42:50","action":"change-status","newStatus":"draft","terms":[],"taxonomy":"category","extraData":[]},"publishpress_future_workflow_manual_trigger":{"enabledWorkflows":[]},"_links":{"self":[{"href":"https:\/\/www.comll.cat\/es\/wp-json\/wp\/v2\/posts\/518","targetHints":{"allow":["GET"]}}],"collection":[{"href":"https:\/\/www.comll.cat\/es\/wp-json\/wp\/v2\/posts"}],"about":[{"href":"https:\/\/www.comll.cat\/es\/wp-json\/wp\/v2\/types\/post"}],"author":[{"embeddable":true,"href":"https:\/\/www.comll.cat\/es\/wp-json\/wp\/v2\/users\/1"}],"replies":[{"embeddable":true,"href":"https:\/\/www.comll.cat\/es\/wp-json\/wp\/v2\/comments?post=518"}],"version-history":[{"count":0,"href":"https:\/\/www.comll.cat\/es\/wp-json\/wp\/v2\/posts\/518\/revisions"}],"wp:featuredmedia":[{"embeddable":true,"href":"https:\/\/www.comll.cat\/es\/wp-json\/wp\/v2\/media\/517"}],"wp:attachment":[{"href":"https:\/\/www.comll.cat\/es\/wp-json\/wp\/v2\/media?parent=518"}],"wp:term":[{"taxonomy":"category","embeddable":true,"href":"https:\/\/www.comll.cat\/es\/wp-json\/wp\/v2\/categories?post=518"},{"taxonomy":"post_tag","embeddable":true,"href":"https:\/\/www.comll.cat\/es\/wp-json\/wp\/v2\/tags?post=518"}],"curies":[{"name":"wp","href":"https:\/\/api.w.org\/{rel}","templated":true}]}}