{"id":512,"date":"2019-02-05T13:52:24","date_gmt":"2019-02-05T12:52:24","guid":{"rendered":"https:\/\/www.comll.cat\/xv-congres-nacional-de-virologia-de-la-societat-espanyola-de-virologia-i-11e-congres-internacional-del-global-virus-network\/"},"modified":"2019-02-05T13:52:24","modified_gmt":"2019-02-05T12:52:24","slug":"xv-congres-nacional-de-virologia-de-la-societat-espanyola-de-virologia-i-11e-congres-internacional-del-global-virus-network","status":"publish","type":"post","link":"https:\/\/www.comll.cat\/es\/xv-congres-nacional-de-virologia-de-la-societat-espanyola-de-virologia-i-11e-congres-internacional-del-global-virus-network\/","title":{"rendered":"XV Congr\u00e9s Nacional de Virologia de la Societat Espanyola de Virologia i 11\u00e8 Congr\u00e9s Internacional del Global Virus Network"},"content":{"rendered":"<p>La Societat Espanyola de Virologia organitza el XV Congr\u00e9s de Virologia, que se celebrar\u00e0 a l\u2019Auditori AXA de Barcelona, del 9 al 12 de juny. El congr\u00e9s s\u2019organitzar\u00e0 en sessions paral\u00b7leles i inclour\u00e0 temes com immunologia i vacunes, antivirals, interacci\u00f3 virus-hoste, epidemiologia i diagn\u00f2stic viral, morfog\u00e8nesi i biologia estructural, virus emergents i reemergents i els virus com a eines biotecnol\u00f2giques, entre d\u2019altres.<\/p>\n<p>Per primera vegada, el Congr\u00e9s de la SEV s\u2019organitza conjuntament amb la Xarxa Global de Virus (Global Virus Network, GVN), una alian\u00e7a internacional de centres d'excel\u00b7l\u00e8ncia en el camp de la Virologia humana, animal i vegetal (<u><a href=\"http:\/\/www.gvn.org\/\">www.gvn.org<\/a><\/u>).El Dr. Robert Gallo, descobridor del primer retrovirus hum\u00e0, HTLV-1, i autor del descobriment conjunt del VIH com a causa de la SIDA i el desenvolupament de l\u2019an\u00e0lisi de sang del VIH, pronunciar\u00e0 la confer\u00e8ncia inaugural.<\/p>\n<p>Paral\u00b7lelament, se celebrar\u00e0 els dies 10 i 11 de juny l\u201911\u00e8 Congr\u00e9s Internacional del Global Virus Network, que estar\u00e0 obert a totes les delegacions.<\/p>\n<p>M\u00e9s informaci\u00f3, a <a href=\"https:\/\/www.virologia2019.com\/index.php\/es\/\">https:\/\/www.virologia2019.com\/index.php\/es\/<\/a><\/p>\n<p>&nbsp;<\/p>\n","protected":false},"excerpt":{"rendered":"<p>La Societat Espanyola de Virologia organitza el XV Congr\u00e9s de Virologia, que se celebrar\u00e0 a l\u2019Auditori AXA de Barcelona, del...<\/p>\n","protected":false},"author":1,"featured_media":513,"comment_status":"closed","ping_status":"closed","sticky":false,"template":"","format":"standard","meta":{"_acf_changed":false,"inline_featured_image":false,"footnotes":""},"categories":[18],"tags":[],"class_list":["post-512","post","type-post","status-publish","format-standard","has-post-thumbnail","hentry","category-noticias"],"acf":[],"yoast_head":"<!-- This site is optimized with the Yoast SEO plugin v27.5 - https:\/\/yoast.com\/product\/yoast-seo-wordpress\/ -->\n<title>XV Congr\u00e9s Nacional de Virologia de la Societat Espanyola de Virologia i 11\u00e8 Congr\u00e9s Internacional del Global Virus Network - Col\u00b7legi Oficial de Metges de Lleida<\/title>\n<meta name=\"robots\" content=\"index, follow, max-snippet:-1, max-image-preview:large, max-video-preview:-1\" \/>\n<link rel=\"canonical\" href=\"https:\/\/www.comll.cat\/es\/xv-congres-nacional-de-virologia-de-la-societat-espanyola-de-virologia-i-11e-congres-internacional-del-global-virus-network\/\" \/>\n<meta property=\"og:locale\" content=\"es_ES\" \/>\n<meta property=\"og:type\" content=\"article\" \/>\n<meta property=\"og:title\" content=\"XV Congr\u00e9s Nacional de Virologia de la Societat Espanyola de Virologia i 11\u00e8 Congr\u00e9s Internacional del Global Virus Network - Col\u00b7legi Oficial de Metges de Lleida\" \/>\n<meta property=\"og:description\" content=\"La Societat Espanyola de Virologia organitza el XV Congr\u00e9s de Virologia, que se celebrar\u00e0 a l\u2019Auditori AXA de Barcelona, del...\" \/>\n<meta property=\"og:url\" content=\"https:\/\/www.comll.cat\/es\/xv-congres-nacional-de-virologia-de-la-societat-espanyola-de-virologia-i-11e-congres-internacional-del-global-virus-network\/\" \/>\n<meta property=\"og:site_name\" content=\"Col\u00b7legi Oficial de Metges de Lleida\" \/>\n<meta property=\"article:published_time\" content=\"2019-02-05T12:52:24+00:00\" \/>\n<meta property=\"og:image\" content=\"https:\/\/www.comll.cat\/es\/wp-content\/uploads\/sites\/3\/logosev.png\" \/>\n\t<meta property=\"og:image:width\" content=\"283\" \/>\n\t<meta property=\"og:image:height\" content=\"283\" \/>\n\t<meta property=\"og:image:type\" content=\"image\/png\" \/>\n<meta name=\"author\" content=\"Albert\" \/>\n<meta name=\"twitter:card\" content=\"summary_large_image\" \/>\n<script type=\"application\/ld+json\" class=\"yoast-schema-graph\">{\"@context\":\"https:\\\/\\\/schema.org\",\"@graph\":[{\"@type\":\"Article\",\"@id\":\"https:\\\/\\\/www.comll.cat\\\/es\\\/xv-congres-nacional-de-virologia-de-la-societat-espanyola-de-virologia-i-11e-congres-internacional-del-global-virus-network\\\/#article\",\"isPartOf\":{\"@id\":\"https:\\\/\\\/www.comll.cat\\\/es\\\/xv-congres-nacional-de-virologia-de-la-societat-espanyola-de-virologia-i-11e-congres-internacional-del-global-virus-network\\\/\"},\"author\":{\"name\":\"Albert\",\"@id\":\"https:\\\/\\\/www.comll.cat\\\/es\\\/#\\\/schema\\\/person\\\/1c7bc4d83b35a927d680cfe0ec9120e0\"},\"headline\":\"XV Congr\u00e9s Nacional de Virologia de la Societat Espanyola de Virologia i 11\u00e8 Congr\u00e9s Internacional del Global Virus Network\",\"datePublished\":\"2019-02-05T12:52:24+00:00\",\"mainEntityOfPage\":{\"@id\":\"https:\\\/\\\/www.comll.cat\\\/es\\\/xv-congres-nacional-de-virologia-de-la-societat-espanyola-de-virologia-i-11e-congres-internacional-del-global-virus-network\\\/\"},\"wordCount\":209,\"image\":{\"@id\":\"https:\\\/\\\/www.comll.cat\\\/es\\\/xv-congres-nacional-de-virologia-de-la-societat-espanyola-de-virologia-i-11e-congres-internacional-del-global-virus-network\\\/#primaryimage\"},\"thumbnailUrl\":\"https:\\\/\\\/www.comll.cat\\\/es\\\/wp-content\\\/uploads\\\/sites\\\/3\\\/logosev.png\",\"articleSection\":[\"Noticias\"],\"inLanguage\":\"es\"},{\"@type\":\"WebPage\",\"@id\":\"https:\\\/\\\/www.comll.cat\\\/es\\\/xv-congres-nacional-de-virologia-de-la-societat-espanyola-de-virologia-i-11e-congres-internacional-del-global-virus-network\\\/\",\"url\":\"https:\\\/\\\/www.comll.cat\\\/es\\\/xv-congres-nacional-de-virologia-de-la-societat-espanyola-de-virologia-i-11e-congres-internacional-del-global-virus-network\\\/\",\"name\":\"XV Congr\u00e9s Nacional de Virologia de la Societat Espanyola de Virologia i 11\u00e8 Congr\u00e9s Internacional del Global Virus Network - Col\u00b7legi Oficial de Metges de Lleida\",\"isPartOf\":{\"@id\":\"https:\\\/\\\/www.comll.cat\\\/es\\\/#website\"},\"primaryImageOfPage\":{\"@id\":\"https:\\\/\\\/www.comll.cat\\\/es\\\/xv-congres-nacional-de-virologia-de-la-societat-espanyola-de-virologia-i-11e-congres-internacional-del-global-virus-network\\\/#primaryimage\"},\"image\":{\"@id\":\"https:\\\/\\\/www.comll.cat\\\/es\\\/xv-congres-nacional-de-virologia-de-la-societat-espanyola-de-virologia-i-11e-congres-internacional-del-global-virus-network\\\/#primaryimage\"},\"thumbnailUrl\":\"https:\\\/\\\/www.comll.cat\\\/es\\\/wp-content\\\/uploads\\\/sites\\\/3\\\/logosev.png\",\"datePublished\":\"2019-02-05T12:52:24+00:00\",\"author\":{\"@id\":\"https:\\\/\\\/www.comll.cat\\\/es\\\/#\\\/schema\\\/person\\\/1c7bc4d83b35a927d680cfe0ec9120e0\"},\"breadcrumb\":{\"@id\":\"https:\\\/\\\/www.comll.cat\\\/es\\\/xv-congres-nacional-de-virologia-de-la-societat-espanyola-de-virologia-i-11e-congres-internacional-del-global-virus-network\\\/#breadcrumb\"},\"inLanguage\":\"es\",\"potentialAction\":[{\"@type\":\"ReadAction\",\"target\":[\"https:\\\/\\\/www.comll.cat\\\/es\\\/xv-congres-nacional-de-virologia-de-la-societat-espanyola-de-virologia-i-11e-congres-internacional-del-global-virus-network\\\/\"]}]},{\"@type\":\"ImageObject\",\"inLanguage\":\"es\",\"@id\":\"https:\\\/\\\/www.comll.cat\\\/es\\\/xv-congres-nacional-de-virologia-de-la-societat-espanyola-de-virologia-i-11e-congres-internacional-del-global-virus-network\\\/#primaryimage\",\"url\":\"https:\\\/\\\/www.comll.cat\\\/es\\\/wp-content\\\/uploads\\\/sites\\\/3\\\/logosev.png\",\"contentUrl\":\"https:\\\/\\\/www.comll.cat\\\/es\\\/wp-content\\\/uploads\\\/sites\\\/3\\\/logosev.png\",\"width\":283,\"height\":283},{\"@type\":\"BreadcrumbList\",\"@id\":\"https:\\\/\\\/www.comll.cat\\\/es\\\/xv-congres-nacional-de-virologia-de-la-societat-espanyola-de-virologia-i-11e-congres-internacional-del-global-virus-network\\\/#breadcrumb\",\"itemListElement\":[{\"@type\":\"ListItem\",\"position\":1,\"name\":\"Portada\",\"item\":\"https:\\\/\\\/www.comll.cat\\\/es\\\/\"},{\"@type\":\"ListItem\",\"position\":2,\"name\":\"XV Congr\u00e9s Nacional de Virologia de la Societat Espanyola de Virologia i 11\u00e8 Congr\u00e9s Internacional del Global Virus Network\"}]},{\"@type\":\"WebSite\",\"@id\":\"https:\\\/\\\/www.comll.cat\\\/es\\\/#website\",\"url\":\"https:\\\/\\\/www.comll.cat\\\/es\\\/\",\"name\":\"Col\u00b7legi Oficial de Metges de Lleida\",\"description\":\"COMLL\",\"potentialAction\":[{\"@type\":\"SearchAction\",\"target\":{\"@type\":\"EntryPoint\",\"urlTemplate\":\"https:\\\/\\\/www.comll.cat\\\/es\\\/?s={search_term_string}\"},\"query-input\":{\"@type\":\"PropertyValueSpecification\",\"valueRequired\":true,\"valueName\":\"search_term_string\"}}],\"inLanguage\":\"es\"},{\"@type\":\"Person\",\"@id\":\"https:\\\/\\\/www.comll.cat\\\/es\\\/#\\\/schema\\\/person\\\/1c7bc4d83b35a927d680cfe0ec9120e0\",\"name\":\"Albert\",\"image\":{\"@type\":\"ImageObject\",\"inLanguage\":\"es\",\"@id\":\"https:\\\/\\\/secure.gravatar.com\\\/avatar\\\/c1261138a5e7882394bd9001104fe7078a2d860997555a5353af4ef7bd38f6db?s=96&d=mm&r=g\",\"url\":\"https:\\\/\\\/secure.gravatar.com\\\/avatar\\\/c1261138a5e7882394bd9001104fe7078a2d860997555a5353af4ef7bd38f6db?s=96&d=mm&r=g\",\"contentUrl\":\"https:\\\/\\\/secure.gravatar.com\\\/avatar\\\/c1261138a5e7882394bd9001104fe7078a2d860997555a5353af4ef7bd38f6db?s=96&d=mm&r=g\",\"caption\":\"Albert\"},\"sameAs\":[\"https:\\\/\\\/www.comll.cat\"]}]}<\/script>\n<!-- \/ Yoast SEO plugin. -->","yoast_head_json":{"title":"XV Congr\u00e9s Nacional de Virologia de la Societat Espanyola de Virologia i 11\u00e8 Congr\u00e9s Internacional del Global Virus Network - Col\u00b7legi Oficial de Metges de Lleida","robots":{"index":"index","follow":"follow","max-snippet":"max-snippet:-1","max-image-preview":"max-image-preview:large","max-video-preview":"max-video-preview:-1"},"canonical":"https:\/\/www.comll.cat\/es\/xv-congres-nacional-de-virologia-de-la-societat-espanyola-de-virologia-i-11e-congres-internacional-del-global-virus-network\/","og_locale":"es_ES","og_type":"article","og_title":"XV Congr\u00e9s Nacional de Virologia de la Societat Espanyola de Virologia i 11\u00e8 Congr\u00e9s Internacional del Global Virus Network - Col\u00b7legi Oficial de Metges de Lleida","og_description":"La Societat Espanyola de Virologia organitza el XV Congr\u00e9s de Virologia, que se celebrar\u00e0 a l\u2019Auditori AXA de Barcelona, del...","og_url":"https:\/\/www.comll.cat\/es\/xv-congres-nacional-de-virologia-de-la-societat-espanyola-de-virologia-i-11e-congres-internacional-del-global-virus-network\/","og_site_name":"Col\u00b7legi Oficial de Metges de Lleida","article_published_time":"2019-02-05T12:52:24+00:00","og_image":[{"width":283,"height":283,"url":"https:\/\/www.comll.cat\/es\/wp-content\/uploads\/sites\/3\/logosev.png","type":"image\/png"}],"author":"Albert","twitter_card":"summary_large_image","schema":{"@context":"https:\/\/schema.org","@graph":[{"@type":"Article","@id":"https:\/\/www.comll.cat\/es\/xv-congres-nacional-de-virologia-de-la-societat-espanyola-de-virologia-i-11e-congres-internacional-del-global-virus-network\/#article","isPartOf":{"@id":"https:\/\/www.comll.cat\/es\/xv-congres-nacional-de-virologia-de-la-societat-espanyola-de-virologia-i-11e-congres-internacional-del-global-virus-network\/"},"author":{"name":"Albert","@id":"https:\/\/www.comll.cat\/es\/#\/schema\/person\/1c7bc4d83b35a927d680cfe0ec9120e0"},"headline":"XV Congr\u00e9s Nacional de Virologia de la Societat Espanyola de Virologia i 11\u00e8 Congr\u00e9s Internacional del Global Virus Network","datePublished":"2019-02-05T12:52:24+00:00","mainEntityOfPage":{"@id":"https:\/\/www.comll.cat\/es\/xv-congres-nacional-de-virologia-de-la-societat-espanyola-de-virologia-i-11e-congres-internacional-del-global-virus-network\/"},"wordCount":209,"image":{"@id":"https:\/\/www.comll.cat\/es\/xv-congres-nacional-de-virologia-de-la-societat-espanyola-de-virologia-i-11e-congres-internacional-del-global-virus-network\/#primaryimage"},"thumbnailUrl":"https:\/\/www.comll.cat\/es\/wp-content\/uploads\/sites\/3\/logosev.png","articleSection":["Noticias"],"inLanguage":"es"},{"@type":"WebPage","@id":"https:\/\/www.comll.cat\/es\/xv-congres-nacional-de-virologia-de-la-societat-espanyola-de-virologia-i-11e-congres-internacional-del-global-virus-network\/","url":"https:\/\/www.comll.cat\/es\/xv-congres-nacional-de-virologia-de-la-societat-espanyola-de-virologia-i-11e-congres-internacional-del-global-virus-network\/","name":"XV Congr\u00e9s Nacional de Virologia de la Societat Espanyola de Virologia i 11\u00e8 Congr\u00e9s Internacional del Global Virus Network - Col\u00b7legi Oficial de Metges de Lleida","isPartOf":{"@id":"https:\/\/www.comll.cat\/es\/#website"},"primaryImageOfPage":{"@id":"https:\/\/www.comll.cat\/es\/xv-congres-nacional-de-virologia-de-la-societat-espanyola-de-virologia-i-11e-congres-internacional-del-global-virus-network\/#primaryimage"},"image":{"@id":"https:\/\/www.comll.cat\/es\/xv-congres-nacional-de-virologia-de-la-societat-espanyola-de-virologia-i-11e-congres-internacional-del-global-virus-network\/#primaryimage"},"thumbnailUrl":"https:\/\/www.comll.cat\/es\/wp-content\/uploads\/sites\/3\/logosev.png","datePublished":"2019-02-05T12:52:24+00:00","author":{"@id":"https:\/\/www.comll.cat\/es\/#\/schema\/person\/1c7bc4d83b35a927d680cfe0ec9120e0"},"breadcrumb":{"@id":"https:\/\/www.comll.cat\/es\/xv-congres-nacional-de-virologia-de-la-societat-espanyola-de-virologia-i-11e-congres-internacional-del-global-virus-network\/#breadcrumb"},"inLanguage":"es","potentialAction":[{"@type":"ReadAction","target":["https:\/\/www.comll.cat\/es\/xv-congres-nacional-de-virologia-de-la-societat-espanyola-de-virologia-i-11e-congres-internacional-del-global-virus-network\/"]}]},{"@type":"ImageObject","inLanguage":"es","@id":"https:\/\/www.comll.cat\/es\/xv-congres-nacional-de-virologia-de-la-societat-espanyola-de-virologia-i-11e-congres-internacional-del-global-virus-network\/#primaryimage","url":"https:\/\/www.comll.cat\/es\/wp-content\/uploads\/sites\/3\/logosev.png","contentUrl":"https:\/\/www.comll.cat\/es\/wp-content\/uploads\/sites\/3\/logosev.png","width":283,"height":283},{"@type":"BreadcrumbList","@id":"https:\/\/www.comll.cat\/es\/xv-congres-nacional-de-virologia-de-la-societat-espanyola-de-virologia-i-11e-congres-internacional-del-global-virus-network\/#breadcrumb","itemListElement":[{"@type":"ListItem","position":1,"name":"Portada","item":"https:\/\/www.comll.cat\/es\/"},{"@type":"ListItem","position":2,"name":"XV Congr\u00e9s Nacional de Virologia de la Societat Espanyola de Virologia i 11\u00e8 Congr\u00e9s Internacional del Global Virus Network"}]},{"@type":"WebSite","@id":"https:\/\/www.comll.cat\/es\/#website","url":"https:\/\/www.comll.cat\/es\/","name":"Col\u00b7legi Oficial de Metges de Lleida","description":"COMLL","potentialAction":[{"@type":"SearchAction","target":{"@type":"EntryPoint","urlTemplate":"https:\/\/www.comll.cat\/es\/?s={search_term_string}"},"query-input":{"@type":"PropertyValueSpecification","valueRequired":true,"valueName":"search_term_string"}}],"inLanguage":"es"},{"@type":"Person","@id":"https:\/\/www.comll.cat\/es\/#\/schema\/person\/1c7bc4d83b35a927d680cfe0ec9120e0","name":"Albert","image":{"@type":"ImageObject","inLanguage":"es","@id":"https:\/\/secure.gravatar.com\/avatar\/c1261138a5e7882394bd9001104fe7078a2d860997555a5353af4ef7bd38f6db?s=96&d=mm&r=g","url":"https:\/\/secure.gravatar.com\/avatar\/c1261138a5e7882394bd9001104fe7078a2d860997555a5353af4ef7bd38f6db?s=96&d=mm&r=g","contentUrl":"https:\/\/secure.gravatar.com\/avatar\/c1261138a5e7882394bd9001104fe7078a2d860997555a5353af4ef7bd38f6db?s=96&d=mm&r=g","caption":"Albert"},"sameAs":["https:\/\/www.comll.cat"]}]}},"publishpress_future_action":{"enabled":false,"date":"2026-05-03 10:03:48","action":"change-status","newStatus":"draft","terms":[],"taxonomy":"category","extraData":[]},"publishpress_future_workflow_manual_trigger":{"enabledWorkflows":[]},"_links":{"self":[{"href":"https:\/\/www.comll.cat\/es\/wp-json\/wp\/v2\/posts\/512","targetHints":{"allow":["GET"]}}],"collection":[{"href":"https:\/\/www.comll.cat\/es\/wp-json\/wp\/v2\/posts"}],"about":[{"href":"https:\/\/www.comll.cat\/es\/wp-json\/wp\/v2\/types\/post"}],"author":[{"embeddable":true,"href":"https:\/\/www.comll.cat\/es\/wp-json\/wp\/v2\/users\/1"}],"replies":[{"embeddable":true,"href":"https:\/\/www.comll.cat\/es\/wp-json\/wp\/v2\/comments?post=512"}],"version-history":[{"count":0,"href":"https:\/\/www.comll.cat\/es\/wp-json\/wp\/v2\/posts\/512\/revisions"}],"wp:featuredmedia":[{"embeddable":true,"href":"https:\/\/www.comll.cat\/es\/wp-json\/wp\/v2\/media\/513"}],"wp:attachment":[{"href":"https:\/\/www.comll.cat\/es\/wp-json\/wp\/v2\/media?parent=512"}],"wp:term":[{"taxonomy":"category","embeddable":true,"href":"https:\/\/www.comll.cat\/es\/wp-json\/wp\/v2\/categories?post=512"},{"taxonomy":"post_tag","embeddable":true,"href":"https:\/\/www.comll.cat\/es\/wp-json\/wp\/v2\/tags?post=512"}],"curies":[{"name":"wp","href":"https:\/\/api.w.org\/{rel}","templated":true}]}}