{"id":505,"date":"2019-01-31T13:48:01","date_gmt":"2019-01-31T12:48:01","guid":{"rendered":"https:\/\/www.comll.cat\/curs-del-comll-sobre-iniciacio-a-la-recerca-a-carrec-de-la-dra-silvia-bielsa-i-el-dr-jose-manuel-porcel\/"},"modified":"2019-01-31T13:48:01","modified_gmt":"2019-01-31T12:48:01","slug":"curs-del-comll-sobre-iniciacio-a-la-recerca-a-carrec-de-la-dra-silvia-bielsa-i-el-dr-jose-manuel-porcel","status":"publish","type":"post","link":"https:\/\/www.comll.cat\/es\/curs-del-comll-sobre-iniciacio-a-la-recerca-a-carrec-de-la-dra-silvia-bielsa-i-el-dr-jose-manuel-porcel\/","title":{"rendered":"Curs del COMLL sobre iniciaci\u00f3 a la recerca a c\u00e0rrec de la Dra. Silvia Bielsa i el Dr. Jos\u00e9 Manuel Porcel"},"content":{"rendered":"<p>El Col\u00b7legi Oficial de Metges de Lleida organitza el curs <em>Iniciaci\u00f3 a la Recerca,<\/em>a partir el 5 de mar\u00e7, a la seu col\u00b7legial. Els ponents seran la Dra. Silvia Bielsa, metgessa adjunta al Servei de Medicina Interna de l\u2019HUAV i professora associada de la Facultat de Medicina de Lleida, i el Dr. Jos\u00e9 Manuel Porcel, cap del Servei de Medicina Interna de l\u2019HUAV, investigador principal del Grup de Biomarcadors en C\u00e0ncer de l\u2019IRBLleida, professor titular de la Facultat de Medicina de Lleida i editor de l\u2019<em>European Respiratory Journal<\/em>.<\/p>\n<p>El curs s\u2019estructura en tres sessions i l\u2019horari ser\u00e0 de les 17.00 a les 20.00 hores. Aquesta activitat formativa abordar\u00e0 temes com la lectura cr\u00edtica d\u2019articles, la preparaci\u00f3 de bases de dades estad\u00edstiques, com parlar en p\u00fablic i consells per editar una revista cient\u00edfica i iniciar una carrera investigadora, entre d\u2019altres.<\/p>\n<p>Pel que fa a la resta de cursos, ahir es va celebrar l\u2019\u00faltima sessi\u00f3 d\u2019<em>Actualitzaci\u00f3 en Dermatologia<\/em>, en la qual el Dr. Josep Manel Fern\u00e1ndez Armenteros va exposar els casos de pacients sense lesions visibles i amb lesi\u00f3 tumoral. La Dra. Mireia Biosca i el Dr. Ramon Capdevila impartiran les dues sessions seg\u00fcents d\u2019<em>Actualitzaci\u00f3 en Pediatria<\/em>, un curs que acabar\u00e0 a finals de mar\u00e7.<\/p>\n","protected":false},"excerpt":{"rendered":"<p>El Col\u00b7legi Oficial de Metges de Lleida organitza el curs Iniciaci\u00f3 a la Recerca,a partir el 5 de mar\u00e7, a...<\/p>\n","protected":false},"author":1,"featured_media":506,"comment_status":"closed","ping_status":"closed","sticky":false,"template":"","format":"standard","meta":{"_acf_changed":false,"inline_featured_image":false,"footnotes":""},"categories":[18],"tags":[],"class_list":["post-505","post","type-post","status-publish","format-standard","has-post-thumbnail","hentry","category-noticias"],"acf":[],"yoast_head":"<!-- This site is optimized with the Yoast SEO plugin v27.5 - https:\/\/yoast.com\/product\/yoast-seo-wordpress\/ -->\n<title>Curs del COMLL sobre iniciaci\u00f3 a la recerca a c\u00e0rrec de la Dra. Silvia Bielsa i el Dr. Jos\u00e9 Manuel Porcel - Col\u00b7legi Oficial de Metges de Lleida<\/title>\n<meta name=\"robots\" content=\"index, follow, max-snippet:-1, max-image-preview:large, max-video-preview:-1\" \/>\n<link rel=\"canonical\" href=\"https:\/\/www.comll.cat\/es\/curs-del-comll-sobre-iniciacio-a-la-recerca-a-carrec-de-la-dra-silvia-bielsa-i-el-dr-jose-manuel-porcel\/\" \/>\n<meta property=\"og:locale\" content=\"es_ES\" \/>\n<meta property=\"og:type\" content=\"article\" \/>\n<meta property=\"og:title\" content=\"Curs del COMLL sobre iniciaci\u00f3 a la recerca a c\u00e0rrec de la Dra. Silvia Bielsa i el Dr. Jos\u00e9 Manuel Porcel - Col\u00b7legi Oficial de Metges de Lleida\" \/>\n<meta property=\"og:description\" content=\"El Col\u00b7legi Oficial de Metges de Lleida organitza el curs Iniciaci\u00f3 a la Recerca,a partir el 5 de mar\u00e7, a...\" \/>\n<meta property=\"og:url\" content=\"https:\/\/www.comll.cat\/es\/curs-del-comll-sobre-iniciacio-a-la-recerca-a-carrec-de-la-dra-silvia-bielsa-i-el-dr-jose-manuel-porcel\/\" \/>\n<meta property=\"og:site_name\" content=\"Col\u00b7legi Oficial de Metges de Lleida\" \/>\n<meta property=\"article:published_time\" content=\"2019-01-31T12:48:01+00:00\" \/>\n<meta property=\"og:image\" content=\"https:\/\/www.comll.cat\/es\/wp-content\/uploads\/sites\/3\/ltima-sessio-derma.jpg\" \/>\n\t<meta property=\"og:image:width\" content=\"1301\" \/>\n\t<meta property=\"og:image:height\" content=\"976\" \/>\n\t<meta property=\"og:image:type\" content=\"image\/jpeg\" \/>\n<meta name=\"author\" content=\"Albert\" \/>\n<meta name=\"twitter:card\" content=\"summary_large_image\" \/>\n<script type=\"application\/ld+json\" class=\"yoast-schema-graph\">{\"@context\":\"https:\\\/\\\/schema.org\",\"@graph\":[{\"@type\":\"Article\",\"@id\":\"https:\\\/\\\/www.comll.cat\\\/es\\\/curs-del-comll-sobre-iniciacio-a-la-recerca-a-carrec-de-la-dra-silvia-bielsa-i-el-dr-jose-manuel-porcel\\\/#article\",\"isPartOf\":{\"@id\":\"https:\\\/\\\/www.comll.cat\\\/es\\\/curs-del-comll-sobre-iniciacio-a-la-recerca-a-carrec-de-la-dra-silvia-bielsa-i-el-dr-jose-manuel-porcel\\\/\"},\"author\":{\"name\":\"Albert\",\"@id\":\"https:\\\/\\\/www.comll.cat\\\/es\\\/#\\\/schema\\\/person\\\/1c7bc4d83b35a927d680cfe0ec9120e0\"},\"headline\":\"Curs del COMLL sobre iniciaci\u00f3 a la recerca a c\u00e0rrec de la Dra. Silvia Bielsa i el Dr. Jos\u00e9 Manuel Porcel\",\"datePublished\":\"2019-01-31T12:48:01+00:00\",\"mainEntityOfPage\":{\"@id\":\"https:\\\/\\\/www.comll.cat\\\/es\\\/curs-del-comll-sobre-iniciacio-a-la-recerca-a-carrec-de-la-dra-silvia-bielsa-i-el-dr-jose-manuel-porcel\\\/\"},\"wordCount\":243,\"image\":{\"@id\":\"https:\\\/\\\/www.comll.cat\\\/es\\\/curs-del-comll-sobre-iniciacio-a-la-recerca-a-carrec-de-la-dra-silvia-bielsa-i-el-dr-jose-manuel-porcel\\\/#primaryimage\"},\"thumbnailUrl\":\"https:\\\/\\\/www.comll.cat\\\/es\\\/wp-content\\\/uploads\\\/sites\\\/3\\\/ltima-sessio-derma.jpg\",\"articleSection\":[\"Noticias\"],\"inLanguage\":\"es\"},{\"@type\":\"WebPage\",\"@id\":\"https:\\\/\\\/www.comll.cat\\\/es\\\/curs-del-comll-sobre-iniciacio-a-la-recerca-a-carrec-de-la-dra-silvia-bielsa-i-el-dr-jose-manuel-porcel\\\/\",\"url\":\"https:\\\/\\\/www.comll.cat\\\/es\\\/curs-del-comll-sobre-iniciacio-a-la-recerca-a-carrec-de-la-dra-silvia-bielsa-i-el-dr-jose-manuel-porcel\\\/\",\"name\":\"Curs del COMLL sobre iniciaci\u00f3 a la recerca a c\u00e0rrec de la Dra. Silvia Bielsa i el Dr. Jos\u00e9 Manuel Porcel - Col\u00b7legi Oficial de Metges de Lleida\",\"isPartOf\":{\"@id\":\"https:\\\/\\\/www.comll.cat\\\/es\\\/#website\"},\"primaryImageOfPage\":{\"@id\":\"https:\\\/\\\/www.comll.cat\\\/es\\\/curs-del-comll-sobre-iniciacio-a-la-recerca-a-carrec-de-la-dra-silvia-bielsa-i-el-dr-jose-manuel-porcel\\\/#primaryimage\"},\"image\":{\"@id\":\"https:\\\/\\\/www.comll.cat\\\/es\\\/curs-del-comll-sobre-iniciacio-a-la-recerca-a-carrec-de-la-dra-silvia-bielsa-i-el-dr-jose-manuel-porcel\\\/#primaryimage\"},\"thumbnailUrl\":\"https:\\\/\\\/www.comll.cat\\\/es\\\/wp-content\\\/uploads\\\/sites\\\/3\\\/ltima-sessio-derma.jpg\",\"datePublished\":\"2019-01-31T12:48:01+00:00\",\"author\":{\"@id\":\"https:\\\/\\\/www.comll.cat\\\/es\\\/#\\\/schema\\\/person\\\/1c7bc4d83b35a927d680cfe0ec9120e0\"},\"breadcrumb\":{\"@id\":\"https:\\\/\\\/www.comll.cat\\\/es\\\/curs-del-comll-sobre-iniciacio-a-la-recerca-a-carrec-de-la-dra-silvia-bielsa-i-el-dr-jose-manuel-porcel\\\/#breadcrumb\"},\"inLanguage\":\"es\",\"potentialAction\":[{\"@type\":\"ReadAction\",\"target\":[\"https:\\\/\\\/www.comll.cat\\\/es\\\/curs-del-comll-sobre-iniciacio-a-la-recerca-a-carrec-de-la-dra-silvia-bielsa-i-el-dr-jose-manuel-porcel\\\/\"]}]},{\"@type\":\"ImageObject\",\"inLanguage\":\"es\",\"@id\":\"https:\\\/\\\/www.comll.cat\\\/es\\\/curs-del-comll-sobre-iniciacio-a-la-recerca-a-carrec-de-la-dra-silvia-bielsa-i-el-dr-jose-manuel-porcel\\\/#primaryimage\",\"url\":\"https:\\\/\\\/www.comll.cat\\\/es\\\/wp-content\\\/uploads\\\/sites\\\/3\\\/ltima-sessio-derma.jpg\",\"contentUrl\":\"https:\\\/\\\/www.comll.cat\\\/es\\\/wp-content\\\/uploads\\\/sites\\\/3\\\/ltima-sessio-derma.jpg\",\"width\":1301,\"height\":976},{\"@type\":\"BreadcrumbList\",\"@id\":\"https:\\\/\\\/www.comll.cat\\\/es\\\/curs-del-comll-sobre-iniciacio-a-la-recerca-a-carrec-de-la-dra-silvia-bielsa-i-el-dr-jose-manuel-porcel\\\/#breadcrumb\",\"itemListElement\":[{\"@type\":\"ListItem\",\"position\":1,\"name\":\"Portada\",\"item\":\"https:\\\/\\\/www.comll.cat\\\/es\\\/\"},{\"@type\":\"ListItem\",\"position\":2,\"name\":\"Curs del COMLL sobre iniciaci\u00f3 a la recerca a c\u00e0rrec de la Dra. Silvia Bielsa i el Dr. Jos\u00e9 Manuel Porcel\"}]},{\"@type\":\"WebSite\",\"@id\":\"https:\\\/\\\/www.comll.cat\\\/es\\\/#website\",\"url\":\"https:\\\/\\\/www.comll.cat\\\/es\\\/\",\"name\":\"Col\u00b7legi Oficial de Metges de Lleida\",\"description\":\"COMLL\",\"potentialAction\":[{\"@type\":\"SearchAction\",\"target\":{\"@type\":\"EntryPoint\",\"urlTemplate\":\"https:\\\/\\\/www.comll.cat\\\/es\\\/?s={search_term_string}\"},\"query-input\":{\"@type\":\"PropertyValueSpecification\",\"valueRequired\":true,\"valueName\":\"search_term_string\"}}],\"inLanguage\":\"es\"},{\"@type\":\"Person\",\"@id\":\"https:\\\/\\\/www.comll.cat\\\/es\\\/#\\\/schema\\\/person\\\/1c7bc4d83b35a927d680cfe0ec9120e0\",\"name\":\"Albert\",\"image\":{\"@type\":\"ImageObject\",\"inLanguage\":\"es\",\"@id\":\"https:\\\/\\\/secure.gravatar.com\\\/avatar\\\/c1261138a5e7882394bd9001104fe7078a2d860997555a5353af4ef7bd38f6db?s=96&d=mm&r=g\",\"url\":\"https:\\\/\\\/secure.gravatar.com\\\/avatar\\\/c1261138a5e7882394bd9001104fe7078a2d860997555a5353af4ef7bd38f6db?s=96&d=mm&r=g\",\"contentUrl\":\"https:\\\/\\\/secure.gravatar.com\\\/avatar\\\/c1261138a5e7882394bd9001104fe7078a2d860997555a5353af4ef7bd38f6db?s=96&d=mm&r=g\",\"caption\":\"Albert\"},\"sameAs\":[\"https:\\\/\\\/www.comll.cat\"]}]}<\/script>\n<!-- \/ Yoast SEO plugin. -->","yoast_head_json":{"title":"Curs del COMLL sobre iniciaci\u00f3 a la recerca a c\u00e0rrec de la Dra. Silvia Bielsa i el Dr. Jos\u00e9 Manuel Porcel - Col\u00b7legi Oficial de Metges de Lleida","robots":{"index":"index","follow":"follow","max-snippet":"max-snippet:-1","max-image-preview":"max-image-preview:large","max-video-preview":"max-video-preview:-1"},"canonical":"https:\/\/www.comll.cat\/es\/curs-del-comll-sobre-iniciacio-a-la-recerca-a-carrec-de-la-dra-silvia-bielsa-i-el-dr-jose-manuel-porcel\/","og_locale":"es_ES","og_type":"article","og_title":"Curs del COMLL sobre iniciaci\u00f3 a la recerca a c\u00e0rrec de la Dra. Silvia Bielsa i el Dr. Jos\u00e9 Manuel Porcel - Col\u00b7legi Oficial de Metges de Lleida","og_description":"El Col\u00b7legi Oficial de Metges de Lleida organitza el curs Iniciaci\u00f3 a la Recerca,a partir el 5 de mar\u00e7, a...","og_url":"https:\/\/www.comll.cat\/es\/curs-del-comll-sobre-iniciacio-a-la-recerca-a-carrec-de-la-dra-silvia-bielsa-i-el-dr-jose-manuel-porcel\/","og_site_name":"Col\u00b7legi Oficial de Metges de Lleida","article_published_time":"2019-01-31T12:48:01+00:00","og_image":[{"width":1301,"height":976,"url":"https:\/\/www.comll.cat\/es\/wp-content\/uploads\/sites\/3\/ltima-sessio-derma.jpg","type":"image\/jpeg"}],"author":"Albert","twitter_card":"summary_large_image","schema":{"@context":"https:\/\/schema.org","@graph":[{"@type":"Article","@id":"https:\/\/www.comll.cat\/es\/curs-del-comll-sobre-iniciacio-a-la-recerca-a-carrec-de-la-dra-silvia-bielsa-i-el-dr-jose-manuel-porcel\/#article","isPartOf":{"@id":"https:\/\/www.comll.cat\/es\/curs-del-comll-sobre-iniciacio-a-la-recerca-a-carrec-de-la-dra-silvia-bielsa-i-el-dr-jose-manuel-porcel\/"},"author":{"name":"Albert","@id":"https:\/\/www.comll.cat\/es\/#\/schema\/person\/1c7bc4d83b35a927d680cfe0ec9120e0"},"headline":"Curs del COMLL sobre iniciaci\u00f3 a la recerca a c\u00e0rrec de la Dra. Silvia Bielsa i el Dr. Jos\u00e9 Manuel Porcel","datePublished":"2019-01-31T12:48:01+00:00","mainEntityOfPage":{"@id":"https:\/\/www.comll.cat\/es\/curs-del-comll-sobre-iniciacio-a-la-recerca-a-carrec-de-la-dra-silvia-bielsa-i-el-dr-jose-manuel-porcel\/"},"wordCount":243,"image":{"@id":"https:\/\/www.comll.cat\/es\/curs-del-comll-sobre-iniciacio-a-la-recerca-a-carrec-de-la-dra-silvia-bielsa-i-el-dr-jose-manuel-porcel\/#primaryimage"},"thumbnailUrl":"https:\/\/www.comll.cat\/es\/wp-content\/uploads\/sites\/3\/ltima-sessio-derma.jpg","articleSection":["Noticias"],"inLanguage":"es"},{"@type":"WebPage","@id":"https:\/\/www.comll.cat\/es\/curs-del-comll-sobre-iniciacio-a-la-recerca-a-carrec-de-la-dra-silvia-bielsa-i-el-dr-jose-manuel-porcel\/","url":"https:\/\/www.comll.cat\/es\/curs-del-comll-sobre-iniciacio-a-la-recerca-a-carrec-de-la-dra-silvia-bielsa-i-el-dr-jose-manuel-porcel\/","name":"Curs del COMLL sobre iniciaci\u00f3 a la recerca a c\u00e0rrec de la Dra. Silvia Bielsa i el Dr. Jos\u00e9 Manuel Porcel - Col\u00b7legi Oficial de Metges de Lleida","isPartOf":{"@id":"https:\/\/www.comll.cat\/es\/#website"},"primaryImageOfPage":{"@id":"https:\/\/www.comll.cat\/es\/curs-del-comll-sobre-iniciacio-a-la-recerca-a-carrec-de-la-dra-silvia-bielsa-i-el-dr-jose-manuel-porcel\/#primaryimage"},"image":{"@id":"https:\/\/www.comll.cat\/es\/curs-del-comll-sobre-iniciacio-a-la-recerca-a-carrec-de-la-dra-silvia-bielsa-i-el-dr-jose-manuel-porcel\/#primaryimage"},"thumbnailUrl":"https:\/\/www.comll.cat\/es\/wp-content\/uploads\/sites\/3\/ltima-sessio-derma.jpg","datePublished":"2019-01-31T12:48:01+00:00","author":{"@id":"https:\/\/www.comll.cat\/es\/#\/schema\/person\/1c7bc4d83b35a927d680cfe0ec9120e0"},"breadcrumb":{"@id":"https:\/\/www.comll.cat\/es\/curs-del-comll-sobre-iniciacio-a-la-recerca-a-carrec-de-la-dra-silvia-bielsa-i-el-dr-jose-manuel-porcel\/#breadcrumb"},"inLanguage":"es","potentialAction":[{"@type":"ReadAction","target":["https:\/\/www.comll.cat\/es\/curs-del-comll-sobre-iniciacio-a-la-recerca-a-carrec-de-la-dra-silvia-bielsa-i-el-dr-jose-manuel-porcel\/"]}]},{"@type":"ImageObject","inLanguage":"es","@id":"https:\/\/www.comll.cat\/es\/curs-del-comll-sobre-iniciacio-a-la-recerca-a-carrec-de-la-dra-silvia-bielsa-i-el-dr-jose-manuel-porcel\/#primaryimage","url":"https:\/\/www.comll.cat\/es\/wp-content\/uploads\/sites\/3\/ltima-sessio-derma.jpg","contentUrl":"https:\/\/www.comll.cat\/es\/wp-content\/uploads\/sites\/3\/ltima-sessio-derma.jpg","width":1301,"height":976},{"@type":"BreadcrumbList","@id":"https:\/\/www.comll.cat\/es\/curs-del-comll-sobre-iniciacio-a-la-recerca-a-carrec-de-la-dra-silvia-bielsa-i-el-dr-jose-manuel-porcel\/#breadcrumb","itemListElement":[{"@type":"ListItem","position":1,"name":"Portada","item":"https:\/\/www.comll.cat\/es\/"},{"@type":"ListItem","position":2,"name":"Curs del COMLL sobre iniciaci\u00f3 a la recerca a c\u00e0rrec de la Dra. Silvia Bielsa i el Dr. Jos\u00e9 Manuel Porcel"}]},{"@type":"WebSite","@id":"https:\/\/www.comll.cat\/es\/#website","url":"https:\/\/www.comll.cat\/es\/","name":"Col\u00b7legi Oficial de Metges de Lleida","description":"COMLL","potentialAction":[{"@type":"SearchAction","target":{"@type":"EntryPoint","urlTemplate":"https:\/\/www.comll.cat\/es\/?s={search_term_string}"},"query-input":{"@type":"PropertyValueSpecification","valueRequired":true,"valueName":"search_term_string"}}],"inLanguage":"es"},{"@type":"Person","@id":"https:\/\/www.comll.cat\/es\/#\/schema\/person\/1c7bc4d83b35a927d680cfe0ec9120e0","name":"Albert","image":{"@type":"ImageObject","inLanguage":"es","@id":"https:\/\/secure.gravatar.com\/avatar\/c1261138a5e7882394bd9001104fe7078a2d860997555a5353af4ef7bd38f6db?s=96&d=mm&r=g","url":"https:\/\/secure.gravatar.com\/avatar\/c1261138a5e7882394bd9001104fe7078a2d860997555a5353af4ef7bd38f6db?s=96&d=mm&r=g","contentUrl":"https:\/\/secure.gravatar.com\/avatar\/c1261138a5e7882394bd9001104fe7078a2d860997555a5353af4ef7bd38f6db?s=96&d=mm&r=g","caption":"Albert"},"sameAs":["https:\/\/www.comll.cat"]}]}},"publishpress_future_action":{"enabled":false,"date":"2026-05-02 01:59:01","action":"change-status","newStatus":"draft","terms":[],"taxonomy":"category","extraData":[]},"publishpress_future_workflow_manual_trigger":{"enabledWorkflows":[]},"_links":{"self":[{"href":"https:\/\/www.comll.cat\/es\/wp-json\/wp\/v2\/posts\/505","targetHints":{"allow":["GET"]}}],"collection":[{"href":"https:\/\/www.comll.cat\/es\/wp-json\/wp\/v2\/posts"}],"about":[{"href":"https:\/\/www.comll.cat\/es\/wp-json\/wp\/v2\/types\/post"}],"author":[{"embeddable":true,"href":"https:\/\/www.comll.cat\/es\/wp-json\/wp\/v2\/users\/1"}],"replies":[{"embeddable":true,"href":"https:\/\/www.comll.cat\/es\/wp-json\/wp\/v2\/comments?post=505"}],"version-history":[{"count":0,"href":"https:\/\/www.comll.cat\/es\/wp-json\/wp\/v2\/posts\/505\/revisions"}],"wp:featuredmedia":[{"embeddable":true,"href":"https:\/\/www.comll.cat\/es\/wp-json\/wp\/v2\/media\/506"}],"wp:attachment":[{"href":"https:\/\/www.comll.cat\/es\/wp-json\/wp\/v2\/media?parent=505"}],"wp:term":[{"taxonomy":"category","embeddable":true,"href":"https:\/\/www.comll.cat\/es\/wp-json\/wp\/v2\/categories?post=505"},{"taxonomy":"post_tag","embeddable":true,"href":"https:\/\/www.comll.cat\/es\/wp-json\/wp\/v2\/tags?post=505"}],"curies":[{"name":"wp","href":"https:\/\/api.w.org\/{rel}","templated":true}]}}