{"id":483,"date":"2019-01-24T14:32:39","date_gmt":"2019-01-24T13:32:39","guid":{"rendered":"https:\/\/www.comll.cat\/curs-especialitzacio-en-fiscalitat-de-lempresa\/"},"modified":"2019-01-24T14:32:39","modified_gmt":"2019-01-24T13:32:39","slug":"curs-especialitzacio-en-fiscalitat-de-lempresa","status":"publish","type":"post","link":"https:\/\/www.comll.cat\/es\/curs-especialitzacio-en-fiscalitat-de-lempresa\/","title":{"rendered":"CURS ESPECIALITZACI\u00d3 EN FISCALITAT DE L'EMPRESA"},"content":{"rendered":"<p>&nbsp;<\/p>\n<p><em><strong>Amb Titulaci\u00f3 UdL<\/strong><\/em><br \/>\n<strong>NOVES DATES<\/strong><strong>: Del 12 de febrer al\u00a030 d'abril de\u00a02019<\/strong><br \/>\nDimarts i dijous, de 16h. a 20h. (84 hores)<br \/>\nForum Empresa \u00b7 Av. Blondel, 21, 4t.<br \/>\n25002 Lleida<\/p>\n<p><strong>CONTINGUTS:<\/strong><br \/>\nM\u00f2dul 1: Impost sobre la Renta de les Persones F\u00edsiques (12 hores)<br \/>\nM\u00f2dul 2: Impost sobre Successions i Donacions. Impost sobre el Patrimoni (8 hores)<br \/>\nM\u00f2dul 3: Impost sobre el Valor Afegit (16 hores)<br \/>\nM\u00f2dul 4: Impost sobre Societats (28 hores)<br \/>\nM\u00f2dul 5: Impost sobre Transmissions Patrimonials i Actes Jur\u00eddics Documentals (4 horess)<br \/>\nM\u00f2dul 6: Impostos Locals (4 hores)<br \/>\nM\u00f2dul 7: Recursos i procediments Tributaris (4 hores)<br \/>\nM\u00f2dul 8: Hisenda P\u00fablica a Internet (4 hores)<\/p>\n<p><a href=\"https:\/\/forum2001.us14.list-manage.com\/track\/click?u=3670aa328148a4e1e27972c0a&amp;id=e3d67e7be0&amp;e=366bc484d0\"><strong>L'alumne\u00a0 que nom\u00e9s estigui interessat en un m\u00f2dul concret hi podr\u00e1 accedir independentment.<\/strong><\/a><\/p>\n","protected":false},"excerpt":{"rendered":"<p>&nbsp; Amb Titulaci\u00f3 UdL NOVES DATES: Del 12 de febrer al\u00a030 d'abril de\u00a02019 Dimarts i dijous, de 16h. a 20h....<\/p>\n","protected":false},"author":1,"featured_media":484,"comment_status":"closed","ping_status":"closed","sticky":false,"template":"","format":"standard","meta":{"_acf_changed":false,"inline_featured_image":false,"footnotes":""},"categories":[18],"tags":[],"class_list":["post-483","post","type-post","status-publish","format-standard","has-post-thumbnail","hentry","category-noticias"],"acf":[],"yoast_head":"<!-- This site is optimized with the Yoast SEO plugin v27.5 - https:\/\/yoast.com\/product\/yoast-seo-wordpress\/ -->\n<title>CURS ESPECIALITZACI\u00d3 EN FISCALITAT DE L&#039;EMPRESA - Col\u00b7legi Oficial de Metges de Lleida<\/title>\n<meta name=\"robots\" content=\"index, follow, max-snippet:-1, max-image-preview:large, max-video-preview:-1\" \/>\n<link rel=\"canonical\" href=\"https:\/\/www.comll.cat\/es\/curs-especialitzacio-en-fiscalitat-de-lempresa\/\" \/>\n<meta property=\"og:locale\" content=\"es_ES\" \/>\n<meta property=\"og:type\" content=\"article\" \/>\n<meta property=\"og:title\" content=\"CURS ESPECIALITZACI\u00d3 EN FISCALITAT DE L&#039;EMPRESA - Col\u00b7legi Oficial de Metges de Lleida\" \/>\n<meta property=\"og:description\" content=\"&nbsp; Amb Titulaci\u00f3 UdL NOVES DATES: Del 12 de febrer al\u00a030 d&#039;abril de\u00a02019 Dimarts i dijous, de 16h. a 20h....\" \/>\n<meta property=\"og:url\" content=\"https:\/\/www.comll.cat\/es\/curs-especialitzacio-en-fiscalitat-de-lempresa\/\" \/>\n<meta property=\"og:site_name\" content=\"Col\u00b7legi Oficial de Metges de Lleida\" \/>\n<meta property=\"article:published_time\" content=\"2019-01-24T13:32:39+00:00\" \/>\n<meta property=\"og:image\" content=\"https:\/\/www.comll.cat\/es\/wp-content\/uploads\/sites\/3\/e01da9e0-825e-4cba-93b7-6477a88f2c3c.jpg\" \/>\n\t<meta property=\"og:image:width\" content=\"2000\" \/>\n\t<meta property=\"og:image:height\" content=\"1125\" \/>\n\t<meta property=\"og:image:type\" content=\"image\/jpeg\" \/>\n<meta name=\"author\" content=\"Albert\" \/>\n<meta name=\"twitter:card\" content=\"summary_large_image\" \/>\n<script type=\"application\/ld+json\" class=\"yoast-schema-graph\">{\"@context\":\"https:\\\/\\\/schema.org\",\"@graph\":[{\"@type\":\"Article\",\"@id\":\"https:\\\/\\\/www.comll.cat\\\/es\\\/curs-especialitzacio-en-fiscalitat-de-lempresa\\\/#article\",\"isPartOf\":{\"@id\":\"https:\\\/\\\/www.comll.cat\\\/es\\\/curs-especialitzacio-en-fiscalitat-de-lempresa\\\/\"},\"author\":{\"name\":\"Albert\",\"@id\":\"https:\\\/\\\/www.comll.cat\\\/es\\\/#\\\/schema\\\/person\\\/1c7bc4d83b35a927d680cfe0ec9120e0\"},\"headline\":\"CURS ESPECIALITZACI\u00d3 EN FISCALITAT DE L'EMPRESA\",\"datePublished\":\"2019-01-24T13:32:39+00:00\",\"mainEntityOfPage\":{\"@id\":\"https:\\\/\\\/www.comll.cat\\\/es\\\/curs-especialitzacio-en-fiscalitat-de-lempresa\\\/\"},\"wordCount\":121,\"image\":{\"@id\":\"https:\\\/\\\/www.comll.cat\\\/es\\\/curs-especialitzacio-en-fiscalitat-de-lempresa\\\/#primaryimage\"},\"thumbnailUrl\":\"https:\\\/\\\/www.comll.cat\\\/es\\\/wp-content\\\/uploads\\\/sites\\\/3\\\/e01da9e0-825e-4cba-93b7-6477a88f2c3c.jpg\",\"articleSection\":[\"Noticias\"],\"inLanguage\":\"es\"},{\"@type\":\"WebPage\",\"@id\":\"https:\\\/\\\/www.comll.cat\\\/es\\\/curs-especialitzacio-en-fiscalitat-de-lempresa\\\/\",\"url\":\"https:\\\/\\\/www.comll.cat\\\/es\\\/curs-especialitzacio-en-fiscalitat-de-lempresa\\\/\",\"name\":\"CURS ESPECIALITZACI\u00d3 EN FISCALITAT DE L'EMPRESA - Col\u00b7legi Oficial de Metges de Lleida\",\"isPartOf\":{\"@id\":\"https:\\\/\\\/www.comll.cat\\\/es\\\/#website\"},\"primaryImageOfPage\":{\"@id\":\"https:\\\/\\\/www.comll.cat\\\/es\\\/curs-especialitzacio-en-fiscalitat-de-lempresa\\\/#primaryimage\"},\"image\":{\"@id\":\"https:\\\/\\\/www.comll.cat\\\/es\\\/curs-especialitzacio-en-fiscalitat-de-lempresa\\\/#primaryimage\"},\"thumbnailUrl\":\"https:\\\/\\\/www.comll.cat\\\/es\\\/wp-content\\\/uploads\\\/sites\\\/3\\\/e01da9e0-825e-4cba-93b7-6477a88f2c3c.jpg\",\"datePublished\":\"2019-01-24T13:32:39+00:00\",\"author\":{\"@id\":\"https:\\\/\\\/www.comll.cat\\\/es\\\/#\\\/schema\\\/person\\\/1c7bc4d83b35a927d680cfe0ec9120e0\"},\"breadcrumb\":{\"@id\":\"https:\\\/\\\/www.comll.cat\\\/es\\\/curs-especialitzacio-en-fiscalitat-de-lempresa\\\/#breadcrumb\"},\"inLanguage\":\"es\",\"potentialAction\":[{\"@type\":\"ReadAction\",\"target\":[\"https:\\\/\\\/www.comll.cat\\\/es\\\/curs-especialitzacio-en-fiscalitat-de-lempresa\\\/\"]}]},{\"@type\":\"ImageObject\",\"inLanguage\":\"es\",\"@id\":\"https:\\\/\\\/www.comll.cat\\\/es\\\/curs-especialitzacio-en-fiscalitat-de-lempresa\\\/#primaryimage\",\"url\":\"https:\\\/\\\/www.comll.cat\\\/es\\\/wp-content\\\/uploads\\\/sites\\\/3\\\/e01da9e0-825e-4cba-93b7-6477a88f2c3c.jpg\",\"contentUrl\":\"https:\\\/\\\/www.comll.cat\\\/es\\\/wp-content\\\/uploads\\\/sites\\\/3\\\/e01da9e0-825e-4cba-93b7-6477a88f2c3c.jpg\",\"width\":2000,\"height\":1125},{\"@type\":\"BreadcrumbList\",\"@id\":\"https:\\\/\\\/www.comll.cat\\\/es\\\/curs-especialitzacio-en-fiscalitat-de-lempresa\\\/#breadcrumb\",\"itemListElement\":[{\"@type\":\"ListItem\",\"position\":1,\"name\":\"Portada\",\"item\":\"https:\\\/\\\/www.comll.cat\\\/es\\\/\"},{\"@type\":\"ListItem\",\"position\":2,\"name\":\"CURS ESPECIALITZACI\u00d3 EN FISCALITAT DE L'EMPRESA\"}]},{\"@type\":\"WebSite\",\"@id\":\"https:\\\/\\\/www.comll.cat\\\/es\\\/#website\",\"url\":\"https:\\\/\\\/www.comll.cat\\\/es\\\/\",\"name\":\"Col\u00b7legi Oficial de Metges de Lleida\",\"description\":\"COMLL\",\"potentialAction\":[{\"@type\":\"SearchAction\",\"target\":{\"@type\":\"EntryPoint\",\"urlTemplate\":\"https:\\\/\\\/www.comll.cat\\\/es\\\/?s={search_term_string}\"},\"query-input\":{\"@type\":\"PropertyValueSpecification\",\"valueRequired\":true,\"valueName\":\"search_term_string\"}}],\"inLanguage\":\"es\"},{\"@type\":\"Person\",\"@id\":\"https:\\\/\\\/www.comll.cat\\\/es\\\/#\\\/schema\\\/person\\\/1c7bc4d83b35a927d680cfe0ec9120e0\",\"name\":\"Albert\",\"image\":{\"@type\":\"ImageObject\",\"inLanguage\":\"es\",\"@id\":\"https:\\\/\\\/secure.gravatar.com\\\/avatar\\\/c1261138a5e7882394bd9001104fe7078a2d860997555a5353af4ef7bd38f6db?s=96&d=mm&r=g\",\"url\":\"https:\\\/\\\/secure.gravatar.com\\\/avatar\\\/c1261138a5e7882394bd9001104fe7078a2d860997555a5353af4ef7bd38f6db?s=96&d=mm&r=g\",\"contentUrl\":\"https:\\\/\\\/secure.gravatar.com\\\/avatar\\\/c1261138a5e7882394bd9001104fe7078a2d860997555a5353af4ef7bd38f6db?s=96&d=mm&r=g\",\"caption\":\"Albert\"},\"sameAs\":[\"https:\\\/\\\/www.comll.cat\"]}]}<\/script>\n<!-- \/ Yoast SEO plugin. -->","yoast_head_json":{"title":"CURS ESPECIALITZACI\u00d3 EN FISCALITAT DE L'EMPRESA - Col\u00b7legi Oficial de Metges de Lleida","robots":{"index":"index","follow":"follow","max-snippet":"max-snippet:-1","max-image-preview":"max-image-preview:large","max-video-preview":"max-video-preview:-1"},"canonical":"https:\/\/www.comll.cat\/es\/curs-especialitzacio-en-fiscalitat-de-lempresa\/","og_locale":"es_ES","og_type":"article","og_title":"CURS ESPECIALITZACI\u00d3 EN FISCALITAT DE L'EMPRESA - Col\u00b7legi Oficial de Metges de Lleida","og_description":"&nbsp; Amb Titulaci\u00f3 UdL NOVES DATES: Del 12 de febrer al\u00a030 d'abril de\u00a02019 Dimarts i dijous, de 16h. a 20h....","og_url":"https:\/\/www.comll.cat\/es\/curs-especialitzacio-en-fiscalitat-de-lempresa\/","og_site_name":"Col\u00b7legi Oficial de Metges de Lleida","article_published_time":"2019-01-24T13:32:39+00:00","og_image":[{"width":2000,"height":1125,"url":"https:\/\/www.comll.cat\/es\/wp-content\/uploads\/sites\/3\/e01da9e0-825e-4cba-93b7-6477a88f2c3c.jpg","type":"image\/jpeg"}],"author":"Albert","twitter_card":"summary_large_image","schema":{"@context":"https:\/\/schema.org","@graph":[{"@type":"Article","@id":"https:\/\/www.comll.cat\/es\/curs-especialitzacio-en-fiscalitat-de-lempresa\/#article","isPartOf":{"@id":"https:\/\/www.comll.cat\/es\/curs-especialitzacio-en-fiscalitat-de-lempresa\/"},"author":{"name":"Albert","@id":"https:\/\/www.comll.cat\/es\/#\/schema\/person\/1c7bc4d83b35a927d680cfe0ec9120e0"},"headline":"CURS ESPECIALITZACI\u00d3 EN FISCALITAT DE L'EMPRESA","datePublished":"2019-01-24T13:32:39+00:00","mainEntityOfPage":{"@id":"https:\/\/www.comll.cat\/es\/curs-especialitzacio-en-fiscalitat-de-lempresa\/"},"wordCount":121,"image":{"@id":"https:\/\/www.comll.cat\/es\/curs-especialitzacio-en-fiscalitat-de-lempresa\/#primaryimage"},"thumbnailUrl":"https:\/\/www.comll.cat\/es\/wp-content\/uploads\/sites\/3\/e01da9e0-825e-4cba-93b7-6477a88f2c3c.jpg","articleSection":["Noticias"],"inLanguage":"es"},{"@type":"WebPage","@id":"https:\/\/www.comll.cat\/es\/curs-especialitzacio-en-fiscalitat-de-lempresa\/","url":"https:\/\/www.comll.cat\/es\/curs-especialitzacio-en-fiscalitat-de-lempresa\/","name":"CURS ESPECIALITZACI\u00d3 EN FISCALITAT DE L'EMPRESA - Col\u00b7legi Oficial de Metges de Lleida","isPartOf":{"@id":"https:\/\/www.comll.cat\/es\/#website"},"primaryImageOfPage":{"@id":"https:\/\/www.comll.cat\/es\/curs-especialitzacio-en-fiscalitat-de-lempresa\/#primaryimage"},"image":{"@id":"https:\/\/www.comll.cat\/es\/curs-especialitzacio-en-fiscalitat-de-lempresa\/#primaryimage"},"thumbnailUrl":"https:\/\/www.comll.cat\/es\/wp-content\/uploads\/sites\/3\/e01da9e0-825e-4cba-93b7-6477a88f2c3c.jpg","datePublished":"2019-01-24T13:32:39+00:00","author":{"@id":"https:\/\/www.comll.cat\/es\/#\/schema\/person\/1c7bc4d83b35a927d680cfe0ec9120e0"},"breadcrumb":{"@id":"https:\/\/www.comll.cat\/es\/curs-especialitzacio-en-fiscalitat-de-lempresa\/#breadcrumb"},"inLanguage":"es","potentialAction":[{"@type":"ReadAction","target":["https:\/\/www.comll.cat\/es\/curs-especialitzacio-en-fiscalitat-de-lempresa\/"]}]},{"@type":"ImageObject","inLanguage":"es","@id":"https:\/\/www.comll.cat\/es\/curs-especialitzacio-en-fiscalitat-de-lempresa\/#primaryimage","url":"https:\/\/www.comll.cat\/es\/wp-content\/uploads\/sites\/3\/e01da9e0-825e-4cba-93b7-6477a88f2c3c.jpg","contentUrl":"https:\/\/www.comll.cat\/es\/wp-content\/uploads\/sites\/3\/e01da9e0-825e-4cba-93b7-6477a88f2c3c.jpg","width":2000,"height":1125},{"@type":"BreadcrumbList","@id":"https:\/\/www.comll.cat\/es\/curs-especialitzacio-en-fiscalitat-de-lempresa\/#breadcrumb","itemListElement":[{"@type":"ListItem","position":1,"name":"Portada","item":"https:\/\/www.comll.cat\/es\/"},{"@type":"ListItem","position":2,"name":"CURS ESPECIALITZACI\u00d3 EN FISCALITAT DE L'EMPRESA"}]},{"@type":"WebSite","@id":"https:\/\/www.comll.cat\/es\/#website","url":"https:\/\/www.comll.cat\/es\/","name":"Col\u00b7legi Oficial de Metges de Lleida","description":"COMLL","potentialAction":[{"@type":"SearchAction","target":{"@type":"EntryPoint","urlTemplate":"https:\/\/www.comll.cat\/es\/?s={search_term_string}"},"query-input":{"@type":"PropertyValueSpecification","valueRequired":true,"valueName":"search_term_string"}}],"inLanguage":"es"},{"@type":"Person","@id":"https:\/\/www.comll.cat\/es\/#\/schema\/person\/1c7bc4d83b35a927d680cfe0ec9120e0","name":"Albert","image":{"@type":"ImageObject","inLanguage":"es","@id":"https:\/\/secure.gravatar.com\/avatar\/c1261138a5e7882394bd9001104fe7078a2d860997555a5353af4ef7bd38f6db?s=96&d=mm&r=g","url":"https:\/\/secure.gravatar.com\/avatar\/c1261138a5e7882394bd9001104fe7078a2d860997555a5353af4ef7bd38f6db?s=96&d=mm&r=g","contentUrl":"https:\/\/secure.gravatar.com\/avatar\/c1261138a5e7882394bd9001104fe7078a2d860997555a5353af4ef7bd38f6db?s=96&d=mm&r=g","caption":"Albert"},"sameAs":["https:\/\/www.comll.cat"]}]}},"publishpress_future_action":{"enabled":false,"date":"2026-05-02 12:29:21","action":"change-status","newStatus":"draft","terms":[],"taxonomy":"category","extraData":[]},"publishpress_future_workflow_manual_trigger":{"enabledWorkflows":[]},"_links":{"self":[{"href":"https:\/\/www.comll.cat\/es\/wp-json\/wp\/v2\/posts\/483","targetHints":{"allow":["GET"]}}],"collection":[{"href":"https:\/\/www.comll.cat\/es\/wp-json\/wp\/v2\/posts"}],"about":[{"href":"https:\/\/www.comll.cat\/es\/wp-json\/wp\/v2\/types\/post"}],"author":[{"embeddable":true,"href":"https:\/\/www.comll.cat\/es\/wp-json\/wp\/v2\/users\/1"}],"replies":[{"embeddable":true,"href":"https:\/\/www.comll.cat\/es\/wp-json\/wp\/v2\/comments?post=483"}],"version-history":[{"count":0,"href":"https:\/\/www.comll.cat\/es\/wp-json\/wp\/v2\/posts\/483\/revisions"}],"wp:featuredmedia":[{"embeddable":true,"href":"https:\/\/www.comll.cat\/es\/wp-json\/wp\/v2\/media\/484"}],"wp:attachment":[{"href":"https:\/\/www.comll.cat\/es\/wp-json\/wp\/v2\/media?parent=483"}],"wp:term":[{"taxonomy":"category","embeddable":true,"href":"https:\/\/www.comll.cat\/es\/wp-json\/wp\/v2\/categories?post=483"},{"taxonomy":"post_tag","embeddable":true,"href":"https:\/\/www.comll.cat\/es\/wp-json\/wp\/v2\/tags?post=483"}],"curies":[{"name":"wp","href":"https:\/\/api.w.org\/{rel}","templated":true}]}}