{"id":459,"date":"2019-01-18T12:45:14","date_gmt":"2019-01-18T11:45:14","guid":{"rendered":"https:\/\/www.comll.cat\/celebrades-les-segones-sessions-dactualitzacions-en-dermatologia-i-pediatria-al-comll\/"},"modified":"2019-01-18T12:45:14","modified_gmt":"2019-01-18T11:45:14","slug":"celebrades-les-segones-sessions-dactualitzacions-en-dermatologia-i-pediatria-al-comll","status":"publish","type":"post","link":"https:\/\/www.comll.cat\/es\/celebrades-les-segones-sessions-dactualitzacions-en-dermatologia-i-pediatria-al-comll\/","title":{"rendered":"Celebrades les segones sessions d\u2019actualitzacions en Dermatologia i Pediatria al COMLL"},"content":{"rendered":"<p><strong>A c\u00e0rrec del Dr. Josep Manel Fern\u00e1ndez Armenteros i Maria Garc\u00eda<\/strong><\/p>\n<p>Aquesta setmana han continuat al COMLL els cursos d\u2019actualitzacions en Dermatologia i Pediatria. El Dr. Josep Manel Fern\u00e1ndez Armenteros, metge especialista en Dermatologia Medicoquir\u00fargica i Venereologia de l\u2019HUAV, va exposar els casos de pacients amb lesions a les mans, les cames i els engonals. Pel que fa a Pediatria, Maria Garc\u00eda, llicenciada en Documentaci\u00f3 i gestora de la Biblioteca de la Xarxa de Salut Mental de Bizkaia, va tractar el tema <em>La import\u00e0ncia de saber buscar, (correctament), en les fonts apropiades<\/em>.<\/p>\n<p>La propera sessi\u00f3 d\u2019<em>Actualitzaci\u00f3 en Dermatologia<\/em>, tamb\u00e9 a c\u00e0rrec del Dr. Fern\u00e1ndez Armenteros, abordar\u00e0 el proper dia 23, a partir de les 18.30 hores, els casos de pacients amb lesions vesiculo-ampul\u00b7loses i generalitzades. El dia 24, el Dr. Jordi Bosch, pediatre i especialista en Endocrinologia Pedi\u00e0trica de l\u2019HUAV, iniciar\u00e0 a les 19.45 hores la seva xerrada sobre <em>Les noves tecnologies en el control de la diabetis. Com estem a la nostra \u00e0rea sanit\u00e0ria?<\/em><\/p>\n","protected":false},"excerpt":{"rendered":"<p>A c\u00e0rrec del Dr. Josep Manel Fern\u00e1ndez Armenteros i Maria Garc\u00eda Aquesta setmana han continuat al COMLL els cursos d\u2019actualitzacions...<\/p>\n","protected":false},"author":1,"featured_media":460,"comment_status":"closed","ping_status":"closed","sticky":false,"template":"","format":"standard","meta":{"_acf_changed":false,"inline_featured_image":false,"footnotes":""},"categories":[18],"tags":[],"class_list":["post-459","post","type-post","status-publish","format-standard","has-post-thumbnail","hentry","category-noticias"],"acf":[],"yoast_head":"<!-- This site is optimized with the Yoast SEO plugin v27.5 - https:\/\/yoast.com\/product\/yoast-seo-wordpress\/ -->\n<title>Celebrades les segones sessions d\u2019actualitzacions en Dermatologia i Pediatria al COMLL - Col\u00b7legi Oficial de Metges de Lleida<\/title>\n<meta name=\"robots\" content=\"index, follow, max-snippet:-1, max-image-preview:large, max-video-preview:-1\" \/>\n<link rel=\"canonical\" href=\"https:\/\/www.comll.cat\/es\/celebrades-les-segones-sessions-dactualitzacions-en-dermatologia-i-pediatria-al-comll\/\" \/>\n<meta property=\"og:locale\" content=\"es_ES\" \/>\n<meta property=\"og:type\" content=\"article\" \/>\n<meta property=\"og:title\" content=\"Celebrades les segones sessions d\u2019actualitzacions en Dermatologia i Pediatria al COMLL - Col\u00b7legi Oficial de Metges de Lleida\" \/>\n<meta property=\"og:description\" content=\"A c\u00e0rrec del Dr. Josep Manel Fern\u00e1ndez Armenteros i Maria Garc\u00eda Aquesta setmana han continuat al COMLL els cursos d\u2019actualitzacions...\" \/>\n<meta property=\"og:url\" content=\"https:\/\/www.comll.cat\/es\/celebrades-les-segones-sessions-dactualitzacions-en-dermatologia-i-pediatria-al-comll\/\" \/>\n<meta property=\"og:site_name\" content=\"Col\u00b7legi Oficial de Metges de Lleida\" \/>\n<meta property=\"article:published_time\" content=\"2019-01-18T11:45:14+00:00\" \/>\n<meta property=\"og:image\" content=\"https:\/\/www.comll.cat\/es\/wp-content\/uploads\/sites\/3\/dr-fernandez-armenteros-derma.jpg\" \/>\n\t<meta property=\"og:image:width\" content=\"1301\" \/>\n\t<meta property=\"og:image:height\" content=\"976\" \/>\n\t<meta property=\"og:image:type\" content=\"image\/jpeg\" \/>\n<meta name=\"author\" content=\"Albert\" \/>\n<meta name=\"twitter:card\" content=\"summary_large_image\" \/>\n<script type=\"application\/ld+json\" class=\"yoast-schema-graph\">{\"@context\":\"https:\\\/\\\/schema.org\",\"@graph\":[{\"@type\":\"Article\",\"@id\":\"https:\\\/\\\/www.comll.cat\\\/es\\\/celebrades-les-segones-sessions-dactualitzacions-en-dermatologia-i-pediatria-al-comll\\\/#article\",\"isPartOf\":{\"@id\":\"https:\\\/\\\/www.comll.cat\\\/es\\\/celebrades-les-segones-sessions-dactualitzacions-en-dermatologia-i-pediatria-al-comll\\\/\"},\"author\":{\"name\":\"Albert\",\"@id\":\"https:\\\/\\\/www.comll.cat\\\/es\\\/#\\\/schema\\\/person\\\/1c7bc4d83b35a927d680cfe0ec9120e0\"},\"headline\":\"Celebrades les segones sessions d\u2019actualitzacions en Dermatologia i Pediatria al COMLL\",\"datePublished\":\"2019-01-18T11:45:14+00:00\",\"mainEntityOfPage\":{\"@id\":\"https:\\\/\\\/www.comll.cat\\\/es\\\/celebrades-les-segones-sessions-dactualitzacions-en-dermatologia-i-pediatria-al-comll\\\/\"},\"wordCount\":189,\"image\":{\"@id\":\"https:\\\/\\\/www.comll.cat\\\/es\\\/celebrades-les-segones-sessions-dactualitzacions-en-dermatologia-i-pediatria-al-comll\\\/#primaryimage\"},\"thumbnailUrl\":\"https:\\\/\\\/www.comll.cat\\\/es\\\/wp-content\\\/uploads\\\/sites\\\/3\\\/dr-fernandez-armenteros-derma.jpg\",\"articleSection\":[\"Noticias\"],\"inLanguage\":\"es\"},{\"@type\":\"WebPage\",\"@id\":\"https:\\\/\\\/www.comll.cat\\\/es\\\/celebrades-les-segones-sessions-dactualitzacions-en-dermatologia-i-pediatria-al-comll\\\/\",\"url\":\"https:\\\/\\\/www.comll.cat\\\/es\\\/celebrades-les-segones-sessions-dactualitzacions-en-dermatologia-i-pediatria-al-comll\\\/\",\"name\":\"Celebrades les segones sessions d\u2019actualitzacions en Dermatologia i Pediatria al COMLL - Col\u00b7legi Oficial de Metges de Lleida\",\"isPartOf\":{\"@id\":\"https:\\\/\\\/www.comll.cat\\\/es\\\/#website\"},\"primaryImageOfPage\":{\"@id\":\"https:\\\/\\\/www.comll.cat\\\/es\\\/celebrades-les-segones-sessions-dactualitzacions-en-dermatologia-i-pediatria-al-comll\\\/#primaryimage\"},\"image\":{\"@id\":\"https:\\\/\\\/www.comll.cat\\\/es\\\/celebrades-les-segones-sessions-dactualitzacions-en-dermatologia-i-pediatria-al-comll\\\/#primaryimage\"},\"thumbnailUrl\":\"https:\\\/\\\/www.comll.cat\\\/es\\\/wp-content\\\/uploads\\\/sites\\\/3\\\/dr-fernandez-armenteros-derma.jpg\",\"datePublished\":\"2019-01-18T11:45:14+00:00\",\"author\":{\"@id\":\"https:\\\/\\\/www.comll.cat\\\/es\\\/#\\\/schema\\\/person\\\/1c7bc4d83b35a927d680cfe0ec9120e0\"},\"breadcrumb\":{\"@id\":\"https:\\\/\\\/www.comll.cat\\\/es\\\/celebrades-les-segones-sessions-dactualitzacions-en-dermatologia-i-pediatria-al-comll\\\/#breadcrumb\"},\"inLanguage\":\"es\",\"potentialAction\":[{\"@type\":\"ReadAction\",\"target\":[\"https:\\\/\\\/www.comll.cat\\\/es\\\/celebrades-les-segones-sessions-dactualitzacions-en-dermatologia-i-pediatria-al-comll\\\/\"]}]},{\"@type\":\"ImageObject\",\"inLanguage\":\"es\",\"@id\":\"https:\\\/\\\/www.comll.cat\\\/es\\\/celebrades-les-segones-sessions-dactualitzacions-en-dermatologia-i-pediatria-al-comll\\\/#primaryimage\",\"url\":\"https:\\\/\\\/www.comll.cat\\\/es\\\/wp-content\\\/uploads\\\/sites\\\/3\\\/dr-fernandez-armenteros-derma.jpg\",\"contentUrl\":\"https:\\\/\\\/www.comll.cat\\\/es\\\/wp-content\\\/uploads\\\/sites\\\/3\\\/dr-fernandez-armenteros-derma.jpg\",\"width\":1301,\"height\":976},{\"@type\":\"BreadcrumbList\",\"@id\":\"https:\\\/\\\/www.comll.cat\\\/es\\\/celebrades-les-segones-sessions-dactualitzacions-en-dermatologia-i-pediatria-al-comll\\\/#breadcrumb\",\"itemListElement\":[{\"@type\":\"ListItem\",\"position\":1,\"name\":\"Portada\",\"item\":\"https:\\\/\\\/www.comll.cat\\\/es\\\/\"},{\"@type\":\"ListItem\",\"position\":2,\"name\":\"Celebrades les segones sessions d\u2019actualitzacions en Dermatologia i Pediatria al COMLL\"}]},{\"@type\":\"WebSite\",\"@id\":\"https:\\\/\\\/www.comll.cat\\\/es\\\/#website\",\"url\":\"https:\\\/\\\/www.comll.cat\\\/es\\\/\",\"name\":\"Col\u00b7legi Oficial de Metges de Lleida\",\"description\":\"COMLL\",\"potentialAction\":[{\"@type\":\"SearchAction\",\"target\":{\"@type\":\"EntryPoint\",\"urlTemplate\":\"https:\\\/\\\/www.comll.cat\\\/es\\\/?s={search_term_string}\"},\"query-input\":{\"@type\":\"PropertyValueSpecification\",\"valueRequired\":true,\"valueName\":\"search_term_string\"}}],\"inLanguage\":\"es\"},{\"@type\":\"Person\",\"@id\":\"https:\\\/\\\/www.comll.cat\\\/es\\\/#\\\/schema\\\/person\\\/1c7bc4d83b35a927d680cfe0ec9120e0\",\"name\":\"Albert\",\"image\":{\"@type\":\"ImageObject\",\"inLanguage\":\"es\",\"@id\":\"https:\\\/\\\/secure.gravatar.com\\\/avatar\\\/c1261138a5e7882394bd9001104fe7078a2d860997555a5353af4ef7bd38f6db?s=96&d=mm&r=g\",\"url\":\"https:\\\/\\\/secure.gravatar.com\\\/avatar\\\/c1261138a5e7882394bd9001104fe7078a2d860997555a5353af4ef7bd38f6db?s=96&d=mm&r=g\",\"contentUrl\":\"https:\\\/\\\/secure.gravatar.com\\\/avatar\\\/c1261138a5e7882394bd9001104fe7078a2d860997555a5353af4ef7bd38f6db?s=96&d=mm&r=g\",\"caption\":\"Albert\"},\"sameAs\":[\"https:\\\/\\\/www.comll.cat\"]}]}<\/script>\n<!-- \/ Yoast SEO plugin. -->","yoast_head_json":{"title":"Celebrades les segones sessions d\u2019actualitzacions en Dermatologia i Pediatria al COMLL - Col\u00b7legi Oficial de Metges de Lleida","robots":{"index":"index","follow":"follow","max-snippet":"max-snippet:-1","max-image-preview":"max-image-preview:large","max-video-preview":"max-video-preview:-1"},"canonical":"https:\/\/www.comll.cat\/es\/celebrades-les-segones-sessions-dactualitzacions-en-dermatologia-i-pediatria-al-comll\/","og_locale":"es_ES","og_type":"article","og_title":"Celebrades les segones sessions d\u2019actualitzacions en Dermatologia i Pediatria al COMLL - Col\u00b7legi Oficial de Metges de Lleida","og_description":"A c\u00e0rrec del Dr. Josep Manel Fern\u00e1ndez Armenteros i Maria Garc\u00eda Aquesta setmana han continuat al COMLL els cursos d\u2019actualitzacions...","og_url":"https:\/\/www.comll.cat\/es\/celebrades-les-segones-sessions-dactualitzacions-en-dermatologia-i-pediatria-al-comll\/","og_site_name":"Col\u00b7legi Oficial de Metges de Lleida","article_published_time":"2019-01-18T11:45:14+00:00","og_image":[{"width":1301,"height":976,"url":"https:\/\/www.comll.cat\/es\/wp-content\/uploads\/sites\/3\/dr-fernandez-armenteros-derma.jpg","type":"image\/jpeg"}],"author":"Albert","twitter_card":"summary_large_image","schema":{"@context":"https:\/\/schema.org","@graph":[{"@type":"Article","@id":"https:\/\/www.comll.cat\/es\/celebrades-les-segones-sessions-dactualitzacions-en-dermatologia-i-pediatria-al-comll\/#article","isPartOf":{"@id":"https:\/\/www.comll.cat\/es\/celebrades-les-segones-sessions-dactualitzacions-en-dermatologia-i-pediatria-al-comll\/"},"author":{"name":"Albert","@id":"https:\/\/www.comll.cat\/es\/#\/schema\/person\/1c7bc4d83b35a927d680cfe0ec9120e0"},"headline":"Celebrades les segones sessions d\u2019actualitzacions en Dermatologia i Pediatria al COMLL","datePublished":"2019-01-18T11:45:14+00:00","mainEntityOfPage":{"@id":"https:\/\/www.comll.cat\/es\/celebrades-les-segones-sessions-dactualitzacions-en-dermatologia-i-pediatria-al-comll\/"},"wordCount":189,"image":{"@id":"https:\/\/www.comll.cat\/es\/celebrades-les-segones-sessions-dactualitzacions-en-dermatologia-i-pediatria-al-comll\/#primaryimage"},"thumbnailUrl":"https:\/\/www.comll.cat\/es\/wp-content\/uploads\/sites\/3\/dr-fernandez-armenteros-derma.jpg","articleSection":["Noticias"],"inLanguage":"es"},{"@type":"WebPage","@id":"https:\/\/www.comll.cat\/es\/celebrades-les-segones-sessions-dactualitzacions-en-dermatologia-i-pediatria-al-comll\/","url":"https:\/\/www.comll.cat\/es\/celebrades-les-segones-sessions-dactualitzacions-en-dermatologia-i-pediatria-al-comll\/","name":"Celebrades les segones sessions d\u2019actualitzacions en Dermatologia i Pediatria al COMLL - Col\u00b7legi Oficial de Metges de Lleida","isPartOf":{"@id":"https:\/\/www.comll.cat\/es\/#website"},"primaryImageOfPage":{"@id":"https:\/\/www.comll.cat\/es\/celebrades-les-segones-sessions-dactualitzacions-en-dermatologia-i-pediatria-al-comll\/#primaryimage"},"image":{"@id":"https:\/\/www.comll.cat\/es\/celebrades-les-segones-sessions-dactualitzacions-en-dermatologia-i-pediatria-al-comll\/#primaryimage"},"thumbnailUrl":"https:\/\/www.comll.cat\/es\/wp-content\/uploads\/sites\/3\/dr-fernandez-armenteros-derma.jpg","datePublished":"2019-01-18T11:45:14+00:00","author":{"@id":"https:\/\/www.comll.cat\/es\/#\/schema\/person\/1c7bc4d83b35a927d680cfe0ec9120e0"},"breadcrumb":{"@id":"https:\/\/www.comll.cat\/es\/celebrades-les-segones-sessions-dactualitzacions-en-dermatologia-i-pediatria-al-comll\/#breadcrumb"},"inLanguage":"es","potentialAction":[{"@type":"ReadAction","target":["https:\/\/www.comll.cat\/es\/celebrades-les-segones-sessions-dactualitzacions-en-dermatologia-i-pediatria-al-comll\/"]}]},{"@type":"ImageObject","inLanguage":"es","@id":"https:\/\/www.comll.cat\/es\/celebrades-les-segones-sessions-dactualitzacions-en-dermatologia-i-pediatria-al-comll\/#primaryimage","url":"https:\/\/www.comll.cat\/es\/wp-content\/uploads\/sites\/3\/dr-fernandez-armenteros-derma.jpg","contentUrl":"https:\/\/www.comll.cat\/es\/wp-content\/uploads\/sites\/3\/dr-fernandez-armenteros-derma.jpg","width":1301,"height":976},{"@type":"BreadcrumbList","@id":"https:\/\/www.comll.cat\/es\/celebrades-les-segones-sessions-dactualitzacions-en-dermatologia-i-pediatria-al-comll\/#breadcrumb","itemListElement":[{"@type":"ListItem","position":1,"name":"Portada","item":"https:\/\/www.comll.cat\/es\/"},{"@type":"ListItem","position":2,"name":"Celebrades les segones sessions d\u2019actualitzacions en Dermatologia i Pediatria al COMLL"}]},{"@type":"WebSite","@id":"https:\/\/www.comll.cat\/es\/#website","url":"https:\/\/www.comll.cat\/es\/","name":"Col\u00b7legi Oficial de Metges de Lleida","description":"COMLL","potentialAction":[{"@type":"SearchAction","target":{"@type":"EntryPoint","urlTemplate":"https:\/\/www.comll.cat\/es\/?s={search_term_string}"},"query-input":{"@type":"PropertyValueSpecification","valueRequired":true,"valueName":"search_term_string"}}],"inLanguage":"es"},{"@type":"Person","@id":"https:\/\/www.comll.cat\/es\/#\/schema\/person\/1c7bc4d83b35a927d680cfe0ec9120e0","name":"Albert","image":{"@type":"ImageObject","inLanguage":"es","@id":"https:\/\/secure.gravatar.com\/avatar\/c1261138a5e7882394bd9001104fe7078a2d860997555a5353af4ef7bd38f6db?s=96&d=mm&r=g","url":"https:\/\/secure.gravatar.com\/avatar\/c1261138a5e7882394bd9001104fe7078a2d860997555a5353af4ef7bd38f6db?s=96&d=mm&r=g","contentUrl":"https:\/\/secure.gravatar.com\/avatar\/c1261138a5e7882394bd9001104fe7078a2d860997555a5353af4ef7bd38f6db?s=96&d=mm&r=g","caption":"Albert"},"sameAs":["https:\/\/www.comll.cat"]}]}},"publishpress_future_action":{"enabled":false,"date":"2026-04-30 06:43:36","action":"change-status","newStatus":"draft","terms":[],"taxonomy":"category","extraData":[]},"publishpress_future_workflow_manual_trigger":{"enabledWorkflows":[]},"_links":{"self":[{"href":"https:\/\/www.comll.cat\/es\/wp-json\/wp\/v2\/posts\/459","targetHints":{"allow":["GET"]}}],"collection":[{"href":"https:\/\/www.comll.cat\/es\/wp-json\/wp\/v2\/posts"}],"about":[{"href":"https:\/\/www.comll.cat\/es\/wp-json\/wp\/v2\/types\/post"}],"author":[{"embeddable":true,"href":"https:\/\/www.comll.cat\/es\/wp-json\/wp\/v2\/users\/1"}],"replies":[{"embeddable":true,"href":"https:\/\/www.comll.cat\/es\/wp-json\/wp\/v2\/comments?post=459"}],"version-history":[{"count":0,"href":"https:\/\/www.comll.cat\/es\/wp-json\/wp\/v2\/posts\/459\/revisions"}],"wp:featuredmedia":[{"embeddable":true,"href":"https:\/\/www.comll.cat\/es\/wp-json\/wp\/v2\/media\/460"}],"wp:attachment":[{"href":"https:\/\/www.comll.cat\/es\/wp-json\/wp\/v2\/media?parent=459"}],"wp:term":[{"taxonomy":"category","embeddable":true,"href":"https:\/\/www.comll.cat\/es\/wp-json\/wp\/v2\/categories?post=459"},{"taxonomy":"post_tag","embeddable":true,"href":"https:\/\/www.comll.cat\/es\/wp-json\/wp\/v2\/tags?post=459"}],"curies":[{"name":"wp","href":"https:\/\/api.w.org\/{rel}","templated":true}]}}