{"id":457,"date":"2019-01-18T12:36:29","date_gmt":"2019-01-18T11:36:29","guid":{"rendered":"https:\/\/www.comll.cat\/otorrinolaringolegs-i-fcomci-donen-support-als-metges-implicats-en-projectes-humanitaris\/"},"modified":"2019-01-18T12:36:29","modified_gmt":"2019-01-18T11:36:29","slug":"otorrinolaringolegs-i-fcomci-donen-support-als-metges-implicats-en-projectes-humanitaris","status":"publish","type":"post","link":"https:\/\/www.comll.cat\/es\/otorrinolaringolegs-i-fcomci-donen-support-als-metges-implicats-en-projectes-humanitaris\/","title":{"rendered":"Otorrinolaring\u00f2legs i FCOMCI donen support als metges implicats en projectes humanitaris"},"content":{"rendered":"<p>La Fundaci\u00f3 per a la Cooperaci\u00f3 Internacional de l\u2019Organitzaci\u00f3 M\u00e8dica Col\u00b7legial (FCOMCI) ha signat un conveni amb la Societat Espanyola d\u2019Otorrinolaringologia i Cirurgia de Cap i Coll (SEORL-CCC) per col\u00b7laborar en projectes, activitats i programes en cooperaci\u00f3 sanit\u00e0ria per al desenvolupament i donar suport als professionals m\u00e8dics que realitzen projectes humanitaris a trav\u00e9s de les dues institucions.<\/p>\n<p>El Dr. Seraf\u00edn Romero, president de la Fundaci\u00f3 per a la Cooperaci\u00f3 Internacional de l\u2019OMC, i el Dr. Jaime Marco, president de la SEORL-CCC, van signar l\u2019acord el passat dia 17. Les dues parts es comprometen a promocionar el Registre Nacional de Metges Cooperants i Voluntaris de la FCOMCI i afavorir la recerca de metges i metgesses per a projectes i programes de cooperaci\u00f3 i ajuda humanit\u00e0ria en diferents pa\u00efsos.<\/p>\n","protected":false},"excerpt":{"rendered":"<p>La Fundaci\u00f3 per a la Cooperaci\u00f3 Internacional de l\u2019Organitzaci\u00f3 M\u00e8dica Col\u00b7legial (FCOMCI) ha signat un conveni amb la Societat Espanyola...<\/p>\n","protected":false},"author":1,"featured_media":458,"comment_status":"closed","ping_status":"closed","sticky":false,"template":"","format":"standard","meta":{"_acf_changed":false,"inline_featured_image":false,"footnotes":""},"categories":[18],"tags":[],"class_list":["post-457","post","type-post","status-publish","format-standard","has-post-thumbnail","hentry","category-noticias"],"acf":[],"yoast_head":"<!-- This site is optimized with the Yoast SEO plugin v27.5 - https:\/\/yoast.com\/product\/yoast-seo-wordpress\/ -->\n<title>Otorrinolaring\u00f2legs i FCOMCI donen support als metges implicats en projectes humanitaris - Col\u00b7legi Oficial de Metges de Lleida<\/title>\n<meta name=\"robots\" content=\"index, follow, max-snippet:-1, max-image-preview:large, max-video-preview:-1\" \/>\n<link rel=\"canonical\" href=\"https:\/\/www.comll.cat\/es\/otorrinolaringolegs-i-fcomci-donen-support-als-metges-implicats-en-projectes-humanitaris\/\" \/>\n<meta property=\"og:locale\" content=\"es_ES\" \/>\n<meta property=\"og:type\" content=\"article\" \/>\n<meta property=\"og:title\" content=\"Otorrinolaring\u00f2legs i FCOMCI donen support als metges implicats en projectes humanitaris - Col\u00b7legi Oficial de Metges de Lleida\" \/>\n<meta property=\"og:description\" content=\"La Fundaci\u00f3 per a la Cooperaci\u00f3 Internacional de l\u2019Organitzaci\u00f3 M\u00e8dica Col\u00b7legial (FCOMCI) ha signat un conveni amb la Societat Espanyola...\" \/>\n<meta property=\"og:url\" content=\"https:\/\/www.comll.cat\/es\/otorrinolaringolegs-i-fcomci-donen-support-als-metges-implicats-en-projectes-humanitaris\/\" \/>\n<meta property=\"og:site_name\" content=\"Col\u00b7legi Oficial de Metges de Lleida\" \/>\n<meta property=\"article:published_time\" content=\"2019-01-18T11:36:29+00:00\" \/>\n<meta property=\"og:image\" content=\"https:\/\/www.comll.cat\/es\/wp-content\/uploads\/sites\/3\/foto-firma-2.jpg\" \/>\n\t<meta property=\"og:image:width\" content=\"2000\" \/>\n\t<meta property=\"og:image:height\" content=\"1333\" \/>\n\t<meta property=\"og:image:type\" content=\"image\/jpeg\" \/>\n<meta name=\"author\" content=\"Albert\" \/>\n<meta name=\"twitter:card\" content=\"summary_large_image\" \/>\n<script type=\"application\/ld+json\" class=\"yoast-schema-graph\">{\"@context\":\"https:\\\/\\\/schema.org\",\"@graph\":[{\"@type\":\"Article\",\"@id\":\"https:\\\/\\\/www.comll.cat\\\/es\\\/otorrinolaringolegs-i-fcomci-donen-support-als-metges-implicats-en-projectes-humanitaris\\\/#article\",\"isPartOf\":{\"@id\":\"https:\\\/\\\/www.comll.cat\\\/es\\\/otorrinolaringolegs-i-fcomci-donen-support-als-metges-implicats-en-projectes-humanitaris\\\/\"},\"author\":{\"name\":\"Albert\",\"@id\":\"https:\\\/\\\/www.comll.cat\\\/es\\\/#\\\/schema\\\/person\\\/1c7bc4d83b35a927d680cfe0ec9120e0\"},\"headline\":\"Otorrinolaring\u00f2legs i FCOMCI donen support als metges implicats en projectes humanitaris\",\"datePublished\":\"2019-01-18T11:36:29+00:00\",\"mainEntityOfPage\":{\"@id\":\"https:\\\/\\\/www.comll.cat\\\/es\\\/otorrinolaringolegs-i-fcomci-donen-support-als-metges-implicats-en-projectes-humanitaris\\\/\"},\"wordCount\":151,\"image\":{\"@id\":\"https:\\\/\\\/www.comll.cat\\\/es\\\/otorrinolaringolegs-i-fcomci-donen-support-als-metges-implicats-en-projectes-humanitaris\\\/#primaryimage\"},\"thumbnailUrl\":\"https:\\\/\\\/www.comll.cat\\\/es\\\/wp-content\\\/uploads\\\/sites\\\/3\\\/foto-firma-2.jpg\",\"articleSection\":[\"Noticias\"],\"inLanguage\":\"es\"},{\"@type\":\"WebPage\",\"@id\":\"https:\\\/\\\/www.comll.cat\\\/es\\\/otorrinolaringolegs-i-fcomci-donen-support-als-metges-implicats-en-projectes-humanitaris\\\/\",\"url\":\"https:\\\/\\\/www.comll.cat\\\/es\\\/otorrinolaringolegs-i-fcomci-donen-support-als-metges-implicats-en-projectes-humanitaris\\\/\",\"name\":\"Otorrinolaring\u00f2legs i FCOMCI donen support als metges implicats en projectes humanitaris - Col\u00b7legi Oficial de Metges de Lleida\",\"isPartOf\":{\"@id\":\"https:\\\/\\\/www.comll.cat\\\/es\\\/#website\"},\"primaryImageOfPage\":{\"@id\":\"https:\\\/\\\/www.comll.cat\\\/es\\\/otorrinolaringolegs-i-fcomci-donen-support-als-metges-implicats-en-projectes-humanitaris\\\/#primaryimage\"},\"image\":{\"@id\":\"https:\\\/\\\/www.comll.cat\\\/es\\\/otorrinolaringolegs-i-fcomci-donen-support-als-metges-implicats-en-projectes-humanitaris\\\/#primaryimage\"},\"thumbnailUrl\":\"https:\\\/\\\/www.comll.cat\\\/es\\\/wp-content\\\/uploads\\\/sites\\\/3\\\/foto-firma-2.jpg\",\"datePublished\":\"2019-01-18T11:36:29+00:00\",\"author\":{\"@id\":\"https:\\\/\\\/www.comll.cat\\\/es\\\/#\\\/schema\\\/person\\\/1c7bc4d83b35a927d680cfe0ec9120e0\"},\"breadcrumb\":{\"@id\":\"https:\\\/\\\/www.comll.cat\\\/es\\\/otorrinolaringolegs-i-fcomci-donen-support-als-metges-implicats-en-projectes-humanitaris\\\/#breadcrumb\"},\"inLanguage\":\"es\",\"potentialAction\":[{\"@type\":\"ReadAction\",\"target\":[\"https:\\\/\\\/www.comll.cat\\\/es\\\/otorrinolaringolegs-i-fcomci-donen-support-als-metges-implicats-en-projectes-humanitaris\\\/\"]}]},{\"@type\":\"ImageObject\",\"inLanguage\":\"es\",\"@id\":\"https:\\\/\\\/www.comll.cat\\\/es\\\/otorrinolaringolegs-i-fcomci-donen-support-als-metges-implicats-en-projectes-humanitaris\\\/#primaryimage\",\"url\":\"https:\\\/\\\/www.comll.cat\\\/es\\\/wp-content\\\/uploads\\\/sites\\\/3\\\/foto-firma-2.jpg\",\"contentUrl\":\"https:\\\/\\\/www.comll.cat\\\/es\\\/wp-content\\\/uploads\\\/sites\\\/3\\\/foto-firma-2.jpg\",\"width\":2000,\"height\":1333},{\"@type\":\"BreadcrumbList\",\"@id\":\"https:\\\/\\\/www.comll.cat\\\/es\\\/otorrinolaringolegs-i-fcomci-donen-support-als-metges-implicats-en-projectes-humanitaris\\\/#breadcrumb\",\"itemListElement\":[{\"@type\":\"ListItem\",\"position\":1,\"name\":\"Portada\",\"item\":\"https:\\\/\\\/www.comll.cat\\\/es\\\/\"},{\"@type\":\"ListItem\",\"position\":2,\"name\":\"Otorrinolaring\u00f2legs i FCOMCI donen support als metges implicats en projectes humanitaris\"}]},{\"@type\":\"WebSite\",\"@id\":\"https:\\\/\\\/www.comll.cat\\\/es\\\/#website\",\"url\":\"https:\\\/\\\/www.comll.cat\\\/es\\\/\",\"name\":\"Col\u00b7legi Oficial de Metges de Lleida\",\"description\":\"COMLL\",\"potentialAction\":[{\"@type\":\"SearchAction\",\"target\":{\"@type\":\"EntryPoint\",\"urlTemplate\":\"https:\\\/\\\/www.comll.cat\\\/es\\\/?s={search_term_string}\"},\"query-input\":{\"@type\":\"PropertyValueSpecification\",\"valueRequired\":true,\"valueName\":\"search_term_string\"}}],\"inLanguage\":\"es\"},{\"@type\":\"Person\",\"@id\":\"https:\\\/\\\/www.comll.cat\\\/es\\\/#\\\/schema\\\/person\\\/1c7bc4d83b35a927d680cfe0ec9120e0\",\"name\":\"Albert\",\"image\":{\"@type\":\"ImageObject\",\"inLanguage\":\"es\",\"@id\":\"https:\\\/\\\/secure.gravatar.com\\\/avatar\\\/c1261138a5e7882394bd9001104fe7078a2d860997555a5353af4ef7bd38f6db?s=96&d=mm&r=g\",\"url\":\"https:\\\/\\\/secure.gravatar.com\\\/avatar\\\/c1261138a5e7882394bd9001104fe7078a2d860997555a5353af4ef7bd38f6db?s=96&d=mm&r=g\",\"contentUrl\":\"https:\\\/\\\/secure.gravatar.com\\\/avatar\\\/c1261138a5e7882394bd9001104fe7078a2d860997555a5353af4ef7bd38f6db?s=96&d=mm&r=g\",\"caption\":\"Albert\"},\"sameAs\":[\"https:\\\/\\\/www.comll.cat\"]}]}<\/script>\n<!-- \/ Yoast SEO plugin. -->","yoast_head_json":{"title":"Otorrinolaring\u00f2legs i FCOMCI donen support als metges implicats en projectes humanitaris - Col\u00b7legi Oficial de Metges de Lleida","robots":{"index":"index","follow":"follow","max-snippet":"max-snippet:-1","max-image-preview":"max-image-preview:large","max-video-preview":"max-video-preview:-1"},"canonical":"https:\/\/www.comll.cat\/es\/otorrinolaringolegs-i-fcomci-donen-support-als-metges-implicats-en-projectes-humanitaris\/","og_locale":"es_ES","og_type":"article","og_title":"Otorrinolaring\u00f2legs i FCOMCI donen support als metges implicats en projectes humanitaris - Col\u00b7legi Oficial de Metges de Lleida","og_description":"La Fundaci\u00f3 per a la Cooperaci\u00f3 Internacional de l\u2019Organitzaci\u00f3 M\u00e8dica Col\u00b7legial (FCOMCI) ha signat un conveni amb la Societat Espanyola...","og_url":"https:\/\/www.comll.cat\/es\/otorrinolaringolegs-i-fcomci-donen-support-als-metges-implicats-en-projectes-humanitaris\/","og_site_name":"Col\u00b7legi Oficial de Metges de Lleida","article_published_time":"2019-01-18T11:36:29+00:00","og_image":[{"width":2000,"height":1333,"url":"https:\/\/www.comll.cat\/es\/wp-content\/uploads\/sites\/3\/foto-firma-2.jpg","type":"image\/jpeg"}],"author":"Albert","twitter_card":"summary_large_image","schema":{"@context":"https:\/\/schema.org","@graph":[{"@type":"Article","@id":"https:\/\/www.comll.cat\/es\/otorrinolaringolegs-i-fcomci-donen-support-als-metges-implicats-en-projectes-humanitaris\/#article","isPartOf":{"@id":"https:\/\/www.comll.cat\/es\/otorrinolaringolegs-i-fcomci-donen-support-als-metges-implicats-en-projectes-humanitaris\/"},"author":{"name":"Albert","@id":"https:\/\/www.comll.cat\/es\/#\/schema\/person\/1c7bc4d83b35a927d680cfe0ec9120e0"},"headline":"Otorrinolaring\u00f2legs i FCOMCI donen support als metges implicats en projectes humanitaris","datePublished":"2019-01-18T11:36:29+00:00","mainEntityOfPage":{"@id":"https:\/\/www.comll.cat\/es\/otorrinolaringolegs-i-fcomci-donen-support-als-metges-implicats-en-projectes-humanitaris\/"},"wordCount":151,"image":{"@id":"https:\/\/www.comll.cat\/es\/otorrinolaringolegs-i-fcomci-donen-support-als-metges-implicats-en-projectes-humanitaris\/#primaryimage"},"thumbnailUrl":"https:\/\/www.comll.cat\/es\/wp-content\/uploads\/sites\/3\/foto-firma-2.jpg","articleSection":["Noticias"],"inLanguage":"es"},{"@type":"WebPage","@id":"https:\/\/www.comll.cat\/es\/otorrinolaringolegs-i-fcomci-donen-support-als-metges-implicats-en-projectes-humanitaris\/","url":"https:\/\/www.comll.cat\/es\/otorrinolaringolegs-i-fcomci-donen-support-als-metges-implicats-en-projectes-humanitaris\/","name":"Otorrinolaring\u00f2legs i FCOMCI donen support als metges implicats en projectes humanitaris - Col\u00b7legi Oficial de Metges de Lleida","isPartOf":{"@id":"https:\/\/www.comll.cat\/es\/#website"},"primaryImageOfPage":{"@id":"https:\/\/www.comll.cat\/es\/otorrinolaringolegs-i-fcomci-donen-support-als-metges-implicats-en-projectes-humanitaris\/#primaryimage"},"image":{"@id":"https:\/\/www.comll.cat\/es\/otorrinolaringolegs-i-fcomci-donen-support-als-metges-implicats-en-projectes-humanitaris\/#primaryimage"},"thumbnailUrl":"https:\/\/www.comll.cat\/es\/wp-content\/uploads\/sites\/3\/foto-firma-2.jpg","datePublished":"2019-01-18T11:36:29+00:00","author":{"@id":"https:\/\/www.comll.cat\/es\/#\/schema\/person\/1c7bc4d83b35a927d680cfe0ec9120e0"},"breadcrumb":{"@id":"https:\/\/www.comll.cat\/es\/otorrinolaringolegs-i-fcomci-donen-support-als-metges-implicats-en-projectes-humanitaris\/#breadcrumb"},"inLanguage":"es","potentialAction":[{"@type":"ReadAction","target":["https:\/\/www.comll.cat\/es\/otorrinolaringolegs-i-fcomci-donen-support-als-metges-implicats-en-projectes-humanitaris\/"]}]},{"@type":"ImageObject","inLanguage":"es","@id":"https:\/\/www.comll.cat\/es\/otorrinolaringolegs-i-fcomci-donen-support-als-metges-implicats-en-projectes-humanitaris\/#primaryimage","url":"https:\/\/www.comll.cat\/es\/wp-content\/uploads\/sites\/3\/foto-firma-2.jpg","contentUrl":"https:\/\/www.comll.cat\/es\/wp-content\/uploads\/sites\/3\/foto-firma-2.jpg","width":2000,"height":1333},{"@type":"BreadcrumbList","@id":"https:\/\/www.comll.cat\/es\/otorrinolaringolegs-i-fcomci-donen-support-als-metges-implicats-en-projectes-humanitaris\/#breadcrumb","itemListElement":[{"@type":"ListItem","position":1,"name":"Portada","item":"https:\/\/www.comll.cat\/es\/"},{"@type":"ListItem","position":2,"name":"Otorrinolaring\u00f2legs i FCOMCI donen support als metges implicats en projectes humanitaris"}]},{"@type":"WebSite","@id":"https:\/\/www.comll.cat\/es\/#website","url":"https:\/\/www.comll.cat\/es\/","name":"Col\u00b7legi Oficial de Metges de Lleida","description":"COMLL","potentialAction":[{"@type":"SearchAction","target":{"@type":"EntryPoint","urlTemplate":"https:\/\/www.comll.cat\/es\/?s={search_term_string}"},"query-input":{"@type":"PropertyValueSpecification","valueRequired":true,"valueName":"search_term_string"}}],"inLanguage":"es"},{"@type":"Person","@id":"https:\/\/www.comll.cat\/es\/#\/schema\/person\/1c7bc4d83b35a927d680cfe0ec9120e0","name":"Albert","image":{"@type":"ImageObject","inLanguage":"es","@id":"https:\/\/secure.gravatar.com\/avatar\/c1261138a5e7882394bd9001104fe7078a2d860997555a5353af4ef7bd38f6db?s=96&d=mm&r=g","url":"https:\/\/secure.gravatar.com\/avatar\/c1261138a5e7882394bd9001104fe7078a2d860997555a5353af4ef7bd38f6db?s=96&d=mm&r=g","contentUrl":"https:\/\/secure.gravatar.com\/avatar\/c1261138a5e7882394bd9001104fe7078a2d860997555a5353af4ef7bd38f6db?s=96&d=mm&r=g","caption":"Albert"},"sameAs":["https:\/\/www.comll.cat"]}]}},"publishpress_future_action":{"enabled":false,"date":"2026-05-01 09:20:47","action":"change-status","newStatus":"draft","terms":[],"taxonomy":"category","extraData":[]},"publishpress_future_workflow_manual_trigger":{"enabledWorkflows":[]},"_links":{"self":[{"href":"https:\/\/www.comll.cat\/es\/wp-json\/wp\/v2\/posts\/457","targetHints":{"allow":["GET"]}}],"collection":[{"href":"https:\/\/www.comll.cat\/es\/wp-json\/wp\/v2\/posts"}],"about":[{"href":"https:\/\/www.comll.cat\/es\/wp-json\/wp\/v2\/types\/post"}],"author":[{"embeddable":true,"href":"https:\/\/www.comll.cat\/es\/wp-json\/wp\/v2\/users\/1"}],"replies":[{"embeddable":true,"href":"https:\/\/www.comll.cat\/es\/wp-json\/wp\/v2\/comments?post=457"}],"version-history":[{"count":0,"href":"https:\/\/www.comll.cat\/es\/wp-json\/wp\/v2\/posts\/457\/revisions"}],"wp:featuredmedia":[{"embeddable":true,"href":"https:\/\/www.comll.cat\/es\/wp-json\/wp\/v2\/media\/458"}],"wp:attachment":[{"href":"https:\/\/www.comll.cat\/es\/wp-json\/wp\/v2\/media?parent=457"}],"wp:term":[{"taxonomy":"category","embeddable":true,"href":"https:\/\/www.comll.cat\/es\/wp-json\/wp\/v2\/categories?post=457"},{"taxonomy":"post_tag","embeddable":true,"href":"https:\/\/www.comll.cat\/es\/wp-json\/wp\/v2\/tags?post=457"}],"curies":[{"name":"wp","href":"https:\/\/api.w.org\/{rel}","templated":true}]}}