{"id":450,"date":"2019-01-18T11:38:23","date_gmt":"2019-01-18T10:38:23","guid":{"rendered":"https:\/\/www.comll.cat\/loms-fixa-les-deu-tasques-principals-en-materia-de-salut-per-al-2019\/"},"modified":"2019-01-18T11:38:23","modified_gmt":"2019-01-18T10:38:23","slug":"loms-fixa-les-deu-tasques-principals-en-materia-de-salut-per-al-2019","status":"publish","type":"post","link":"https:\/\/www.comll.cat\/es\/loms-fixa-les-deu-tasques-principals-en-materia-de-salut-per-al-2019\/","title":{"rendered":"L\u2019OMS fixa les deu tasques principals en mat\u00e8ria de salut per al 2019"},"content":{"rendered":"<p><strong>L\u2019OMS fixa les deu tasques principals en mat\u00e8ria de salut per al 2019<\/strong><\/p>\n<p><strong>Entre ells hi ha afrontar l\u2019\u00e8bola, la contaminaci\u00f3 i l\u2019obesitat<\/strong><\/p>\n<p>L\u2019Organitzaci\u00f3 Mundial de la Salut (OMS) s\u2019ha fixat les deu tasques principals en mat\u00e8ria sanit\u00e0ria per al 2019 amb l\u2019objectiu d\u2019afrontar els m\u00faltiples reptes de salut presents a tot el m\u00f3n. Entre aquestes tasques, hi ha l\u2019\u00e9bola, la contaminaci\u00f3, els brots de malalties que es poden prevenir a trav\u00e9s de la vacunaci\u00f3 com el xarampi\u00f3 i la dift\u00e8ria, l\u2019augment dels informes de pat\u00f2gens resistents als medicaments, la pujada de les taxes d\u2019obesitat i la inactivitat f\u00edsica, els efectes de la contaminaci\u00f3 ambiental i el canvi clim\u00e0tic a la salut i les crisis humanit\u00e0ries.<\/p>\n<p>Per fer-hi front, l\u2019OMS endega el nou pla estrat\u00e8gic quinzenal amb la voluntat d\u2019aconseguir un pressupost de 3.000 milions d\u2019euros. Aquesta xifra de diners garantiria que 1.000 milions m\u00e9s de persones accedeixen a la salut universal, altres 1.000 milions de persones estiguin protegides d\u2019emerg\u00e8ncies de salut, i 1.000 milions m\u00e9s de persones gaudeixen d\u2019una salut millor i del benestar.<\/p>\n<p>M\u00e9s informaci\u00f3, a <a href=\"http:\/\/www.medicosypacientes.com\/%0d\">www.medicosypacientes.com\/<\/a><\/p>\n","protected":false},"excerpt":{"rendered":"<p>L\u2019OMS fixa les deu tasques principals en mat\u00e8ria de salut per al 2019 Entre ells hi ha afrontar l\u2019\u00e8bola, la...<\/p>\n","protected":false},"author":1,"featured_media":451,"comment_status":"closed","ping_status":"closed","sticky":false,"template":"","format":"standard","meta":{"_acf_changed":false,"inline_featured_image":false,"footnotes":""},"categories":[18],"tags":[],"class_list":["post-450","post","type-post","status-publish","format-standard","has-post-thumbnail","hentry","category-noticias"],"acf":[],"yoast_head":"<!-- This site is optimized with the Yoast SEO plugin v27.5 - https:\/\/yoast.com\/product\/yoast-seo-wordpress\/ -->\n<title>L\u2019OMS fixa les deu tasques principals en mat\u00e8ria de salut per al 2019 - Col\u00b7legi Oficial de Metges de Lleida<\/title>\n<meta name=\"robots\" content=\"index, follow, max-snippet:-1, max-image-preview:large, max-video-preview:-1\" \/>\n<link rel=\"canonical\" href=\"https:\/\/www.comll.cat\/es\/loms-fixa-les-deu-tasques-principals-en-materia-de-salut-per-al-2019\/\" \/>\n<meta property=\"og:locale\" content=\"es_ES\" \/>\n<meta property=\"og:type\" content=\"article\" \/>\n<meta property=\"og:title\" content=\"L\u2019OMS fixa les deu tasques principals en mat\u00e8ria de salut per al 2019 - Col\u00b7legi Oficial de Metges de Lleida\" \/>\n<meta property=\"og:description\" content=\"L\u2019OMS fixa les deu tasques principals en mat\u00e8ria de salut per al 2019 Entre ells hi ha afrontar l\u2019\u00e8bola, la...\" \/>\n<meta property=\"og:url\" content=\"https:\/\/www.comll.cat\/es\/loms-fixa-les-deu-tasques-principals-en-materia-de-salut-per-al-2019\/\" \/>\n<meta property=\"og:site_name\" content=\"Col\u00b7legi Oficial de Metges de Lleida\" \/>\n<meta property=\"article:published_time\" content=\"2019-01-18T10:38:23+00:00\" \/>\n<meta property=\"og:image\" content=\"https:\/\/www.comll.cat\/es\/wp-content\/uploads\/sites\/3\/logo-oms.png\" \/>\n\t<meta property=\"og:image:width\" content=\"242\" \/>\n\t<meta property=\"og:image:height\" content=\"222\" \/>\n\t<meta property=\"og:image:type\" content=\"image\/png\" \/>\n<meta name=\"author\" content=\"Albert\" \/>\n<meta name=\"twitter:card\" content=\"summary_large_image\" \/>\n<script type=\"application\/ld+json\" class=\"yoast-schema-graph\">{\"@context\":\"https:\\\/\\\/schema.org\",\"@graph\":[{\"@type\":\"Article\",\"@id\":\"https:\\\/\\\/www.comll.cat\\\/es\\\/loms-fixa-les-deu-tasques-principals-en-materia-de-salut-per-al-2019\\\/#article\",\"isPartOf\":{\"@id\":\"https:\\\/\\\/www.comll.cat\\\/es\\\/loms-fixa-les-deu-tasques-principals-en-materia-de-salut-per-al-2019\\\/\"},\"author\":{\"name\":\"Albert\",\"@id\":\"https:\\\/\\\/www.comll.cat\\\/es\\\/#\\\/schema\\\/person\\\/1c7bc4d83b35a927d680cfe0ec9120e0\"},\"headline\":\"L\u2019OMS fixa les deu tasques principals en mat\u00e8ria de salut per al 2019\",\"datePublished\":\"2019-01-18T10:38:23+00:00\",\"mainEntityOfPage\":{\"@id\":\"https:\\\/\\\/www.comll.cat\\\/es\\\/loms-fixa-les-deu-tasques-principals-en-materia-de-salut-per-al-2019\\\/\"},\"wordCount\":220,\"image\":{\"@id\":\"https:\\\/\\\/www.comll.cat\\\/es\\\/loms-fixa-les-deu-tasques-principals-en-materia-de-salut-per-al-2019\\\/#primaryimage\"},\"thumbnailUrl\":\"https:\\\/\\\/www.comll.cat\\\/es\\\/wp-content\\\/uploads\\\/sites\\\/3\\\/logo-oms.png\",\"articleSection\":[\"Noticias\"],\"inLanguage\":\"es\"},{\"@type\":\"WebPage\",\"@id\":\"https:\\\/\\\/www.comll.cat\\\/es\\\/loms-fixa-les-deu-tasques-principals-en-materia-de-salut-per-al-2019\\\/\",\"url\":\"https:\\\/\\\/www.comll.cat\\\/es\\\/loms-fixa-les-deu-tasques-principals-en-materia-de-salut-per-al-2019\\\/\",\"name\":\"L\u2019OMS fixa les deu tasques principals en mat\u00e8ria de salut per al 2019 - Col\u00b7legi Oficial de Metges de Lleida\",\"isPartOf\":{\"@id\":\"https:\\\/\\\/www.comll.cat\\\/es\\\/#website\"},\"primaryImageOfPage\":{\"@id\":\"https:\\\/\\\/www.comll.cat\\\/es\\\/loms-fixa-les-deu-tasques-principals-en-materia-de-salut-per-al-2019\\\/#primaryimage\"},\"image\":{\"@id\":\"https:\\\/\\\/www.comll.cat\\\/es\\\/loms-fixa-les-deu-tasques-principals-en-materia-de-salut-per-al-2019\\\/#primaryimage\"},\"thumbnailUrl\":\"https:\\\/\\\/www.comll.cat\\\/es\\\/wp-content\\\/uploads\\\/sites\\\/3\\\/logo-oms.png\",\"datePublished\":\"2019-01-18T10:38:23+00:00\",\"author\":{\"@id\":\"https:\\\/\\\/www.comll.cat\\\/es\\\/#\\\/schema\\\/person\\\/1c7bc4d83b35a927d680cfe0ec9120e0\"},\"breadcrumb\":{\"@id\":\"https:\\\/\\\/www.comll.cat\\\/es\\\/loms-fixa-les-deu-tasques-principals-en-materia-de-salut-per-al-2019\\\/#breadcrumb\"},\"inLanguage\":\"es\",\"potentialAction\":[{\"@type\":\"ReadAction\",\"target\":[\"https:\\\/\\\/www.comll.cat\\\/es\\\/loms-fixa-les-deu-tasques-principals-en-materia-de-salut-per-al-2019\\\/\"]}]},{\"@type\":\"ImageObject\",\"inLanguage\":\"es\",\"@id\":\"https:\\\/\\\/www.comll.cat\\\/es\\\/loms-fixa-les-deu-tasques-principals-en-materia-de-salut-per-al-2019\\\/#primaryimage\",\"url\":\"https:\\\/\\\/www.comll.cat\\\/es\\\/wp-content\\\/uploads\\\/sites\\\/3\\\/logo-oms.png\",\"contentUrl\":\"https:\\\/\\\/www.comll.cat\\\/es\\\/wp-content\\\/uploads\\\/sites\\\/3\\\/logo-oms.png\",\"width\":242,\"height\":222},{\"@type\":\"BreadcrumbList\",\"@id\":\"https:\\\/\\\/www.comll.cat\\\/es\\\/loms-fixa-les-deu-tasques-principals-en-materia-de-salut-per-al-2019\\\/#breadcrumb\",\"itemListElement\":[{\"@type\":\"ListItem\",\"position\":1,\"name\":\"Portada\",\"item\":\"https:\\\/\\\/www.comll.cat\\\/es\\\/\"},{\"@type\":\"ListItem\",\"position\":2,\"name\":\"L\u2019OMS fixa les deu tasques principals en mat\u00e8ria de salut per al 2019\"}]},{\"@type\":\"WebSite\",\"@id\":\"https:\\\/\\\/www.comll.cat\\\/es\\\/#website\",\"url\":\"https:\\\/\\\/www.comll.cat\\\/es\\\/\",\"name\":\"Col\u00b7legi Oficial de Metges de Lleida\",\"description\":\"COMLL\",\"potentialAction\":[{\"@type\":\"SearchAction\",\"target\":{\"@type\":\"EntryPoint\",\"urlTemplate\":\"https:\\\/\\\/www.comll.cat\\\/es\\\/?s={search_term_string}\"},\"query-input\":{\"@type\":\"PropertyValueSpecification\",\"valueRequired\":true,\"valueName\":\"search_term_string\"}}],\"inLanguage\":\"es\"},{\"@type\":\"Person\",\"@id\":\"https:\\\/\\\/www.comll.cat\\\/es\\\/#\\\/schema\\\/person\\\/1c7bc4d83b35a927d680cfe0ec9120e0\",\"name\":\"Albert\",\"image\":{\"@type\":\"ImageObject\",\"inLanguage\":\"es\",\"@id\":\"https:\\\/\\\/secure.gravatar.com\\\/avatar\\\/c1261138a5e7882394bd9001104fe7078a2d860997555a5353af4ef7bd38f6db?s=96&d=mm&r=g\",\"url\":\"https:\\\/\\\/secure.gravatar.com\\\/avatar\\\/c1261138a5e7882394bd9001104fe7078a2d860997555a5353af4ef7bd38f6db?s=96&d=mm&r=g\",\"contentUrl\":\"https:\\\/\\\/secure.gravatar.com\\\/avatar\\\/c1261138a5e7882394bd9001104fe7078a2d860997555a5353af4ef7bd38f6db?s=96&d=mm&r=g\",\"caption\":\"Albert\"},\"sameAs\":[\"https:\\\/\\\/www.comll.cat\"]}]}<\/script>\n<!-- \/ Yoast SEO plugin. -->","yoast_head_json":{"title":"L\u2019OMS fixa les deu tasques principals en mat\u00e8ria de salut per al 2019 - Col\u00b7legi Oficial de Metges de Lleida","robots":{"index":"index","follow":"follow","max-snippet":"max-snippet:-1","max-image-preview":"max-image-preview:large","max-video-preview":"max-video-preview:-1"},"canonical":"https:\/\/www.comll.cat\/es\/loms-fixa-les-deu-tasques-principals-en-materia-de-salut-per-al-2019\/","og_locale":"es_ES","og_type":"article","og_title":"L\u2019OMS fixa les deu tasques principals en mat\u00e8ria de salut per al 2019 - Col\u00b7legi Oficial de Metges de Lleida","og_description":"L\u2019OMS fixa les deu tasques principals en mat\u00e8ria de salut per al 2019 Entre ells hi ha afrontar l\u2019\u00e8bola, la...","og_url":"https:\/\/www.comll.cat\/es\/loms-fixa-les-deu-tasques-principals-en-materia-de-salut-per-al-2019\/","og_site_name":"Col\u00b7legi Oficial de Metges de Lleida","article_published_time":"2019-01-18T10:38:23+00:00","og_image":[{"width":242,"height":222,"url":"https:\/\/www.comll.cat\/es\/wp-content\/uploads\/sites\/3\/logo-oms.png","type":"image\/png"}],"author":"Albert","twitter_card":"summary_large_image","schema":{"@context":"https:\/\/schema.org","@graph":[{"@type":"Article","@id":"https:\/\/www.comll.cat\/es\/loms-fixa-les-deu-tasques-principals-en-materia-de-salut-per-al-2019\/#article","isPartOf":{"@id":"https:\/\/www.comll.cat\/es\/loms-fixa-les-deu-tasques-principals-en-materia-de-salut-per-al-2019\/"},"author":{"name":"Albert","@id":"https:\/\/www.comll.cat\/es\/#\/schema\/person\/1c7bc4d83b35a927d680cfe0ec9120e0"},"headline":"L\u2019OMS fixa les deu tasques principals en mat\u00e8ria de salut per al 2019","datePublished":"2019-01-18T10:38:23+00:00","mainEntityOfPage":{"@id":"https:\/\/www.comll.cat\/es\/loms-fixa-les-deu-tasques-principals-en-materia-de-salut-per-al-2019\/"},"wordCount":220,"image":{"@id":"https:\/\/www.comll.cat\/es\/loms-fixa-les-deu-tasques-principals-en-materia-de-salut-per-al-2019\/#primaryimage"},"thumbnailUrl":"https:\/\/www.comll.cat\/es\/wp-content\/uploads\/sites\/3\/logo-oms.png","articleSection":["Noticias"],"inLanguage":"es"},{"@type":"WebPage","@id":"https:\/\/www.comll.cat\/es\/loms-fixa-les-deu-tasques-principals-en-materia-de-salut-per-al-2019\/","url":"https:\/\/www.comll.cat\/es\/loms-fixa-les-deu-tasques-principals-en-materia-de-salut-per-al-2019\/","name":"L\u2019OMS fixa les deu tasques principals en mat\u00e8ria de salut per al 2019 - Col\u00b7legi Oficial de Metges de Lleida","isPartOf":{"@id":"https:\/\/www.comll.cat\/es\/#website"},"primaryImageOfPage":{"@id":"https:\/\/www.comll.cat\/es\/loms-fixa-les-deu-tasques-principals-en-materia-de-salut-per-al-2019\/#primaryimage"},"image":{"@id":"https:\/\/www.comll.cat\/es\/loms-fixa-les-deu-tasques-principals-en-materia-de-salut-per-al-2019\/#primaryimage"},"thumbnailUrl":"https:\/\/www.comll.cat\/es\/wp-content\/uploads\/sites\/3\/logo-oms.png","datePublished":"2019-01-18T10:38:23+00:00","author":{"@id":"https:\/\/www.comll.cat\/es\/#\/schema\/person\/1c7bc4d83b35a927d680cfe0ec9120e0"},"breadcrumb":{"@id":"https:\/\/www.comll.cat\/es\/loms-fixa-les-deu-tasques-principals-en-materia-de-salut-per-al-2019\/#breadcrumb"},"inLanguage":"es","potentialAction":[{"@type":"ReadAction","target":["https:\/\/www.comll.cat\/es\/loms-fixa-les-deu-tasques-principals-en-materia-de-salut-per-al-2019\/"]}]},{"@type":"ImageObject","inLanguage":"es","@id":"https:\/\/www.comll.cat\/es\/loms-fixa-les-deu-tasques-principals-en-materia-de-salut-per-al-2019\/#primaryimage","url":"https:\/\/www.comll.cat\/es\/wp-content\/uploads\/sites\/3\/logo-oms.png","contentUrl":"https:\/\/www.comll.cat\/es\/wp-content\/uploads\/sites\/3\/logo-oms.png","width":242,"height":222},{"@type":"BreadcrumbList","@id":"https:\/\/www.comll.cat\/es\/loms-fixa-les-deu-tasques-principals-en-materia-de-salut-per-al-2019\/#breadcrumb","itemListElement":[{"@type":"ListItem","position":1,"name":"Portada","item":"https:\/\/www.comll.cat\/es\/"},{"@type":"ListItem","position":2,"name":"L\u2019OMS fixa les deu tasques principals en mat\u00e8ria de salut per al 2019"}]},{"@type":"WebSite","@id":"https:\/\/www.comll.cat\/es\/#website","url":"https:\/\/www.comll.cat\/es\/","name":"Col\u00b7legi Oficial de Metges de Lleida","description":"COMLL","potentialAction":[{"@type":"SearchAction","target":{"@type":"EntryPoint","urlTemplate":"https:\/\/www.comll.cat\/es\/?s={search_term_string}"},"query-input":{"@type":"PropertyValueSpecification","valueRequired":true,"valueName":"search_term_string"}}],"inLanguage":"es"},{"@type":"Person","@id":"https:\/\/www.comll.cat\/es\/#\/schema\/person\/1c7bc4d83b35a927d680cfe0ec9120e0","name":"Albert","image":{"@type":"ImageObject","inLanguage":"es","@id":"https:\/\/secure.gravatar.com\/avatar\/c1261138a5e7882394bd9001104fe7078a2d860997555a5353af4ef7bd38f6db?s=96&d=mm&r=g","url":"https:\/\/secure.gravatar.com\/avatar\/c1261138a5e7882394bd9001104fe7078a2d860997555a5353af4ef7bd38f6db?s=96&d=mm&r=g","contentUrl":"https:\/\/secure.gravatar.com\/avatar\/c1261138a5e7882394bd9001104fe7078a2d860997555a5353af4ef7bd38f6db?s=96&d=mm&r=g","caption":"Albert"},"sameAs":["https:\/\/www.comll.cat"]}]}},"publishpress_future_action":{"enabled":false,"date":"2026-04-29 18:59:50","action":"change-status","newStatus":"draft","terms":[],"taxonomy":"category","extraData":[]},"publishpress_future_workflow_manual_trigger":{"enabledWorkflows":[]},"_links":{"self":[{"href":"https:\/\/www.comll.cat\/es\/wp-json\/wp\/v2\/posts\/450","targetHints":{"allow":["GET"]}}],"collection":[{"href":"https:\/\/www.comll.cat\/es\/wp-json\/wp\/v2\/posts"}],"about":[{"href":"https:\/\/www.comll.cat\/es\/wp-json\/wp\/v2\/types\/post"}],"author":[{"embeddable":true,"href":"https:\/\/www.comll.cat\/es\/wp-json\/wp\/v2\/users\/1"}],"replies":[{"embeddable":true,"href":"https:\/\/www.comll.cat\/es\/wp-json\/wp\/v2\/comments?post=450"}],"version-history":[{"count":0,"href":"https:\/\/www.comll.cat\/es\/wp-json\/wp\/v2\/posts\/450\/revisions"}],"wp:featuredmedia":[{"embeddable":true,"href":"https:\/\/www.comll.cat\/es\/wp-json\/wp\/v2\/media\/451"}],"wp:attachment":[{"href":"https:\/\/www.comll.cat\/es\/wp-json\/wp\/v2\/media?parent=450"}],"wp:term":[{"taxonomy":"category","embeddable":true,"href":"https:\/\/www.comll.cat\/es\/wp-json\/wp\/v2\/categories?post=450"},{"taxonomy":"post_tag","embeddable":true,"href":"https:\/\/www.comll.cat\/es\/wp-json\/wp\/v2\/tags?post=450"}],"curies":[{"name":"wp","href":"https:\/\/api.w.org\/{rel}","templated":true}]}}