{"id":435,"date":"2019-01-14T15:10:11","date_gmt":"2019-01-14T14:10:11","guid":{"rendered":"https:\/\/www.comll.cat\/el-comll-va-recollir-48-kg-de-productes-per-al-gran-recapte-daliments\/"},"modified":"2019-01-14T15:10:11","modified_gmt":"2019-01-14T14:10:11","slug":"el-comll-va-recollir-48-kg-de-productes-per-al-gran-recapte-daliments","status":"publish","type":"post","link":"https:\/\/www.comll.cat\/es\/el-comll-va-recollir-48-kg-de-productes-per-al-gran-recapte-daliments\/","title":{"rendered":"El COMLL va recollir 48 kg de productes per al Gran Recapte d\u2019Aliments."},"content":{"rendered":"<p><strong>El COMLL va recollir 48 kg de productes per al Gran Recapte d\u2019Aliments<\/strong><\/p>\n<p><strong>Participar\u00e0 en la propera campanya davant de la bona acollida de la col\u00b7legiaci\u00f3<\/strong><\/p>\n<p>15\/01\/19<\/p>\n<p>&nbsp;<\/p>\n<p>El Col\u00b7legi Oficial de Metges de Lleida (COMLL) va participar per primera vegada en la darrera edici\u00f3 de la campanya solid\u00e0ria Gran Recapte d\u2019Aliments, que es va desenvolupar a finals de l\u2019any passat. El COMLL va recollir un total de 48 kg de productes alimentaris, que les persones volunt\u00e0ries van dipositar en sis caixes per fer-los arribar al Banc d\u2019Aliments de Lleida.<\/p>\n<p>El Col\u00b7legi va convidar els col\u00b7legiats i les col\u00b7legiades a participar en la iniciativa solid\u00e0ria. En aquest sentit, es va adre\u00e7ar especialment a les fam\u00edlies que van assistir al lliurament dels premis del Concurs de Nadales del COMLL per conscienciar els pares i els infants sobre el greu problema de la fam. El prop\u00f2sit del Col\u00b7legi \u00e9s col\u00b7laborar tamb\u00e9 en la propera edici\u00f3 del Gran Recapte davant la bona acollida que va tenir la campanya entre la professi\u00f3.<\/p>\n<p>Segons informa el Banc d\u2019Aliments de Lleida, en el conjunt del territori lleidat\u00e0 es van recollir 280.000 kg d\u2019aliments. En la passada edici\u00f3, va destacar l\u2019aportaci\u00f3 de llet per als nens i les nenes, que va arribar a 473.000 litres a Catalunya. La FAO considera que, com a m\u00ednim, els infants han de beure 1 litres de llet per setmana per garantir la ingesta de prote\u00efnes, vitamines i minerals imprescindibles per al seu creixement i desenvolupament.<\/p>\n<p>El Banc d\u2019Aliments de\u00a0 Lleida ja ha distribu\u00eft entre entitats i institucions solid\u00e0ries un 70% dels aliments aportats en el darrer Gran Recapte. La resta es destina a donar resposta a actuacions puntuals i urgents.<\/p>\n","protected":false},"excerpt":{"rendered":"<p>El COMLL va recollir 48 kg de productes per al Gran Recapte d\u2019Aliments Participar\u00e0 en la propera campanya davant de...<\/p>\n","protected":false},"author":1,"featured_media":436,"comment_status":"closed","ping_status":"closed","sticky":false,"template":"","format":"standard","meta":{"_acf_changed":false,"inline_featured_image":false,"footnotes":""},"categories":[18],"tags":[],"class_list":["post-435","post","type-post","status-publish","format-standard","has-post-thumbnail","hentry","category-noticias"],"acf":[],"yoast_head":"<!-- This site is optimized with the Yoast SEO plugin v27.5 - https:\/\/yoast.com\/product\/yoast-seo-wordpress\/ -->\n<title>El COMLL va recollir 48 kg de productes per al Gran Recapte d\u2019Aliments. - Col\u00b7legi Oficial de Metges de Lleida<\/title>\n<meta name=\"robots\" content=\"index, follow, max-snippet:-1, max-image-preview:large, max-video-preview:-1\" \/>\n<link rel=\"canonical\" href=\"https:\/\/www.comll.cat\/es\/el-comll-va-recollir-48-kg-de-productes-per-al-gran-recapte-daliments\/\" \/>\n<meta property=\"og:locale\" content=\"es_ES\" \/>\n<meta property=\"og:type\" content=\"article\" \/>\n<meta property=\"og:title\" content=\"El COMLL va recollir 48 kg de productes per al Gran Recapte d\u2019Aliments. - Col\u00b7legi Oficial de Metges de Lleida\" \/>\n<meta property=\"og:description\" content=\"El COMLL va recollir 48 kg de productes per al Gran Recapte d\u2019Aliments Participar\u00e0 en la propera campanya davant de...\" \/>\n<meta property=\"og:url\" content=\"https:\/\/www.comll.cat\/es\/el-comll-va-recollir-48-kg-de-productes-per-al-gran-recapte-daliments\/\" \/>\n<meta property=\"og:site_name\" content=\"Col\u00b7legi Oficial de Metges de Lleida\" \/>\n<meta property=\"article:published_time\" content=\"2019-01-14T14:10:11+00:00\" \/>\n<meta property=\"og:image\" content=\"https:\/\/www.comll.cat\/es\/wp-content\/uploads\/sites\/3\/gran-recapte.jpg\" \/>\n\t<meta property=\"og:image:width\" content=\"430\" \/>\n\t<meta property=\"og:image:height\" content=\"243\" \/>\n\t<meta property=\"og:image:type\" content=\"image\/jpeg\" \/>\n<meta name=\"author\" content=\"Albert\" \/>\n<meta name=\"twitter:card\" content=\"summary_large_image\" \/>\n<script type=\"application\/ld+json\" class=\"yoast-schema-graph\">{\"@context\":\"https:\\\/\\\/schema.org\",\"@graph\":[{\"@type\":\"Article\",\"@id\":\"https:\\\/\\\/www.comll.cat\\\/es\\\/el-comll-va-recollir-48-kg-de-productes-per-al-gran-recapte-daliments\\\/#article\",\"isPartOf\":{\"@id\":\"https:\\\/\\\/www.comll.cat\\\/es\\\/el-comll-va-recollir-48-kg-de-productes-per-al-gran-recapte-daliments\\\/\"},\"author\":{\"name\":\"Albert\",\"@id\":\"https:\\\/\\\/www.comll.cat\\\/es\\\/#\\\/schema\\\/person\\\/1c7bc4d83b35a927d680cfe0ec9120e0\"},\"headline\":\"El COMLL va recollir 48 kg de productes per al Gran Recapte d\u2019Aliments.\",\"datePublished\":\"2019-01-14T14:10:11+00:00\",\"mainEntityOfPage\":{\"@id\":\"https:\\\/\\\/www.comll.cat\\\/es\\\/el-comll-va-recollir-48-kg-de-productes-per-al-gran-recapte-daliments\\\/\"},\"wordCount\":310,\"image\":{\"@id\":\"https:\\\/\\\/www.comll.cat\\\/es\\\/el-comll-va-recollir-48-kg-de-productes-per-al-gran-recapte-daliments\\\/#primaryimage\"},\"thumbnailUrl\":\"https:\\\/\\\/www.comll.cat\\\/es\\\/wp-content\\\/uploads\\\/sites\\\/3\\\/gran-recapte.jpg\",\"articleSection\":[\"Noticias\"],\"inLanguage\":\"es\"},{\"@type\":\"WebPage\",\"@id\":\"https:\\\/\\\/www.comll.cat\\\/es\\\/el-comll-va-recollir-48-kg-de-productes-per-al-gran-recapte-daliments\\\/\",\"url\":\"https:\\\/\\\/www.comll.cat\\\/es\\\/el-comll-va-recollir-48-kg-de-productes-per-al-gran-recapte-daliments\\\/\",\"name\":\"El COMLL va recollir 48 kg de productes per al Gran Recapte d\u2019Aliments. - Col\u00b7legi Oficial de Metges de Lleida\",\"isPartOf\":{\"@id\":\"https:\\\/\\\/www.comll.cat\\\/es\\\/#website\"},\"primaryImageOfPage\":{\"@id\":\"https:\\\/\\\/www.comll.cat\\\/es\\\/el-comll-va-recollir-48-kg-de-productes-per-al-gran-recapte-daliments\\\/#primaryimage\"},\"image\":{\"@id\":\"https:\\\/\\\/www.comll.cat\\\/es\\\/el-comll-va-recollir-48-kg-de-productes-per-al-gran-recapte-daliments\\\/#primaryimage\"},\"thumbnailUrl\":\"https:\\\/\\\/www.comll.cat\\\/es\\\/wp-content\\\/uploads\\\/sites\\\/3\\\/gran-recapte.jpg\",\"datePublished\":\"2019-01-14T14:10:11+00:00\",\"author\":{\"@id\":\"https:\\\/\\\/www.comll.cat\\\/es\\\/#\\\/schema\\\/person\\\/1c7bc4d83b35a927d680cfe0ec9120e0\"},\"breadcrumb\":{\"@id\":\"https:\\\/\\\/www.comll.cat\\\/es\\\/el-comll-va-recollir-48-kg-de-productes-per-al-gran-recapte-daliments\\\/#breadcrumb\"},\"inLanguage\":\"es\",\"potentialAction\":[{\"@type\":\"ReadAction\",\"target\":[\"https:\\\/\\\/www.comll.cat\\\/es\\\/el-comll-va-recollir-48-kg-de-productes-per-al-gran-recapte-daliments\\\/\"]}]},{\"@type\":\"ImageObject\",\"inLanguage\":\"es\",\"@id\":\"https:\\\/\\\/www.comll.cat\\\/es\\\/el-comll-va-recollir-48-kg-de-productes-per-al-gran-recapte-daliments\\\/#primaryimage\",\"url\":\"https:\\\/\\\/www.comll.cat\\\/es\\\/wp-content\\\/uploads\\\/sites\\\/3\\\/gran-recapte.jpg\",\"contentUrl\":\"https:\\\/\\\/www.comll.cat\\\/es\\\/wp-content\\\/uploads\\\/sites\\\/3\\\/gran-recapte.jpg\",\"width\":430,\"height\":243},{\"@type\":\"BreadcrumbList\",\"@id\":\"https:\\\/\\\/www.comll.cat\\\/es\\\/el-comll-va-recollir-48-kg-de-productes-per-al-gran-recapte-daliments\\\/#breadcrumb\",\"itemListElement\":[{\"@type\":\"ListItem\",\"position\":1,\"name\":\"Portada\",\"item\":\"https:\\\/\\\/www.comll.cat\\\/es\\\/\"},{\"@type\":\"ListItem\",\"position\":2,\"name\":\"El COMLL va recollir 48 kg de productes per al Gran Recapte d\u2019Aliments.\"}]},{\"@type\":\"WebSite\",\"@id\":\"https:\\\/\\\/www.comll.cat\\\/es\\\/#website\",\"url\":\"https:\\\/\\\/www.comll.cat\\\/es\\\/\",\"name\":\"Col\u00b7legi Oficial de Metges de Lleida\",\"description\":\"COMLL\",\"potentialAction\":[{\"@type\":\"SearchAction\",\"target\":{\"@type\":\"EntryPoint\",\"urlTemplate\":\"https:\\\/\\\/www.comll.cat\\\/es\\\/?s={search_term_string}\"},\"query-input\":{\"@type\":\"PropertyValueSpecification\",\"valueRequired\":true,\"valueName\":\"search_term_string\"}}],\"inLanguage\":\"es\"},{\"@type\":\"Person\",\"@id\":\"https:\\\/\\\/www.comll.cat\\\/es\\\/#\\\/schema\\\/person\\\/1c7bc4d83b35a927d680cfe0ec9120e0\",\"name\":\"Albert\",\"image\":{\"@type\":\"ImageObject\",\"inLanguage\":\"es\",\"@id\":\"https:\\\/\\\/secure.gravatar.com\\\/avatar\\\/c1261138a5e7882394bd9001104fe7078a2d860997555a5353af4ef7bd38f6db?s=96&d=mm&r=g\",\"url\":\"https:\\\/\\\/secure.gravatar.com\\\/avatar\\\/c1261138a5e7882394bd9001104fe7078a2d860997555a5353af4ef7bd38f6db?s=96&d=mm&r=g\",\"contentUrl\":\"https:\\\/\\\/secure.gravatar.com\\\/avatar\\\/c1261138a5e7882394bd9001104fe7078a2d860997555a5353af4ef7bd38f6db?s=96&d=mm&r=g\",\"caption\":\"Albert\"},\"sameAs\":[\"https:\\\/\\\/www.comll.cat\"]}]}<\/script>\n<!-- \/ Yoast SEO plugin. -->","yoast_head_json":{"title":"El COMLL va recollir 48 kg de productes per al Gran Recapte d\u2019Aliments. - Col\u00b7legi Oficial de Metges de Lleida","robots":{"index":"index","follow":"follow","max-snippet":"max-snippet:-1","max-image-preview":"max-image-preview:large","max-video-preview":"max-video-preview:-1"},"canonical":"https:\/\/www.comll.cat\/es\/el-comll-va-recollir-48-kg-de-productes-per-al-gran-recapte-daliments\/","og_locale":"es_ES","og_type":"article","og_title":"El COMLL va recollir 48 kg de productes per al Gran Recapte d\u2019Aliments. - Col\u00b7legi Oficial de Metges de Lleida","og_description":"El COMLL va recollir 48 kg de productes per al Gran Recapte d\u2019Aliments Participar\u00e0 en la propera campanya davant de...","og_url":"https:\/\/www.comll.cat\/es\/el-comll-va-recollir-48-kg-de-productes-per-al-gran-recapte-daliments\/","og_site_name":"Col\u00b7legi Oficial de Metges de Lleida","article_published_time":"2019-01-14T14:10:11+00:00","og_image":[{"width":430,"height":243,"url":"https:\/\/www.comll.cat\/es\/wp-content\/uploads\/sites\/3\/gran-recapte.jpg","type":"image\/jpeg"}],"author":"Albert","twitter_card":"summary_large_image","schema":{"@context":"https:\/\/schema.org","@graph":[{"@type":"Article","@id":"https:\/\/www.comll.cat\/es\/el-comll-va-recollir-48-kg-de-productes-per-al-gran-recapte-daliments\/#article","isPartOf":{"@id":"https:\/\/www.comll.cat\/es\/el-comll-va-recollir-48-kg-de-productes-per-al-gran-recapte-daliments\/"},"author":{"name":"Albert","@id":"https:\/\/www.comll.cat\/es\/#\/schema\/person\/1c7bc4d83b35a927d680cfe0ec9120e0"},"headline":"El COMLL va recollir 48 kg de productes per al Gran Recapte d\u2019Aliments.","datePublished":"2019-01-14T14:10:11+00:00","mainEntityOfPage":{"@id":"https:\/\/www.comll.cat\/es\/el-comll-va-recollir-48-kg-de-productes-per-al-gran-recapte-daliments\/"},"wordCount":310,"image":{"@id":"https:\/\/www.comll.cat\/es\/el-comll-va-recollir-48-kg-de-productes-per-al-gran-recapte-daliments\/#primaryimage"},"thumbnailUrl":"https:\/\/www.comll.cat\/es\/wp-content\/uploads\/sites\/3\/gran-recapte.jpg","articleSection":["Noticias"],"inLanguage":"es"},{"@type":"WebPage","@id":"https:\/\/www.comll.cat\/es\/el-comll-va-recollir-48-kg-de-productes-per-al-gran-recapte-daliments\/","url":"https:\/\/www.comll.cat\/es\/el-comll-va-recollir-48-kg-de-productes-per-al-gran-recapte-daliments\/","name":"El COMLL va recollir 48 kg de productes per al Gran Recapte d\u2019Aliments. - Col\u00b7legi Oficial de Metges de Lleida","isPartOf":{"@id":"https:\/\/www.comll.cat\/es\/#website"},"primaryImageOfPage":{"@id":"https:\/\/www.comll.cat\/es\/el-comll-va-recollir-48-kg-de-productes-per-al-gran-recapte-daliments\/#primaryimage"},"image":{"@id":"https:\/\/www.comll.cat\/es\/el-comll-va-recollir-48-kg-de-productes-per-al-gran-recapte-daliments\/#primaryimage"},"thumbnailUrl":"https:\/\/www.comll.cat\/es\/wp-content\/uploads\/sites\/3\/gran-recapte.jpg","datePublished":"2019-01-14T14:10:11+00:00","author":{"@id":"https:\/\/www.comll.cat\/es\/#\/schema\/person\/1c7bc4d83b35a927d680cfe0ec9120e0"},"breadcrumb":{"@id":"https:\/\/www.comll.cat\/es\/el-comll-va-recollir-48-kg-de-productes-per-al-gran-recapte-daliments\/#breadcrumb"},"inLanguage":"es","potentialAction":[{"@type":"ReadAction","target":["https:\/\/www.comll.cat\/es\/el-comll-va-recollir-48-kg-de-productes-per-al-gran-recapte-daliments\/"]}]},{"@type":"ImageObject","inLanguage":"es","@id":"https:\/\/www.comll.cat\/es\/el-comll-va-recollir-48-kg-de-productes-per-al-gran-recapte-daliments\/#primaryimage","url":"https:\/\/www.comll.cat\/es\/wp-content\/uploads\/sites\/3\/gran-recapte.jpg","contentUrl":"https:\/\/www.comll.cat\/es\/wp-content\/uploads\/sites\/3\/gran-recapte.jpg","width":430,"height":243},{"@type":"BreadcrumbList","@id":"https:\/\/www.comll.cat\/es\/el-comll-va-recollir-48-kg-de-productes-per-al-gran-recapte-daliments\/#breadcrumb","itemListElement":[{"@type":"ListItem","position":1,"name":"Portada","item":"https:\/\/www.comll.cat\/es\/"},{"@type":"ListItem","position":2,"name":"El COMLL va recollir 48 kg de productes per al Gran Recapte d\u2019Aliments."}]},{"@type":"WebSite","@id":"https:\/\/www.comll.cat\/es\/#website","url":"https:\/\/www.comll.cat\/es\/","name":"Col\u00b7legi Oficial de Metges de Lleida","description":"COMLL","potentialAction":[{"@type":"SearchAction","target":{"@type":"EntryPoint","urlTemplate":"https:\/\/www.comll.cat\/es\/?s={search_term_string}"},"query-input":{"@type":"PropertyValueSpecification","valueRequired":true,"valueName":"search_term_string"}}],"inLanguage":"es"},{"@type":"Person","@id":"https:\/\/www.comll.cat\/es\/#\/schema\/person\/1c7bc4d83b35a927d680cfe0ec9120e0","name":"Albert","image":{"@type":"ImageObject","inLanguage":"es","@id":"https:\/\/secure.gravatar.com\/avatar\/c1261138a5e7882394bd9001104fe7078a2d860997555a5353af4ef7bd38f6db?s=96&d=mm&r=g","url":"https:\/\/secure.gravatar.com\/avatar\/c1261138a5e7882394bd9001104fe7078a2d860997555a5353af4ef7bd38f6db?s=96&d=mm&r=g","contentUrl":"https:\/\/secure.gravatar.com\/avatar\/c1261138a5e7882394bd9001104fe7078a2d860997555a5353af4ef7bd38f6db?s=96&d=mm&r=g","caption":"Albert"},"sameAs":["https:\/\/www.comll.cat"]}]}},"publishpress_future_action":{"enabled":false,"date":"2026-04-29 18:59:50","action":"change-status","newStatus":"draft","terms":[],"taxonomy":"category","extraData":[]},"publishpress_future_workflow_manual_trigger":{"enabledWorkflows":[]},"_links":{"self":[{"href":"https:\/\/www.comll.cat\/es\/wp-json\/wp\/v2\/posts\/435","targetHints":{"allow":["GET"]}}],"collection":[{"href":"https:\/\/www.comll.cat\/es\/wp-json\/wp\/v2\/posts"}],"about":[{"href":"https:\/\/www.comll.cat\/es\/wp-json\/wp\/v2\/types\/post"}],"author":[{"embeddable":true,"href":"https:\/\/www.comll.cat\/es\/wp-json\/wp\/v2\/users\/1"}],"replies":[{"embeddable":true,"href":"https:\/\/www.comll.cat\/es\/wp-json\/wp\/v2\/comments?post=435"}],"version-history":[{"count":0,"href":"https:\/\/www.comll.cat\/es\/wp-json\/wp\/v2\/posts\/435\/revisions"}],"wp:featuredmedia":[{"embeddable":true,"href":"https:\/\/www.comll.cat\/es\/wp-json\/wp\/v2\/media\/436"}],"wp:attachment":[{"href":"https:\/\/www.comll.cat\/es\/wp-json\/wp\/v2\/media?parent=435"}],"wp:term":[{"taxonomy":"category","embeddable":true,"href":"https:\/\/www.comll.cat\/es\/wp-json\/wp\/v2\/categories?post=435"},{"taxonomy":"post_tag","embeddable":true,"href":"https:\/\/www.comll.cat\/es\/wp-json\/wp\/v2\/tags?post=435"}],"curies":[{"name":"wp","href":"https:\/\/api.w.org\/{rel}","templated":true}]}}