{"id":431,"date":"2019-01-10T14:33:02","date_gmt":"2019-01-10T13:33:02","guid":{"rendered":"https:\/\/www.comll.cat\/divuit-metges-i-metgesses-assisteixen-al-curs-del-comll-actualitzacio-en-dermatologia-impartit-pel-dr-josep-manuel-fernandez-armenteros\/"},"modified":"2019-01-10T14:33:02","modified_gmt":"2019-01-10T13:33:02","slug":"divuit-metges-i-metgesses-assisteixen-al-curs-del-comll-actualitzacio-en-dermatologia-impartit-pel-dr-josep-manuel-fernandez-armenteros","status":"publish","type":"post","link":"https:\/\/www.comll.cat\/es\/divuit-metges-i-metgesses-assisteixen-al-curs-del-comll-actualitzacio-en-dermatologia-impartit-pel-dr-josep-manuel-fernandez-armenteros\/","title":{"rendered":"Divuit metges i metgesses assisteixen al curs del COMLL \u201cActualitzaci\u00f3 en Dermatologia\u201d. Impartit pel Dr. Josep Manuel Fern\u00e1ndez Armenteros"},"content":{"rendered":"<p>Divuit metges i metgesses van iniciar ahir el curs <em>Actualitzaci\u00f3 en Dermatologia<\/em>, que organitza el Col\u00b7legi Oficial de Metges de Lleida a la seva seu. El Dr. Josep Manuel Fern\u00e1ndez Armenteros, especialista en Dermatologia Medicoquir\u00fargica i Venereologia de l\u2019HUAV. Aquesta activitat formativa t\u00e9 un car\u00e0cter eminentment pr\u00e0ctic i una durada de sis hores.<\/p>\n<p>El primer cas cl\u00ednic que va exposar el Dr. Fern\u00e1ndez Armenteros va ser el d\u2019un pacient que consulta el metge per lesions facials com acn\u00e9, ros\u00e0cia, dermatitis seborreica, tinya, lupus, psoriasi, fol\u00b7liculitis i neurodermitis. El segon cas, tamb\u00e9 presentat ahir, va ser d\u2019un pacient que consulta per p\u00e8rdua de cabells a causa d\u2019alop\u00e8cia andr\u00f2gina, areata frontal, fibrosant, liquen pla, tinya o capitis.<\/p>\n<p>La propera sessi\u00f3 del curs tindr\u00e0 lloc el 16 de gener i tractar\u00e0 sobre lesions a les mans, als peus i els engonals. L\u2019horari de les sessions \u00e9s de les 18.30 a les 20.00 hores i es trameten via <em>straeming<\/em>.<\/p>\n","protected":false},"excerpt":{"rendered":"<p>Divuit metges i metgesses van iniciar ahir el curs Actualitzaci\u00f3 en Dermatologia, que organitza el Col\u00b7legi Oficial de Metges de...<\/p>\n","protected":false},"author":1,"featured_media":432,"comment_status":"closed","ping_status":"closed","sticky":false,"template":"","format":"standard","meta":{"_acf_changed":false,"inline_featured_image":false,"footnotes":""},"categories":[18],"tags":[],"class_list":["post-431","post","type-post","status-publish","format-standard","has-post-thumbnail","hentry","category-noticias"],"acf":[],"yoast_head":"<!-- This site is optimized with the Yoast SEO plugin v27.5 - https:\/\/yoast.com\/product\/yoast-seo-wordpress\/ -->\n<title>Divuit metges i metgesses assisteixen al curs del COMLL \u201cActualitzaci\u00f3 en Dermatologia\u201d. Impartit pel Dr. Josep Manuel Fern\u00e1ndez Armenteros - Col\u00b7legi Oficial de Metges de Lleida<\/title>\n<meta name=\"robots\" content=\"index, follow, max-snippet:-1, max-image-preview:large, max-video-preview:-1\" \/>\n<link rel=\"canonical\" href=\"https:\/\/www.comll.cat\/es\/divuit-metges-i-metgesses-assisteixen-al-curs-del-comll-actualitzacio-en-dermatologia-impartit-pel-dr-josep-manuel-fernandez-armenteros\/\" \/>\n<meta property=\"og:locale\" content=\"es_ES\" \/>\n<meta property=\"og:type\" content=\"article\" \/>\n<meta property=\"og:title\" content=\"Divuit metges i metgesses assisteixen al curs del COMLL \u201cActualitzaci\u00f3 en Dermatologia\u201d. Impartit pel Dr. Josep Manuel Fern\u00e1ndez Armenteros - Col\u00b7legi Oficial de Metges de Lleida\" \/>\n<meta property=\"og:description\" content=\"Divuit metges i metgesses van iniciar ahir el curs Actualitzaci\u00f3 en Dermatologia, que organitza el Col\u00b7legi Oficial de Metges de...\" \/>\n<meta property=\"og:url\" content=\"https:\/\/www.comll.cat\/es\/divuit-metges-i-metgesses-assisteixen-al-curs-del-comll-actualitzacio-en-dermatologia-impartit-pel-dr-josep-manuel-fernandez-armenteros\/\" \/>\n<meta property=\"og:site_name\" content=\"Col\u00b7legi Oficial de Metges de Lleida\" \/>\n<meta property=\"article:published_time\" content=\"2019-01-10T13:33:02+00:00\" \/>\n<meta property=\"og:image\" content=\"https:\/\/www.comll.cat\/es\/wp-content\/uploads\/sites\/3\/whatsapp-image-2019-01-10-at-11-41-54.jpeg\" \/>\n\t<meta property=\"og:image:width\" content=\"1024\" \/>\n\t<meta property=\"og:image:height\" content=\"768\" \/>\n\t<meta property=\"og:image:type\" content=\"image\/jpeg\" \/>\n<meta name=\"author\" content=\"Albert\" \/>\n<meta name=\"twitter:card\" content=\"summary_large_image\" \/>\n<script type=\"application\/ld+json\" class=\"yoast-schema-graph\">{\"@context\":\"https:\\\/\\\/schema.org\",\"@graph\":[{\"@type\":\"Article\",\"@id\":\"https:\\\/\\\/www.comll.cat\\\/es\\\/divuit-metges-i-metgesses-assisteixen-al-curs-del-comll-actualitzacio-en-dermatologia-impartit-pel-dr-josep-manuel-fernandez-armenteros\\\/#article\",\"isPartOf\":{\"@id\":\"https:\\\/\\\/www.comll.cat\\\/es\\\/divuit-metges-i-metgesses-assisteixen-al-curs-del-comll-actualitzacio-en-dermatologia-impartit-pel-dr-josep-manuel-fernandez-armenteros\\\/\"},\"author\":{\"name\":\"Albert\",\"@id\":\"https:\\\/\\\/www.comll.cat\\\/es\\\/#\\\/schema\\\/person\\\/1c7bc4d83b35a927d680cfe0ec9120e0\"},\"headline\":\"Divuit metges i metgesses assisteixen al curs del COMLL \u201cActualitzaci\u00f3 en Dermatologia\u201d. Impartit pel Dr. Josep Manuel Fern\u00e1ndez Armenteros\",\"datePublished\":\"2019-01-10T13:33:02+00:00\",\"mainEntityOfPage\":{\"@id\":\"https:\\\/\\\/www.comll.cat\\\/es\\\/divuit-metges-i-metgesses-assisteixen-al-curs-del-comll-actualitzacio-en-dermatologia-impartit-pel-dr-josep-manuel-fernandez-armenteros\\\/\"},\"wordCount\":189,\"image\":{\"@id\":\"https:\\\/\\\/www.comll.cat\\\/es\\\/divuit-metges-i-metgesses-assisteixen-al-curs-del-comll-actualitzacio-en-dermatologia-impartit-pel-dr-josep-manuel-fernandez-armenteros\\\/#primaryimage\"},\"thumbnailUrl\":\"https:\\\/\\\/www.comll.cat\\\/es\\\/wp-content\\\/uploads\\\/sites\\\/3\\\/whatsapp-image-2019-01-10-at-11-41-54.jpeg\",\"articleSection\":[\"Noticias\"],\"inLanguage\":\"es\"},{\"@type\":\"WebPage\",\"@id\":\"https:\\\/\\\/www.comll.cat\\\/es\\\/divuit-metges-i-metgesses-assisteixen-al-curs-del-comll-actualitzacio-en-dermatologia-impartit-pel-dr-josep-manuel-fernandez-armenteros\\\/\",\"url\":\"https:\\\/\\\/www.comll.cat\\\/es\\\/divuit-metges-i-metgesses-assisteixen-al-curs-del-comll-actualitzacio-en-dermatologia-impartit-pel-dr-josep-manuel-fernandez-armenteros\\\/\",\"name\":\"Divuit metges i metgesses assisteixen al curs del COMLL \u201cActualitzaci\u00f3 en Dermatologia\u201d. Impartit pel Dr. Josep Manuel Fern\u00e1ndez Armenteros - Col\u00b7legi Oficial de Metges de Lleida\",\"isPartOf\":{\"@id\":\"https:\\\/\\\/www.comll.cat\\\/es\\\/#website\"},\"primaryImageOfPage\":{\"@id\":\"https:\\\/\\\/www.comll.cat\\\/es\\\/divuit-metges-i-metgesses-assisteixen-al-curs-del-comll-actualitzacio-en-dermatologia-impartit-pel-dr-josep-manuel-fernandez-armenteros\\\/#primaryimage\"},\"image\":{\"@id\":\"https:\\\/\\\/www.comll.cat\\\/es\\\/divuit-metges-i-metgesses-assisteixen-al-curs-del-comll-actualitzacio-en-dermatologia-impartit-pel-dr-josep-manuel-fernandez-armenteros\\\/#primaryimage\"},\"thumbnailUrl\":\"https:\\\/\\\/www.comll.cat\\\/es\\\/wp-content\\\/uploads\\\/sites\\\/3\\\/whatsapp-image-2019-01-10-at-11-41-54.jpeg\",\"datePublished\":\"2019-01-10T13:33:02+00:00\",\"author\":{\"@id\":\"https:\\\/\\\/www.comll.cat\\\/es\\\/#\\\/schema\\\/person\\\/1c7bc4d83b35a927d680cfe0ec9120e0\"},\"breadcrumb\":{\"@id\":\"https:\\\/\\\/www.comll.cat\\\/es\\\/divuit-metges-i-metgesses-assisteixen-al-curs-del-comll-actualitzacio-en-dermatologia-impartit-pel-dr-josep-manuel-fernandez-armenteros\\\/#breadcrumb\"},\"inLanguage\":\"es\",\"potentialAction\":[{\"@type\":\"ReadAction\",\"target\":[\"https:\\\/\\\/www.comll.cat\\\/es\\\/divuit-metges-i-metgesses-assisteixen-al-curs-del-comll-actualitzacio-en-dermatologia-impartit-pel-dr-josep-manuel-fernandez-armenteros\\\/\"]}]},{\"@type\":\"ImageObject\",\"inLanguage\":\"es\",\"@id\":\"https:\\\/\\\/www.comll.cat\\\/es\\\/divuit-metges-i-metgesses-assisteixen-al-curs-del-comll-actualitzacio-en-dermatologia-impartit-pel-dr-josep-manuel-fernandez-armenteros\\\/#primaryimage\",\"url\":\"https:\\\/\\\/www.comll.cat\\\/es\\\/wp-content\\\/uploads\\\/sites\\\/3\\\/whatsapp-image-2019-01-10-at-11-41-54.jpeg\",\"contentUrl\":\"https:\\\/\\\/www.comll.cat\\\/es\\\/wp-content\\\/uploads\\\/sites\\\/3\\\/whatsapp-image-2019-01-10-at-11-41-54.jpeg\",\"width\":1024,\"height\":768},{\"@type\":\"BreadcrumbList\",\"@id\":\"https:\\\/\\\/www.comll.cat\\\/es\\\/divuit-metges-i-metgesses-assisteixen-al-curs-del-comll-actualitzacio-en-dermatologia-impartit-pel-dr-josep-manuel-fernandez-armenteros\\\/#breadcrumb\",\"itemListElement\":[{\"@type\":\"ListItem\",\"position\":1,\"name\":\"Portada\",\"item\":\"https:\\\/\\\/www.comll.cat\\\/es\\\/\"},{\"@type\":\"ListItem\",\"position\":2,\"name\":\"Divuit metges i metgesses assisteixen al curs del COMLL \u201cActualitzaci\u00f3 en Dermatologia\u201d. Impartit pel Dr. Josep Manuel Fern\u00e1ndez Armenteros\"}]},{\"@type\":\"WebSite\",\"@id\":\"https:\\\/\\\/www.comll.cat\\\/es\\\/#website\",\"url\":\"https:\\\/\\\/www.comll.cat\\\/es\\\/\",\"name\":\"Col\u00b7legi Oficial de Metges de Lleida\",\"description\":\"COMLL\",\"potentialAction\":[{\"@type\":\"SearchAction\",\"target\":{\"@type\":\"EntryPoint\",\"urlTemplate\":\"https:\\\/\\\/www.comll.cat\\\/es\\\/?s={search_term_string}\"},\"query-input\":{\"@type\":\"PropertyValueSpecification\",\"valueRequired\":true,\"valueName\":\"search_term_string\"}}],\"inLanguage\":\"es\"},{\"@type\":\"Person\",\"@id\":\"https:\\\/\\\/www.comll.cat\\\/es\\\/#\\\/schema\\\/person\\\/1c7bc4d83b35a927d680cfe0ec9120e0\",\"name\":\"Albert\",\"image\":{\"@type\":\"ImageObject\",\"inLanguage\":\"es\",\"@id\":\"https:\\\/\\\/secure.gravatar.com\\\/avatar\\\/c1261138a5e7882394bd9001104fe7078a2d860997555a5353af4ef7bd38f6db?s=96&d=mm&r=g\",\"url\":\"https:\\\/\\\/secure.gravatar.com\\\/avatar\\\/c1261138a5e7882394bd9001104fe7078a2d860997555a5353af4ef7bd38f6db?s=96&d=mm&r=g\",\"contentUrl\":\"https:\\\/\\\/secure.gravatar.com\\\/avatar\\\/c1261138a5e7882394bd9001104fe7078a2d860997555a5353af4ef7bd38f6db?s=96&d=mm&r=g\",\"caption\":\"Albert\"},\"sameAs\":[\"https:\\\/\\\/www.comll.cat\"]}]}<\/script>\n<!-- \/ Yoast SEO plugin. -->","yoast_head_json":{"title":"Divuit metges i metgesses assisteixen al curs del COMLL \u201cActualitzaci\u00f3 en Dermatologia\u201d. Impartit pel Dr. Josep Manuel Fern\u00e1ndez Armenteros - Col\u00b7legi Oficial de Metges de Lleida","robots":{"index":"index","follow":"follow","max-snippet":"max-snippet:-1","max-image-preview":"max-image-preview:large","max-video-preview":"max-video-preview:-1"},"canonical":"https:\/\/www.comll.cat\/es\/divuit-metges-i-metgesses-assisteixen-al-curs-del-comll-actualitzacio-en-dermatologia-impartit-pel-dr-josep-manuel-fernandez-armenteros\/","og_locale":"es_ES","og_type":"article","og_title":"Divuit metges i metgesses assisteixen al curs del COMLL \u201cActualitzaci\u00f3 en Dermatologia\u201d. Impartit pel Dr. Josep Manuel Fern\u00e1ndez Armenteros - Col\u00b7legi Oficial de Metges de Lleida","og_description":"Divuit metges i metgesses van iniciar ahir el curs Actualitzaci\u00f3 en Dermatologia, que organitza el Col\u00b7legi Oficial de Metges de...","og_url":"https:\/\/www.comll.cat\/es\/divuit-metges-i-metgesses-assisteixen-al-curs-del-comll-actualitzacio-en-dermatologia-impartit-pel-dr-josep-manuel-fernandez-armenteros\/","og_site_name":"Col\u00b7legi Oficial de Metges de Lleida","article_published_time":"2019-01-10T13:33:02+00:00","og_image":[{"width":1024,"height":768,"url":"https:\/\/www.comll.cat\/es\/wp-content\/uploads\/sites\/3\/whatsapp-image-2019-01-10-at-11-41-54.jpeg","type":"image\/jpeg"}],"author":"Albert","twitter_card":"summary_large_image","schema":{"@context":"https:\/\/schema.org","@graph":[{"@type":"Article","@id":"https:\/\/www.comll.cat\/es\/divuit-metges-i-metgesses-assisteixen-al-curs-del-comll-actualitzacio-en-dermatologia-impartit-pel-dr-josep-manuel-fernandez-armenteros\/#article","isPartOf":{"@id":"https:\/\/www.comll.cat\/es\/divuit-metges-i-metgesses-assisteixen-al-curs-del-comll-actualitzacio-en-dermatologia-impartit-pel-dr-josep-manuel-fernandez-armenteros\/"},"author":{"name":"Albert","@id":"https:\/\/www.comll.cat\/es\/#\/schema\/person\/1c7bc4d83b35a927d680cfe0ec9120e0"},"headline":"Divuit metges i metgesses assisteixen al curs del COMLL \u201cActualitzaci\u00f3 en Dermatologia\u201d. Impartit pel Dr. Josep Manuel Fern\u00e1ndez Armenteros","datePublished":"2019-01-10T13:33:02+00:00","mainEntityOfPage":{"@id":"https:\/\/www.comll.cat\/es\/divuit-metges-i-metgesses-assisteixen-al-curs-del-comll-actualitzacio-en-dermatologia-impartit-pel-dr-josep-manuel-fernandez-armenteros\/"},"wordCount":189,"image":{"@id":"https:\/\/www.comll.cat\/es\/divuit-metges-i-metgesses-assisteixen-al-curs-del-comll-actualitzacio-en-dermatologia-impartit-pel-dr-josep-manuel-fernandez-armenteros\/#primaryimage"},"thumbnailUrl":"https:\/\/www.comll.cat\/es\/wp-content\/uploads\/sites\/3\/whatsapp-image-2019-01-10-at-11-41-54.jpeg","articleSection":["Noticias"],"inLanguage":"es"},{"@type":"WebPage","@id":"https:\/\/www.comll.cat\/es\/divuit-metges-i-metgesses-assisteixen-al-curs-del-comll-actualitzacio-en-dermatologia-impartit-pel-dr-josep-manuel-fernandez-armenteros\/","url":"https:\/\/www.comll.cat\/es\/divuit-metges-i-metgesses-assisteixen-al-curs-del-comll-actualitzacio-en-dermatologia-impartit-pel-dr-josep-manuel-fernandez-armenteros\/","name":"Divuit metges i metgesses assisteixen al curs del COMLL \u201cActualitzaci\u00f3 en Dermatologia\u201d. Impartit pel Dr. Josep Manuel Fern\u00e1ndez Armenteros - Col\u00b7legi Oficial de Metges de Lleida","isPartOf":{"@id":"https:\/\/www.comll.cat\/es\/#website"},"primaryImageOfPage":{"@id":"https:\/\/www.comll.cat\/es\/divuit-metges-i-metgesses-assisteixen-al-curs-del-comll-actualitzacio-en-dermatologia-impartit-pel-dr-josep-manuel-fernandez-armenteros\/#primaryimage"},"image":{"@id":"https:\/\/www.comll.cat\/es\/divuit-metges-i-metgesses-assisteixen-al-curs-del-comll-actualitzacio-en-dermatologia-impartit-pel-dr-josep-manuel-fernandez-armenteros\/#primaryimage"},"thumbnailUrl":"https:\/\/www.comll.cat\/es\/wp-content\/uploads\/sites\/3\/whatsapp-image-2019-01-10-at-11-41-54.jpeg","datePublished":"2019-01-10T13:33:02+00:00","author":{"@id":"https:\/\/www.comll.cat\/es\/#\/schema\/person\/1c7bc4d83b35a927d680cfe0ec9120e0"},"breadcrumb":{"@id":"https:\/\/www.comll.cat\/es\/divuit-metges-i-metgesses-assisteixen-al-curs-del-comll-actualitzacio-en-dermatologia-impartit-pel-dr-josep-manuel-fernandez-armenteros\/#breadcrumb"},"inLanguage":"es","potentialAction":[{"@type":"ReadAction","target":["https:\/\/www.comll.cat\/es\/divuit-metges-i-metgesses-assisteixen-al-curs-del-comll-actualitzacio-en-dermatologia-impartit-pel-dr-josep-manuel-fernandez-armenteros\/"]}]},{"@type":"ImageObject","inLanguage":"es","@id":"https:\/\/www.comll.cat\/es\/divuit-metges-i-metgesses-assisteixen-al-curs-del-comll-actualitzacio-en-dermatologia-impartit-pel-dr-josep-manuel-fernandez-armenteros\/#primaryimage","url":"https:\/\/www.comll.cat\/es\/wp-content\/uploads\/sites\/3\/whatsapp-image-2019-01-10-at-11-41-54.jpeg","contentUrl":"https:\/\/www.comll.cat\/es\/wp-content\/uploads\/sites\/3\/whatsapp-image-2019-01-10-at-11-41-54.jpeg","width":1024,"height":768},{"@type":"BreadcrumbList","@id":"https:\/\/www.comll.cat\/es\/divuit-metges-i-metgesses-assisteixen-al-curs-del-comll-actualitzacio-en-dermatologia-impartit-pel-dr-josep-manuel-fernandez-armenteros\/#breadcrumb","itemListElement":[{"@type":"ListItem","position":1,"name":"Portada","item":"https:\/\/www.comll.cat\/es\/"},{"@type":"ListItem","position":2,"name":"Divuit metges i metgesses assisteixen al curs del COMLL \u201cActualitzaci\u00f3 en Dermatologia\u201d. Impartit pel Dr. Josep Manuel Fern\u00e1ndez Armenteros"}]},{"@type":"WebSite","@id":"https:\/\/www.comll.cat\/es\/#website","url":"https:\/\/www.comll.cat\/es\/","name":"Col\u00b7legi Oficial de Metges de Lleida","description":"COMLL","potentialAction":[{"@type":"SearchAction","target":{"@type":"EntryPoint","urlTemplate":"https:\/\/www.comll.cat\/es\/?s={search_term_string}"},"query-input":{"@type":"PropertyValueSpecification","valueRequired":true,"valueName":"search_term_string"}}],"inLanguage":"es"},{"@type":"Person","@id":"https:\/\/www.comll.cat\/es\/#\/schema\/person\/1c7bc4d83b35a927d680cfe0ec9120e0","name":"Albert","image":{"@type":"ImageObject","inLanguage":"es","@id":"https:\/\/secure.gravatar.com\/avatar\/c1261138a5e7882394bd9001104fe7078a2d860997555a5353af4ef7bd38f6db?s=96&d=mm&r=g","url":"https:\/\/secure.gravatar.com\/avatar\/c1261138a5e7882394bd9001104fe7078a2d860997555a5353af4ef7bd38f6db?s=96&d=mm&r=g","contentUrl":"https:\/\/secure.gravatar.com\/avatar\/c1261138a5e7882394bd9001104fe7078a2d860997555a5353af4ef7bd38f6db?s=96&d=mm&r=g","caption":"Albert"},"sameAs":["https:\/\/www.comll.cat"]}]}},"publishpress_future_action":{"enabled":false,"date":"2026-04-29 19:06:58","action":"change-status","newStatus":"draft","terms":[],"taxonomy":"category","extraData":[]},"publishpress_future_workflow_manual_trigger":{"enabledWorkflows":[]},"_links":{"self":[{"href":"https:\/\/www.comll.cat\/es\/wp-json\/wp\/v2\/posts\/431","targetHints":{"allow":["GET"]}}],"collection":[{"href":"https:\/\/www.comll.cat\/es\/wp-json\/wp\/v2\/posts"}],"about":[{"href":"https:\/\/www.comll.cat\/es\/wp-json\/wp\/v2\/types\/post"}],"author":[{"embeddable":true,"href":"https:\/\/www.comll.cat\/es\/wp-json\/wp\/v2\/users\/1"}],"replies":[{"embeddable":true,"href":"https:\/\/www.comll.cat\/es\/wp-json\/wp\/v2\/comments?post=431"}],"version-history":[{"count":0,"href":"https:\/\/www.comll.cat\/es\/wp-json\/wp\/v2\/posts\/431\/revisions"}],"wp:featuredmedia":[{"embeddable":true,"href":"https:\/\/www.comll.cat\/es\/wp-json\/wp\/v2\/media\/432"}],"wp:attachment":[{"href":"https:\/\/www.comll.cat\/es\/wp-json\/wp\/v2\/media?parent=431"}],"wp:term":[{"taxonomy":"category","embeddable":true,"href":"https:\/\/www.comll.cat\/es\/wp-json\/wp\/v2\/categories?post=431"},{"taxonomy":"post_tag","embeddable":true,"href":"https:\/\/www.comll.cat\/es\/wp-json\/wp\/v2\/tags?post=431"}],"curies":[{"name":"wp","href":"https:\/\/api.w.org\/{rel}","templated":true}]}}