{"id":1708,"date":"2021-08-16T10:34:33","date_gmt":"2021-08-16T08:34:33","guid":{"rendered":"https:\/\/www.comll.cat\/comunicat-del-ccmc-de-suport-fonamentat-a-la-junta-dhospital-de-lhospital-universitari-de-la-plana-i-resta-dinstitucions-sanitaries-de-la-provincia-de-castello\/"},"modified":"2022-03-29T19:38:56","modified_gmt":"2022-03-29T17:38:56","slug":"comunicado-del-ccmc-de-apoyo-fundamentado-a-la-junta-de-hospital-del-hospital-universitario-de-la-plana-y-resto-de-instituciones-sanitarias-de-la-provincia-de-castellon","status":"publish","type":"post","link":"https:\/\/www.comll.cat\/es\/comunicado-del-ccmc-de-apoyo-fundamentado-a-la-junta-de-hospital-del-hospital-universitario-de-la-plana-y-resto-de-instituciones-sanitarias-de-la-provincia-de-castellon\/","title":{"rendered":"Comunicado del CCMC de apoyo fundamentado a la Junta de Hospital del Hospital Universitario de la Plana y resto de Instituciones sanitarias de la provincia de Castell\u00f3n"},"content":{"rendered":"<p>Los sistemas sanitarios de los pa\u00edses desarrollados disponen de mecanismos reguladores que garantizan la buena pr\u00e1ctica cl\u00ednica. Incluso las situaciones excepcionales est\u00e1n reguladas. Es lo que se conoce como uso compasivo de medicamentos, el cual tambi\u00e9n est\u00e1 regulado por la Agencia Espa\u00f1ola del Medicamento y Productos Sanitarios (AEMyPS).<\/p>\n<p>Por lo tanto, incluso los tratamientos de uso compasivo est\u00e1n regulados en base a protocolos y comit\u00e9s y su utilizaci\u00f3n siempre est\u00e1 fundamentada y cl\u00ednicamente justificada. En casos de duda, los centros sanitarios tambi\u00e9n disponen de comisiones cl\u00ednicas y de \u00e9tica para ayudar en la toma de decisiones.<\/p>\n<p>Existen pues instrumentos suficientes para decidir si un paciente puede beneficiarse o no de un tratamiento. Cualquier instrucci\u00f3n fuera de los mecanismos ya establecidos de garant\u00eda, procedente de un entorno no sanitario, no s\u00f3lo es innecesaria, sino que no garantiza la eficacia ni la seguridad de los tratamientos y pone, por tanto, en riesgo las personas.<\/p>\n<p>Esperamos que la resoluci\u00f3n judicial que ha causado los comunicados \u00a0de nuestros compa\u00f1eros del Hospital Universitario de la Plana, a los que damos pleno apoyo, sea rectificada una vez escuchados los criterios m\u00e9dicos y asistenciales y que no proliferen decisiones que, con la leg\u00edtima voluntad de proteger derechos fundamentales, pueden apartarse de opiniones m\u00e9dicas, de evidencias cient\u00edficas o de procedimientos legales establecidos para el uso de determinadas terapias y pueden perjudicar o empeorar la salud de los pacientes, principal derecho a proteger.<\/p>\n<p>Barcelona, 16 de agosto de 2021.<\/p>\n","protected":false},"excerpt":{"rendered":"<p>Los sistemas sanitarios de los pa\u00edses desarrollados disponen de mecanismos reguladores que garantizan la buena pr\u00e1ctica cl\u00ednica. Incluso las situaciones...<\/p>\n","protected":false},"author":1,"featured_media":380,"comment_status":"closed","ping_status":"closed","sticky":false,"template":"","format":"standard","meta":{"_acf_changed":false,"inline_featured_image":false,"footnotes":""},"categories":[18],"tags":[19],"class_list":["post-1708","post","type-post","status-publish","format-standard","has-post-thumbnail","hentry","category-noticias","tag-laplana"],"acf":[],"yoast_head":"<!-- This site is optimized with the Yoast SEO plugin v27.5 - https:\/\/yoast.com\/product\/yoast-seo-wordpress\/ -->\n<title>Comunicado del CCMC de apoyo fundamentado a la Junta de Hospital del Hospital Universitario de la Plana y resto de Instituciones sanitarias de la provincia de Castell\u00f3n - Col\u00b7legi Oficial de Metges de Lleida<\/title>\n<meta name=\"robots\" content=\"index, follow, max-snippet:-1, max-image-preview:large, max-video-preview:-1\" \/>\n<link rel=\"canonical\" href=\"https:\/\/www.comll.cat\/es\/comunicado-del-ccmc-de-apoyo-fundamentado-a-la-junta-de-hospital-del-hospital-universitario-de-la-plana-y-resto-de-instituciones-sanitarias-de-la-provincia-de-castellon\/\" \/>\n<meta property=\"og:locale\" content=\"es_ES\" \/>\n<meta property=\"og:type\" content=\"article\" \/>\n<meta property=\"og:title\" content=\"Comunicado del CCMC de apoyo fundamentado a la Junta de Hospital del Hospital Universitario de la Plana y resto de Instituciones sanitarias de la provincia de Castell\u00f3n - Col\u00b7legi Oficial de Metges de Lleida\" \/>\n<meta property=\"og:description\" content=\"Los sistemas sanitarios de los pa\u00edses desarrollados disponen de mecanismos reguladores que garantizan la buena pr\u00e1ctica cl\u00ednica. Incluso las situaciones...\" \/>\n<meta property=\"og:url\" content=\"https:\/\/www.comll.cat\/es\/comunicado-del-ccmc-de-apoyo-fundamentado-a-la-junta-de-hospital-del-hospital-universitario-de-la-plana-y-resto-de-instituciones-sanitarias-de-la-provincia-de-castellon\/\" \/>\n<meta property=\"og:site_name\" content=\"Col\u00b7legi Oficial de Metges de Lleida\" \/>\n<meta property=\"article:published_time\" content=\"2021-08-16T08:34:33+00:00\" \/>\n<meta property=\"article:modified_time\" content=\"2022-03-29T17:38:56+00:00\" \/>\n<meta property=\"og:image\" content=\"https:\/\/www.comll.cat\/es\/wp-content\/uploads\/sites\/3\/f6242007-f768-4604-b19c-0702bc50c75e-16-9-aspect-ratio-default-0-e1629109965794.jpg\" \/>\n\t<meta property=\"og:image:width\" content=\"495\" \/>\n\t<meta property=\"og:image:height\" content=\"495\" \/>\n\t<meta property=\"og:image:type\" content=\"image\/jpeg\" \/>\n<meta name=\"author\" content=\"Albert\" \/>\n<meta name=\"twitter:card\" content=\"summary_large_image\" \/>\n<script type=\"application\/ld+json\" class=\"yoast-schema-graph\">{\"@context\":\"https:\\\/\\\/schema.org\",\"@graph\":[{\"@type\":\"Article\",\"@id\":\"https:\\\/\\\/www.comll.cat\\\/es\\\/comunicado-del-ccmc-de-apoyo-fundamentado-a-la-junta-de-hospital-del-hospital-universitario-de-la-plana-y-resto-de-instituciones-sanitarias-de-la-provincia-de-castellon\\\/#article\",\"isPartOf\":{\"@id\":\"https:\\\/\\\/www.comll.cat\\\/es\\\/comunicado-del-ccmc-de-apoyo-fundamentado-a-la-junta-de-hospital-del-hospital-universitario-de-la-plana-y-resto-de-instituciones-sanitarias-de-la-provincia-de-castellon\\\/\"},\"author\":{\"name\":\"Albert\",\"@id\":\"https:\\\/\\\/www.comll.cat\\\/es\\\/#\\\/schema\\\/person\\\/1c7bc4d83b35a927d680cfe0ec9120e0\"},\"headline\":\"Comunicado del CCMC de apoyo fundamentado a la Junta de Hospital del Hospital Universitario de la Plana y resto de Instituciones sanitarias de la provincia de Castell\u00f3n\",\"datePublished\":\"2021-08-16T08:34:33+00:00\",\"dateModified\":\"2022-03-29T17:38:56+00:00\",\"mainEntityOfPage\":{\"@id\":\"https:\\\/\\\/www.comll.cat\\\/es\\\/comunicado-del-ccmc-de-apoyo-fundamentado-a-la-junta-de-hospital-del-hospital-universitario-de-la-plana-y-resto-de-instituciones-sanitarias-de-la-provincia-de-castellon\\\/\"},\"wordCount\":287,\"image\":{\"@id\":\"https:\\\/\\\/www.comll.cat\\\/es\\\/comunicado-del-ccmc-de-apoyo-fundamentado-a-la-junta-de-hospital-del-hospital-universitario-de-la-plana-y-resto-de-instituciones-sanitarias-de-la-provincia-de-castellon\\\/#primaryimage\"},\"thumbnailUrl\":\"https:\\\/\\\/www.comll.cat\\\/es\\\/wp-content\\\/uploads\\\/sites\\\/3\\\/f6242007-f768-4604-b19c-0702bc50c75e-16-9-aspect-ratio-default-0-e1629109965794.jpg\",\"keywords\":[\"LAPLANA\"],\"articleSection\":[\"Noticias\"],\"inLanguage\":\"es\"},{\"@type\":\"WebPage\",\"@id\":\"https:\\\/\\\/www.comll.cat\\\/es\\\/comunicado-del-ccmc-de-apoyo-fundamentado-a-la-junta-de-hospital-del-hospital-universitario-de-la-plana-y-resto-de-instituciones-sanitarias-de-la-provincia-de-castellon\\\/\",\"url\":\"https:\\\/\\\/www.comll.cat\\\/es\\\/comunicado-del-ccmc-de-apoyo-fundamentado-a-la-junta-de-hospital-del-hospital-universitario-de-la-plana-y-resto-de-instituciones-sanitarias-de-la-provincia-de-castellon\\\/\",\"name\":\"Comunicado del CCMC de apoyo fundamentado a la Junta de Hospital del Hospital Universitario de la Plana y resto de Instituciones sanitarias de la provincia de Castell\u00f3n - Col\u00b7legi Oficial de Metges de Lleida\",\"isPartOf\":{\"@id\":\"https:\\\/\\\/www.comll.cat\\\/es\\\/#website\"},\"primaryImageOfPage\":{\"@id\":\"https:\\\/\\\/www.comll.cat\\\/es\\\/comunicado-del-ccmc-de-apoyo-fundamentado-a-la-junta-de-hospital-del-hospital-universitario-de-la-plana-y-resto-de-instituciones-sanitarias-de-la-provincia-de-castellon\\\/#primaryimage\"},\"image\":{\"@id\":\"https:\\\/\\\/www.comll.cat\\\/es\\\/comunicado-del-ccmc-de-apoyo-fundamentado-a-la-junta-de-hospital-del-hospital-universitario-de-la-plana-y-resto-de-instituciones-sanitarias-de-la-provincia-de-castellon\\\/#primaryimage\"},\"thumbnailUrl\":\"https:\\\/\\\/www.comll.cat\\\/es\\\/wp-content\\\/uploads\\\/sites\\\/3\\\/f6242007-f768-4604-b19c-0702bc50c75e-16-9-aspect-ratio-default-0-e1629109965794.jpg\",\"datePublished\":\"2021-08-16T08:34:33+00:00\",\"dateModified\":\"2022-03-29T17:38:56+00:00\",\"author\":{\"@id\":\"https:\\\/\\\/www.comll.cat\\\/es\\\/#\\\/schema\\\/person\\\/1c7bc4d83b35a927d680cfe0ec9120e0\"},\"breadcrumb\":{\"@id\":\"https:\\\/\\\/www.comll.cat\\\/es\\\/comunicado-del-ccmc-de-apoyo-fundamentado-a-la-junta-de-hospital-del-hospital-universitario-de-la-plana-y-resto-de-instituciones-sanitarias-de-la-provincia-de-castellon\\\/#breadcrumb\"},\"inLanguage\":\"es\",\"potentialAction\":[{\"@type\":\"ReadAction\",\"target\":[\"https:\\\/\\\/www.comll.cat\\\/es\\\/comunicado-del-ccmc-de-apoyo-fundamentado-a-la-junta-de-hospital-del-hospital-universitario-de-la-plana-y-resto-de-instituciones-sanitarias-de-la-provincia-de-castellon\\\/\"]}]},{\"@type\":\"ImageObject\",\"inLanguage\":\"es\",\"@id\":\"https:\\\/\\\/www.comll.cat\\\/es\\\/comunicado-del-ccmc-de-apoyo-fundamentado-a-la-junta-de-hospital-del-hospital-universitario-de-la-plana-y-resto-de-instituciones-sanitarias-de-la-provincia-de-castellon\\\/#primaryimage\",\"url\":\"https:\\\/\\\/www.comll.cat\\\/es\\\/wp-content\\\/uploads\\\/sites\\\/3\\\/f6242007-f768-4604-b19c-0702bc50c75e-16-9-aspect-ratio-default-0-e1629109965794.jpg\",\"contentUrl\":\"https:\\\/\\\/www.comll.cat\\\/es\\\/wp-content\\\/uploads\\\/sites\\\/3\\\/f6242007-f768-4604-b19c-0702bc50c75e-16-9-aspect-ratio-default-0-e1629109965794.jpg\",\"width\":495,\"height\":495},{\"@type\":\"BreadcrumbList\",\"@id\":\"https:\\\/\\\/www.comll.cat\\\/es\\\/comunicado-del-ccmc-de-apoyo-fundamentado-a-la-junta-de-hospital-del-hospital-universitario-de-la-plana-y-resto-de-instituciones-sanitarias-de-la-provincia-de-castellon\\\/#breadcrumb\",\"itemListElement\":[{\"@type\":\"ListItem\",\"position\":1,\"name\":\"Portada\",\"item\":\"https:\\\/\\\/www.comll.cat\\\/es\\\/\"},{\"@type\":\"ListItem\",\"position\":2,\"name\":\"Comunicado del CCMC de apoyo fundamentado a la Junta de Hospital del Hospital Universitario de la Plana y resto de Instituciones sanitarias de la provincia de Castell\u00f3n\"}]},{\"@type\":\"WebSite\",\"@id\":\"https:\\\/\\\/www.comll.cat\\\/es\\\/#website\",\"url\":\"https:\\\/\\\/www.comll.cat\\\/es\\\/\",\"name\":\"Col\u00b7legi Oficial de Metges de Lleida\",\"description\":\"COMLL\",\"potentialAction\":[{\"@type\":\"SearchAction\",\"target\":{\"@type\":\"EntryPoint\",\"urlTemplate\":\"https:\\\/\\\/www.comll.cat\\\/es\\\/?s={search_term_string}\"},\"query-input\":{\"@type\":\"PropertyValueSpecification\",\"valueRequired\":true,\"valueName\":\"search_term_string\"}}],\"inLanguage\":\"es\"},{\"@type\":\"Person\",\"@id\":\"https:\\\/\\\/www.comll.cat\\\/es\\\/#\\\/schema\\\/person\\\/1c7bc4d83b35a927d680cfe0ec9120e0\",\"name\":\"Albert\",\"image\":{\"@type\":\"ImageObject\",\"inLanguage\":\"es\",\"@id\":\"https:\\\/\\\/secure.gravatar.com\\\/avatar\\\/c1261138a5e7882394bd9001104fe7078a2d860997555a5353af4ef7bd38f6db?s=96&d=mm&r=g\",\"url\":\"https:\\\/\\\/secure.gravatar.com\\\/avatar\\\/c1261138a5e7882394bd9001104fe7078a2d860997555a5353af4ef7bd38f6db?s=96&d=mm&r=g\",\"contentUrl\":\"https:\\\/\\\/secure.gravatar.com\\\/avatar\\\/c1261138a5e7882394bd9001104fe7078a2d860997555a5353af4ef7bd38f6db?s=96&d=mm&r=g\",\"caption\":\"Albert\"},\"sameAs\":[\"https:\\\/\\\/www.comll.cat\"]}]}<\/script>\n<!-- \/ Yoast SEO plugin. -->","yoast_head_json":{"title":"Comunicado del CCMC de apoyo fundamentado a la Junta de Hospital del Hospital Universitario de la Plana y resto de Instituciones sanitarias de la provincia de Castell\u00f3n - Col\u00b7legi Oficial de Metges de Lleida","robots":{"index":"index","follow":"follow","max-snippet":"max-snippet:-1","max-image-preview":"max-image-preview:large","max-video-preview":"max-video-preview:-1"},"canonical":"https:\/\/www.comll.cat\/es\/comunicado-del-ccmc-de-apoyo-fundamentado-a-la-junta-de-hospital-del-hospital-universitario-de-la-plana-y-resto-de-instituciones-sanitarias-de-la-provincia-de-castellon\/","og_locale":"es_ES","og_type":"article","og_title":"Comunicado del CCMC de apoyo fundamentado a la Junta de Hospital del Hospital Universitario de la Plana y resto de Instituciones sanitarias de la provincia de Castell\u00f3n - Col\u00b7legi Oficial de Metges de Lleida","og_description":"Los sistemas sanitarios de los pa\u00edses desarrollados disponen de mecanismos reguladores que garantizan la buena pr\u00e1ctica cl\u00ednica. Incluso las situaciones...","og_url":"https:\/\/www.comll.cat\/es\/comunicado-del-ccmc-de-apoyo-fundamentado-a-la-junta-de-hospital-del-hospital-universitario-de-la-plana-y-resto-de-instituciones-sanitarias-de-la-provincia-de-castellon\/","og_site_name":"Col\u00b7legi Oficial de Metges de Lleida","article_published_time":"2021-08-16T08:34:33+00:00","article_modified_time":"2022-03-29T17:38:56+00:00","og_image":[{"width":495,"height":495,"url":"https:\/\/www.comll.cat\/es\/wp-content\/uploads\/sites\/3\/f6242007-f768-4604-b19c-0702bc50c75e-16-9-aspect-ratio-default-0-e1629109965794.jpg","type":"image\/jpeg"}],"author":"Albert","twitter_card":"summary_large_image","schema":{"@context":"https:\/\/schema.org","@graph":[{"@type":"Article","@id":"https:\/\/www.comll.cat\/es\/comunicado-del-ccmc-de-apoyo-fundamentado-a-la-junta-de-hospital-del-hospital-universitario-de-la-plana-y-resto-de-instituciones-sanitarias-de-la-provincia-de-castellon\/#article","isPartOf":{"@id":"https:\/\/www.comll.cat\/es\/comunicado-del-ccmc-de-apoyo-fundamentado-a-la-junta-de-hospital-del-hospital-universitario-de-la-plana-y-resto-de-instituciones-sanitarias-de-la-provincia-de-castellon\/"},"author":{"name":"Albert","@id":"https:\/\/www.comll.cat\/es\/#\/schema\/person\/1c7bc4d83b35a927d680cfe0ec9120e0"},"headline":"Comunicado del CCMC de apoyo fundamentado a la Junta de Hospital del Hospital Universitario de la Plana y resto de Instituciones sanitarias de la provincia de Castell\u00f3n","datePublished":"2021-08-16T08:34:33+00:00","dateModified":"2022-03-29T17:38:56+00:00","mainEntityOfPage":{"@id":"https:\/\/www.comll.cat\/es\/comunicado-del-ccmc-de-apoyo-fundamentado-a-la-junta-de-hospital-del-hospital-universitario-de-la-plana-y-resto-de-instituciones-sanitarias-de-la-provincia-de-castellon\/"},"wordCount":287,"image":{"@id":"https:\/\/www.comll.cat\/es\/comunicado-del-ccmc-de-apoyo-fundamentado-a-la-junta-de-hospital-del-hospital-universitario-de-la-plana-y-resto-de-instituciones-sanitarias-de-la-provincia-de-castellon\/#primaryimage"},"thumbnailUrl":"https:\/\/www.comll.cat\/es\/wp-content\/uploads\/sites\/3\/f6242007-f768-4604-b19c-0702bc50c75e-16-9-aspect-ratio-default-0-e1629109965794.jpg","keywords":["LAPLANA"],"articleSection":["Noticias"],"inLanguage":"es"},{"@type":"WebPage","@id":"https:\/\/www.comll.cat\/es\/comunicado-del-ccmc-de-apoyo-fundamentado-a-la-junta-de-hospital-del-hospital-universitario-de-la-plana-y-resto-de-instituciones-sanitarias-de-la-provincia-de-castellon\/","url":"https:\/\/www.comll.cat\/es\/comunicado-del-ccmc-de-apoyo-fundamentado-a-la-junta-de-hospital-del-hospital-universitario-de-la-plana-y-resto-de-instituciones-sanitarias-de-la-provincia-de-castellon\/","name":"Comunicado del CCMC de apoyo fundamentado a la Junta de Hospital del Hospital Universitario de la Plana y resto de Instituciones sanitarias de la provincia de Castell\u00f3n - Col\u00b7legi Oficial de Metges de Lleida","isPartOf":{"@id":"https:\/\/www.comll.cat\/es\/#website"},"primaryImageOfPage":{"@id":"https:\/\/www.comll.cat\/es\/comunicado-del-ccmc-de-apoyo-fundamentado-a-la-junta-de-hospital-del-hospital-universitario-de-la-plana-y-resto-de-instituciones-sanitarias-de-la-provincia-de-castellon\/#primaryimage"},"image":{"@id":"https:\/\/www.comll.cat\/es\/comunicado-del-ccmc-de-apoyo-fundamentado-a-la-junta-de-hospital-del-hospital-universitario-de-la-plana-y-resto-de-instituciones-sanitarias-de-la-provincia-de-castellon\/#primaryimage"},"thumbnailUrl":"https:\/\/www.comll.cat\/es\/wp-content\/uploads\/sites\/3\/f6242007-f768-4604-b19c-0702bc50c75e-16-9-aspect-ratio-default-0-e1629109965794.jpg","datePublished":"2021-08-16T08:34:33+00:00","dateModified":"2022-03-29T17:38:56+00:00","author":{"@id":"https:\/\/www.comll.cat\/es\/#\/schema\/person\/1c7bc4d83b35a927d680cfe0ec9120e0"},"breadcrumb":{"@id":"https:\/\/www.comll.cat\/es\/comunicado-del-ccmc-de-apoyo-fundamentado-a-la-junta-de-hospital-del-hospital-universitario-de-la-plana-y-resto-de-instituciones-sanitarias-de-la-provincia-de-castellon\/#breadcrumb"},"inLanguage":"es","potentialAction":[{"@type":"ReadAction","target":["https:\/\/www.comll.cat\/es\/comunicado-del-ccmc-de-apoyo-fundamentado-a-la-junta-de-hospital-del-hospital-universitario-de-la-plana-y-resto-de-instituciones-sanitarias-de-la-provincia-de-castellon\/"]}]},{"@type":"ImageObject","inLanguage":"es","@id":"https:\/\/www.comll.cat\/es\/comunicado-del-ccmc-de-apoyo-fundamentado-a-la-junta-de-hospital-del-hospital-universitario-de-la-plana-y-resto-de-instituciones-sanitarias-de-la-provincia-de-castellon\/#primaryimage","url":"https:\/\/www.comll.cat\/es\/wp-content\/uploads\/sites\/3\/f6242007-f768-4604-b19c-0702bc50c75e-16-9-aspect-ratio-default-0-e1629109965794.jpg","contentUrl":"https:\/\/www.comll.cat\/es\/wp-content\/uploads\/sites\/3\/f6242007-f768-4604-b19c-0702bc50c75e-16-9-aspect-ratio-default-0-e1629109965794.jpg","width":495,"height":495},{"@type":"BreadcrumbList","@id":"https:\/\/www.comll.cat\/es\/comunicado-del-ccmc-de-apoyo-fundamentado-a-la-junta-de-hospital-del-hospital-universitario-de-la-plana-y-resto-de-instituciones-sanitarias-de-la-provincia-de-castellon\/#breadcrumb","itemListElement":[{"@type":"ListItem","position":1,"name":"Portada","item":"https:\/\/www.comll.cat\/es\/"},{"@type":"ListItem","position":2,"name":"Comunicado del CCMC de apoyo fundamentado a la Junta de Hospital del Hospital Universitario de la Plana y resto de Instituciones sanitarias de la provincia de Castell\u00f3n"}]},{"@type":"WebSite","@id":"https:\/\/www.comll.cat\/es\/#website","url":"https:\/\/www.comll.cat\/es\/","name":"Col\u00b7legi Oficial de Metges de Lleida","description":"COMLL","potentialAction":[{"@type":"SearchAction","target":{"@type":"EntryPoint","urlTemplate":"https:\/\/www.comll.cat\/es\/?s={search_term_string}"},"query-input":{"@type":"PropertyValueSpecification","valueRequired":true,"valueName":"search_term_string"}}],"inLanguage":"es"},{"@type":"Person","@id":"https:\/\/www.comll.cat\/es\/#\/schema\/person\/1c7bc4d83b35a927d680cfe0ec9120e0","name":"Albert","image":{"@type":"ImageObject","inLanguage":"es","@id":"https:\/\/secure.gravatar.com\/avatar\/c1261138a5e7882394bd9001104fe7078a2d860997555a5353af4ef7bd38f6db?s=96&d=mm&r=g","url":"https:\/\/secure.gravatar.com\/avatar\/c1261138a5e7882394bd9001104fe7078a2d860997555a5353af4ef7bd38f6db?s=96&d=mm&r=g","contentUrl":"https:\/\/secure.gravatar.com\/avatar\/c1261138a5e7882394bd9001104fe7078a2d860997555a5353af4ef7bd38f6db?s=96&d=mm&r=g","caption":"Albert"},"sameAs":["https:\/\/www.comll.cat"]}]}},"publishpress_future_action":{"enabled":false,"date":"2026-05-01 09:36:01","action":"change-status","newStatus":"draft","terms":[],"taxonomy":"category","extraData":[]},"publishpress_future_workflow_manual_trigger":{"enabledWorkflows":[]},"_links":{"self":[{"href":"https:\/\/www.comll.cat\/es\/wp-json\/wp\/v2\/posts\/1708","targetHints":{"allow":["GET"]}}],"collection":[{"href":"https:\/\/www.comll.cat\/es\/wp-json\/wp\/v2\/posts"}],"about":[{"href":"https:\/\/www.comll.cat\/es\/wp-json\/wp\/v2\/types\/post"}],"author":[{"embeddable":true,"href":"https:\/\/www.comll.cat\/es\/wp-json\/wp\/v2\/users\/1"}],"replies":[{"embeddable":true,"href":"https:\/\/www.comll.cat\/es\/wp-json\/wp\/v2\/comments?post=1708"}],"version-history":[{"count":0,"href":"https:\/\/www.comll.cat\/es\/wp-json\/wp\/v2\/posts\/1708\/revisions"}],"wp:featuredmedia":[{"embeddable":true,"href":"https:\/\/www.comll.cat\/es\/wp-json\/wp\/v2\/media\/380"}],"wp:attachment":[{"href":"https:\/\/www.comll.cat\/es\/wp-json\/wp\/v2\/media?parent=1708"}],"wp:term":[{"taxonomy":"category","embeddable":true,"href":"https:\/\/www.comll.cat\/es\/wp-json\/wp\/v2\/categories?post=1708"},{"taxonomy":"post_tag","embeddable":true,"href":"https:\/\/www.comll.cat\/es\/wp-json\/wp\/v2\/tags?post=1708"}],"curies":[{"name":"wp","href":"https:\/\/api.w.org\/{rel}","templated":true}]}}