{"id":1657,"date":"2021-04-27T10:17:13","date_gmt":"2021-04-27T08:17:13","guid":{"rendered":"https:\/\/www.comll.cat\/infermeres-i-metges-de-lleida-van-rebre-ahir-el-premi-alfons-de-borja-2020\/"},"modified":"2022-03-29T19:38:24","modified_gmt":"2022-03-29T17:38:24","slug":"enfermeras-y-medicos-de-lleida-recibieron-ayer-el-premio-alfons-de-borja-2020","status":"publish","type":"post","link":"https:\/\/www.comll.cat\/es\/enfermeras-y-medicos-de-lleida-recibieron-ayer-el-premio-alfons-de-borja-2020\/","title":{"rendered":"Enfermeras y m\u00e9dicos de Lleida galardonados con el premio Alfons de Borja 2020"},"content":{"rendered":"<h6>El Colegio Oficial de Enfermeras y Enfermeros de Lleida y el Colegio Oficial de M\u00e9dicos recibieron ayer el premio Alfonso de Borja 2020 concedido por Alumni UdL \"por su compromiso personal y val\u00eda profesional en la lucha para la prevenci\u00f3n y la atenci\u00f3n a los pacientes durante la pandemia del Covid-19 \".<\/h6>\n<p>El galard\u00f3n, destaca en esta concesi\u00f3n que \"es una expresi\u00f3n sentida y sincera del agradecimiento por su esfuerzo que en estos meses han llegado m\u00e1s all\u00e1 del cumplimiento de su deber y en condiciones muy dif\u00edciles (...), sin recibir la compensaci\u00f3n moral y econ\u00f3mica que se merecen \".<\/p>\n<p>El premio fue recogido por Merc\u00e8 Port\u00e9, Presidenta del Colegio Oficial de Enfermeras y Enfermeros de Lleida (COILL) y por el Dr. Ram\u00f3n Mur, Presidente del Colegio Oficial de M\u00e9dicos de Lleida (COMLL) en un acto en presencia del rector, Jaume Puy, el presidente del Consejo Social, Delf\u00ed Robinat, y el de Alumni UdL, Josep Maria Moragues. Los colegios han sido obsequiados con la escultura El conocimiento de Miguel \u00c1ngel Gonz\u00e1lez y una acuarela de Joaquim Ure\u00f1a, realizada durante el acto.<\/p>\n<p>En sus discursos, la Sra. Port\u00e9 y el Dr. Mur han recordado a sus compa\u00f1eros de profesi\u00f3n muertos y los enfermos a causa de la pandemia y han agradecido el trabajo realizado a los voluntarios, jubilados y estudiantes, que se sumaron a la primera l\u00ednea en esta lucha contra el coronavirus.<\/p>\n<p>Tambi\u00e9n han reivindicado mejoras en el sistema sanitario y en su pr\u00e1ctica profesional en el d\u00eda a d\u00eda, recordando que esta pandemia deber\u00eda significar un replanteamiento de la forma de vida de nuestra sociedad, donde se ha de respetar m\u00e1s la naturaleza y donde tambi\u00e9n hay que revisar el ejercicio de las profesiones sanitarias.<\/p>\n<p>En la imagen, aparecen los miembros de la Junta del COMLL presentes en el acto en representaci\u00f3n de todos los m\u00e9dicos y m\u00e9dicas de Lleida, a quien corresponde este premio (de izquierda a derecha: Dra. Maria Chin\u00e9, Dr. Jos\u00e9 Daniel Lacasta, Dr. Ram\u00f3n Mur y Dr. Sebasti\u00e0 Barranco).<\/p>\n<p>El COMLL quiere agradecer la concesi\u00f3n de este galard\u00f3n a la asociaci\u00f3n Alumni UdL, que cuenta con 12.200 integrantes y se centra en apoyar la carrera profesional y la inserci\u00f3n laboral de las tituladas y los titulados de la UdL, difundir la investigaci\u00f3n y la oferta acad\u00e9mica de la UdL y colaborar con la universidad a tejer alianzas con el mundo empresarial, las ONG, la administraci\u00f3n p\u00fablica y la sociedad civil.<\/p>\n<p>&nbsp;<\/p>\n<p><a href=\"https:\/\/drive.google.com\/file\/d\/1tGU_bnioqTW8cQ_xcJOV9RDpRP0HizOk\/view?usp=sharing\">Discurso de aceptaci\u00f3n del premio por parte del Presidente del COMLL, Dr. Ram\u00f3n Mur<\/a><\/p>\n<p><a href=\"https:\/\/drive.google.com\/file\/d\/18AUW8GIWng6YctVWL8bhS5z6d7OOdH6X\/view?usp=sharing\">Entrevista Lleida TV Premis Alfons de Borja 2020, Dr. Ram\u00f3n Mur<\/a><\/p>\n","protected":false},"excerpt":{"rendered":"<p>El Colegio Oficial de Enfermeras y Enfermeros de Lleida y el Colegio Oficial de M\u00e9dicos recibieron ayer el premio Alfonso...<\/p>\n","protected":false},"author":1,"featured_media":1658,"comment_status":"closed","ping_status":"closed","sticky":false,"template":"","format":"standard","meta":{"_acf_changed":false,"inline_featured_image":false,"footnotes":""},"categories":[18],"tags":[53,54],"class_list":["post-1657","post","type-post","status-publish","format-standard","has-post-thumbnail","hentry","category-noticias","tag-borja","tag-premi"],"acf":[],"yoast_head":"<!-- This site is optimized with the Yoast SEO plugin v27.5 - https:\/\/yoast.com\/product\/yoast-seo-wordpress\/ -->\n<title>Enfermeras y m\u00e9dicos de Lleida galardonados con el premio Alfons de Borja 2020 - Col\u00b7legi Oficial de Metges de Lleida<\/title>\n<meta name=\"robots\" content=\"index, follow, max-snippet:-1, max-image-preview:large, max-video-preview:-1\" \/>\n<link rel=\"canonical\" href=\"https:\/\/www.comll.cat\/es\/enfermeras-y-medicos-de-lleida-recibieron-ayer-el-premio-alfons-de-borja-2020\/\" \/>\n<meta property=\"og:locale\" content=\"es_ES\" \/>\n<meta property=\"og:type\" content=\"article\" \/>\n<meta property=\"og:title\" content=\"Enfermeras y m\u00e9dicos de Lleida galardonados con el premio Alfons de Borja 2020 - Col\u00b7legi Oficial de Metges de Lleida\" \/>\n<meta property=\"og:description\" content=\"El Colegio Oficial de Enfermeras y Enfermeros de Lleida y el Colegio Oficial de M\u00e9dicos recibieron ayer el premio Alfonso...\" \/>\n<meta property=\"og:url\" content=\"https:\/\/www.comll.cat\/es\/enfermeras-y-medicos-de-lleida-recibieron-ayer-el-premio-alfons-de-borja-2020\/\" \/>\n<meta property=\"og:site_name\" content=\"Col\u00b7legi Oficial de Metges de Lleida\" \/>\n<meta property=\"article:published_time\" content=\"2021-04-27T08:17:13+00:00\" \/>\n<meta property=\"article:modified_time\" content=\"2022-03-29T17:38:24+00:00\" \/>\n<meta property=\"og:image\" content=\"https:\/\/www.comll.cat\/es\/wp-content\/uploads\/sites\/3\/recollida-premi-1-1024x768.png\" \/>\n\t<meta property=\"og:image:width\" content=\"1024\" \/>\n\t<meta property=\"og:image:height\" content=\"768\" \/>\n\t<meta property=\"og:image:type\" content=\"image\/png\" \/>\n<meta name=\"author\" content=\"Albert\" \/>\n<meta name=\"twitter:card\" content=\"summary_large_image\" \/>\n<script type=\"application\/ld+json\" class=\"yoast-schema-graph\">{\"@context\":\"https:\\\/\\\/schema.org\",\"@graph\":[{\"@type\":\"Article\",\"@id\":\"https:\\\/\\\/www.comll.cat\\\/es\\\/enfermeras-y-medicos-de-lleida-recibieron-ayer-el-premio-alfons-de-borja-2020\\\/#article\",\"isPartOf\":{\"@id\":\"https:\\\/\\\/www.comll.cat\\\/es\\\/enfermeras-y-medicos-de-lleida-recibieron-ayer-el-premio-alfons-de-borja-2020\\\/\"},\"author\":{\"name\":\"Albert\",\"@id\":\"https:\\\/\\\/www.comll.cat\\\/es\\\/#\\\/schema\\\/person\\\/1c7bc4d83b35a927d680cfe0ec9120e0\"},\"headline\":\"Enfermeras y m\u00e9dicos de Lleida galardonados con el premio Alfons de Borja 2020\",\"datePublished\":\"2021-04-27T08:17:13+00:00\",\"dateModified\":\"2022-03-29T17:38:24+00:00\",\"mainEntityOfPage\":{\"@id\":\"https:\\\/\\\/www.comll.cat\\\/es\\\/enfermeras-y-medicos-de-lleida-recibieron-ayer-el-premio-alfons-de-borja-2020\\\/\"},\"wordCount\":478,\"image\":{\"@id\":\"https:\\\/\\\/www.comll.cat\\\/es\\\/enfermeras-y-medicos-de-lleida-recibieron-ayer-el-premio-alfons-de-borja-2020\\\/#primaryimage\"},\"thumbnailUrl\":\"https:\\\/\\\/www.comll.cat\\\/es\\\/wp-content\\\/uploads\\\/sites\\\/3\\\/recollida-premi-1.png\",\"keywords\":[\"borja\",\"premi\"],\"articleSection\":[\"Noticias\"],\"inLanguage\":\"es\"},{\"@type\":\"WebPage\",\"@id\":\"https:\\\/\\\/www.comll.cat\\\/es\\\/enfermeras-y-medicos-de-lleida-recibieron-ayer-el-premio-alfons-de-borja-2020\\\/\",\"url\":\"https:\\\/\\\/www.comll.cat\\\/es\\\/enfermeras-y-medicos-de-lleida-recibieron-ayer-el-premio-alfons-de-borja-2020\\\/\",\"name\":\"Enfermeras y m\u00e9dicos de Lleida galardonados con el premio Alfons de Borja 2020 - Col\u00b7legi Oficial de Metges de Lleida\",\"isPartOf\":{\"@id\":\"https:\\\/\\\/www.comll.cat\\\/es\\\/#website\"},\"primaryImageOfPage\":{\"@id\":\"https:\\\/\\\/www.comll.cat\\\/es\\\/enfermeras-y-medicos-de-lleida-recibieron-ayer-el-premio-alfons-de-borja-2020\\\/#primaryimage\"},\"image\":{\"@id\":\"https:\\\/\\\/www.comll.cat\\\/es\\\/enfermeras-y-medicos-de-lleida-recibieron-ayer-el-premio-alfons-de-borja-2020\\\/#primaryimage\"},\"thumbnailUrl\":\"https:\\\/\\\/www.comll.cat\\\/es\\\/wp-content\\\/uploads\\\/sites\\\/3\\\/recollida-premi-1.png\",\"datePublished\":\"2021-04-27T08:17:13+00:00\",\"dateModified\":\"2022-03-29T17:38:24+00:00\",\"author\":{\"@id\":\"https:\\\/\\\/www.comll.cat\\\/es\\\/#\\\/schema\\\/person\\\/1c7bc4d83b35a927d680cfe0ec9120e0\"},\"breadcrumb\":{\"@id\":\"https:\\\/\\\/www.comll.cat\\\/es\\\/enfermeras-y-medicos-de-lleida-recibieron-ayer-el-premio-alfons-de-borja-2020\\\/#breadcrumb\"},\"inLanguage\":\"es\",\"potentialAction\":[{\"@type\":\"ReadAction\",\"target\":[\"https:\\\/\\\/www.comll.cat\\\/es\\\/enfermeras-y-medicos-de-lleida-recibieron-ayer-el-premio-alfons-de-borja-2020\\\/\"]}]},{\"@type\":\"ImageObject\",\"inLanguage\":\"es\",\"@id\":\"https:\\\/\\\/www.comll.cat\\\/es\\\/enfermeras-y-medicos-de-lleida-recibieron-ayer-el-premio-alfons-de-borja-2020\\\/#primaryimage\",\"url\":\"https:\\\/\\\/www.comll.cat\\\/es\\\/wp-content\\\/uploads\\\/sites\\\/3\\\/recollida-premi-1.png\",\"contentUrl\":\"https:\\\/\\\/www.comll.cat\\\/es\\\/wp-content\\\/uploads\\\/sites\\\/3\\\/recollida-premi-1.png\",\"width\":1600,\"height\":1200},{\"@type\":\"BreadcrumbList\",\"@id\":\"https:\\\/\\\/www.comll.cat\\\/es\\\/enfermeras-y-medicos-de-lleida-recibieron-ayer-el-premio-alfons-de-borja-2020\\\/#breadcrumb\",\"itemListElement\":[{\"@type\":\"ListItem\",\"position\":1,\"name\":\"Portada\",\"item\":\"https:\\\/\\\/www.comll.cat\\\/es\\\/\"},{\"@type\":\"ListItem\",\"position\":2,\"name\":\"Enfermeras y m\u00e9dicos de Lleida galardonados con el premio Alfons de Borja 2020\"}]},{\"@type\":\"WebSite\",\"@id\":\"https:\\\/\\\/www.comll.cat\\\/es\\\/#website\",\"url\":\"https:\\\/\\\/www.comll.cat\\\/es\\\/\",\"name\":\"Col\u00b7legi Oficial de Metges de Lleida\",\"description\":\"COMLL\",\"potentialAction\":[{\"@type\":\"SearchAction\",\"target\":{\"@type\":\"EntryPoint\",\"urlTemplate\":\"https:\\\/\\\/www.comll.cat\\\/es\\\/?s={search_term_string}\"},\"query-input\":{\"@type\":\"PropertyValueSpecification\",\"valueRequired\":true,\"valueName\":\"search_term_string\"}}],\"inLanguage\":\"es\"},{\"@type\":\"Person\",\"@id\":\"https:\\\/\\\/www.comll.cat\\\/es\\\/#\\\/schema\\\/person\\\/1c7bc4d83b35a927d680cfe0ec9120e0\",\"name\":\"Albert\",\"image\":{\"@type\":\"ImageObject\",\"inLanguage\":\"es\",\"@id\":\"https:\\\/\\\/secure.gravatar.com\\\/avatar\\\/c1261138a5e7882394bd9001104fe7078a2d860997555a5353af4ef7bd38f6db?s=96&d=mm&r=g\",\"url\":\"https:\\\/\\\/secure.gravatar.com\\\/avatar\\\/c1261138a5e7882394bd9001104fe7078a2d860997555a5353af4ef7bd38f6db?s=96&d=mm&r=g\",\"contentUrl\":\"https:\\\/\\\/secure.gravatar.com\\\/avatar\\\/c1261138a5e7882394bd9001104fe7078a2d860997555a5353af4ef7bd38f6db?s=96&d=mm&r=g\",\"caption\":\"Albert\"},\"sameAs\":[\"https:\\\/\\\/www.comll.cat\"]}]}<\/script>\n<!-- \/ Yoast SEO plugin. -->","yoast_head_json":{"title":"Enfermeras y m\u00e9dicos de Lleida galardonados con el premio Alfons de Borja 2020 - Col\u00b7legi Oficial de Metges de Lleida","robots":{"index":"index","follow":"follow","max-snippet":"max-snippet:-1","max-image-preview":"max-image-preview:large","max-video-preview":"max-video-preview:-1"},"canonical":"https:\/\/www.comll.cat\/es\/enfermeras-y-medicos-de-lleida-recibieron-ayer-el-premio-alfons-de-borja-2020\/","og_locale":"es_ES","og_type":"article","og_title":"Enfermeras y m\u00e9dicos de Lleida galardonados con el premio Alfons de Borja 2020 - Col\u00b7legi Oficial de Metges de Lleida","og_description":"El Colegio Oficial de Enfermeras y Enfermeros de Lleida y el Colegio Oficial de M\u00e9dicos recibieron ayer el premio Alfonso...","og_url":"https:\/\/www.comll.cat\/es\/enfermeras-y-medicos-de-lleida-recibieron-ayer-el-premio-alfons-de-borja-2020\/","og_site_name":"Col\u00b7legi Oficial de Metges de Lleida","article_published_time":"2021-04-27T08:17:13+00:00","article_modified_time":"2022-03-29T17:38:24+00:00","og_image":[{"width":1024,"height":768,"url":"https:\/\/www.comll.cat\/es\/wp-content\/uploads\/sites\/3\/recollida-premi-1-1024x768.png","type":"image\/png"}],"author":"Albert","twitter_card":"summary_large_image","schema":{"@context":"https:\/\/schema.org","@graph":[{"@type":"Article","@id":"https:\/\/www.comll.cat\/es\/enfermeras-y-medicos-de-lleida-recibieron-ayer-el-premio-alfons-de-borja-2020\/#article","isPartOf":{"@id":"https:\/\/www.comll.cat\/es\/enfermeras-y-medicos-de-lleida-recibieron-ayer-el-premio-alfons-de-borja-2020\/"},"author":{"name":"Albert","@id":"https:\/\/www.comll.cat\/es\/#\/schema\/person\/1c7bc4d83b35a927d680cfe0ec9120e0"},"headline":"Enfermeras y m\u00e9dicos de Lleida galardonados con el premio Alfons de Borja 2020","datePublished":"2021-04-27T08:17:13+00:00","dateModified":"2022-03-29T17:38:24+00:00","mainEntityOfPage":{"@id":"https:\/\/www.comll.cat\/es\/enfermeras-y-medicos-de-lleida-recibieron-ayer-el-premio-alfons-de-borja-2020\/"},"wordCount":478,"image":{"@id":"https:\/\/www.comll.cat\/es\/enfermeras-y-medicos-de-lleida-recibieron-ayer-el-premio-alfons-de-borja-2020\/#primaryimage"},"thumbnailUrl":"https:\/\/www.comll.cat\/es\/wp-content\/uploads\/sites\/3\/recollida-premi-1.png","keywords":["borja","premi"],"articleSection":["Noticias"],"inLanguage":"es"},{"@type":"WebPage","@id":"https:\/\/www.comll.cat\/es\/enfermeras-y-medicos-de-lleida-recibieron-ayer-el-premio-alfons-de-borja-2020\/","url":"https:\/\/www.comll.cat\/es\/enfermeras-y-medicos-de-lleida-recibieron-ayer-el-premio-alfons-de-borja-2020\/","name":"Enfermeras y m\u00e9dicos de Lleida galardonados con el premio Alfons de Borja 2020 - Col\u00b7legi Oficial de Metges de Lleida","isPartOf":{"@id":"https:\/\/www.comll.cat\/es\/#website"},"primaryImageOfPage":{"@id":"https:\/\/www.comll.cat\/es\/enfermeras-y-medicos-de-lleida-recibieron-ayer-el-premio-alfons-de-borja-2020\/#primaryimage"},"image":{"@id":"https:\/\/www.comll.cat\/es\/enfermeras-y-medicos-de-lleida-recibieron-ayer-el-premio-alfons-de-borja-2020\/#primaryimage"},"thumbnailUrl":"https:\/\/www.comll.cat\/es\/wp-content\/uploads\/sites\/3\/recollida-premi-1.png","datePublished":"2021-04-27T08:17:13+00:00","dateModified":"2022-03-29T17:38:24+00:00","author":{"@id":"https:\/\/www.comll.cat\/es\/#\/schema\/person\/1c7bc4d83b35a927d680cfe0ec9120e0"},"breadcrumb":{"@id":"https:\/\/www.comll.cat\/es\/enfermeras-y-medicos-de-lleida-recibieron-ayer-el-premio-alfons-de-borja-2020\/#breadcrumb"},"inLanguage":"es","potentialAction":[{"@type":"ReadAction","target":["https:\/\/www.comll.cat\/es\/enfermeras-y-medicos-de-lleida-recibieron-ayer-el-premio-alfons-de-borja-2020\/"]}]},{"@type":"ImageObject","inLanguage":"es","@id":"https:\/\/www.comll.cat\/es\/enfermeras-y-medicos-de-lleida-recibieron-ayer-el-premio-alfons-de-borja-2020\/#primaryimage","url":"https:\/\/www.comll.cat\/es\/wp-content\/uploads\/sites\/3\/recollida-premi-1.png","contentUrl":"https:\/\/www.comll.cat\/es\/wp-content\/uploads\/sites\/3\/recollida-premi-1.png","width":1600,"height":1200},{"@type":"BreadcrumbList","@id":"https:\/\/www.comll.cat\/es\/enfermeras-y-medicos-de-lleida-recibieron-ayer-el-premio-alfons-de-borja-2020\/#breadcrumb","itemListElement":[{"@type":"ListItem","position":1,"name":"Portada","item":"https:\/\/www.comll.cat\/es\/"},{"@type":"ListItem","position":2,"name":"Enfermeras y m\u00e9dicos de Lleida galardonados con el premio Alfons de Borja 2020"}]},{"@type":"WebSite","@id":"https:\/\/www.comll.cat\/es\/#website","url":"https:\/\/www.comll.cat\/es\/","name":"Col\u00b7legi Oficial de Metges de Lleida","description":"COMLL","potentialAction":[{"@type":"SearchAction","target":{"@type":"EntryPoint","urlTemplate":"https:\/\/www.comll.cat\/es\/?s={search_term_string}"},"query-input":{"@type":"PropertyValueSpecification","valueRequired":true,"valueName":"search_term_string"}}],"inLanguage":"es"},{"@type":"Person","@id":"https:\/\/www.comll.cat\/es\/#\/schema\/person\/1c7bc4d83b35a927d680cfe0ec9120e0","name":"Albert","image":{"@type":"ImageObject","inLanguage":"es","@id":"https:\/\/secure.gravatar.com\/avatar\/c1261138a5e7882394bd9001104fe7078a2d860997555a5353af4ef7bd38f6db?s=96&d=mm&r=g","url":"https:\/\/secure.gravatar.com\/avatar\/c1261138a5e7882394bd9001104fe7078a2d860997555a5353af4ef7bd38f6db?s=96&d=mm&r=g","contentUrl":"https:\/\/secure.gravatar.com\/avatar\/c1261138a5e7882394bd9001104fe7078a2d860997555a5353af4ef7bd38f6db?s=96&d=mm&r=g","caption":"Albert"},"sameAs":["https:\/\/www.comll.cat"]}]}},"publishpress_future_action":{"enabled":false,"date":"2026-04-30 22:16:25","action":"change-status","newStatus":"draft","terms":[],"taxonomy":"category","extraData":[]},"publishpress_future_workflow_manual_trigger":{"enabledWorkflows":[]},"_links":{"self":[{"href":"https:\/\/www.comll.cat\/es\/wp-json\/wp\/v2\/posts\/1657","targetHints":{"allow":["GET"]}}],"collection":[{"href":"https:\/\/www.comll.cat\/es\/wp-json\/wp\/v2\/posts"}],"about":[{"href":"https:\/\/www.comll.cat\/es\/wp-json\/wp\/v2\/types\/post"}],"author":[{"embeddable":true,"href":"https:\/\/www.comll.cat\/es\/wp-json\/wp\/v2\/users\/1"}],"replies":[{"embeddable":true,"href":"https:\/\/www.comll.cat\/es\/wp-json\/wp\/v2\/comments?post=1657"}],"version-history":[{"count":0,"href":"https:\/\/www.comll.cat\/es\/wp-json\/wp\/v2\/posts\/1657\/revisions"}],"wp:featuredmedia":[{"embeddable":true,"href":"https:\/\/www.comll.cat\/es\/wp-json\/wp\/v2\/media\/1658"}],"wp:attachment":[{"href":"https:\/\/www.comll.cat\/es\/wp-json\/wp\/v2\/media?parent=1657"}],"wp:term":[{"taxonomy":"category","embeddable":true,"href":"https:\/\/www.comll.cat\/es\/wp-json\/wp\/v2\/categories?post=1657"},{"taxonomy":"post_tag","embeddable":true,"href":"https:\/\/www.comll.cat\/es\/wp-json\/wp\/v2\/tags?post=1657"}],"curies":[{"name":"wp","href":"https:\/\/api.w.org\/{rel}","templated":true}]}}