{"id":14276,"date":"2026-03-12T09:12:03","date_gmt":"2026-03-12T08:12:03","guid":{"rendered":"https:\/\/www.comll.cat\/es\/?p=14276"},"modified":"2026-03-12T09:12:05","modified_gmt":"2026-03-12T08:12:05","slug":"12-de-marc-dia-europeu-contra-les-agressions-a-metges","status":"publish","type":"post","link":"https:\/\/www.comll.cat\/es\/12-de-marc-dia-europeu-contra-les-agressions-a-metges\/","title":{"rendered":"12 de marzo, d\u00eda europeo contra las agresiones a m\u00e9dicos"},"content":{"rendered":"\n<p>El Colegio Oficial de M\u00e9dicos de Lleida (COMLL) reivindica hoy, 12 de marzo, el D\u00eda Europeo contra las Agresiones a M\u00e9dicos y Profesionales Sanitarios.<\/p>\n\n\n\n<p>Esta campa\u00f1a de sensibilizaci\u00f3n social se celebra en todo Europa por s\u00e9ptimo a\u00f1o consecutivo, puesto que fue oficialmente declarada por la Confederaci\u00f3n de \u00d3rdenes M\u00e9dicas Europeas el 2020, reiterando con este acto que la seguridad de los m\u00e9dicos al trabajo es la base por una atenci\u00f3n m\u00e9dica de calidad.<\/p>\n\n\n\n<p>Lo COMLL quiere llamar la atenci\u00f3n de la ciudadan\u00eda sobre las agresiones f\u00edsicas y verbales que sufre el personal sanitario y sus consecuencias. La violencia contra los facultativos afecta la actividad sanitaria, la salud de la persona agredida y rompe la relaci\u00f3n de confianza entre los m\u00e9dicos y los pacientes.<\/p>\n\n\n\n<p>Las agresiones a m\u00e9dicos se consideran delitos desde 2017, cuando los facultativos fueron reconocidos como autoridad sanitaria. Las penas que castigan los agresores oscilan entre los 3 y los 6 a\u00f1os de prisi\u00f3n, multas e indemnizaciones por la v\u00eda de responsabilidad civil.<\/p>\n\n\n\n<p>En cuanto a Lleida, el COMLL registr\u00f3 2 agresiones verbales a sus colegiados el pasado a\u00f1o, frente a una, tambi\u00e9n verbal, en 2024.<\/p>\n\n\n\n<p>El Colegio de M\u00e9dicos de Lleida anima a sus colegiados a denunciar todas las agresiones sufridas en el \u00e1mbito profesional, tanto las de car\u00e1cter verbal como las f\u00edsicas. El COMLL aconseja que en caso de agresi\u00f3n lo comuniquen al Colegio para recibir asesoramiento jur\u00eddico en el proceso de denuncia y apoyo psicol\u00f3gico a trav\u00e9s del programa PAIME, si fuera conveniente.<\/p>\n\n\n\n<p>\u2295 Adjuntamos informaci\u00f3n sobre las estad\u00edsticas elaboradas por el Observatorio Nacional de Agresiones a M\u00e9dicos de la OMC en el \u00e1mbito de Catalu\u00f1a.<\/p>\n","protected":false},"excerpt":{"rendered":"<p>El Colegio Oficial de M\u00e9dicos de Lleida (COMLL) reivindica hoy, 12 de marzo, el D\u00eda Europeo contra las Agresiones a...<\/p>\n","protected":false},"author":4,"featured_media":14278,"comment_status":"closed","ping_status":"closed","sticky":false,"template":"","format":"standard","meta":{"_acf_changed":false,"inline_featured_image":false,"footnotes":""},"categories":[18],"tags":[],"class_list":["post-14276","post","type-post","status-publish","format-standard","has-post-thumbnail","hentry","category-noticias"],"acf":[],"yoast_head":"<!-- This site is optimized with the Yoast SEO plugin v27.5 - https:\/\/yoast.com\/product\/yoast-seo-wordpress\/ -->\n<title>12 de marzo, d\u00eda europeo contra las agresiones a m\u00e9dicos - Col\u00b7legi Oficial de Metges de Lleida<\/title>\n<meta name=\"robots\" content=\"index, follow, max-snippet:-1, max-image-preview:large, max-video-preview:-1\" \/>\n<link rel=\"canonical\" href=\"https:\/\/www.comll.cat\/es\/12-de-marc-dia-europeu-contra-les-agressions-a-metges\/\" \/>\n<meta property=\"og:locale\" content=\"es_ES\" \/>\n<meta property=\"og:type\" content=\"article\" \/>\n<meta property=\"og:title\" content=\"12 de marzo, d\u00eda europeo contra las agresiones a m\u00e9dicos - Col\u00b7legi Oficial de Metges de Lleida\" \/>\n<meta property=\"og:description\" content=\"El Colegio Oficial de M\u00e9dicos de Lleida (COMLL) reivindica hoy, 12 de marzo, el D\u00eda Europeo contra las Agresiones a...\" \/>\n<meta property=\"og:url\" content=\"https:\/\/www.comll.cat\/es\/12-de-marc-dia-europeu-contra-les-agressions-a-metges\/\" \/>\n<meta property=\"og:site_name\" content=\"Col\u00b7legi Oficial de Metges de Lleida\" \/>\n<meta property=\"article:published_time\" content=\"2026-03-12T08:12:03+00:00\" \/>\n<meta property=\"article:modified_time\" content=\"2026-03-12T08:12:05+00:00\" \/>\n<meta property=\"og:image\" content=\"https:\/\/www.comll.cat\/es\/wp-content\/uploads\/sites\/3\/2.png\" \/>\n\t<meta property=\"og:image:width\" content=\"768\" \/>\n\t<meta property=\"og:image:height\" content=\"512\" \/>\n\t<meta property=\"og:image:type\" content=\"image\/png\" \/>\n<meta name=\"author\" content=\"comll\" \/>\n<meta name=\"twitter:card\" content=\"summary_large_image\" \/>\n<script type=\"application\/ld+json\" class=\"yoast-schema-graph\">{\"@context\":\"https:\\\/\\\/schema.org\",\"@graph\":[{\"@type\":\"Article\",\"@id\":\"https:\\\/\\\/www.comll.cat\\\/es\\\/12-de-marc-dia-europeu-contra-les-agressions-a-metges\\\/#article\",\"isPartOf\":{\"@id\":\"https:\\\/\\\/www.comll.cat\\\/es\\\/12-de-marc-dia-europeu-contra-les-agressions-a-metges\\\/\"},\"author\":{\"name\":\"comll\",\"@id\":\"https:\\\/\\\/www.comll.cat\\\/es\\\/#\\\/schema\\\/person\\\/4013951a5e98fc334e3cbb7aea9bdf48\"},\"headline\":\"12 de marzo, d\u00eda europeo contra las agresiones a m\u00e9dicos\",\"datePublished\":\"2026-03-12T08:12:03+00:00\",\"dateModified\":\"2026-03-12T08:12:05+00:00\",\"mainEntityOfPage\":{\"@id\":\"https:\\\/\\\/www.comll.cat\\\/es\\\/12-de-marc-dia-europeu-contra-les-agressions-a-metges\\\/\"},\"wordCount\":308,\"image\":{\"@id\":\"https:\\\/\\\/www.comll.cat\\\/es\\\/12-de-marc-dia-europeu-contra-les-agressions-a-metges\\\/#primaryimage\"},\"thumbnailUrl\":\"https:\\\/\\\/www.comll.cat\\\/es\\\/wp-content\\\/uploads\\\/sites\\\/3\\\/2.png\",\"articleSection\":[\"Noticias\"],\"inLanguage\":\"es\"},{\"@type\":\"WebPage\",\"@id\":\"https:\\\/\\\/www.comll.cat\\\/es\\\/12-de-marc-dia-europeu-contra-les-agressions-a-metges\\\/\",\"url\":\"https:\\\/\\\/www.comll.cat\\\/es\\\/12-de-marc-dia-europeu-contra-les-agressions-a-metges\\\/\",\"name\":\"12 de marzo, d\u00eda europeo contra las agresiones a m\u00e9dicos - Col\u00b7legi Oficial de Metges de Lleida\",\"isPartOf\":{\"@id\":\"https:\\\/\\\/www.comll.cat\\\/es\\\/#website\"},\"primaryImageOfPage\":{\"@id\":\"https:\\\/\\\/www.comll.cat\\\/es\\\/12-de-marc-dia-europeu-contra-les-agressions-a-metges\\\/#primaryimage\"},\"image\":{\"@id\":\"https:\\\/\\\/www.comll.cat\\\/es\\\/12-de-marc-dia-europeu-contra-les-agressions-a-metges\\\/#primaryimage\"},\"thumbnailUrl\":\"https:\\\/\\\/www.comll.cat\\\/es\\\/wp-content\\\/uploads\\\/sites\\\/3\\\/2.png\",\"datePublished\":\"2026-03-12T08:12:03+00:00\",\"dateModified\":\"2026-03-12T08:12:05+00:00\",\"author\":{\"@id\":\"https:\\\/\\\/www.comll.cat\\\/es\\\/#\\\/schema\\\/person\\\/4013951a5e98fc334e3cbb7aea9bdf48\"},\"breadcrumb\":{\"@id\":\"https:\\\/\\\/www.comll.cat\\\/es\\\/12-de-marc-dia-europeu-contra-les-agressions-a-metges\\\/#breadcrumb\"},\"inLanguage\":\"es\",\"potentialAction\":[{\"@type\":\"ReadAction\",\"target\":[\"https:\\\/\\\/www.comll.cat\\\/es\\\/12-de-marc-dia-europeu-contra-les-agressions-a-metges\\\/\"]}]},{\"@type\":\"ImageObject\",\"inLanguage\":\"es\",\"@id\":\"https:\\\/\\\/www.comll.cat\\\/es\\\/12-de-marc-dia-europeu-contra-les-agressions-a-metges\\\/#primaryimage\",\"url\":\"https:\\\/\\\/www.comll.cat\\\/es\\\/wp-content\\\/uploads\\\/sites\\\/3\\\/2.png\",\"contentUrl\":\"https:\\\/\\\/www.comll.cat\\\/es\\\/wp-content\\\/uploads\\\/sites\\\/3\\\/2.png\",\"width\":768,\"height\":512},{\"@type\":\"BreadcrumbList\",\"@id\":\"https:\\\/\\\/www.comll.cat\\\/es\\\/12-de-marc-dia-europeu-contra-les-agressions-a-metges\\\/#breadcrumb\",\"itemListElement\":[{\"@type\":\"ListItem\",\"position\":1,\"name\":\"Portada\",\"item\":\"https:\\\/\\\/www.comll.cat\\\/es\\\/\"},{\"@type\":\"ListItem\",\"position\":2,\"name\":\"12 de marzo, d\u00eda europeo contra las agresiones a m\u00e9dicos\"}]},{\"@type\":\"WebSite\",\"@id\":\"https:\\\/\\\/www.comll.cat\\\/es\\\/#website\",\"url\":\"https:\\\/\\\/www.comll.cat\\\/es\\\/\",\"name\":\"Col\u00b7legi Oficial de Metges de Lleida\",\"description\":\"COMLL\",\"potentialAction\":[{\"@type\":\"SearchAction\",\"target\":{\"@type\":\"EntryPoint\",\"urlTemplate\":\"https:\\\/\\\/www.comll.cat\\\/es\\\/?s={search_term_string}\"},\"query-input\":{\"@type\":\"PropertyValueSpecification\",\"valueRequired\":true,\"valueName\":\"search_term_string\"}}],\"inLanguage\":\"es\"},{\"@type\":\"Person\",\"@id\":\"https:\\\/\\\/www.comll.cat\\\/es\\\/#\\\/schema\\\/person\\\/4013951a5e98fc334e3cbb7aea9bdf48\",\"name\":\"comll\",\"image\":{\"@type\":\"ImageObject\",\"inLanguage\":\"es\",\"@id\":\"https:\\\/\\\/secure.gravatar.com\\\/avatar\\\/7d9c56d88c214c8f2f1e594a299566f5bebc17cb9d23743059ec64bf40926d5e?s=96&d=mm&r=g\",\"url\":\"https:\\\/\\\/secure.gravatar.com\\\/avatar\\\/7d9c56d88c214c8f2f1e594a299566f5bebc17cb9d23743059ec64bf40926d5e?s=96&d=mm&r=g\",\"contentUrl\":\"https:\\\/\\\/secure.gravatar.com\\\/avatar\\\/7d9c56d88c214c8f2f1e594a299566f5bebc17cb9d23743059ec64bf40926d5e?s=96&d=mm&r=g\",\"caption\":\"comll\"}}]}<\/script>\n<!-- \/ Yoast SEO plugin. -->","yoast_head_json":{"title":"12 de marzo, d\u00eda europeo contra las agresiones a m\u00e9dicos - Col\u00b7legi Oficial de Metges de Lleida","robots":{"index":"index","follow":"follow","max-snippet":"max-snippet:-1","max-image-preview":"max-image-preview:large","max-video-preview":"max-video-preview:-1"},"canonical":"https:\/\/www.comll.cat\/es\/12-de-marc-dia-europeu-contra-les-agressions-a-metges\/","og_locale":"es_ES","og_type":"article","og_title":"12 de marzo, d\u00eda europeo contra las agresiones a m\u00e9dicos - Col\u00b7legi Oficial de Metges de Lleida","og_description":"El Colegio Oficial de M\u00e9dicos de Lleida (COMLL) reivindica hoy, 12 de marzo, el D\u00eda Europeo contra las Agresiones a...","og_url":"https:\/\/www.comll.cat\/es\/12-de-marc-dia-europeu-contra-les-agressions-a-metges\/","og_site_name":"Col\u00b7legi Oficial de Metges de Lleida","article_published_time":"2026-03-12T08:12:03+00:00","article_modified_time":"2026-03-12T08:12:05+00:00","og_image":[{"width":768,"height":512,"url":"https:\/\/www.comll.cat\/es\/wp-content\/uploads\/sites\/3\/2.png","type":"image\/png"}],"author":"comll","twitter_card":"summary_large_image","schema":{"@context":"https:\/\/schema.org","@graph":[{"@type":"Article","@id":"https:\/\/www.comll.cat\/es\/12-de-marc-dia-europeu-contra-les-agressions-a-metges\/#article","isPartOf":{"@id":"https:\/\/www.comll.cat\/es\/12-de-marc-dia-europeu-contra-les-agressions-a-metges\/"},"author":{"name":"comll","@id":"https:\/\/www.comll.cat\/es\/#\/schema\/person\/4013951a5e98fc334e3cbb7aea9bdf48"},"headline":"12 de marzo, d\u00eda europeo contra las agresiones a m\u00e9dicos","datePublished":"2026-03-12T08:12:03+00:00","dateModified":"2026-03-12T08:12:05+00:00","mainEntityOfPage":{"@id":"https:\/\/www.comll.cat\/es\/12-de-marc-dia-europeu-contra-les-agressions-a-metges\/"},"wordCount":308,"image":{"@id":"https:\/\/www.comll.cat\/es\/12-de-marc-dia-europeu-contra-les-agressions-a-metges\/#primaryimage"},"thumbnailUrl":"https:\/\/www.comll.cat\/es\/wp-content\/uploads\/sites\/3\/2.png","articleSection":["Noticias"],"inLanguage":"es"},{"@type":"WebPage","@id":"https:\/\/www.comll.cat\/es\/12-de-marc-dia-europeu-contra-les-agressions-a-metges\/","url":"https:\/\/www.comll.cat\/es\/12-de-marc-dia-europeu-contra-les-agressions-a-metges\/","name":"12 de marzo, d\u00eda europeo contra las agresiones a m\u00e9dicos - Col\u00b7legi Oficial de Metges de Lleida","isPartOf":{"@id":"https:\/\/www.comll.cat\/es\/#website"},"primaryImageOfPage":{"@id":"https:\/\/www.comll.cat\/es\/12-de-marc-dia-europeu-contra-les-agressions-a-metges\/#primaryimage"},"image":{"@id":"https:\/\/www.comll.cat\/es\/12-de-marc-dia-europeu-contra-les-agressions-a-metges\/#primaryimage"},"thumbnailUrl":"https:\/\/www.comll.cat\/es\/wp-content\/uploads\/sites\/3\/2.png","datePublished":"2026-03-12T08:12:03+00:00","dateModified":"2026-03-12T08:12:05+00:00","author":{"@id":"https:\/\/www.comll.cat\/es\/#\/schema\/person\/4013951a5e98fc334e3cbb7aea9bdf48"},"breadcrumb":{"@id":"https:\/\/www.comll.cat\/es\/12-de-marc-dia-europeu-contra-les-agressions-a-metges\/#breadcrumb"},"inLanguage":"es","potentialAction":[{"@type":"ReadAction","target":["https:\/\/www.comll.cat\/es\/12-de-marc-dia-europeu-contra-les-agressions-a-metges\/"]}]},{"@type":"ImageObject","inLanguage":"es","@id":"https:\/\/www.comll.cat\/es\/12-de-marc-dia-europeu-contra-les-agressions-a-metges\/#primaryimage","url":"https:\/\/www.comll.cat\/es\/wp-content\/uploads\/sites\/3\/2.png","contentUrl":"https:\/\/www.comll.cat\/es\/wp-content\/uploads\/sites\/3\/2.png","width":768,"height":512},{"@type":"BreadcrumbList","@id":"https:\/\/www.comll.cat\/es\/12-de-marc-dia-europeu-contra-les-agressions-a-metges\/#breadcrumb","itemListElement":[{"@type":"ListItem","position":1,"name":"Portada","item":"https:\/\/www.comll.cat\/es\/"},{"@type":"ListItem","position":2,"name":"12 de marzo, d\u00eda europeo contra las agresiones a m\u00e9dicos"}]},{"@type":"WebSite","@id":"https:\/\/www.comll.cat\/es\/#website","url":"https:\/\/www.comll.cat\/es\/","name":"Col\u00b7legi Oficial de Metges de Lleida","description":"COMLL","potentialAction":[{"@type":"SearchAction","target":{"@type":"EntryPoint","urlTemplate":"https:\/\/www.comll.cat\/es\/?s={search_term_string}"},"query-input":{"@type":"PropertyValueSpecification","valueRequired":true,"valueName":"search_term_string"}}],"inLanguage":"es"},{"@type":"Person","@id":"https:\/\/www.comll.cat\/es\/#\/schema\/person\/4013951a5e98fc334e3cbb7aea9bdf48","name":"comll","image":{"@type":"ImageObject","inLanguage":"es","@id":"https:\/\/secure.gravatar.com\/avatar\/7d9c56d88c214c8f2f1e594a299566f5bebc17cb9d23743059ec64bf40926d5e?s=96&d=mm&r=g","url":"https:\/\/secure.gravatar.com\/avatar\/7d9c56d88c214c8f2f1e594a299566f5bebc17cb9d23743059ec64bf40926d5e?s=96&d=mm&r=g","contentUrl":"https:\/\/secure.gravatar.com\/avatar\/7d9c56d88c214c8f2f1e594a299566f5bebc17cb9d23743059ec64bf40926d5e?s=96&d=mm&r=g","caption":"comll"}}]}},"publishpress_future_action":{"enabled":false,"date":"2026-05-02 04:31:21","action":"change-status","newStatus":"draft","terms":[],"taxonomy":"category","extraData":[]},"publishpress_future_workflow_manual_trigger":{"enabledWorkflows":[]},"_links":{"self":[{"href":"https:\/\/www.comll.cat\/es\/wp-json\/wp\/v2\/posts\/14276","targetHints":{"allow":["GET"]}}],"collection":[{"href":"https:\/\/www.comll.cat\/es\/wp-json\/wp\/v2\/posts"}],"about":[{"href":"https:\/\/www.comll.cat\/es\/wp-json\/wp\/v2\/types\/post"}],"author":[{"embeddable":true,"href":"https:\/\/www.comll.cat\/es\/wp-json\/wp\/v2\/users\/4"}],"replies":[{"embeddable":true,"href":"https:\/\/www.comll.cat\/es\/wp-json\/wp\/v2\/comments?post=14276"}],"version-history":[{"count":3,"href":"https:\/\/www.comll.cat\/es\/wp-json\/wp\/v2\/posts\/14276\/revisions"}],"predecessor-version":[{"id":14281,"href":"https:\/\/www.comll.cat\/es\/wp-json\/wp\/v2\/posts\/14276\/revisions\/14281"}],"wp:featuredmedia":[{"embeddable":true,"href":"https:\/\/www.comll.cat\/es\/wp-json\/wp\/v2\/media\/14278"}],"wp:attachment":[{"href":"https:\/\/www.comll.cat\/es\/wp-json\/wp\/v2\/media?parent=14276"}],"wp:term":[{"taxonomy":"category","embeddable":true,"href":"https:\/\/www.comll.cat\/es\/wp-json\/wp\/v2\/categories?post=14276"},{"taxonomy":"post_tag","embeddable":true,"href":"https:\/\/www.comll.cat\/es\/wp-json\/wp\/v2\/tags?post=14276"}],"curies":[{"name":"wp","href":"https:\/\/api.w.org\/{rel}","templated":true}]}}